{"id":17638,"date":"2025-10-24T21:26:06","date_gmt":"2025-10-24T19:26:06","guid":{"rendered":"https:\/\/veritasinfo.org\/?p=17638"},"modified":"2025-10-24T21:26:06","modified_gmt":"2025-10-24T19:26:06","slug":"osmani-takon-ministrin-e-ekonomise-te-arabise-saudite","status":"publish","type":"post","link":"https:\/\/veritasinfo.org\/?p=17638","title":{"rendered":"Osmani takon ministrin e Ekonomis\u00eb t\u00eb Arabis\u00eb Saudite"},"content":{"rendered":"<p>Prishtin\u00eb, 24 tetor 2025<\/p>\n<p>Presidentja Vjosa Osmani \u00ebsht\u00eb takuar sot me ministrin e Ekonomis\u00eb dhe Planifikimit t\u00eb Arabis\u00eb Saudite, Faisal bin Fadhil Alibrahim.<\/p>\n<p>Ajo ka theksuar se me politikanin arab ka diskutuar p\u00ebr mund\u00ebsit\u00eb q\u00eb Kosova t\u00eb t\u00ebrheq investime t\u00eb reja n\u00eb prag t\u00eb \u201cFuture Investment Initiative\u201d, q\u00eb do t\u00eb mbahet n\u00eb Riad.<\/p>\n<p>\u201cE fal\u00ebnderova p\u00ebr mb\u00ebshtetjen q\u00eb Arabia Saudite i ka dh\u00ebn\u00eb Kosov\u00ebs nd\u00ebr vite dhe theksova r\u00ebnd\u00ebsin\u00eb e hapjes s\u00eb kapitujve t\u00eb rinj t\u00eb bashk\u00ebpunimit ekonomik mes dy vendeve.\u201d<\/p>\n<p>\u201cN\u00eb prag t\u00eb \u2018Future Investment Initiative\u2019, q\u00eb do t\u00eb mbahet n\u00eb Riad, diskutuam p\u00ebr mund\u00ebsit\u00eb q\u00eb kjo platform\u00eb ofron p\u00ebr Kosov\u00ebn p\u00ebr t\u00eb t\u00ebrhequr investime t\u00eb reja dhe p\u00ebr t\u00eb forcuar lidhjet me tregjet globale,\u201d ka th\u00ebn\u00eb Osmani n\u00eb Facebook.<\/p>\n<p>Gjat\u00eb dit\u00ebs, Osmani \u00ebsht\u00eb takuar edhe me deputet\u00ebt gjerman\u00eb Johannes Volkmann dhe Roderich Kiesewetter, si dhe me Mark Speich, sekretarin e p\u00ebrgjithsh\u00ebm t\u00eb Konrad Adenauer Stiftung.<\/p>\n<p>Ajo deklaroi se takimet i pati t\u00eb ndara me p\u00ebrfaq\u00ebsuesit gjerman\u00eb dhe biseduan p\u00ebr bashk\u00ebpunimin dypal\u00ebsh.<\/p>\n<p>&nbsp;<\/p>\n","protected":false},"excerpt":{"rendered":"<p>Prishtin\u00eb, 24 tetor 2025 Presidentja Vjosa Osmani \u00ebsht\u00eb takuar sot me ministrin e Ekonomis\u00eb dhe Planifikimit t\u00eb Arabis\u00eb Saudite, Faisal bin Fadhil Alibrahim. Ajo ka<\/p>\n","protected":false},"author":7,"featured_media":17639,"comment_status":"open","ping_status":"open","sticky":false,"template":"","format":"standard","meta":{"footnotes":""},"categories":[93],"tags":[],"class_list":["post-17638","post","type-post","status-publish","format-standard","has-post-thumbnail","hentry","category-politika-sq"],"yoast_head":"<!-- This site is optimized with the Yoast SEO plugin v25.3.1 - https:\/\/yoast.com\/wordpress\/plugins\/seo\/ -->\n<title>Osmani takon ministrin e Ekonomis\u00eb t\u00eb Arabis\u00eb Saudite -<\/title>\n<meta name=\"robots\" content=\"index, follow, max-snippet:-1, max-image-preview:large, max-video-preview:-1\" \/>\n<link rel=\"canonical\" href=\"https:\/\/veritasinfo.org\/?p=17638\" \/>\n<meta property=\"og:locale\" content=\"en_US\" \/>\n<meta property=\"og:type\" content=\"article\" \/>\n<meta property=\"og:title\" content=\"Osmani takon ministrin e Ekonomis\u00eb t\u00eb Arabis\u00eb Saudite -\" \/>\n<meta property=\"og:description\" content=\"Prishtin\u00eb, 24 tetor 2025 Presidentja Vjosa Osmani \u00ebsht\u00eb takuar sot me ministrin e Ekonomis\u00eb dhe Planifikimit t\u00eb Arabis\u00eb Saudite, Faisal bin Fadhil Alibrahim. Ajo ka\" \/>\n<meta property=\"og:url\" content=\"https:\/\/veritasinfo.org\/?p=17638\" \/>\n<meta property=\"article:published_time\" content=\"2025-10-24T19:26:06+00:00\" \/>\n<meta property=\"og:image\" content=\"https:\/\/veritasinfo.org\/wp-content\/uploads\/2025\/10\/Vjosa-1.jpg\" \/>\n\t<meta property=\"og:image:width\" content=\"1440\" \/>\n\t<meta property=\"og:image:height\" content=\"1094\" \/>\n\t<meta property=\"og:image:type\" content=\"image\/jpeg\" \/>\n<meta name=\"author\" content=\"US6\" \/>\n<meta name=\"twitter:card\" content=\"summary_large_image\" \/>\n<meta name=\"twitter:label1\" content=\"Written by\" \/>\n\t<meta name=\"twitter:data1\" content=\"US6\" \/>\n\t<meta name=\"twitter:label2\" content=\"Est. reading time\" \/>\n\t<meta name=\"twitter:data2\" content=\"1 minute\" \/>\n<script type=\"application\/ld+json\" class=\"yoast-schema-graph\">{\"@context\":\"https:\/\/schema.org\",\"@graph\":[{\"@type\":\"WebPage\",\"@id\":\"https:\/\/veritasinfo.org\/?p=17638\",\"url\":\"https:\/\/veritasinfo.org\/?p=17638\",\"name\":\"Osmani takon ministrin e Ekonomis\u00eb t\u00eb Arabis\u00eb Saudite -\",\"isPartOf\":{\"@id\":\"https:\/\/veritasinfo.org\/#website\"},\"primaryImageOfPage\":{\"@id\":\"https:\/\/veritasinfo.org\/?p=17638#primaryimage\"},\"image\":{\"@id\":\"https:\/\/veritasinfo.org\/?p=17638#primaryimage\"},\"thumbnailUrl\":\"https:\/\/veritasinfo.org\/wp-content\/uploads\/2025\/10\/Vjosa-1.jpg\",\"datePublished\":\"2025-10-24T19:26:06+00:00\",\"author\":{\"@id\":\"https:\/\/veritasinfo.org\/#\/schema\/person\/fe199eede04c3937362892b7444747cc\"},\"breadcrumb\":{\"@id\":\"https:\/\/veritasinfo.org\/?p=17638#breadcrumb\"},\"inLanguage\":\"en-US\",\"potentialAction\":[{\"@type\":\"ReadAction\",\"target\":[\"https:\/\/veritasinfo.org\/?p=17638\"]}]},{\"@type\":\"ImageObject\",\"inLanguage\":\"en-US\",\"@id\":\"https:\/\/veritasinfo.org\/?p=17638#primaryimage\",\"url\":\"https:\/\/veritasinfo.org\/wp-content\/uploads\/2025\/10\/Vjosa-1.jpg\",\"contentUrl\":\"https:\/\/veritasinfo.org\/wp-content\/uploads\/2025\/10\/Vjosa-1.jpg\",\"width\":1440,\"height\":1094},{\"@type\":\"BreadcrumbList\",\"@id\":\"https:\/\/veritasinfo.org\/?p=17638#breadcrumb\",\"itemListElement\":[{\"@type\":\"ListItem\",\"position\":1,\"name\":\"Home\",\"item\":\"https:\/\/veritasinfo.org\/\"},{\"@type\":\"ListItem\",\"position\":2,\"name\":\"Osmani takon ministrin e Ekonomis\u00eb t\u00eb Arabis\u00eb Saudite\"}]},{\"@type\":\"WebSite\",\"@id\":\"https:\/\/veritasinfo.org\/#website\",\"url\":\"https:\/\/veritasinfo.org\/\",\"name\":\"\",\"description\":\"\",\"potentialAction\":[{\"@type\":\"SearchAction\",\"target\":{\"@type\":\"EntryPoint\",\"urlTemplate\":\"https:\/\/veritasinfo.org\/?s={search_term_string}\"},\"query-input\":{\"@type\":\"PropertyValueSpecification\",\"valueRequired\":true,\"valueName\":\"search_term_string\"}}],\"inLanguage\":\"en-US\"},{\"@type\":\"Person\",\"@id\":\"https:\/\/veritasinfo.org\/#\/schema\/person\/fe199eede04c3937362892b7444747cc\",\"name\":\"US6\",\"image\":{\"@type\":\"ImageObject\",\"inLanguage\":\"en-US\",\"@id\":\"https:\/\/veritasinfo.org\/#\/schema\/person\/image\/\",\"url\":\"https:\/\/secure.gravatar.com\/avatar\/cb16c3c31c9d23b9b8c705964598220b3014e42ff51eb540ff23cefa3ae8c15f?s=96&d=mm&r=g\",\"contentUrl\":\"https:\/\/secure.gravatar.com\/avatar\/cb16c3c31c9d23b9b8c705964598220b3014e42ff51eb540ff23cefa3ae8c15f?s=96&d=mm&r=g\",\"caption\":\"US6\"},\"url\":\"https:\/\/veritasinfo.org\/?author=7\"}]}<\/script>\n<!-- \/ Yoast SEO plugin. -->","yoast_head_json":{"title":"Osmani takon ministrin e Ekonomis\u00eb t\u00eb Arabis\u00eb Saudite -","robots":{"index":"index","follow":"follow","max-snippet":"max-snippet:-1","max-image-preview":"max-image-preview:large","max-video-preview":"max-video-preview:-1"},"canonical":"https:\/\/veritasinfo.org\/?p=17638","og_locale":"en_US","og_type":"article","og_title":"Osmani takon ministrin e Ekonomis\u00eb t\u00eb Arabis\u00eb Saudite -","og_description":"Prishtin\u00eb, 24 tetor 2025 Presidentja Vjosa Osmani \u00ebsht\u00eb takuar sot me ministrin e Ekonomis\u00eb dhe Planifikimit t\u00eb Arabis\u00eb Saudite, Faisal bin Fadhil Alibrahim. Ajo ka","og_url":"https:\/\/veritasinfo.org\/?p=17638","article_published_time":"2025-10-24T19:26:06+00:00","og_image":[{"width":1440,"height":1094,"url":"https:\/\/veritasinfo.org\/wp-content\/uploads\/2025\/10\/Vjosa-1.jpg","type":"image\/jpeg"}],"author":"US6","twitter_card":"summary_large_image","twitter_misc":{"Written by":"US6","Est. reading time":"1 minute"},"schema":{"@context":"https:\/\/schema.org","@graph":[{"@type":"WebPage","@id":"https:\/\/veritasinfo.org\/?p=17638","url":"https:\/\/veritasinfo.org\/?p=17638","name":"Osmani takon ministrin e Ekonomis\u00eb t\u00eb Arabis\u00eb Saudite -","isPartOf":{"@id":"https:\/\/veritasinfo.org\/#website"},"primaryImageOfPage":{"@id":"https:\/\/veritasinfo.org\/?p=17638#primaryimage"},"image":{"@id":"https:\/\/veritasinfo.org\/?p=17638#primaryimage"},"thumbnailUrl":"https:\/\/veritasinfo.org\/wp-content\/uploads\/2025\/10\/Vjosa-1.jpg","datePublished":"2025-10-24T19:26:06+00:00","author":{"@id":"https:\/\/veritasinfo.org\/#\/schema\/person\/fe199eede04c3937362892b7444747cc"},"breadcrumb":{"@id":"https:\/\/veritasinfo.org\/?p=17638#breadcrumb"},"inLanguage":"en-US","potentialAction":[{"@type":"ReadAction","target":["https:\/\/veritasinfo.org\/?p=17638"]}]},{"@type":"ImageObject","inLanguage":"en-US","@id":"https:\/\/veritasinfo.org\/?p=17638#primaryimage","url":"https:\/\/veritasinfo.org\/wp-content\/uploads\/2025\/10\/Vjosa-1.jpg","contentUrl":"https:\/\/veritasinfo.org\/wp-content\/uploads\/2025\/10\/Vjosa-1.jpg","width":1440,"height":1094},{"@type":"BreadcrumbList","@id":"https:\/\/veritasinfo.org\/?p=17638#breadcrumb","itemListElement":[{"@type":"ListItem","position":1,"name":"Home","item":"https:\/\/veritasinfo.org\/"},{"@type":"ListItem","position":2,"name":"Osmani takon ministrin e Ekonomis\u00eb t\u00eb Arabis\u00eb Saudite"}]},{"@type":"WebSite","@id":"https:\/\/veritasinfo.org\/#website","url":"https:\/\/veritasinfo.org\/","name":"","description":"","potentialAction":[{"@type":"SearchAction","target":{"@type":"EntryPoint","urlTemplate":"https:\/\/veritasinfo.org\/?s={search_term_string}"},"query-input":{"@type":"PropertyValueSpecification","valueRequired":true,"valueName":"search_term_string"}}],"inLanguage":"en-US"},{"@type":"Person","@id":"https:\/\/veritasinfo.org\/#\/schema\/person\/fe199eede04c3937362892b7444747cc","name":"US6","image":{"@type":"ImageObject","inLanguage":"en-US","@id":"https:\/\/veritasinfo.org\/#\/schema\/person\/image\/","url":"https:\/\/secure.gravatar.com\/avatar\/cb16c3c31c9d23b9b8c705964598220b3014e42ff51eb540ff23cefa3ae8c15f?s=96&d=mm&r=g","contentUrl":"https:\/\/secure.gravatar.com\/avatar\/cb16c3c31c9d23b9b8c705964598220b3014e42ff51eb540ff23cefa3ae8c15f?s=96&d=mm&r=g","caption":"US6"},"url":"https:\/\/veritasinfo.org\/?author=7"}]}},"featured_image_urls":{"full":["https:\/\/veritasinfo.org\/wp-content\/uploads\/2025\/10\/Vjosa-1.jpg",1440,1094,false],"thumbnail":["https:\/\/veritasinfo.org\/wp-content\/uploads\/2025\/10\/Vjosa-1-150x150.jpg",150,150,true],"medium":["https:\/\/veritasinfo.org\/wp-content\/uploads\/2025\/10\/Vjosa-1-300x228.jpg",300,228,true],"medium_large":["https:\/\/veritasinfo.org\/wp-content\/uploads\/2025\/10\/Vjosa-1-768x583.jpg",640,486,true],"large":["https:\/\/veritasinfo.org\/wp-content\/uploads\/2025\/10\/Vjosa-1-1024x778.jpg",640,486,true],"1536x1536":["https:\/\/veritasinfo.org\/wp-content\/uploads\/2025\/10\/Vjosa-1.jpg",1440,1094,false],"2048x2048":["https:\/\/veritasinfo.org\/wp-content\/uploads\/2025\/10\/Vjosa-1.jpg",1440,1094,false],"kreeti-slider-full":["https:\/\/veritasinfo.org\/wp-content\/uploads\/2025\/10\/Vjosa-1.jpg",948,720,false],"kreeti-featured":["https:\/\/veritasinfo.org\/wp-content\/uploads\/2025\/10\/Vjosa-1.jpg",1024,778,false],"kreeti-medium":["https:\/\/veritasinfo.org\/wp-content\/uploads\/2025\/10\/Vjosa-1.jpg",698,530,false],"kreeti-medium-square":["https:\/\/veritasinfo.org\/wp-content\/uploads\/2025\/10\/Vjosa-1.jpg",350,266,false]},"author_info":{"info":["US6"]},"category_info":"<a href=\"https:\/\/veritasinfo.org\/?cat=93\" rel=\"category\">Politika<\/a>","tag_info":"Politika","comment_count":"0","_links":{"self":[{"href":"https:\/\/veritasinfo.org\/index.php?rest_route=\/wp\/v2\/posts\/17638","targetHints":{"allow":["GET"]}}],"collection":[{"href":"https:\/\/veritasinfo.org\/index.php?rest_route=\/wp\/v2\/posts"}],"about":[{"href":"https:\/\/veritasinfo.org\/index.php?rest_route=\/wp\/v2\/types\/post"}],"author":[{"embeddable":true,"href":"https:\/\/veritasinfo.org\/index.php?rest_route=\/wp\/v2\/users\/7"}],"replies":[{"embeddable":true,"href":"https:\/\/veritasinfo.org\/index.php?rest_route=%2Fwp%2Fv2%2Fcomments&post=17638"}],"version-history":[{"count":1,"href":"https:\/\/veritasinfo.org\/index.php?rest_route=\/wp\/v2\/posts\/17638\/revisions"}],"predecessor-version":[{"id":17640,"href":"https:\/\/veritasinfo.org\/index.php?rest_route=\/wp\/v2\/posts\/17638\/revisions\/17640"}],"wp:featuredmedia":[{"embeddable":true,"href":"https:\/\/veritasinfo.org\/index.php?rest_route=\/wp\/v2\/media\/17639"}],"wp:attachment":[{"href":"https:\/\/veritasinfo.org\/index.php?rest_route=%2Fwp%2Fv2%2Fmedia&parent=17638"}],"wp:term":[{"taxonomy":"category","embeddable":true,"href":"https:\/\/veritasinfo.org\/index.php?rest_route=%2Fwp%2Fv2%2Fcategories&post=17638"},{"taxonomy":"post_tag","embeddable":true,"href":"https:\/\/veritasinfo.org\/index.php?rest_route=%2Fwp%2Fv2%2Ftags&post=17638"}],"curies":[{"name":"wp","href":"https:\/\/api.w.org\/{rel}","templated":true}]}}