{"id":1759,"date":"2025-06-27T16:23:10","date_gmt":"2025-06-27T14:23:10","guid":{"rendered":"https:\/\/veritasinfo.org\/?p=1759"},"modified":"2025-06-27T16:23:10","modified_gmt":"2025-06-27T14:23:10","slug":"policia-e-kosoves-ka-marre-masat-e-nevojshme-per-menaxhimin-e-situates-se-sigurise-dhe-mbarevajtjen-e-aktiviteteve-gjate-manifestimeve-per-vidovdan","status":"publish","type":"post","link":"https:\/\/veritasinfo.org\/?p=1759","title":{"rendered":"Policia e Kosov\u00ebs ka marr\u00eb masat e nevojshme p\u00ebr menaxhimin e situat\u00ebs s\u00eb siguris\u00eb dhe mbar\u00ebvajtjen e aktiviteteve gjat\u00eb manifestimeve p\u00ebr \u2018Vidovdan\u201d"},"content":{"rendered":"<div class=\"xdj266r x14z9mp xat24cr x1lziwak x1vvkbs x126k92a\">\n<div dir=\"auto\">Prishtin\u00eb, 27 qershor 2025<\/div>\n<\/div>\n<div class=\"x14z9mp xat24cr x1lziwak x1vvkbs xtlvy1s x126k92a\">\n<div dir=\"auto\">\nLidhur me manifestimet e \u201cVidovdan-it\u201d, t\u00eb cilat pritet t\u00eb mbahen nes\u00ebr me 28 qershor 2025, Policia e Kosov\u00ebs (PK), me koh\u00eb ka nd\u00ebrmarr\u00eb masat planifikuese dhe operative p\u00ebr menaxhimin e situat\u00ebs s\u00eb siguris\u00eb, ruajtjen e rendit publik, orientimin e trafikut rrugor dhe menaxhimin kufitar.<\/div>\n<\/div>\n<div class=\"x14z9mp xat24cr x1lziwak x1vvkbs xtlvy1s x126k92a\">\n<div dir=\"auto\">Lidhur me planet dhe masat operacionale t\u00eb planifikuara p\u00ebr Vidovdan, p\u00ebrmes nj\u00eb takimi zyrtar t\u00eb mbajtur sot n\u00eb ambientet e Drejtoris\u00eb s\u00eb P\u00ebrgjithshme t\u00eb PK-s\u00eb, nga menaxhmenti i lart\u00eb jan\u00eb shpalosur detajet e planit operacional, me t\u00eb cilat jan\u00eb njoftuar t\u00eb gjith\u00eb p\u00ebrfaq\u00ebsuesit e institucioneve vendore dhe nd\u00ebrkomb\u00ebtare, q\u00eb ishin pjes\u00ebmarr\u00ebs n\u00eb takim.<\/div>\n<\/div>\n<div class=\"x14z9mp xat24cr x1lziwak x1vvkbs xtlvy1s x126k92a\">\n<div dir=\"auto\">Nga autoritetet policore jan\u00eb parapar\u00eb masa t\u00eb nevojshme planifikuese, koordinuese, parandaluese dhe operative n\u00eb t\u00eb gjitha departamentet dhe rajonet policore, n\u00eb m\u00ebnyr\u00eb q\u00eb manifestimet n\u00eb lokacionet ku jan\u00eb parapar\u00eb, t\u00eb zhvillohen qet\u00eb dhe pa incidente.<\/div>\n<\/div>\n<div class=\"x14z9mp xat24cr x1lziwak x1vvkbs xtlvy1s x126k92a\">\n<div dir=\"auto\">P\u00ebrmes k\u00ebtij njoftimi zyrtar, Policia e Kosov\u00ebs APELON te t\u00eb gjith\u00eb qytetar\u00ebt dhe pjes\u00ebmarr\u00ebsit q\u00eb t\u00eb manifestojn\u00eb n\u00eb m\u00ebnyr\u00eb t\u00eb qet\u00eb, t\u00eb shmangun \u00e7do provokim t\u00eb mundsh\u00ebm, t\u00eb respektojn\u00eb ligjet dhe udh\u00ebzimet e Policis\u00eb s\u00eb Kosov\u00ebs, e cila do t\u00eb jet\u00eb prezent\u00eb me nj\u00ebsit\u00eb e saja p\u00ebr ofrim t\u00eb siguris\u00eb dhe parandalim t\u00eb \u00e7do veprimi t\u00eb kund\u00ebrligjsh\u00ebm.<\/div>\n<\/div>\n<div class=\"x14z9mp xat24cr x1lziwak x1vvkbs xtlvy1s x126k92a\">\n<div dir=\"auto\">Po ashtu, me rastin e bllokimit t\u00eb p\u00ebrkohsh\u00ebm apo riorientimit t\u00eb mundsh\u00ebm t\u00eb trafikut, Policia e Kosov\u00ebs k\u00ebrkon mir\u00ebkuptim t\u00eb plot\u00eb nga ana e qytetar\u00ebve, pjes\u00ebmarr\u00ebsve n\u00eb trafik.<\/div>\n<\/div>\n<div class=\"x14z9mp xat24cr x1lziwak x1vvkbs xtlvy1s x126k92a\">\n<div dir=\"auto\">Policia e Kosov\u00ebs mbetet e p\u00ebrkushtuar n\u00eb realizimin e detyrave dhe autorizimeve t\u00eb saj ligjore, menaxhimin e situat\u00ebs s\u00eb siguris\u00eb, zbatimin e Kushtetut\u00ebs s\u00eb RKS-s\u00eb n\u00eb funksion t\u00eb garantimit t\u00eb nj\u00eb mjedisi t\u00eb qet\u00eb e t\u00eb sigurt p\u00ebr t\u00eb gjith\u00eb qytetar\u00ebt pa dallim.<\/div>\n<\/div>\n","protected":false},"excerpt":{"rendered":"<p>Prishtin\u00eb, 27 qershor 2025 Lidhur me manifestimet e \u201cVidovdan-it\u201d, t\u00eb cilat pritet t\u00eb mbahen nes\u00ebr me 28 qershor 2025, Policia e Kosov\u00ebs (PK), me koh\u00eb<\/p>\n","protected":false},"author":1,"featured_media":1760,"comment_status":"open","ping_status":"open","sticky":false,"template":"","format":"standard","meta":{"footnotes":""},"categories":[60],"tags":[],"class_list":["post-1759","post","type-post","status-publish","format-standard","has-post-thumbnail","hentry","category-shoqerore-sq"],"yoast_head":"<!-- This site is optimized with the Yoast SEO plugin v25.3.1 - https:\/\/yoast.com\/wordpress\/plugins\/seo\/ -->\n<title>Policia e Kosov\u00ebs ka marr\u00eb masat e nevojshme p\u00ebr menaxhimin e situat\u00ebs s\u00eb siguris\u00eb dhe mbar\u00ebvajtjen e aktiviteteve gjat\u00eb manifestimeve p\u00ebr \u2018Vidovdan\u201d -<\/title>\n<meta name=\"robots\" content=\"index, follow, max-snippet:-1, max-image-preview:large, max-video-preview:-1\" \/>\n<link rel=\"canonical\" href=\"https:\/\/veritasinfo.org\/?p=1759\" \/>\n<meta property=\"og:locale\" content=\"en_US\" \/>\n<meta property=\"og:type\" content=\"article\" \/>\n<meta property=\"og:title\" content=\"Policia e Kosov\u00ebs ka marr\u00eb masat e nevojshme p\u00ebr menaxhimin e situat\u00ebs s\u00eb siguris\u00eb dhe mbar\u00ebvajtjen e aktiviteteve gjat\u00eb manifestimeve p\u00ebr \u2018Vidovdan\u201d -\" \/>\n<meta property=\"og:description\" content=\"Prishtin\u00eb, 27 qershor 2025 Lidhur me manifestimet e \u201cVidovdan-it\u201d, t\u00eb cilat pritet t\u00eb mbahen nes\u00ebr me 28 qershor 2025, Policia e Kosov\u00ebs (PK), me koh\u00eb\" \/>\n<meta property=\"og:url\" content=\"https:\/\/veritasinfo.org\/?p=1759\" \/>\n<meta property=\"article:published_time\" content=\"2025-06-27T14:23:10+00:00\" \/>\n<meta property=\"og:image\" content=\"https:\/\/veritasinfo.org\/wp-content\/uploads\/2025\/06\/police-1.jpg\" \/>\n\t<meta property=\"og:image:width\" content=\"586\" \/>\n\t<meta property=\"og:image:height\" content=\"350\" \/>\n\t<meta property=\"og:image:type\" content=\"image\/jpeg\" \/>\n<meta name=\"author\" content=\"admin\" \/>\n<meta name=\"twitter:card\" content=\"summary_large_image\" \/>\n<meta name=\"twitter:label1\" content=\"Written by\" \/>\n\t<meta name=\"twitter:data1\" content=\"admin\" \/>\n\t<meta name=\"twitter:label2\" content=\"Est. reading time\" \/>\n\t<meta name=\"twitter:data2\" content=\"2 minutes\" \/>\n<script type=\"application\/ld+json\" class=\"yoast-schema-graph\">{\"@context\":\"https:\/\/schema.org\",\"@graph\":[{\"@type\":\"WebPage\",\"@id\":\"https:\/\/veritasinfo.org\/?p=1759\",\"url\":\"https:\/\/veritasinfo.org\/?p=1759\",\"name\":\"Policia e Kosov\u00ebs ka marr\u00eb masat e nevojshme p\u00ebr menaxhimin e situat\u00ebs s\u00eb siguris\u00eb dhe mbar\u00ebvajtjen e aktiviteteve gjat\u00eb manifestimeve p\u00ebr \u2018Vidovdan\u201d -\",\"isPartOf\":{\"@id\":\"https:\/\/veritasinfo.org\/#website\"},\"primaryImageOfPage\":{\"@id\":\"https:\/\/veritasinfo.org\/?p=1759#primaryimage\"},\"image\":{\"@id\":\"https:\/\/veritasinfo.org\/?p=1759#primaryimage\"},\"thumbnailUrl\":\"https:\/\/veritasinfo.org\/wp-content\/uploads\/2025\/06\/police-1.jpg\",\"datePublished\":\"2025-06-27T14:23:10+00:00\",\"author\":{\"@id\":\"https:\/\/veritasinfo.org\/#\/schema\/person\/7701f8c088bece422266b100a712374f\"},\"breadcrumb\":{\"@id\":\"https:\/\/veritasinfo.org\/?p=1759#breadcrumb\"},\"inLanguage\":\"en-US\",\"potentialAction\":[{\"@type\":\"ReadAction\",\"target\":[\"https:\/\/veritasinfo.org\/?p=1759\"]}]},{\"@type\":\"ImageObject\",\"inLanguage\":\"en-US\",\"@id\":\"https:\/\/veritasinfo.org\/?p=1759#primaryimage\",\"url\":\"https:\/\/veritasinfo.org\/wp-content\/uploads\/2025\/06\/police-1.jpg\",\"contentUrl\":\"https:\/\/veritasinfo.org\/wp-content\/uploads\/2025\/06\/police-1.jpg\",\"width\":586,\"height\":350},{\"@type\":\"BreadcrumbList\",\"@id\":\"https:\/\/veritasinfo.org\/?p=1759#breadcrumb\",\"itemListElement\":[{\"@type\":\"ListItem\",\"position\":1,\"name\":\"Home\",\"item\":\"https:\/\/veritasinfo.org\/\"},{\"@type\":\"ListItem\",\"position\":2,\"name\":\"Policia e Kosov\u00ebs ka marr\u00eb masat e nevojshme p\u00ebr menaxhimin e situat\u00ebs s\u00eb siguris\u00eb dhe mbar\u00ebvajtjen e aktiviteteve gjat\u00eb manifestimeve p\u00ebr \u2018Vidovdan\u201d\"}]},{\"@type\":\"WebSite\",\"@id\":\"https:\/\/veritasinfo.org\/#website\",\"url\":\"https:\/\/veritasinfo.org\/\",\"name\":\"\",\"description\":\"\",\"potentialAction\":[{\"@type\":\"SearchAction\",\"target\":{\"@type\":\"EntryPoint\",\"urlTemplate\":\"https:\/\/veritasinfo.org\/?s={search_term_string}\"},\"query-input\":{\"@type\":\"PropertyValueSpecification\",\"valueRequired\":true,\"valueName\":\"search_term_string\"}}],\"inLanguage\":\"en-US\"},{\"@type\":\"Person\",\"@id\":\"https:\/\/veritasinfo.org\/#\/schema\/person\/7701f8c088bece422266b100a712374f\",\"name\":\"admin\",\"image\":{\"@type\":\"ImageObject\",\"inLanguage\":\"en-US\",\"@id\":\"https:\/\/veritasinfo.org\/#\/schema\/person\/image\/\",\"url\":\"https:\/\/secure.gravatar.com\/avatar\/ea53aa3bf6c9a12d5fde8ce4deff43fef3885ae33cf60184161a50d6987cfd2f?s=96&d=mm&r=g\",\"contentUrl\":\"https:\/\/secure.gravatar.com\/avatar\/ea53aa3bf6c9a12d5fde8ce4deff43fef3885ae33cf60184161a50d6987cfd2f?s=96&d=mm&r=g\",\"caption\":\"admin\"},\"sameAs\":[\"https:\/\/veritasinfo.org\"],\"url\":\"https:\/\/veritasinfo.org\/?author=1\"}]}<\/script>\n<!-- \/ Yoast SEO plugin. -->","yoast_head_json":{"title":"Policia e Kosov\u00ebs ka marr\u00eb masat e nevojshme p\u00ebr menaxhimin e situat\u00ebs s\u00eb siguris\u00eb dhe mbar\u00ebvajtjen e aktiviteteve gjat\u00eb manifestimeve p\u00ebr \u2018Vidovdan\u201d -","robots":{"index":"index","follow":"follow","max-snippet":"max-snippet:-1","max-image-preview":"max-image-preview:large","max-video-preview":"max-video-preview:-1"},"canonical":"https:\/\/veritasinfo.org\/?p=1759","og_locale":"en_US","og_type":"article","og_title":"Policia e Kosov\u00ebs ka marr\u00eb masat e nevojshme p\u00ebr menaxhimin e situat\u00ebs s\u00eb siguris\u00eb dhe mbar\u00ebvajtjen e aktiviteteve gjat\u00eb manifestimeve p\u00ebr \u2018Vidovdan\u201d -","og_description":"Prishtin\u00eb, 27 qershor 2025 Lidhur me manifestimet e \u201cVidovdan-it\u201d, t\u00eb cilat pritet t\u00eb mbahen nes\u00ebr me 28 qershor 2025, Policia e Kosov\u00ebs (PK), me koh\u00eb","og_url":"https:\/\/veritasinfo.org\/?p=1759","article_published_time":"2025-06-27T14:23:10+00:00","og_image":[{"width":586,"height":350,"url":"https:\/\/veritasinfo.org\/wp-content\/uploads\/2025\/06\/police-1.jpg","type":"image\/jpeg"}],"author":"admin","twitter_card":"summary_large_image","twitter_misc":{"Written by":"admin","Est. reading time":"2 minutes"},"schema":{"@context":"https:\/\/schema.org","@graph":[{"@type":"WebPage","@id":"https:\/\/veritasinfo.org\/?p=1759","url":"https:\/\/veritasinfo.org\/?p=1759","name":"Policia e Kosov\u00ebs ka marr\u00eb masat e nevojshme p\u00ebr menaxhimin e situat\u00ebs s\u00eb siguris\u00eb dhe mbar\u00ebvajtjen e aktiviteteve gjat\u00eb manifestimeve p\u00ebr \u2018Vidovdan\u201d -","isPartOf":{"@id":"https:\/\/veritasinfo.org\/#website"},"primaryImageOfPage":{"@id":"https:\/\/veritasinfo.org\/?p=1759#primaryimage"},"image":{"@id":"https:\/\/veritasinfo.org\/?p=1759#primaryimage"},"thumbnailUrl":"https:\/\/veritasinfo.org\/wp-content\/uploads\/2025\/06\/police-1.jpg","datePublished":"2025-06-27T14:23:10+00:00","author":{"@id":"https:\/\/veritasinfo.org\/#\/schema\/person\/7701f8c088bece422266b100a712374f"},"breadcrumb":{"@id":"https:\/\/veritasinfo.org\/?p=1759#breadcrumb"},"inLanguage":"en-US","potentialAction":[{"@type":"ReadAction","target":["https:\/\/veritasinfo.org\/?p=1759"]}]},{"@type":"ImageObject","inLanguage":"en-US","@id":"https:\/\/veritasinfo.org\/?p=1759#primaryimage","url":"https:\/\/veritasinfo.org\/wp-content\/uploads\/2025\/06\/police-1.jpg","contentUrl":"https:\/\/veritasinfo.org\/wp-content\/uploads\/2025\/06\/police-1.jpg","width":586,"height":350},{"@type":"BreadcrumbList","@id":"https:\/\/veritasinfo.org\/?p=1759#breadcrumb","itemListElement":[{"@type":"ListItem","position":1,"name":"Home","item":"https:\/\/veritasinfo.org\/"},{"@type":"ListItem","position":2,"name":"Policia e Kosov\u00ebs ka marr\u00eb masat e nevojshme p\u00ebr menaxhimin e situat\u00ebs s\u00eb siguris\u00eb dhe mbar\u00ebvajtjen e aktiviteteve gjat\u00eb manifestimeve p\u00ebr \u2018Vidovdan\u201d"}]},{"@type":"WebSite","@id":"https:\/\/veritasinfo.org\/#website","url":"https:\/\/veritasinfo.org\/","name":"","description":"","potentialAction":[{"@type":"SearchAction","target":{"@type":"EntryPoint","urlTemplate":"https:\/\/veritasinfo.org\/?s={search_term_string}"},"query-input":{"@type":"PropertyValueSpecification","valueRequired":true,"valueName":"search_term_string"}}],"inLanguage":"en-US"},{"@type":"Person","@id":"https:\/\/veritasinfo.org\/#\/schema\/person\/7701f8c088bece422266b100a712374f","name":"admin","image":{"@type":"ImageObject","inLanguage":"en-US","@id":"https:\/\/veritasinfo.org\/#\/schema\/person\/image\/","url":"https:\/\/secure.gravatar.com\/avatar\/ea53aa3bf6c9a12d5fde8ce4deff43fef3885ae33cf60184161a50d6987cfd2f?s=96&d=mm&r=g","contentUrl":"https:\/\/secure.gravatar.com\/avatar\/ea53aa3bf6c9a12d5fde8ce4deff43fef3885ae33cf60184161a50d6987cfd2f?s=96&d=mm&r=g","caption":"admin"},"sameAs":["https:\/\/veritasinfo.org"],"url":"https:\/\/veritasinfo.org\/?author=1"}]}},"featured_image_urls":{"full":["https:\/\/veritasinfo.org\/wp-content\/uploads\/2025\/06\/police-1.jpg",586,350,false],"thumbnail":["https:\/\/veritasinfo.org\/wp-content\/uploads\/2025\/06\/police-1-150x150.jpg",150,150,true],"medium":["https:\/\/veritasinfo.org\/wp-content\/uploads\/2025\/06\/police-1-300x179.jpg",300,179,true],"medium_large":["https:\/\/veritasinfo.org\/wp-content\/uploads\/2025\/06\/police-1.jpg",586,350,false],"large":["https:\/\/veritasinfo.org\/wp-content\/uploads\/2025\/06\/police-1.jpg",586,350,false],"1536x1536":["https:\/\/veritasinfo.org\/wp-content\/uploads\/2025\/06\/police-1.jpg",586,350,false],"2048x2048":["https:\/\/veritasinfo.org\/wp-content\/uploads\/2025\/06\/police-1.jpg",586,350,false],"kreeti-slider-full":["https:\/\/veritasinfo.org\/wp-content\/uploads\/2025\/06\/police-1.jpg",586,350,false],"kreeti-featured":["https:\/\/veritasinfo.org\/wp-content\/uploads\/2025\/06\/police-1.jpg",586,350,false],"kreeti-medium":["https:\/\/veritasinfo.org\/wp-content\/uploads\/2025\/06\/police-1.jpg",586,350,false],"kreeti-medium-square":["https:\/\/veritasinfo.org\/wp-content\/uploads\/2025\/06\/police-1.jpg",350,209,false]},"author_info":{"info":["admin"]},"category_info":"<a href=\"https:\/\/veritasinfo.org\/?cat=60\" rel=\"category\">Shoq\u00ebrore<\/a>","tag_info":"Shoq\u00ebrore","comment_count":"0","_links":{"self":[{"href":"https:\/\/veritasinfo.org\/index.php?rest_route=\/wp\/v2\/posts\/1759","targetHints":{"allow":["GET"]}}],"collection":[{"href":"https:\/\/veritasinfo.org\/index.php?rest_route=\/wp\/v2\/posts"}],"about":[{"href":"https:\/\/veritasinfo.org\/index.php?rest_route=\/wp\/v2\/types\/post"}],"author":[{"embeddable":true,"href":"https:\/\/veritasinfo.org\/index.php?rest_route=\/wp\/v2\/users\/1"}],"replies":[{"embeddable":true,"href":"https:\/\/veritasinfo.org\/index.php?rest_route=%2Fwp%2Fv2%2Fcomments&post=1759"}],"version-history":[{"count":1,"href":"https:\/\/veritasinfo.org\/index.php?rest_route=\/wp\/v2\/posts\/1759\/revisions"}],"predecessor-version":[{"id":1761,"href":"https:\/\/veritasinfo.org\/index.php?rest_route=\/wp\/v2\/posts\/1759\/revisions\/1761"}],"wp:featuredmedia":[{"embeddable":true,"href":"https:\/\/veritasinfo.org\/index.php?rest_route=\/wp\/v2\/media\/1760"}],"wp:attachment":[{"href":"https:\/\/veritasinfo.org\/index.php?rest_route=%2Fwp%2Fv2%2Fmedia&parent=1759"}],"wp:term":[{"taxonomy":"category","embeddable":true,"href":"https:\/\/veritasinfo.org\/index.php?rest_route=%2Fwp%2Fv2%2Fcategories&post=1759"},{"taxonomy":"post_tag","embeddable":true,"href":"https:\/\/veritasinfo.org\/index.php?rest_route=%2Fwp%2Fv2%2Ftags&post=1759"}],"curies":[{"name":"wp","href":"https:\/\/api.w.org\/{rel}","templated":true}]}}