{"id":17554,"date":"2025-10-24T13:20:59","date_gmt":"2025-10-24T11:20:59","guid":{"rendered":"https:\/\/veritasinfo.org\/?p=17554"},"modified":"2025-10-24T13:20:59","modified_gmt":"2025-10-24T11:20:59","slug":"maqedonci-takohet-me-komandantin-e-kfor-it-flasin-rreth-situates-se-sigurise","status":"publish","type":"post","link":"https:\/\/veritasinfo.org\/?p=17554","title":{"rendered":"Maqedonci takohet me komandantin e KFOR-it, flasin rreth situat\u00ebs s\u00eb siguris\u00eb"},"content":{"rendered":"<p>Prishtin\u00eb, 24 tetor 2025<\/p>\n<p>Ministri n\u00eb detyr\u00eb i Mbrojtjes s\u00eb Republik\u00ebs s\u00eb Kosov\u00ebs, Ejup Maqedonci, ka pritur sot n\u00eb takim komandantin e KFOR-it, gjeneralmajor \u00d6zkan Uluta\u015f, me t\u00eb cilin ka diskutuar rreth situat\u00ebs s\u00eb siguris\u00eb n\u00eb vend, rajonal dhe global.<\/p>\n<p>\u201cPrita sot n\u00eb takim komandantin e KFOR-it, Gjeneralmajor \u00d6zkan Uluta\u015f. Diskutuam rreth situat\u00ebs s\u00eb siguris\u00eb n\u00eb nivel nivel regjional dhe global. Gjithashtu shpreha dhe gatishm\u00ebrin\u00eb p\u00ebr vazhdimin e koordinimit t\u00eb nd\u00ebrsjell\u00eb p\u00ebr \u00e7\u00ebshtjet me interes t\u00eb p\u00ebrbashk\u00ebt n\u00eb kuad\u00ebr t\u00eb zhvillimeve aktuale dhe ndikimit t\u00eb tyre n\u00eb mjedisin e siguris\u00eb\u201d, ka njoftuar ministri Maqedonci.<\/p>\n","protected":false},"excerpt":{"rendered":"<p>Prishtin\u00eb, 24 tetor 2025 Ministri n\u00eb detyr\u00eb i Mbrojtjes s\u00eb Republik\u00ebs s\u00eb Kosov\u00ebs, Ejup Maqedonci, ka pritur sot n\u00eb takim komandantin e KFOR-it, gjeneralmajor \u00d6zkan<\/p>\n","protected":false},"author":7,"featured_media":17556,"comment_status":"open","ping_status":"open","sticky":false,"template":"","format":"standard","meta":{"footnotes":""},"categories":[58],"tags":[],"class_list":["post-17554","post","type-post","status-publish","format-standard","has-post-thumbnail","hentry","category-politike-sq"],"yoast_head":"<!-- This site is optimized with the Yoast SEO plugin v25.3.1 - https:\/\/yoast.com\/wordpress\/plugins\/seo\/ -->\n<title>Maqedonci takohet me komandantin e KFOR-it, flasin rreth situat\u00ebs s\u00eb siguris\u00eb -<\/title>\n<meta name=\"robots\" content=\"index, follow, max-snippet:-1, max-image-preview:large, max-video-preview:-1\" \/>\n<link rel=\"canonical\" href=\"https:\/\/veritasinfo.org\/?p=17554\" \/>\n<meta property=\"og:locale\" content=\"en_US\" \/>\n<meta property=\"og:type\" content=\"article\" \/>\n<meta property=\"og:title\" content=\"Maqedonci takohet me komandantin e KFOR-it, flasin rreth situat\u00ebs s\u00eb siguris\u00eb -\" \/>\n<meta property=\"og:description\" content=\"Prishtin\u00eb, 24 tetor 2025 Ministri n\u00eb detyr\u00eb i Mbrojtjes s\u00eb Republik\u00ebs s\u00eb Kosov\u00ebs, Ejup Maqedonci, ka pritur sot n\u00eb takim komandantin e KFOR-it, gjeneralmajor \u00d6zkan\" \/>\n<meta property=\"og:url\" content=\"https:\/\/veritasinfo.org\/?p=17554\" \/>\n<meta property=\"article:published_time\" content=\"2025-10-24T11:20:59+00:00\" \/>\n<meta property=\"og:image\" content=\"https:\/\/veritasinfo.org\/wp-content\/uploads\/2025\/10\/571197659_122277319208011792_1782280489280968085_n.jpg\" \/>\n\t<meta property=\"og:image:width\" content=\"1601\" \/>\n\t<meta property=\"og:image:height\" content=\"1041\" \/>\n\t<meta property=\"og:image:type\" content=\"image\/jpeg\" \/>\n<meta name=\"author\" content=\"US6\" \/>\n<meta name=\"twitter:card\" content=\"summary_large_image\" \/>\n<meta name=\"twitter:label1\" content=\"Written by\" \/>\n\t<meta name=\"twitter:data1\" content=\"US6\" \/>\n\t<meta name=\"twitter:label2\" content=\"Est. reading time\" \/>\n\t<meta name=\"twitter:data2\" content=\"1 minute\" \/>\n<script type=\"application\/ld+json\" class=\"yoast-schema-graph\">{\"@context\":\"https:\/\/schema.org\",\"@graph\":[{\"@type\":\"WebPage\",\"@id\":\"https:\/\/veritasinfo.org\/?p=17554\",\"url\":\"https:\/\/veritasinfo.org\/?p=17554\",\"name\":\"Maqedonci takohet me komandantin e KFOR-it, flasin rreth situat\u00ebs s\u00eb siguris\u00eb -\",\"isPartOf\":{\"@id\":\"https:\/\/veritasinfo.org\/#website\"},\"primaryImageOfPage\":{\"@id\":\"https:\/\/veritasinfo.org\/?p=17554#primaryimage\"},\"image\":{\"@id\":\"https:\/\/veritasinfo.org\/?p=17554#primaryimage\"},\"thumbnailUrl\":\"https:\/\/veritasinfo.org\/wp-content\/uploads\/2025\/10\/571197659_122277319208011792_1782280489280968085_n.jpg\",\"datePublished\":\"2025-10-24T11:20:59+00:00\",\"author\":{\"@id\":\"https:\/\/veritasinfo.org\/#\/schema\/person\/fe199eede04c3937362892b7444747cc\"},\"breadcrumb\":{\"@id\":\"https:\/\/veritasinfo.org\/?p=17554#breadcrumb\"},\"inLanguage\":\"en-US\",\"potentialAction\":[{\"@type\":\"ReadAction\",\"target\":[\"https:\/\/veritasinfo.org\/?p=17554\"]}]},{\"@type\":\"ImageObject\",\"inLanguage\":\"en-US\",\"@id\":\"https:\/\/veritasinfo.org\/?p=17554#primaryimage\",\"url\":\"https:\/\/veritasinfo.org\/wp-content\/uploads\/2025\/10\/571197659_122277319208011792_1782280489280968085_n.jpg\",\"contentUrl\":\"https:\/\/veritasinfo.org\/wp-content\/uploads\/2025\/10\/571197659_122277319208011792_1782280489280968085_n.jpg\",\"width\":1601,\"height\":1041},{\"@type\":\"BreadcrumbList\",\"@id\":\"https:\/\/veritasinfo.org\/?p=17554#breadcrumb\",\"itemListElement\":[{\"@type\":\"ListItem\",\"position\":1,\"name\":\"Home\",\"item\":\"https:\/\/veritasinfo.org\/\"},{\"@type\":\"ListItem\",\"position\":2,\"name\":\"Maqedonci takohet me komandantin e KFOR-it, flasin rreth situat\u00ebs s\u00eb siguris\u00eb\"}]},{\"@type\":\"WebSite\",\"@id\":\"https:\/\/veritasinfo.org\/#website\",\"url\":\"https:\/\/veritasinfo.org\/\",\"name\":\"\",\"description\":\"\",\"potentialAction\":[{\"@type\":\"SearchAction\",\"target\":{\"@type\":\"EntryPoint\",\"urlTemplate\":\"https:\/\/veritasinfo.org\/?s={search_term_string}\"},\"query-input\":{\"@type\":\"PropertyValueSpecification\",\"valueRequired\":true,\"valueName\":\"search_term_string\"}}],\"inLanguage\":\"en-US\"},{\"@type\":\"Person\",\"@id\":\"https:\/\/veritasinfo.org\/#\/schema\/person\/fe199eede04c3937362892b7444747cc\",\"name\":\"US6\",\"image\":{\"@type\":\"ImageObject\",\"inLanguage\":\"en-US\",\"@id\":\"https:\/\/veritasinfo.org\/#\/schema\/person\/image\/\",\"url\":\"https:\/\/secure.gravatar.com\/avatar\/cb16c3c31c9d23b9b8c705964598220b3014e42ff51eb540ff23cefa3ae8c15f?s=96&d=mm&r=g\",\"contentUrl\":\"https:\/\/secure.gravatar.com\/avatar\/cb16c3c31c9d23b9b8c705964598220b3014e42ff51eb540ff23cefa3ae8c15f?s=96&d=mm&r=g\",\"caption\":\"US6\"},\"url\":\"https:\/\/veritasinfo.org\/?author=7\"}]}<\/script>\n<!-- \/ Yoast SEO plugin. -->","yoast_head_json":{"title":"Maqedonci takohet me komandantin e KFOR-it, flasin rreth situat\u00ebs s\u00eb siguris\u00eb -","robots":{"index":"index","follow":"follow","max-snippet":"max-snippet:-1","max-image-preview":"max-image-preview:large","max-video-preview":"max-video-preview:-1"},"canonical":"https:\/\/veritasinfo.org\/?p=17554","og_locale":"en_US","og_type":"article","og_title":"Maqedonci takohet me komandantin e KFOR-it, flasin rreth situat\u00ebs s\u00eb siguris\u00eb -","og_description":"Prishtin\u00eb, 24 tetor 2025 Ministri n\u00eb detyr\u00eb i Mbrojtjes s\u00eb Republik\u00ebs s\u00eb Kosov\u00ebs, Ejup Maqedonci, ka pritur sot n\u00eb takim komandantin e KFOR-it, gjeneralmajor \u00d6zkan","og_url":"https:\/\/veritasinfo.org\/?p=17554","article_published_time":"2025-10-24T11:20:59+00:00","og_image":[{"width":1601,"height":1041,"url":"https:\/\/veritasinfo.org\/wp-content\/uploads\/2025\/10\/571197659_122277319208011792_1782280489280968085_n.jpg","type":"image\/jpeg"}],"author":"US6","twitter_card":"summary_large_image","twitter_misc":{"Written by":"US6","Est. reading time":"1 minute"},"schema":{"@context":"https:\/\/schema.org","@graph":[{"@type":"WebPage","@id":"https:\/\/veritasinfo.org\/?p=17554","url":"https:\/\/veritasinfo.org\/?p=17554","name":"Maqedonci takohet me komandantin e KFOR-it, flasin rreth situat\u00ebs s\u00eb siguris\u00eb -","isPartOf":{"@id":"https:\/\/veritasinfo.org\/#website"},"primaryImageOfPage":{"@id":"https:\/\/veritasinfo.org\/?p=17554#primaryimage"},"image":{"@id":"https:\/\/veritasinfo.org\/?p=17554#primaryimage"},"thumbnailUrl":"https:\/\/veritasinfo.org\/wp-content\/uploads\/2025\/10\/571197659_122277319208011792_1782280489280968085_n.jpg","datePublished":"2025-10-24T11:20:59+00:00","author":{"@id":"https:\/\/veritasinfo.org\/#\/schema\/person\/fe199eede04c3937362892b7444747cc"},"breadcrumb":{"@id":"https:\/\/veritasinfo.org\/?p=17554#breadcrumb"},"inLanguage":"en-US","potentialAction":[{"@type":"ReadAction","target":["https:\/\/veritasinfo.org\/?p=17554"]}]},{"@type":"ImageObject","inLanguage":"en-US","@id":"https:\/\/veritasinfo.org\/?p=17554#primaryimage","url":"https:\/\/veritasinfo.org\/wp-content\/uploads\/2025\/10\/571197659_122277319208011792_1782280489280968085_n.jpg","contentUrl":"https:\/\/veritasinfo.org\/wp-content\/uploads\/2025\/10\/571197659_122277319208011792_1782280489280968085_n.jpg","width":1601,"height":1041},{"@type":"BreadcrumbList","@id":"https:\/\/veritasinfo.org\/?p=17554#breadcrumb","itemListElement":[{"@type":"ListItem","position":1,"name":"Home","item":"https:\/\/veritasinfo.org\/"},{"@type":"ListItem","position":2,"name":"Maqedonci takohet me komandantin e KFOR-it, flasin rreth situat\u00ebs s\u00eb siguris\u00eb"}]},{"@type":"WebSite","@id":"https:\/\/veritasinfo.org\/#website","url":"https:\/\/veritasinfo.org\/","name":"","description":"","potentialAction":[{"@type":"SearchAction","target":{"@type":"EntryPoint","urlTemplate":"https:\/\/veritasinfo.org\/?s={search_term_string}"},"query-input":{"@type":"PropertyValueSpecification","valueRequired":true,"valueName":"search_term_string"}}],"inLanguage":"en-US"},{"@type":"Person","@id":"https:\/\/veritasinfo.org\/#\/schema\/person\/fe199eede04c3937362892b7444747cc","name":"US6","image":{"@type":"ImageObject","inLanguage":"en-US","@id":"https:\/\/veritasinfo.org\/#\/schema\/person\/image\/","url":"https:\/\/secure.gravatar.com\/avatar\/cb16c3c31c9d23b9b8c705964598220b3014e42ff51eb540ff23cefa3ae8c15f?s=96&d=mm&r=g","contentUrl":"https:\/\/secure.gravatar.com\/avatar\/cb16c3c31c9d23b9b8c705964598220b3014e42ff51eb540ff23cefa3ae8c15f?s=96&d=mm&r=g","caption":"US6"},"url":"https:\/\/veritasinfo.org\/?author=7"}]}},"featured_image_urls":{"full":["https:\/\/veritasinfo.org\/wp-content\/uploads\/2025\/10\/571197659_122277319208011792_1782280489280968085_n.jpg",1601,1041,false],"thumbnail":["https:\/\/veritasinfo.org\/wp-content\/uploads\/2025\/10\/571197659_122277319208011792_1782280489280968085_n-150x150.jpg",150,150,true],"medium":["https:\/\/veritasinfo.org\/wp-content\/uploads\/2025\/10\/571197659_122277319208011792_1782280489280968085_n-300x195.jpg",300,195,true],"medium_large":["https:\/\/veritasinfo.org\/wp-content\/uploads\/2025\/10\/571197659_122277319208011792_1782280489280968085_n-768x499.jpg",640,416,true],"large":["https:\/\/veritasinfo.org\/wp-content\/uploads\/2025\/10\/571197659_122277319208011792_1782280489280968085_n-1024x666.jpg",640,416,true],"1536x1536":["https:\/\/veritasinfo.org\/wp-content\/uploads\/2025\/10\/571197659_122277319208011792_1782280489280968085_n-1536x999.jpg",1536,999,true],"2048x2048":["https:\/\/veritasinfo.org\/wp-content\/uploads\/2025\/10\/571197659_122277319208011792_1782280489280968085_n.jpg",1601,1041,false],"kreeti-slider-full":["https:\/\/veritasinfo.org\/wp-content\/uploads\/2025\/10\/571197659_122277319208011792_1782280489280968085_n.jpg",1107,720,false],"kreeti-featured":["https:\/\/veritasinfo.org\/wp-content\/uploads\/2025\/10\/571197659_122277319208011792_1782280489280968085_n.jpg",1024,666,false],"kreeti-medium":["https:\/\/veritasinfo.org\/wp-content\/uploads\/2025\/10\/571197659_122277319208011792_1782280489280968085_n.jpg",720,468,false],"kreeti-medium-square":["https:\/\/veritasinfo.org\/wp-content\/uploads\/2025\/10\/571197659_122277319208011792_1782280489280968085_n.jpg",350,228,false]},"author_info":{"info":["US6"]},"category_info":"<a href=\"https:\/\/veritasinfo.org\/?cat=58\" rel=\"category\">Politik\u00eb<\/a>","tag_info":"Politik\u00eb","comment_count":"0","_links":{"self":[{"href":"https:\/\/veritasinfo.org\/index.php?rest_route=\/wp\/v2\/posts\/17554","targetHints":{"allow":["GET"]}}],"collection":[{"href":"https:\/\/veritasinfo.org\/index.php?rest_route=\/wp\/v2\/posts"}],"about":[{"href":"https:\/\/veritasinfo.org\/index.php?rest_route=\/wp\/v2\/types\/post"}],"author":[{"embeddable":true,"href":"https:\/\/veritasinfo.org\/index.php?rest_route=\/wp\/v2\/users\/7"}],"replies":[{"embeddable":true,"href":"https:\/\/veritasinfo.org\/index.php?rest_route=%2Fwp%2Fv2%2Fcomments&post=17554"}],"version-history":[{"count":1,"href":"https:\/\/veritasinfo.org\/index.php?rest_route=\/wp\/v2\/posts\/17554\/revisions"}],"predecessor-version":[{"id":17557,"href":"https:\/\/veritasinfo.org\/index.php?rest_route=\/wp\/v2\/posts\/17554\/revisions\/17557"}],"wp:featuredmedia":[{"embeddable":true,"href":"https:\/\/veritasinfo.org\/index.php?rest_route=\/wp\/v2\/media\/17556"}],"wp:attachment":[{"href":"https:\/\/veritasinfo.org\/index.php?rest_route=%2Fwp%2Fv2%2Fmedia&parent=17554"}],"wp:term":[{"taxonomy":"category","embeddable":true,"href":"https:\/\/veritasinfo.org\/index.php?rest_route=%2Fwp%2Fv2%2Fcategories&post=17554"},{"taxonomy":"post_tag","embeddable":true,"href":"https:\/\/veritasinfo.org\/index.php?rest_route=%2Fwp%2Fv2%2Ftags&post=17554"}],"curies":[{"name":"wp","href":"https:\/\/api.w.org\/{rel}","templated":true}]}}