{"id":17531,"date":"2025-10-24T10:09:33","date_gmt":"2025-10-24T08:09:33","guid":{"rendered":"https:\/\/veritasinfo.org\/?p=17531"},"modified":"2025-10-24T10:09:33","modified_gmt":"2025-10-24T08:09:33","slug":"kamberi-ne-shba-ti-jepet-fund-diskriminimit-ndaj-shqiptareve-te-lugines","status":"publish","type":"post","link":"https:\/\/veritasinfo.org\/?p=17531","title":{"rendered":"Kamberi n\u00eb SHBA: T\u2019i jepet fund diskriminimit ndaj shqiptar\u00ebve t\u00eb Lugin\u00ebs"},"content":{"rendered":"<p>Prishtin\u00eb 24 Tetor 2025<\/p>\n<p>Nj\u00eb delegacion i shqiptar\u00ebve t\u00eb Lugin\u00ebs s\u00eb Preshev\u00ebs i udh\u00ebhequr nga deputeti Shaip Kamberi, gjat\u00eb vizit\u00ebs n\u00eb Shtetet e Bashkuara, kan\u00eb zhvilluar nj\u00eb takim pune me Kongresmenin Keith Self, kryetar i N\u00ebnkomitetit p\u00ebr Evrop\u00ebn n\u00eb Komisionin p\u00ebr Pun\u00eb t\u00eb Jashtme t\u00eb Dhom\u00ebs s\u00eb P\u00ebrfaq\u00ebsuesve.<\/p>\n<p>N\u00eb takimin e mbajtur n\u00eb Dallas, Shaip Kamberi ka ngritur shqet\u00ebsimet p\u00ebr gjendjen e shqiptar\u00ebve n\u00eb Preshev\u00eb, Bujanoc dhe Medvegj\u00eb, duke theksuar se diskriminimi sistematik, militarizimi i zon\u00ebs dhe pasivizimi i adresave po rrezikojn\u00eb ekzistenc\u00ebn e tyre politike dhe shoq\u00ebrore n\u00eb Serbi.<\/p>\n<p>\u201cPozita e shqiptar\u00ebve n\u00eb Lugin\u00eb mbetet e v\u00ebshtir\u00eb. Serbia nuk po zbaton marr\u00ebveshjet e n\u00ebnshkruara q\u00eb nga Marr\u00ebveshja Korniz\u00eb e vitit 2001. Nd\u00ebrkoh\u00eb, pasivizimi i adresave po p\u00ebrdoret si mjet administrativ p\u00ebr fshirjen e shqiptar\u00ebve nga regjistrat civil\u00eb\u201d, ka theksuar Kamberi.<\/p>\n<p>Ai ka k\u00ebrkuar angazhim m\u00eb intensiv t\u00eb SHBA-s\u00eb n\u00eb mbrojtjen e t\u00eb drejtave t\u00eb shqiptar\u00ebve, p\u00ebrmes monitorimit t\u00eb situat\u00ebs dhe mb\u00ebshtetjes institucionale, duke shtuar se \u201ct\u00eb nj\u00ebjtat standarde q\u00eb Serbia k\u00ebrkon p\u00ebr serb\u00ebt n\u00eb Kosov\u00eb duhet t\u00eb zbatohen edhe p\u00ebr shqiptar\u00ebt n\u00eb Serbi\u201d.<\/p>\n<p>Kamberi ka fal\u00ebnderuar kongresmenin amerikan p\u00ebr hapjen dhe mir\u00ebkuptimin e treguar ndaj \u00e7\u00ebshtjes s\u00eb Lugin\u00ebs, duke theksuar se avokimi p\u00ebr barazi dhe drejt\u00ebsi do t\u00eb vazhdoj\u00eb n\u00eb bashk\u00ebpunim t\u00eb ngusht\u00eb me partner\u00ebt amerikan\u00eb.<\/p>\n","protected":false},"excerpt":{"rendered":"<p>Prishtin\u00eb 24 Tetor 2025 Nj\u00eb delegacion i shqiptar\u00ebve t\u00eb Lugin\u00ebs s\u00eb Preshev\u00ebs i udh\u00ebhequr nga deputeti Shaip Kamberi, gjat\u00eb vizit\u00ebs n\u00eb Shtetet e Bashkuara, kan\u00eb<\/p>\n","protected":false},"author":6,"featured_media":17532,"comment_status":"open","ping_status":"open","sticky":false,"template":"","format":"standard","meta":{"footnotes":""},"categories":[58],"tags":[],"class_list":["post-17531","post","type-post","status-publish","format-standard","has-post-thumbnail","hentry","category-politike-sq"],"yoast_head":"<!-- This site is optimized with the Yoast SEO plugin v25.3.1 - https:\/\/yoast.com\/wordpress\/plugins\/seo\/ -->\n<title>Kamberi n\u00eb SHBA: T\u2019i jepet fund diskriminimit ndaj shqiptar\u00ebve t\u00eb Lugin\u00ebs -<\/title>\n<meta name=\"robots\" content=\"index, follow, max-snippet:-1, max-image-preview:large, max-video-preview:-1\" \/>\n<link rel=\"canonical\" href=\"https:\/\/veritasinfo.org\/?p=17531\" \/>\n<meta property=\"og:locale\" content=\"en_US\" \/>\n<meta property=\"og:type\" content=\"article\" \/>\n<meta property=\"og:title\" content=\"Kamberi n\u00eb SHBA: T\u2019i jepet fund diskriminimit ndaj shqiptar\u00ebve t\u00eb Lugin\u00ebs -\" \/>\n<meta property=\"og:description\" content=\"Prishtin\u00eb 24 Tetor 2025 Nj\u00eb delegacion i shqiptar\u00ebve t\u00eb Lugin\u00ebs s\u00eb Preshev\u00ebs i udh\u00ebhequr nga deputeti Shaip Kamberi, gjat\u00eb vizit\u00ebs n\u00eb Shtetet e Bashkuara, kan\u00eb\" \/>\n<meta property=\"og:url\" content=\"https:\/\/veritasinfo.org\/?p=17531\" \/>\n<meta property=\"article:published_time\" content=\"2025-10-24T08:09:33+00:00\" \/>\n<meta property=\"og:image\" content=\"https:\/\/veritasinfo.org\/wp-content\/uploads\/2025\/10\/707714-VN5ztWqHUd.jpg\" \/>\n\t<meta property=\"og:image:width\" content=\"780\" \/>\n\t<meta property=\"og:image:height\" content=\"500\" \/>\n\t<meta property=\"og:image:type\" content=\"image\/jpeg\" \/>\n<meta name=\"author\" content=\"US5\" \/>\n<meta name=\"twitter:card\" content=\"summary_large_image\" \/>\n<meta name=\"twitter:label1\" content=\"Written by\" \/>\n\t<meta name=\"twitter:data1\" content=\"US5\" \/>\n\t<meta name=\"twitter:label2\" content=\"Est. reading time\" \/>\n\t<meta name=\"twitter:data2\" content=\"1 minute\" \/>\n<script type=\"application\/ld+json\" class=\"yoast-schema-graph\">{\"@context\":\"https:\/\/schema.org\",\"@graph\":[{\"@type\":\"WebPage\",\"@id\":\"https:\/\/veritasinfo.org\/?p=17531\",\"url\":\"https:\/\/veritasinfo.org\/?p=17531\",\"name\":\"Kamberi n\u00eb SHBA: T\u2019i jepet fund diskriminimit ndaj shqiptar\u00ebve t\u00eb Lugin\u00ebs -\",\"isPartOf\":{\"@id\":\"https:\/\/veritasinfo.org\/#website\"},\"primaryImageOfPage\":{\"@id\":\"https:\/\/veritasinfo.org\/?p=17531#primaryimage\"},\"image\":{\"@id\":\"https:\/\/veritasinfo.org\/?p=17531#primaryimage\"},\"thumbnailUrl\":\"https:\/\/veritasinfo.org\/wp-content\/uploads\/2025\/10\/707714-VN5ztWqHUd.jpg\",\"datePublished\":\"2025-10-24T08:09:33+00:00\",\"author\":{\"@id\":\"https:\/\/veritasinfo.org\/#\/schema\/person\/bc442336e35414d04494ab8fb45db4c6\"},\"breadcrumb\":{\"@id\":\"https:\/\/veritasinfo.org\/?p=17531#breadcrumb\"},\"inLanguage\":\"en-US\",\"potentialAction\":[{\"@type\":\"ReadAction\",\"target\":[\"https:\/\/veritasinfo.org\/?p=17531\"]}]},{\"@type\":\"ImageObject\",\"inLanguage\":\"en-US\",\"@id\":\"https:\/\/veritasinfo.org\/?p=17531#primaryimage\",\"url\":\"https:\/\/veritasinfo.org\/wp-content\/uploads\/2025\/10\/707714-VN5ztWqHUd.jpg\",\"contentUrl\":\"https:\/\/veritasinfo.org\/wp-content\/uploads\/2025\/10\/707714-VN5ztWqHUd.jpg\",\"width\":780,\"height\":500},{\"@type\":\"BreadcrumbList\",\"@id\":\"https:\/\/veritasinfo.org\/?p=17531#breadcrumb\",\"itemListElement\":[{\"@type\":\"ListItem\",\"position\":1,\"name\":\"Home\",\"item\":\"https:\/\/veritasinfo.org\/\"},{\"@type\":\"ListItem\",\"position\":2,\"name\":\"Kamberi n\u00eb SHBA: T\u2019i jepet fund diskriminimit ndaj shqiptar\u00ebve t\u00eb Lugin\u00ebs\"}]},{\"@type\":\"WebSite\",\"@id\":\"https:\/\/veritasinfo.org\/#website\",\"url\":\"https:\/\/veritasinfo.org\/\",\"name\":\"\",\"description\":\"\",\"potentialAction\":[{\"@type\":\"SearchAction\",\"target\":{\"@type\":\"EntryPoint\",\"urlTemplate\":\"https:\/\/veritasinfo.org\/?s={search_term_string}\"},\"query-input\":{\"@type\":\"PropertyValueSpecification\",\"valueRequired\":true,\"valueName\":\"search_term_string\"}}],\"inLanguage\":\"en-US\"},{\"@type\":\"Person\",\"@id\":\"https:\/\/veritasinfo.org\/#\/schema\/person\/bc442336e35414d04494ab8fb45db4c6\",\"name\":\"US5\",\"image\":{\"@type\":\"ImageObject\",\"inLanguage\":\"en-US\",\"@id\":\"https:\/\/veritasinfo.org\/#\/schema\/person\/image\/\",\"url\":\"https:\/\/secure.gravatar.com\/avatar\/16a61e7272a0c5d001121ebb9e60e925d5816e4ac1e443ed3e640d9a6ae55d0c?s=96&d=mm&r=g\",\"contentUrl\":\"https:\/\/secure.gravatar.com\/avatar\/16a61e7272a0c5d001121ebb9e60e925d5816e4ac1e443ed3e640d9a6ae55d0c?s=96&d=mm&r=g\",\"caption\":\"US5\"},\"url\":\"https:\/\/veritasinfo.org\/?author=6\"}]}<\/script>\n<!-- \/ Yoast SEO plugin. -->","yoast_head_json":{"title":"Kamberi n\u00eb SHBA: T\u2019i jepet fund diskriminimit ndaj shqiptar\u00ebve t\u00eb Lugin\u00ebs -","robots":{"index":"index","follow":"follow","max-snippet":"max-snippet:-1","max-image-preview":"max-image-preview:large","max-video-preview":"max-video-preview:-1"},"canonical":"https:\/\/veritasinfo.org\/?p=17531","og_locale":"en_US","og_type":"article","og_title":"Kamberi n\u00eb SHBA: T\u2019i jepet fund diskriminimit ndaj shqiptar\u00ebve t\u00eb Lugin\u00ebs -","og_description":"Prishtin\u00eb 24 Tetor 2025 Nj\u00eb delegacion i shqiptar\u00ebve t\u00eb Lugin\u00ebs s\u00eb Preshev\u00ebs i udh\u00ebhequr nga deputeti Shaip Kamberi, gjat\u00eb vizit\u00ebs n\u00eb Shtetet e Bashkuara, kan\u00eb","og_url":"https:\/\/veritasinfo.org\/?p=17531","article_published_time":"2025-10-24T08:09:33+00:00","og_image":[{"width":780,"height":500,"url":"https:\/\/veritasinfo.org\/wp-content\/uploads\/2025\/10\/707714-VN5ztWqHUd.jpg","type":"image\/jpeg"}],"author":"US5","twitter_card":"summary_large_image","twitter_misc":{"Written by":"US5","Est. reading time":"1 minute"},"schema":{"@context":"https:\/\/schema.org","@graph":[{"@type":"WebPage","@id":"https:\/\/veritasinfo.org\/?p=17531","url":"https:\/\/veritasinfo.org\/?p=17531","name":"Kamberi n\u00eb SHBA: T\u2019i jepet fund diskriminimit ndaj shqiptar\u00ebve t\u00eb Lugin\u00ebs -","isPartOf":{"@id":"https:\/\/veritasinfo.org\/#website"},"primaryImageOfPage":{"@id":"https:\/\/veritasinfo.org\/?p=17531#primaryimage"},"image":{"@id":"https:\/\/veritasinfo.org\/?p=17531#primaryimage"},"thumbnailUrl":"https:\/\/veritasinfo.org\/wp-content\/uploads\/2025\/10\/707714-VN5ztWqHUd.jpg","datePublished":"2025-10-24T08:09:33+00:00","author":{"@id":"https:\/\/veritasinfo.org\/#\/schema\/person\/bc442336e35414d04494ab8fb45db4c6"},"breadcrumb":{"@id":"https:\/\/veritasinfo.org\/?p=17531#breadcrumb"},"inLanguage":"en-US","potentialAction":[{"@type":"ReadAction","target":["https:\/\/veritasinfo.org\/?p=17531"]}]},{"@type":"ImageObject","inLanguage":"en-US","@id":"https:\/\/veritasinfo.org\/?p=17531#primaryimage","url":"https:\/\/veritasinfo.org\/wp-content\/uploads\/2025\/10\/707714-VN5ztWqHUd.jpg","contentUrl":"https:\/\/veritasinfo.org\/wp-content\/uploads\/2025\/10\/707714-VN5ztWqHUd.jpg","width":780,"height":500},{"@type":"BreadcrumbList","@id":"https:\/\/veritasinfo.org\/?p=17531#breadcrumb","itemListElement":[{"@type":"ListItem","position":1,"name":"Home","item":"https:\/\/veritasinfo.org\/"},{"@type":"ListItem","position":2,"name":"Kamberi n\u00eb SHBA: T\u2019i jepet fund diskriminimit ndaj shqiptar\u00ebve t\u00eb Lugin\u00ebs"}]},{"@type":"WebSite","@id":"https:\/\/veritasinfo.org\/#website","url":"https:\/\/veritasinfo.org\/","name":"","description":"","potentialAction":[{"@type":"SearchAction","target":{"@type":"EntryPoint","urlTemplate":"https:\/\/veritasinfo.org\/?s={search_term_string}"},"query-input":{"@type":"PropertyValueSpecification","valueRequired":true,"valueName":"search_term_string"}}],"inLanguage":"en-US"},{"@type":"Person","@id":"https:\/\/veritasinfo.org\/#\/schema\/person\/bc442336e35414d04494ab8fb45db4c6","name":"US5","image":{"@type":"ImageObject","inLanguage":"en-US","@id":"https:\/\/veritasinfo.org\/#\/schema\/person\/image\/","url":"https:\/\/secure.gravatar.com\/avatar\/16a61e7272a0c5d001121ebb9e60e925d5816e4ac1e443ed3e640d9a6ae55d0c?s=96&d=mm&r=g","contentUrl":"https:\/\/secure.gravatar.com\/avatar\/16a61e7272a0c5d001121ebb9e60e925d5816e4ac1e443ed3e640d9a6ae55d0c?s=96&d=mm&r=g","caption":"US5"},"url":"https:\/\/veritasinfo.org\/?author=6"}]}},"featured_image_urls":{"full":["https:\/\/veritasinfo.org\/wp-content\/uploads\/2025\/10\/707714-VN5ztWqHUd.jpg",780,500,false],"thumbnail":["https:\/\/veritasinfo.org\/wp-content\/uploads\/2025\/10\/707714-VN5ztWqHUd-150x150.jpg",150,150,true],"medium":["https:\/\/veritasinfo.org\/wp-content\/uploads\/2025\/10\/707714-VN5ztWqHUd-300x192.jpg",300,192,true],"medium_large":["https:\/\/veritasinfo.org\/wp-content\/uploads\/2025\/10\/707714-VN5ztWqHUd-768x492.jpg",640,410,true],"large":["https:\/\/veritasinfo.org\/wp-content\/uploads\/2025\/10\/707714-VN5ztWqHUd.jpg",640,410,false],"1536x1536":["https:\/\/veritasinfo.org\/wp-content\/uploads\/2025\/10\/707714-VN5ztWqHUd.jpg",780,500,false],"2048x2048":["https:\/\/veritasinfo.org\/wp-content\/uploads\/2025\/10\/707714-VN5ztWqHUd.jpg",780,500,false],"kreeti-slider-full":["https:\/\/veritasinfo.org\/wp-content\/uploads\/2025\/10\/707714-VN5ztWqHUd.jpg",780,500,false],"kreeti-featured":["https:\/\/veritasinfo.org\/wp-content\/uploads\/2025\/10\/707714-VN5ztWqHUd.jpg",780,500,false],"kreeti-medium":["https:\/\/veritasinfo.org\/wp-content\/uploads\/2025\/10\/707714-VN5ztWqHUd.jpg",720,462,false],"kreeti-medium-square":["https:\/\/veritasinfo.org\/wp-content\/uploads\/2025\/10\/707714-VN5ztWqHUd.jpg",350,224,false]},"author_info":{"info":["US5"]},"category_info":"<a href=\"https:\/\/veritasinfo.org\/?cat=58\" rel=\"category\">Politik\u00eb<\/a>","tag_info":"Politik\u00eb","comment_count":"0","_links":{"self":[{"href":"https:\/\/veritasinfo.org\/index.php?rest_route=\/wp\/v2\/posts\/17531","targetHints":{"allow":["GET"]}}],"collection":[{"href":"https:\/\/veritasinfo.org\/index.php?rest_route=\/wp\/v2\/posts"}],"about":[{"href":"https:\/\/veritasinfo.org\/index.php?rest_route=\/wp\/v2\/types\/post"}],"author":[{"embeddable":true,"href":"https:\/\/veritasinfo.org\/index.php?rest_route=\/wp\/v2\/users\/6"}],"replies":[{"embeddable":true,"href":"https:\/\/veritasinfo.org\/index.php?rest_route=%2Fwp%2Fv2%2Fcomments&post=17531"}],"version-history":[{"count":1,"href":"https:\/\/veritasinfo.org\/index.php?rest_route=\/wp\/v2\/posts\/17531\/revisions"}],"predecessor-version":[{"id":17533,"href":"https:\/\/veritasinfo.org\/index.php?rest_route=\/wp\/v2\/posts\/17531\/revisions\/17533"}],"wp:featuredmedia":[{"embeddable":true,"href":"https:\/\/veritasinfo.org\/index.php?rest_route=\/wp\/v2\/media\/17532"}],"wp:attachment":[{"href":"https:\/\/veritasinfo.org\/index.php?rest_route=%2Fwp%2Fv2%2Fmedia&parent=17531"}],"wp:term":[{"taxonomy":"category","embeddable":true,"href":"https:\/\/veritasinfo.org\/index.php?rest_route=%2Fwp%2Fv2%2Fcategories&post=17531"},{"taxonomy":"post_tag","embeddable":true,"href":"https:\/\/veritasinfo.org\/index.php?rest_route=%2Fwp%2Fv2%2Ftags&post=17531"}],"curies":[{"name":"wp","href":"https:\/\/api.w.org\/{rel}","templated":true}]}}