{"id":17514,"date":"2025-10-24T09:34:55","date_gmt":"2025-10-24T07:34:55","guid":{"rendered":"https:\/\/veritasinfo.org\/?p=17514"},"modified":"2025-10-24T09:34:55","modified_gmt":"2025-10-24T07:34:55","slug":"rashiq-djali-im-mbahet-nga-kater-ore-ne-kufi-serbia-po-ushtron-presion-psikologjik","status":"publish","type":"post","link":"https:\/\/veritasinfo.org\/?p=17514","title":{"rendered":"Rashiq: Djali im mbahet nga kat\u00ebr or\u00eb n\u00eb kufi \u2013 Serbia po ushtron presion psikologjik"},"content":{"rendered":"<p>Prishtin\u00eb 24 Tetor 2025<\/p>\n<p>N\u00ebnkryetari i Kuvendit t\u00eb Kosov\u00ebs dhe lider i Partis\u00eb p\u00ebr Liri, Drejt\u00ebsi dhe Mbijetes\u00eb, Nenad Rashiq, ka folur p\u00ebr presionet q\u00eb, sipas tij, Serbia po ushtron ndaj serb\u00ebve t\u00eb Kosov\u00ebs q\u00eb nuk i p\u00ebrkasin List\u00ebs Serbe.<\/p>\n<p>Rashiq tha se autoritetet serbe po p\u00ebrdorin metoda t\u00eb frik\u00ebsimit dhe ndalesave n\u00eb kufi ndaj familjar\u00ebve t\u00eb politikan\u00ebve dhe aktivist\u00ebve q\u00eb mendojn\u00eb ndryshe nga pushteti n\u00eb Beograd.<\/p>\n<p>\u201cDjali im, q\u00eb studion n\u00eb Serbi, \u00e7do her\u00eb mbahet kat\u00ebr or\u00eb n\u00eb kufi. Edhe gruaja ime \u00ebsht\u00eb ndalur. Kjo \u00ebsht\u00eb nj\u00eb luft\u00eb psikologjike q\u00eb po vazhdon prej vitesh\u201d, tha Rashiq.<\/p>\n<p>Sipas tij, k\u00ebto jan\u00eb forma t\u00eb presionit t\u00eb organizuar nga sh\u00ebrbimet e siguris\u00eb serbe p\u00ebr t\u00eb frik\u00ebsuar qytetar\u00ebt q\u00eb mb\u00ebshtesin alternativa politike jasht\u00eb List\u00ebs Serbe.<\/p>\n<p>\u201cN\u00eb disa raste, njer\u00ebzit ndalen pa arsye. Sh\u00ebrbimet e siguris\u00eb i trajtojn\u00eb si persona \u2018t\u00eb dyshimt\u00eb\u2019. Kjo \u00ebsht\u00eb m\u00ebnyra se si Serbia po i nd\u00ebshkon qytetar\u00ebt q\u00eb nuk i binden politikisht\u201d, tha ai.<\/p>\n<p>Rashiq tregoi se me situata t\u00eb tilla p\u00ebrballen edhe shum\u00eb bashk\u00ebpun\u00ebtor\u00eb t\u00eb tij q\u00eb kan\u00eb p\u00ebrjetuar raste t\u00eb ngjashme n\u00eb pikat kufitare me Serbin\u00eb.<\/p>\n<p>\u201cNuk jam i vetmi. Edhe bashk\u00ebpun\u00ebtor\u00ebt e mi, edhe kandidat\u00ebt tan\u00eb jan\u00eb ndalur disa her\u00eb. Jan\u00eb intervistuar nga agjent\u00ebt e BIA-s dhe jan\u00eb trajtuar si kund\u00ebrshtar\u00eb t\u00eb shtetit. Kjo \u00ebsht\u00eb nj\u00eb form\u00eb e frik\u00ebs sistematike\u201d, deklaroi ai.<\/p>\n<p>Ai tha se p\u00ebrvoja e familjes s\u00eb tij tregon m\u00ebnyr\u00ebn se si Serbia p\u00ebrdor kontrollin e institucioneve p\u00ebr t\u00eb ushtruar trysni mbi serb\u00ebt q\u00eb jetojn\u00eb n\u00eb Kosov\u00eb.<\/p>\n<p>\u201cKjo \u00ebsht\u00eb pjes\u00eb e nj\u00eb \u2018aparati t\u00eb zi\u2019 q\u00eb funksionon prej vitesh. Ata e p\u00ebrdorin frik\u00ebn si arm\u00eb p\u00ebr t\u00eb mbajtur kontrollin. Kjo nuk \u00ebsht\u00eb m\u00eb politik\u00eb, por represion ndaj njer\u00ebzve tan\u00eb\u201d, shtoi Rashiq.<\/p>\n<p>N\u00eb fund, ai tha se presioni i till\u00eb nuk do ta ndal\u00eb q\u00eb t\u00eb vazhdoj\u00eb pun\u00ebn p\u00ebr nd\u00ebrtimin e pluralizmit politik brenda komunitetit serb n\u00eb Kosov\u00eb.<\/p>\n<p>\u201cNe do t\u00eb vazhdojm\u00eb. Kjo \u00ebsht\u00eb betej\u00eb p\u00ebr demokraci, jo vet\u00ebm p\u00ebr nj\u00eb komunitet, por p\u00ebr t\u00eb gjith\u00eb qytetar\u00ebt q\u00eb duan t\u00eb jetojn\u00eb pa frik\u00eb\u201d, p\u00ebrfundoi Rashiq. <\/p>\n","protected":false},"excerpt":{"rendered":"<p>Prishtin\u00eb 24 Tetor 2025 N\u00ebnkryetari i Kuvendit t\u00eb Kosov\u00ebs dhe lider i Partis\u00eb p\u00ebr Liri, Drejt\u00ebsi dhe Mbijetes\u00eb, Nenad Rashiq, ka folur p\u00ebr presionet q\u00eb,<\/p>\n","protected":false},"author":6,"featured_media":17515,"comment_status":"open","ping_status":"open","sticky":false,"template":"","format":"standard","meta":{"footnotes":""},"categories":[58],"tags":[],"class_list":["post-17514","post","type-post","status-publish","format-standard","has-post-thumbnail","hentry","category-politike-sq"],"yoast_head":"<!-- This site is optimized with the Yoast SEO plugin v25.3.1 - https:\/\/yoast.com\/wordpress\/plugins\/seo\/ -->\n<title>Rashiq: Djali im mbahet nga kat\u00ebr or\u00eb n\u00eb kufi \u2013 Serbia po ushtron presion psikologjik -<\/title>\n<meta name=\"robots\" content=\"index, follow, max-snippet:-1, max-image-preview:large, max-video-preview:-1\" \/>\n<link rel=\"canonical\" href=\"https:\/\/veritasinfo.org\/?p=17514\" \/>\n<meta property=\"og:locale\" content=\"en_US\" \/>\n<meta property=\"og:type\" content=\"article\" \/>\n<meta property=\"og:title\" content=\"Rashiq: Djali im mbahet nga kat\u00ebr or\u00eb n\u00eb kufi \u2013 Serbia po ushtron presion psikologjik -\" \/>\n<meta property=\"og:description\" content=\"Prishtin\u00eb 24 Tetor 2025 N\u00ebnkryetari i Kuvendit t\u00eb Kosov\u00ebs dhe lider i Partis\u00eb p\u00ebr Liri, Drejt\u00ebsi dhe Mbijetes\u00eb, Nenad Rashiq, ka folur p\u00ebr presionet q\u00eb,\" \/>\n<meta property=\"og:url\" content=\"https:\/\/veritasinfo.org\/?p=17514\" \/>\n<meta property=\"article:published_time\" content=\"2025-10-24T07:34:55+00:00\" \/>\n<meta property=\"og:image\" content=\"https:\/\/veritasinfo.org\/wp-content\/uploads\/2025\/10\/images-1.jpeg\" \/>\n\t<meta property=\"og:image:width\" content=\"738\" \/>\n\t<meta property=\"og:image:height\" content=\"415\" \/>\n\t<meta property=\"og:image:type\" content=\"image\/jpeg\" \/>\n<meta name=\"author\" content=\"US5\" \/>\n<meta name=\"twitter:card\" content=\"summary_large_image\" \/>\n<meta name=\"twitter:label1\" content=\"Written by\" \/>\n\t<meta name=\"twitter:data1\" content=\"US5\" \/>\n<script type=\"application\/ld+json\" class=\"yoast-schema-graph\">{\"@context\":\"https:\/\/schema.org\",\"@graph\":[{\"@type\":\"WebPage\",\"@id\":\"https:\/\/veritasinfo.org\/?p=17514\",\"url\":\"https:\/\/veritasinfo.org\/?p=17514\",\"name\":\"Rashiq: Djali im mbahet nga kat\u00ebr or\u00eb n\u00eb kufi \u2013 Serbia po ushtron presion psikologjik -\",\"isPartOf\":{\"@id\":\"https:\/\/veritasinfo.org\/#website\"},\"primaryImageOfPage\":{\"@id\":\"https:\/\/veritasinfo.org\/?p=17514#primaryimage\"},\"image\":{\"@id\":\"https:\/\/veritasinfo.org\/?p=17514#primaryimage\"},\"thumbnailUrl\":\"https:\/\/veritasinfo.org\/wp-content\/uploads\/2025\/10\/images-1.jpeg\",\"datePublished\":\"2025-10-24T07:34:55+00:00\",\"author\":{\"@id\":\"https:\/\/veritasinfo.org\/#\/schema\/person\/bc442336e35414d04494ab8fb45db4c6\"},\"breadcrumb\":{\"@id\":\"https:\/\/veritasinfo.org\/?p=17514#breadcrumb\"},\"inLanguage\":\"en-US\",\"potentialAction\":[{\"@type\":\"ReadAction\",\"target\":[\"https:\/\/veritasinfo.org\/?p=17514\"]}]},{\"@type\":\"ImageObject\",\"inLanguage\":\"en-US\",\"@id\":\"https:\/\/veritasinfo.org\/?p=17514#primaryimage\",\"url\":\"https:\/\/veritasinfo.org\/wp-content\/uploads\/2025\/10\/images-1.jpeg\",\"contentUrl\":\"https:\/\/veritasinfo.org\/wp-content\/uploads\/2025\/10\/images-1.jpeg\",\"width\":738,\"height\":415},{\"@type\":\"BreadcrumbList\",\"@id\":\"https:\/\/veritasinfo.org\/?p=17514#breadcrumb\",\"itemListElement\":[{\"@type\":\"ListItem\",\"position\":1,\"name\":\"Home\",\"item\":\"https:\/\/veritasinfo.org\/\"},{\"@type\":\"ListItem\",\"position\":2,\"name\":\"Rashiq: Djali im mbahet nga kat\u00ebr or\u00eb n\u00eb kufi \u2013 Serbia po ushtron presion psikologjik\"}]},{\"@type\":\"WebSite\",\"@id\":\"https:\/\/veritasinfo.org\/#website\",\"url\":\"https:\/\/veritasinfo.org\/\",\"name\":\"\",\"description\":\"\",\"potentialAction\":[{\"@type\":\"SearchAction\",\"target\":{\"@type\":\"EntryPoint\",\"urlTemplate\":\"https:\/\/veritasinfo.org\/?s={search_term_string}\"},\"query-input\":{\"@type\":\"PropertyValueSpecification\",\"valueRequired\":true,\"valueName\":\"search_term_string\"}}],\"inLanguage\":\"en-US\"},{\"@type\":\"Person\",\"@id\":\"https:\/\/veritasinfo.org\/#\/schema\/person\/bc442336e35414d04494ab8fb45db4c6\",\"name\":\"US5\",\"image\":{\"@type\":\"ImageObject\",\"inLanguage\":\"en-US\",\"@id\":\"https:\/\/veritasinfo.org\/#\/schema\/person\/image\/\",\"url\":\"https:\/\/secure.gravatar.com\/avatar\/16a61e7272a0c5d001121ebb9e60e925d5816e4ac1e443ed3e640d9a6ae55d0c?s=96&d=mm&r=g\",\"contentUrl\":\"https:\/\/secure.gravatar.com\/avatar\/16a61e7272a0c5d001121ebb9e60e925d5816e4ac1e443ed3e640d9a6ae55d0c?s=96&d=mm&r=g\",\"caption\":\"US5\"},\"url\":\"https:\/\/veritasinfo.org\/?author=6\"}]}<\/script>\n<!-- \/ Yoast SEO plugin. -->","yoast_head_json":{"title":"Rashiq: Djali im mbahet nga kat\u00ebr or\u00eb n\u00eb kufi \u2013 Serbia po ushtron presion psikologjik -","robots":{"index":"index","follow":"follow","max-snippet":"max-snippet:-1","max-image-preview":"max-image-preview:large","max-video-preview":"max-video-preview:-1"},"canonical":"https:\/\/veritasinfo.org\/?p=17514","og_locale":"en_US","og_type":"article","og_title":"Rashiq: Djali im mbahet nga kat\u00ebr or\u00eb n\u00eb kufi \u2013 Serbia po ushtron presion psikologjik -","og_description":"Prishtin\u00eb 24 Tetor 2025 N\u00ebnkryetari i Kuvendit t\u00eb Kosov\u00ebs dhe lider i Partis\u00eb p\u00ebr Liri, Drejt\u00ebsi dhe Mbijetes\u00eb, Nenad Rashiq, ka folur p\u00ebr presionet q\u00eb,","og_url":"https:\/\/veritasinfo.org\/?p=17514","article_published_time":"2025-10-24T07:34:55+00:00","og_image":[{"width":738,"height":415,"url":"https:\/\/veritasinfo.org\/wp-content\/uploads\/2025\/10\/images-1.jpeg","type":"image\/jpeg"}],"author":"US5","twitter_card":"summary_large_image","twitter_misc":{"Written by":"US5"},"schema":{"@context":"https:\/\/schema.org","@graph":[{"@type":"WebPage","@id":"https:\/\/veritasinfo.org\/?p=17514","url":"https:\/\/veritasinfo.org\/?p=17514","name":"Rashiq: Djali im mbahet nga kat\u00ebr or\u00eb n\u00eb kufi \u2013 Serbia po ushtron presion psikologjik -","isPartOf":{"@id":"https:\/\/veritasinfo.org\/#website"},"primaryImageOfPage":{"@id":"https:\/\/veritasinfo.org\/?p=17514#primaryimage"},"image":{"@id":"https:\/\/veritasinfo.org\/?p=17514#primaryimage"},"thumbnailUrl":"https:\/\/veritasinfo.org\/wp-content\/uploads\/2025\/10\/images-1.jpeg","datePublished":"2025-10-24T07:34:55+00:00","author":{"@id":"https:\/\/veritasinfo.org\/#\/schema\/person\/bc442336e35414d04494ab8fb45db4c6"},"breadcrumb":{"@id":"https:\/\/veritasinfo.org\/?p=17514#breadcrumb"},"inLanguage":"en-US","potentialAction":[{"@type":"ReadAction","target":["https:\/\/veritasinfo.org\/?p=17514"]}]},{"@type":"ImageObject","inLanguage":"en-US","@id":"https:\/\/veritasinfo.org\/?p=17514#primaryimage","url":"https:\/\/veritasinfo.org\/wp-content\/uploads\/2025\/10\/images-1.jpeg","contentUrl":"https:\/\/veritasinfo.org\/wp-content\/uploads\/2025\/10\/images-1.jpeg","width":738,"height":415},{"@type":"BreadcrumbList","@id":"https:\/\/veritasinfo.org\/?p=17514#breadcrumb","itemListElement":[{"@type":"ListItem","position":1,"name":"Home","item":"https:\/\/veritasinfo.org\/"},{"@type":"ListItem","position":2,"name":"Rashiq: Djali im mbahet nga kat\u00ebr or\u00eb n\u00eb kufi \u2013 Serbia po ushtron presion psikologjik"}]},{"@type":"WebSite","@id":"https:\/\/veritasinfo.org\/#website","url":"https:\/\/veritasinfo.org\/","name":"","description":"","potentialAction":[{"@type":"SearchAction","target":{"@type":"EntryPoint","urlTemplate":"https:\/\/veritasinfo.org\/?s={search_term_string}"},"query-input":{"@type":"PropertyValueSpecification","valueRequired":true,"valueName":"search_term_string"}}],"inLanguage":"en-US"},{"@type":"Person","@id":"https:\/\/veritasinfo.org\/#\/schema\/person\/bc442336e35414d04494ab8fb45db4c6","name":"US5","image":{"@type":"ImageObject","inLanguage":"en-US","@id":"https:\/\/veritasinfo.org\/#\/schema\/person\/image\/","url":"https:\/\/secure.gravatar.com\/avatar\/16a61e7272a0c5d001121ebb9e60e925d5816e4ac1e443ed3e640d9a6ae55d0c?s=96&d=mm&r=g","contentUrl":"https:\/\/secure.gravatar.com\/avatar\/16a61e7272a0c5d001121ebb9e60e925d5816e4ac1e443ed3e640d9a6ae55d0c?s=96&d=mm&r=g","caption":"US5"},"url":"https:\/\/veritasinfo.org\/?author=6"}]}},"featured_image_urls":{"full":["https:\/\/veritasinfo.org\/wp-content\/uploads\/2025\/10\/images-1.jpeg",738,415,false],"thumbnail":["https:\/\/veritasinfo.org\/wp-content\/uploads\/2025\/10\/images-1-150x150.jpeg",150,150,true],"medium":["https:\/\/veritasinfo.org\/wp-content\/uploads\/2025\/10\/images-1-300x169.jpeg",300,169,true],"medium_large":["https:\/\/veritasinfo.org\/wp-content\/uploads\/2025\/10\/images-1.jpeg",640,360,false],"large":["https:\/\/veritasinfo.org\/wp-content\/uploads\/2025\/10\/images-1.jpeg",640,360,false],"1536x1536":["https:\/\/veritasinfo.org\/wp-content\/uploads\/2025\/10\/images-1.jpeg",738,415,false],"2048x2048":["https:\/\/veritasinfo.org\/wp-content\/uploads\/2025\/10\/images-1.jpeg",738,415,false],"kreeti-slider-full":["https:\/\/veritasinfo.org\/wp-content\/uploads\/2025\/10\/images-1.jpeg",738,415,false],"kreeti-featured":["https:\/\/veritasinfo.org\/wp-content\/uploads\/2025\/10\/images-1.jpeg",738,415,false],"kreeti-medium":["https:\/\/veritasinfo.org\/wp-content\/uploads\/2025\/10\/images-1.jpeg",720,405,false],"kreeti-medium-square":["https:\/\/veritasinfo.org\/wp-content\/uploads\/2025\/10\/images-1.jpeg",350,197,false]},"author_info":{"info":["US5"]},"category_info":"<a href=\"https:\/\/veritasinfo.org\/?cat=58\" rel=\"category\">Politik\u00eb<\/a>","tag_info":"Politik\u00eb","comment_count":"0","_links":{"self":[{"href":"https:\/\/veritasinfo.org\/index.php?rest_route=\/wp\/v2\/posts\/17514","targetHints":{"allow":["GET"]}}],"collection":[{"href":"https:\/\/veritasinfo.org\/index.php?rest_route=\/wp\/v2\/posts"}],"about":[{"href":"https:\/\/veritasinfo.org\/index.php?rest_route=\/wp\/v2\/types\/post"}],"author":[{"embeddable":true,"href":"https:\/\/veritasinfo.org\/index.php?rest_route=\/wp\/v2\/users\/6"}],"replies":[{"embeddable":true,"href":"https:\/\/veritasinfo.org\/index.php?rest_route=%2Fwp%2Fv2%2Fcomments&post=17514"}],"version-history":[{"count":1,"href":"https:\/\/veritasinfo.org\/index.php?rest_route=\/wp\/v2\/posts\/17514\/revisions"}],"predecessor-version":[{"id":17516,"href":"https:\/\/veritasinfo.org\/index.php?rest_route=\/wp\/v2\/posts\/17514\/revisions\/17516"}],"wp:featuredmedia":[{"embeddable":true,"href":"https:\/\/veritasinfo.org\/index.php?rest_route=\/wp\/v2\/media\/17515"}],"wp:attachment":[{"href":"https:\/\/veritasinfo.org\/index.php?rest_route=%2Fwp%2Fv2%2Fmedia&parent=17514"}],"wp:term":[{"taxonomy":"category","embeddable":true,"href":"https:\/\/veritasinfo.org\/index.php?rest_route=%2Fwp%2Fv2%2Fcategories&post=17514"},{"taxonomy":"post_tag","embeddable":true,"href":"https:\/\/veritasinfo.org\/index.php?rest_route=%2Fwp%2Fv2%2Ftags&post=17514"}],"curies":[{"name":"wp","href":"https:\/\/api.w.org\/{rel}","templated":true}]}}