{"id":17499,"date":"2025-10-24T09:05:36","date_gmt":"2025-10-24T07:05:36","guid":{"rendered":"https:\/\/veritasinfo.org\/?p=17499"},"modified":"2025-10-24T09:05:36","modified_gmt":"2025-10-24T07:05:36","slug":"studentet-pyesin-policine-serbe-ku-ishit-kur-na-keqtrajtonte-milan-radoiciqi","status":"publish","type":"post","link":"https:\/\/veritasinfo.org\/?p=17499","title":{"rendered":"Student\u00ebt pyesin policin\u00eb serbe: Ku ishit kur na keqtrajtonte Milan Radoi\u00e7iqi?"},"content":{"rendered":"<p>Prishtin\u00eb 24 Tetor 2025<\/p>\n<p>Prishtin\u00eb | 24 Tet 2025 | 08:16 | Nga Ekonomia Online<br \/>\nPolicia ndalon student\u00ebt e Novi Pazarit af\u00ebr Kosjeri\u00e7it, qytetar\u00ebt reagojn\u00eb ndaj trajtimit t\u00eb tyre nga policia serbe.<\/p>\n<p>\u201cKur (Milan) Radoi\u00e7iq vinte me njer\u00ebz t\u00eb armatosur dhe bllokonte t\u00ebr\u00eb rrug\u00ebn, asnj\u00eb (polic) nuk doli, nuk kishte polic askund p\u00ebr dhjet\u00eb dit\u00eb. O njer\u00ebz, \u00e7far\u00eb po ndodh? \u00c7far\u00eb mendojn\u00eb ata? Ku jan\u00eb inspektor\u00ebt tan\u00eb? Po malltretojn\u00eb f\u00ebmij\u00ebt sonte\u201d, u ankua nj\u00eb qytetar p\u00ebr veprimet e policis\u00eb q\u00eb ndaloi kolon\u00ebn e student\u00ebve nga Novi Pazar af\u00ebr Kosjeri\u00e7it.<\/p>\n<p>Student\u00ebt q\u00eb nis\u00ebn nga Novi Pazar u ndaluan tet\u00eb kilometra larg Kosjeri\u00e7it. Kolona ndaloi para nj\u00eb automjeti policor me sinjalizues ndezur dhe me dy polic\u00eb civil\u00eb, pas s\u00eb cil\u00ebs mb\u00ebrrit\u00ebn edhe dy vetura t\u00eb nj\u00ebsis\u00eb s\u00eb intervenimit, raporton N1.<\/p>\n<p>Shpejt u shfaq\u00ebn edhe qytetar\u00eb t\u00eb Kosjeri\u00e7it, nd\u00ebrsa polic\u00ebt pas kontrollit t\u00eb automjeteve u fut\u00ebn n\u00eb makinat e intervenimit.<br \/>\nNj\u00eb qytetare e Kosjeri\u00e7it theksoi se policia nuk ia arriti q\u00ebllimit p\u00ebr t\u00eb cil\u00ebn gj\u00eb u p\u00ebrpoq\u00ebn t\u00eb b\u00ebnin sonte.<br \/>\nStudent\u00ebt m\u00eb pas vazhduan rrug\u00ebn drejt Kosjeri\u00e7it. Nj\u00eb nga student\u00ebt q\u00eb po ecin drejt Novi Sadit tha se ajo q\u00eb po ndodh \u00ebsht\u00eb \u201cnj\u00eb turp i madh\u201d.<br \/>\nKujtojm\u00eb se Radoi\u00e7iq po k\u00ebrkohet nga drejt\u00ebsia n\u00eb Kosov\u00eb p\u00ebr sulmin terrorist n\u00eb Banjks\u00eb t\u00eb Zve\u00e7anit, ku mbeti i vdekur polici kosovar, Afrim Bunjaku.<br \/>\nNdryshe, student\u00ebt dhe qytetar\u00ebt kan\u00eb paralajm\u00ebruar nj\u00eb protest\u00eb t\u00eb madhe m\u00eb 1 n\u00ebntor kund\u00ebr pushtetit t\u00eb presidentit serb, Aleksandar Vu\u00e7iq.<\/p>\n","protected":false},"excerpt":{"rendered":"<p>Prishtin\u00eb 24 Tetor 2025 Prishtin\u00eb | 24 Tet 2025 | 08:16 | Nga Ekonomia Online Policia ndalon student\u00ebt e Novi Pazarit af\u00ebr Kosjeri\u00e7it, qytetar\u00ebt reagojn\u00eb<\/p>\n","protected":false},"author":6,"featured_media":17500,"comment_status":"open","ping_status":"open","sticky":false,"template":"","format":"standard","meta":{"footnotes":""},"categories":[58],"tags":[],"class_list":["post-17499","post","type-post","status-publish","format-standard","has-post-thumbnail","hentry","category-politike-sq"],"yoast_head":"<!-- This site is optimized with the Yoast SEO plugin v25.3.1 - https:\/\/yoast.com\/wordpress\/plugins\/seo\/ -->\n<title>Student\u00ebt pyesin policin\u00eb serbe: Ku ishit kur na keqtrajtonte Milan Radoi\u00e7iqi? -<\/title>\n<meta name=\"robots\" content=\"index, follow, max-snippet:-1, max-image-preview:large, max-video-preview:-1\" \/>\n<link rel=\"canonical\" href=\"https:\/\/veritasinfo.org\/?p=17499\" \/>\n<meta property=\"og:locale\" content=\"en_US\" \/>\n<meta property=\"og:type\" content=\"article\" \/>\n<meta property=\"og:title\" content=\"Student\u00ebt pyesin policin\u00eb serbe: Ku ishit kur na keqtrajtonte Milan Radoi\u00e7iqi? -\" \/>\n<meta property=\"og:description\" content=\"Prishtin\u00eb 24 Tetor 2025 Prishtin\u00eb | 24 Tet 2025 | 08:16 | Nga Ekonomia Online Policia ndalon student\u00ebt e Novi Pazarit af\u00ebr Kosjeri\u00e7it, qytetar\u00ebt reagojn\u00eb\" \/>\n<meta property=\"og:url\" content=\"https:\/\/veritasinfo.org\/?p=17499\" \/>\n<meta property=\"article:published_time\" content=\"2025-10-24T07:05:36+00:00\" \/>\n<meta property=\"og:image\" content=\"https:\/\/veritasinfo.org\/wp-content\/uploads\/2025\/10\/Radojicic_Milan-1426x1000-1.jpg\" \/>\n\t<meta property=\"og:image:width\" content=\"1426\" \/>\n\t<meta property=\"og:image:height\" content=\"1000\" \/>\n\t<meta property=\"og:image:type\" content=\"image\/jpeg\" \/>\n<meta name=\"author\" content=\"US5\" \/>\n<meta name=\"twitter:card\" content=\"summary_large_image\" \/>\n<meta name=\"twitter:label1\" content=\"Written by\" \/>\n\t<meta name=\"twitter:data1\" content=\"US5\" \/>\n<script type=\"application\/ld+json\" class=\"yoast-schema-graph\">{\"@context\":\"https:\/\/schema.org\",\"@graph\":[{\"@type\":\"WebPage\",\"@id\":\"https:\/\/veritasinfo.org\/?p=17499\",\"url\":\"https:\/\/veritasinfo.org\/?p=17499\",\"name\":\"Student\u00ebt pyesin policin\u00eb serbe: Ku ishit kur na keqtrajtonte Milan Radoi\u00e7iqi? -\",\"isPartOf\":{\"@id\":\"https:\/\/veritasinfo.org\/#website\"},\"primaryImageOfPage\":{\"@id\":\"https:\/\/veritasinfo.org\/?p=17499#primaryimage\"},\"image\":{\"@id\":\"https:\/\/veritasinfo.org\/?p=17499#primaryimage\"},\"thumbnailUrl\":\"https:\/\/veritasinfo.org\/wp-content\/uploads\/2025\/10\/Radojicic_Milan-1426x1000-1.jpg\",\"datePublished\":\"2025-10-24T07:05:36+00:00\",\"author\":{\"@id\":\"https:\/\/veritasinfo.org\/#\/schema\/person\/bc442336e35414d04494ab8fb45db4c6\"},\"breadcrumb\":{\"@id\":\"https:\/\/veritasinfo.org\/?p=17499#breadcrumb\"},\"inLanguage\":\"en-US\",\"potentialAction\":[{\"@type\":\"ReadAction\",\"target\":[\"https:\/\/veritasinfo.org\/?p=17499\"]}]},{\"@type\":\"ImageObject\",\"inLanguage\":\"en-US\",\"@id\":\"https:\/\/veritasinfo.org\/?p=17499#primaryimage\",\"url\":\"https:\/\/veritasinfo.org\/wp-content\/uploads\/2025\/10\/Radojicic_Milan-1426x1000-1.jpg\",\"contentUrl\":\"https:\/\/veritasinfo.org\/wp-content\/uploads\/2025\/10\/Radojicic_Milan-1426x1000-1.jpg\",\"width\":1426,\"height\":1000},{\"@type\":\"BreadcrumbList\",\"@id\":\"https:\/\/veritasinfo.org\/?p=17499#breadcrumb\",\"itemListElement\":[{\"@type\":\"ListItem\",\"position\":1,\"name\":\"Home\",\"item\":\"https:\/\/veritasinfo.org\/\"},{\"@type\":\"ListItem\",\"position\":2,\"name\":\"Student\u00ebt pyesin policin\u00eb serbe: Ku ishit kur na keqtrajtonte Milan Radoi\u00e7iqi?\"}]},{\"@type\":\"WebSite\",\"@id\":\"https:\/\/veritasinfo.org\/#website\",\"url\":\"https:\/\/veritasinfo.org\/\",\"name\":\"\",\"description\":\"\",\"potentialAction\":[{\"@type\":\"SearchAction\",\"target\":{\"@type\":\"EntryPoint\",\"urlTemplate\":\"https:\/\/veritasinfo.org\/?s={search_term_string}\"},\"query-input\":{\"@type\":\"PropertyValueSpecification\",\"valueRequired\":true,\"valueName\":\"search_term_string\"}}],\"inLanguage\":\"en-US\"},{\"@type\":\"Person\",\"@id\":\"https:\/\/veritasinfo.org\/#\/schema\/person\/bc442336e35414d04494ab8fb45db4c6\",\"name\":\"US5\",\"image\":{\"@type\":\"ImageObject\",\"inLanguage\":\"en-US\",\"@id\":\"https:\/\/veritasinfo.org\/#\/schema\/person\/image\/\",\"url\":\"https:\/\/secure.gravatar.com\/avatar\/16a61e7272a0c5d001121ebb9e60e925d5816e4ac1e443ed3e640d9a6ae55d0c?s=96&d=mm&r=g\",\"contentUrl\":\"https:\/\/secure.gravatar.com\/avatar\/16a61e7272a0c5d001121ebb9e60e925d5816e4ac1e443ed3e640d9a6ae55d0c?s=96&d=mm&r=g\",\"caption\":\"US5\"},\"url\":\"https:\/\/veritasinfo.org\/?author=6\"}]}<\/script>\n<!-- \/ Yoast SEO plugin. -->","yoast_head_json":{"title":"Student\u00ebt pyesin policin\u00eb serbe: Ku ishit kur na keqtrajtonte Milan Radoi\u00e7iqi? -","robots":{"index":"index","follow":"follow","max-snippet":"max-snippet:-1","max-image-preview":"max-image-preview:large","max-video-preview":"max-video-preview:-1"},"canonical":"https:\/\/veritasinfo.org\/?p=17499","og_locale":"en_US","og_type":"article","og_title":"Student\u00ebt pyesin policin\u00eb serbe: Ku ishit kur na keqtrajtonte Milan Radoi\u00e7iqi? -","og_description":"Prishtin\u00eb 24 Tetor 2025 Prishtin\u00eb | 24 Tet 2025 | 08:16 | Nga Ekonomia Online Policia ndalon student\u00ebt e Novi Pazarit af\u00ebr Kosjeri\u00e7it, qytetar\u00ebt reagojn\u00eb","og_url":"https:\/\/veritasinfo.org\/?p=17499","article_published_time":"2025-10-24T07:05:36+00:00","og_image":[{"width":1426,"height":1000,"url":"https:\/\/veritasinfo.org\/wp-content\/uploads\/2025\/10\/Radojicic_Milan-1426x1000-1.jpg","type":"image\/jpeg"}],"author":"US5","twitter_card":"summary_large_image","twitter_misc":{"Written by":"US5"},"schema":{"@context":"https:\/\/schema.org","@graph":[{"@type":"WebPage","@id":"https:\/\/veritasinfo.org\/?p=17499","url":"https:\/\/veritasinfo.org\/?p=17499","name":"Student\u00ebt pyesin policin\u00eb serbe: Ku ishit kur na keqtrajtonte Milan Radoi\u00e7iqi? -","isPartOf":{"@id":"https:\/\/veritasinfo.org\/#website"},"primaryImageOfPage":{"@id":"https:\/\/veritasinfo.org\/?p=17499#primaryimage"},"image":{"@id":"https:\/\/veritasinfo.org\/?p=17499#primaryimage"},"thumbnailUrl":"https:\/\/veritasinfo.org\/wp-content\/uploads\/2025\/10\/Radojicic_Milan-1426x1000-1.jpg","datePublished":"2025-10-24T07:05:36+00:00","author":{"@id":"https:\/\/veritasinfo.org\/#\/schema\/person\/bc442336e35414d04494ab8fb45db4c6"},"breadcrumb":{"@id":"https:\/\/veritasinfo.org\/?p=17499#breadcrumb"},"inLanguage":"en-US","potentialAction":[{"@type":"ReadAction","target":["https:\/\/veritasinfo.org\/?p=17499"]}]},{"@type":"ImageObject","inLanguage":"en-US","@id":"https:\/\/veritasinfo.org\/?p=17499#primaryimage","url":"https:\/\/veritasinfo.org\/wp-content\/uploads\/2025\/10\/Radojicic_Milan-1426x1000-1.jpg","contentUrl":"https:\/\/veritasinfo.org\/wp-content\/uploads\/2025\/10\/Radojicic_Milan-1426x1000-1.jpg","width":1426,"height":1000},{"@type":"BreadcrumbList","@id":"https:\/\/veritasinfo.org\/?p=17499#breadcrumb","itemListElement":[{"@type":"ListItem","position":1,"name":"Home","item":"https:\/\/veritasinfo.org\/"},{"@type":"ListItem","position":2,"name":"Student\u00ebt pyesin policin\u00eb serbe: Ku ishit kur na keqtrajtonte Milan Radoi\u00e7iqi?"}]},{"@type":"WebSite","@id":"https:\/\/veritasinfo.org\/#website","url":"https:\/\/veritasinfo.org\/","name":"","description":"","potentialAction":[{"@type":"SearchAction","target":{"@type":"EntryPoint","urlTemplate":"https:\/\/veritasinfo.org\/?s={search_term_string}"},"query-input":{"@type":"PropertyValueSpecification","valueRequired":true,"valueName":"search_term_string"}}],"inLanguage":"en-US"},{"@type":"Person","@id":"https:\/\/veritasinfo.org\/#\/schema\/person\/bc442336e35414d04494ab8fb45db4c6","name":"US5","image":{"@type":"ImageObject","inLanguage":"en-US","@id":"https:\/\/veritasinfo.org\/#\/schema\/person\/image\/","url":"https:\/\/secure.gravatar.com\/avatar\/16a61e7272a0c5d001121ebb9e60e925d5816e4ac1e443ed3e640d9a6ae55d0c?s=96&d=mm&r=g","contentUrl":"https:\/\/secure.gravatar.com\/avatar\/16a61e7272a0c5d001121ebb9e60e925d5816e4ac1e443ed3e640d9a6ae55d0c?s=96&d=mm&r=g","caption":"US5"},"url":"https:\/\/veritasinfo.org\/?author=6"}]}},"featured_image_urls":{"full":["https:\/\/veritasinfo.org\/wp-content\/uploads\/2025\/10\/Radojicic_Milan-1426x1000-1.jpg",1426,1000,false],"thumbnail":["https:\/\/veritasinfo.org\/wp-content\/uploads\/2025\/10\/Radojicic_Milan-1426x1000-1-150x150.jpg",150,150,true],"medium":["https:\/\/veritasinfo.org\/wp-content\/uploads\/2025\/10\/Radojicic_Milan-1426x1000-1-300x210.jpg",300,210,true],"medium_large":["https:\/\/veritasinfo.org\/wp-content\/uploads\/2025\/10\/Radojicic_Milan-1426x1000-1-768x539.jpg",640,449,true],"large":["https:\/\/veritasinfo.org\/wp-content\/uploads\/2025\/10\/Radojicic_Milan-1426x1000-1-1024x718.jpg",640,449,true],"1536x1536":["https:\/\/veritasinfo.org\/wp-content\/uploads\/2025\/10\/Radojicic_Milan-1426x1000-1.jpg",1426,1000,false],"2048x2048":["https:\/\/veritasinfo.org\/wp-content\/uploads\/2025\/10\/Radojicic_Milan-1426x1000-1.jpg",1426,1000,false],"kreeti-slider-full":["https:\/\/veritasinfo.org\/wp-content\/uploads\/2025\/10\/Radojicic_Milan-1426x1000-1.jpg",1027,720,false],"kreeti-featured":["https:\/\/veritasinfo.org\/wp-content\/uploads\/2025\/10\/Radojicic_Milan-1426x1000-1.jpg",1024,718,false],"kreeti-medium":["https:\/\/veritasinfo.org\/wp-content\/uploads\/2025\/10\/Radojicic_Milan-1426x1000-1.jpg",720,505,false],"kreeti-medium-square":["https:\/\/veritasinfo.org\/wp-content\/uploads\/2025\/10\/Radojicic_Milan-1426x1000-1.jpg",350,245,false]},"author_info":{"info":["US5"]},"category_info":"<a href=\"https:\/\/veritasinfo.org\/?cat=58\" rel=\"category\">Politik\u00eb<\/a>","tag_info":"Politik\u00eb","comment_count":"0","_links":{"self":[{"href":"https:\/\/veritasinfo.org\/index.php?rest_route=\/wp\/v2\/posts\/17499","targetHints":{"allow":["GET"]}}],"collection":[{"href":"https:\/\/veritasinfo.org\/index.php?rest_route=\/wp\/v2\/posts"}],"about":[{"href":"https:\/\/veritasinfo.org\/index.php?rest_route=\/wp\/v2\/types\/post"}],"author":[{"embeddable":true,"href":"https:\/\/veritasinfo.org\/index.php?rest_route=\/wp\/v2\/users\/6"}],"replies":[{"embeddable":true,"href":"https:\/\/veritasinfo.org\/index.php?rest_route=%2Fwp%2Fv2%2Fcomments&post=17499"}],"version-history":[{"count":1,"href":"https:\/\/veritasinfo.org\/index.php?rest_route=\/wp\/v2\/posts\/17499\/revisions"}],"predecessor-version":[{"id":17501,"href":"https:\/\/veritasinfo.org\/index.php?rest_route=\/wp\/v2\/posts\/17499\/revisions\/17501"}],"wp:featuredmedia":[{"embeddable":true,"href":"https:\/\/veritasinfo.org\/index.php?rest_route=\/wp\/v2\/media\/17500"}],"wp:attachment":[{"href":"https:\/\/veritasinfo.org\/index.php?rest_route=%2Fwp%2Fv2%2Fmedia&parent=17499"}],"wp:term":[{"taxonomy":"category","embeddable":true,"href":"https:\/\/veritasinfo.org\/index.php?rest_route=%2Fwp%2Fv2%2Fcategories&post=17499"},{"taxonomy":"post_tag","embeddable":true,"href":"https:\/\/veritasinfo.org\/index.php?rest_route=%2Fwp%2Fv2%2Ftags&post=17499"}],"curies":[{"name":"wp","href":"https:\/\/api.w.org\/{rel}","templated":true}]}}