{"id":1749,"date":"2025-06-27T14:05:41","date_gmt":"2025-06-27T12:05:41","guid":{"rendered":"https:\/\/veritasinfo.org\/?p=1749"},"modified":"2025-06-28T07:24:18","modified_gmt":"2025-06-28T05:24:18","slug":"premijer-kurti-srbija-moze-izazvati-incidente-na-gazimestanu-grupe-srba-iz-regiona-dolaze-na-kosovo-pristina-27-jun-2025","status":"publish","type":"post","link":"https:\/\/veritasinfo.org\/?p=1749&lang=sr","title":{"rendered":"Premijer Kurti: Srbija mo\u017ee izazvati incidente na Gazimestanu, grupe Srba iz regiona dolaze na Kosovo Pri\u0161tina, 27. jun 2025."},"content":{"rendered":"<div data-olk-copy-source=\"MessageBody\">\n<pre id=\"tw-target-rmn\" class=\"tw-data-text tw-text-small tw-ta\" dir=\"ltr\" data-placeholder=\"\"><span class=\"Y2IQFc\">Pri\u0161tina 27.06.2025.<\/span><\/pre>\n<\/div>\n<div data-olk-copy-source=\"MessageBody\">Bezbednosne i obave\u0161tajne institucije Kosova procenile su da postoje poku\u0161aji da se okupljanje na Gazimestanu povodom obele\u017eavanja Vidovdana u\u010dini masovnim, izjavio je vr\u0161ilac du\u017enosti premijera, Aljbin Kurti.<\/div>\n<div dir=\"ltr\"><\/div>\n<div>Kurti je na sednici Vlade rekao da vlast u Srbiji mo\u017ee izazvati incidente na Gazimestanu kako bi skrenula pa\u017enju sa unutra\u0161njih protesta koji \u0107e se odr\u017eati sutra u Beogradu.<\/div>\n<div dir=\"ltr\"><\/div>\n<div>On je pozvao srpske gra\u0111ane da po\u0161tuju zakon i da ne nasedaju na provokacije.<\/div>\n<div dir=\"ltr\"><\/div>\n<div>\u201eKako bi se skrenula pa\u017enja sa antivladinih protesta istog dana u Srbiji, vlast u Srbiji mo\u017ee iskoristiti destruktivne elemente kako bi izazvala incidente na Gazimestanu. Prema procenama na\u0161ih bezbednosnih i obave\u0161tajnih institucija, postoje poku\u0161aji da okupljanje na Gazimestanu bude \u0161to masovnije. Zbog toga su organizovane grupe Srba iz Srbije, Crne Gore i Bosne koje sutra dolaze na Kosovo. Tradicionalno, ovakve grupe su bile provokativne. Pozivamo sve gra\u0111ane, a posebno pripadnike srpske zajednice, da po\u0161tuju zakon. Pozivamo sunarodnike da sutra ne nasedaju na provokacije\u201c, rekao je on.<\/div>\n","protected":false},"excerpt":{"rendered":"<p>Pri\u0161tina 27.06.2025. Bezbednosne i obave\u0161tajne institucije Kosova procenile su da postoje poku\u0161aji da se okupljanje na Gazimestanu povodom obele\u017eavanja Vidovdana u\u010dini masovnim, izjavio je vr\u0161ilac<\/p>\n","protected":false},"author":1,"featured_media":1744,"comment_status":"open","ping_status":"open","sticky":false,"template":"","format":"standard","meta":{"footnotes":""},"categories":[30],"tags":[],"class_list":["post-1749","post","type-post","status-publish","format-standard","has-post-thumbnail","hentry","category-drustvo"],"yoast_head":"<!-- This site is optimized with the Yoast SEO plugin v25.3.1 - https:\/\/yoast.com\/wordpress\/plugins\/seo\/ -->\n<title>Premijer Kurti: Srbija mo\u017ee izazvati incidente na Gazimestanu, grupe Srba iz regiona dolaze na Kosovo Pri\u0161tina, 27. jun 2025. -<\/title>\n<meta name=\"robots\" content=\"index, follow, max-snippet:-1, max-image-preview:large, max-video-preview:-1\" \/>\n<link rel=\"canonical\" href=\"https:\/\/veritasinfo.org\/?p=1749&lang=sr\" \/>\n<meta property=\"og:locale\" content=\"en_US\" \/>\n<meta property=\"og:type\" content=\"article\" \/>\n<meta property=\"og:title\" content=\"Premijer Kurti: Srbija mo\u017ee izazvati incidente na Gazimestanu, grupe Srba iz regiona dolaze na Kosovo Pri\u0161tina, 27. jun 2025. -\" \/>\n<meta property=\"og:description\" content=\"Pri\u0161tina 27.06.2025. Bezbednosne i obave\u0161tajne institucije Kosova procenile su da postoje poku\u0161aji da se okupljanje na Gazimestanu povodom obele\u017eavanja Vidovdana u\u010dini masovnim, izjavio je vr\u0161ilac\" \/>\n<meta property=\"og:url\" content=\"https:\/\/veritasinfo.org\/?p=1749&amp;lang=sr\" \/>\n<meta property=\"article:published_time\" content=\"2025-06-27T12:05:41+00:00\" \/>\n<meta property=\"article:modified_time\" content=\"2025-06-28T05:24:18+00:00\" \/>\n<meta property=\"og:image\" content=\"https:\/\/veritasinfo.org\/wp-content\/uploads\/2025\/06\/KUNTI.jpg\" \/>\n\t<meta property=\"og:image:width\" content=\"655\" \/>\n\t<meta property=\"og:image:height\" content=\"397\" \/>\n\t<meta property=\"og:image:type\" content=\"image\/jpeg\" \/>\n<meta name=\"author\" content=\"admin\" \/>\n<meta name=\"twitter:card\" content=\"summary_large_image\" \/>\n<meta name=\"twitter:label1\" content=\"Written by\" \/>\n\t<meta name=\"twitter:data1\" content=\"admin\" \/>\n\t<meta name=\"twitter:label2\" content=\"Est. reading time\" \/>\n\t<meta name=\"twitter:data2\" content=\"1 minute\" \/>\n<script type=\"application\/ld+json\" class=\"yoast-schema-graph\">{\"@context\":\"https:\/\/schema.org\",\"@graph\":[{\"@type\":\"WebPage\",\"@id\":\"https:\/\/veritasinfo.org\/?p=1749&lang=sr\",\"url\":\"https:\/\/veritasinfo.org\/?p=1749&lang=sr\",\"name\":\"Premijer Kurti: Srbija mo\u017ee izazvati incidente na Gazimestanu, grupe Srba iz regiona dolaze na Kosovo Pri\u0161tina, 27. jun 2025. -\",\"isPartOf\":{\"@id\":\"https:\/\/veritasinfo.org\/#website\"},\"primaryImageOfPage\":{\"@id\":\"https:\/\/veritasinfo.org\/?p=1749&lang=sr#primaryimage\"},\"image\":{\"@id\":\"https:\/\/veritasinfo.org\/?p=1749&lang=sr#primaryimage\"},\"thumbnailUrl\":\"https:\/\/veritasinfo.org\/wp-content\/uploads\/2025\/06\/KUNTI.jpg\",\"datePublished\":\"2025-06-27T12:05:41+00:00\",\"dateModified\":\"2025-06-28T05:24:18+00:00\",\"author\":{\"@id\":\"https:\/\/veritasinfo.org\/#\/schema\/person\/7701f8c088bece422266b100a712374f\"},\"breadcrumb\":{\"@id\":\"https:\/\/veritasinfo.org\/?p=1749&lang=sr#breadcrumb\"},\"inLanguage\":\"en-US\",\"potentialAction\":[{\"@type\":\"ReadAction\",\"target\":[\"https:\/\/veritasinfo.org\/?p=1749&lang=sr\"]}]},{\"@type\":\"ImageObject\",\"inLanguage\":\"en-US\",\"@id\":\"https:\/\/veritasinfo.org\/?p=1749&lang=sr#primaryimage\",\"url\":\"https:\/\/veritasinfo.org\/wp-content\/uploads\/2025\/06\/KUNTI.jpg\",\"contentUrl\":\"https:\/\/veritasinfo.org\/wp-content\/uploads\/2025\/06\/KUNTI.jpg\",\"width\":655,\"height\":397},{\"@type\":\"BreadcrumbList\",\"@id\":\"https:\/\/veritasinfo.org\/?p=1749&lang=sr#breadcrumb\",\"itemListElement\":[{\"@type\":\"ListItem\",\"position\":1,\"name\":\"Home\",\"item\":\"https:\/\/veritasinfo.org\/\"},{\"@type\":\"ListItem\",\"position\":2,\"name\":\"Premijer Kurti: Srbija mo\u017ee izazvati incidente na Gazimestanu, grupe Srba iz regiona dolaze na Kosovo Pri\u0161tina, 27. jun 2025.\"}]},{\"@type\":\"WebSite\",\"@id\":\"https:\/\/veritasinfo.org\/#website\",\"url\":\"https:\/\/veritasinfo.org\/\",\"name\":\"\",\"description\":\"\",\"potentialAction\":[{\"@type\":\"SearchAction\",\"target\":{\"@type\":\"EntryPoint\",\"urlTemplate\":\"https:\/\/veritasinfo.org\/?s={search_term_string}\"},\"query-input\":{\"@type\":\"PropertyValueSpecification\",\"valueRequired\":true,\"valueName\":\"search_term_string\"}}],\"inLanguage\":\"en-US\"},{\"@type\":\"Person\",\"@id\":\"https:\/\/veritasinfo.org\/#\/schema\/person\/7701f8c088bece422266b100a712374f\",\"name\":\"admin\",\"image\":{\"@type\":\"ImageObject\",\"inLanguage\":\"en-US\",\"@id\":\"https:\/\/veritasinfo.org\/#\/schema\/person\/image\/\",\"url\":\"https:\/\/secure.gravatar.com\/avatar\/ea53aa3bf6c9a12d5fde8ce4deff43fef3885ae33cf60184161a50d6987cfd2f?s=96&d=mm&r=g\",\"contentUrl\":\"https:\/\/secure.gravatar.com\/avatar\/ea53aa3bf6c9a12d5fde8ce4deff43fef3885ae33cf60184161a50d6987cfd2f?s=96&d=mm&r=g\",\"caption\":\"admin\"},\"sameAs\":[\"https:\/\/veritasinfo.org\"],\"url\":\"https:\/\/veritasinfo.org\/?author=1\"}]}<\/script>\n<!-- \/ Yoast SEO plugin. -->","yoast_head_json":{"title":"Premijer Kurti: Srbija mo\u017ee izazvati incidente na Gazimestanu, grupe Srba iz regiona dolaze na Kosovo Pri\u0161tina, 27. jun 2025. -","robots":{"index":"index","follow":"follow","max-snippet":"max-snippet:-1","max-image-preview":"max-image-preview:large","max-video-preview":"max-video-preview:-1"},"canonical":"https:\/\/veritasinfo.org\/?p=1749&lang=sr","og_locale":"en_US","og_type":"article","og_title":"Premijer Kurti: Srbija mo\u017ee izazvati incidente na Gazimestanu, grupe Srba iz regiona dolaze na Kosovo Pri\u0161tina, 27. jun 2025. -","og_description":"Pri\u0161tina 27.06.2025. Bezbednosne i obave\u0161tajne institucije Kosova procenile su da postoje poku\u0161aji da se okupljanje na Gazimestanu povodom obele\u017eavanja Vidovdana u\u010dini masovnim, izjavio je vr\u0161ilac","og_url":"https:\/\/veritasinfo.org\/?p=1749&lang=sr","article_published_time":"2025-06-27T12:05:41+00:00","article_modified_time":"2025-06-28T05:24:18+00:00","og_image":[{"width":655,"height":397,"url":"https:\/\/veritasinfo.org\/wp-content\/uploads\/2025\/06\/KUNTI.jpg","type":"image\/jpeg"}],"author":"admin","twitter_card":"summary_large_image","twitter_misc":{"Written by":"admin","Est. reading time":"1 minute"},"schema":{"@context":"https:\/\/schema.org","@graph":[{"@type":"WebPage","@id":"https:\/\/veritasinfo.org\/?p=1749&lang=sr","url":"https:\/\/veritasinfo.org\/?p=1749&lang=sr","name":"Premijer Kurti: Srbija mo\u017ee izazvati incidente na Gazimestanu, grupe Srba iz regiona dolaze na Kosovo Pri\u0161tina, 27. jun 2025. -","isPartOf":{"@id":"https:\/\/veritasinfo.org\/#website"},"primaryImageOfPage":{"@id":"https:\/\/veritasinfo.org\/?p=1749&lang=sr#primaryimage"},"image":{"@id":"https:\/\/veritasinfo.org\/?p=1749&lang=sr#primaryimage"},"thumbnailUrl":"https:\/\/veritasinfo.org\/wp-content\/uploads\/2025\/06\/KUNTI.jpg","datePublished":"2025-06-27T12:05:41+00:00","dateModified":"2025-06-28T05:24:18+00:00","author":{"@id":"https:\/\/veritasinfo.org\/#\/schema\/person\/7701f8c088bece422266b100a712374f"},"breadcrumb":{"@id":"https:\/\/veritasinfo.org\/?p=1749&lang=sr#breadcrumb"},"inLanguage":"en-US","potentialAction":[{"@type":"ReadAction","target":["https:\/\/veritasinfo.org\/?p=1749&lang=sr"]}]},{"@type":"ImageObject","inLanguage":"en-US","@id":"https:\/\/veritasinfo.org\/?p=1749&lang=sr#primaryimage","url":"https:\/\/veritasinfo.org\/wp-content\/uploads\/2025\/06\/KUNTI.jpg","contentUrl":"https:\/\/veritasinfo.org\/wp-content\/uploads\/2025\/06\/KUNTI.jpg","width":655,"height":397},{"@type":"BreadcrumbList","@id":"https:\/\/veritasinfo.org\/?p=1749&lang=sr#breadcrumb","itemListElement":[{"@type":"ListItem","position":1,"name":"Home","item":"https:\/\/veritasinfo.org\/"},{"@type":"ListItem","position":2,"name":"Premijer Kurti: Srbija mo\u017ee izazvati incidente na Gazimestanu, grupe Srba iz regiona dolaze na Kosovo Pri\u0161tina, 27. jun 2025."}]},{"@type":"WebSite","@id":"https:\/\/veritasinfo.org\/#website","url":"https:\/\/veritasinfo.org\/","name":"","description":"","potentialAction":[{"@type":"SearchAction","target":{"@type":"EntryPoint","urlTemplate":"https:\/\/veritasinfo.org\/?s={search_term_string}"},"query-input":{"@type":"PropertyValueSpecification","valueRequired":true,"valueName":"search_term_string"}}],"inLanguage":"en-US"},{"@type":"Person","@id":"https:\/\/veritasinfo.org\/#\/schema\/person\/7701f8c088bece422266b100a712374f","name":"admin","image":{"@type":"ImageObject","inLanguage":"en-US","@id":"https:\/\/veritasinfo.org\/#\/schema\/person\/image\/","url":"https:\/\/secure.gravatar.com\/avatar\/ea53aa3bf6c9a12d5fde8ce4deff43fef3885ae33cf60184161a50d6987cfd2f?s=96&d=mm&r=g","contentUrl":"https:\/\/secure.gravatar.com\/avatar\/ea53aa3bf6c9a12d5fde8ce4deff43fef3885ae33cf60184161a50d6987cfd2f?s=96&d=mm&r=g","caption":"admin"},"sameAs":["https:\/\/veritasinfo.org"],"url":"https:\/\/veritasinfo.org\/?author=1"}]}},"featured_image_urls":{"full":["https:\/\/veritasinfo.org\/wp-content\/uploads\/2025\/06\/KUNTI.jpg",655,397,false],"thumbnail":["https:\/\/veritasinfo.org\/wp-content\/uploads\/2025\/06\/KUNTI-150x150.jpg",150,150,true],"medium":["https:\/\/veritasinfo.org\/wp-content\/uploads\/2025\/06\/KUNTI-300x182.jpg",300,182,true],"medium_large":["https:\/\/veritasinfo.org\/wp-content\/uploads\/2025\/06\/KUNTI.jpg",640,388,false],"large":["https:\/\/veritasinfo.org\/wp-content\/uploads\/2025\/06\/KUNTI.jpg",640,388,false],"1536x1536":["https:\/\/veritasinfo.org\/wp-content\/uploads\/2025\/06\/KUNTI.jpg",655,397,false],"2048x2048":["https:\/\/veritasinfo.org\/wp-content\/uploads\/2025\/06\/KUNTI.jpg",655,397,false],"kreeti-slider-full":["https:\/\/veritasinfo.org\/wp-content\/uploads\/2025\/06\/KUNTI.jpg",655,397,false],"kreeti-featured":["https:\/\/veritasinfo.org\/wp-content\/uploads\/2025\/06\/KUNTI.jpg",655,397,false],"kreeti-medium":["https:\/\/veritasinfo.org\/wp-content\/uploads\/2025\/06\/KUNTI.jpg",655,397,false],"kreeti-medium-square":["https:\/\/veritasinfo.org\/wp-content\/uploads\/2025\/06\/KUNTI.jpg",350,212,false]},"author_info":{"info":["admin"]},"category_info":"<a href=\"https:\/\/veritasinfo.org\/?cat=30&#038;lang=sr\" rel=\"category\">Dru\u0161tvo<\/a>","tag_info":"Dru\u0161tvo","comment_count":"0","_links":{"self":[{"href":"https:\/\/veritasinfo.org\/index.php?rest_route=\/wp\/v2\/posts\/1749","targetHints":{"allow":["GET"]}}],"collection":[{"href":"https:\/\/veritasinfo.org\/index.php?rest_route=\/wp\/v2\/posts"}],"about":[{"href":"https:\/\/veritasinfo.org\/index.php?rest_route=\/wp\/v2\/types\/post"}],"author":[{"embeddable":true,"href":"https:\/\/veritasinfo.org\/index.php?rest_route=\/wp\/v2\/users\/1"}],"replies":[{"embeddable":true,"href":"https:\/\/veritasinfo.org\/index.php?rest_route=%2Fwp%2Fv2%2Fcomments&post=1749"}],"version-history":[{"count":1,"href":"https:\/\/veritasinfo.org\/index.php?rest_route=\/wp\/v2\/posts\/1749\/revisions"}],"predecessor-version":[{"id":1751,"href":"https:\/\/veritasinfo.org\/index.php?rest_route=\/wp\/v2\/posts\/1749\/revisions\/1751"}],"wp:featuredmedia":[{"embeddable":true,"href":"https:\/\/veritasinfo.org\/index.php?rest_route=\/wp\/v2\/media\/1744"}],"wp:attachment":[{"href":"https:\/\/veritasinfo.org\/index.php?rest_route=%2Fwp%2Fv2%2Fmedia&parent=1749"}],"wp:term":[{"taxonomy":"category","embeddable":true,"href":"https:\/\/veritasinfo.org\/index.php?rest_route=%2Fwp%2Fv2%2Fcategories&post=1749"},{"taxonomy":"post_tag","embeddable":true,"href":"https:\/\/veritasinfo.org\/index.php?rest_route=%2Fwp%2Fv2%2Ftags&post=1749"}],"curies":[{"name":"wp","href":"https:\/\/api.w.org\/{rel}","templated":true}]}}