{"id":1741,"date":"2025-06-27T13:34:07","date_gmt":"2025-06-27T11:34:07","guid":{"rendered":"https:\/\/veritasinfo.org\/?p=1741"},"modified":"2025-06-27T13:34:07","modified_gmt":"2025-06-27T11:34:07","slug":"po-38-put-odlozena-konstitutivna-sednica-skupstine-ceka-se-sastanak-kurtija-sa-partijama","status":"publish","type":"post","link":"https:\/\/veritasinfo.org\/?p=1741&lang=sr","title":{"rendered":"Po 38. put odlo\u017eena konstitutivna sednica Skup\u0161tine \u2013 \u010deka se sastanak Kurtija sa partijama"},"content":{"rendered":"<div data-olk-copy-source=\"MessageBody\">Pri\u0161tina, 27. jun 2025 \u2013<\/p>\n<\/div>\n<div>Konstitutivna sednica Skup\u0161tine Kosova ponovo je odlo\u017eena, nakon \u0161to su se partije dogovorile da sa\u010dekaju sastanak koji je Aljbin Kurti sazvao za 28. jun, u cilju prevazila\u017eenja institucionalne blokade.<\/div>\n<div dir=\"ltr\"><\/div>\n<div>Ovo je 38. poku\u0161aj neuspe\u0161nog konstituisanja Skup\u0161tine, usled neslaganja oko na\u010dina glasanja za izbor predsednika.<\/div>\n<div dir=\"ltr\"><\/div>\n<div>Ustavni sud je dao rok od 30 dana da se sednica zavr\u0161i, ali politi\u010dke partije razli\u010dito tuma\u010de presudu. Pokret Samoopredeljenje brani tajno glasanje i predla\u017ee Albulenu Ha\u0161iju za predsednicu, dok opozicija to osporava i optu\u017euje Vet\u00ebvendosje za pogre\u0161no tuma\u010denje Ustava.<\/div>\n<div dir=\"ltr\"><\/div>\n<div>Naredna sednica zakazana je za 29. jun.<\/div>\n","protected":false},"excerpt":{"rendered":"<p>Pri\u0161tina, 27. jun 2025 \u2013 Konstitutivna sednica Skup\u0161tine Kosova ponovo je odlo\u017eena, nakon \u0161to su se partije dogovorile da sa\u010dekaju sastanak koji je Aljbin Kurti<\/p>\n","protected":false},"author":1,"featured_media":1738,"comment_status":"open","ping_status":"open","sticky":false,"template":"","format":"standard","meta":{"footnotes":""},"categories":[28],"tags":[],"class_list":["post-1741","post","type-post","status-publish","format-standard","has-post-thumbnail","hentry","category-politika"],"yoast_head":"<!-- This site is optimized with the Yoast SEO plugin v25.3.1 - https:\/\/yoast.com\/wordpress\/plugins\/seo\/ -->\n<title>Po 38. put odlo\u017eena konstitutivna sednica Skup\u0161tine \u2013 \u010deka se sastanak Kurtija sa partijama -<\/title>\n<meta name=\"robots\" content=\"index, follow, max-snippet:-1, max-image-preview:large, max-video-preview:-1\" \/>\n<link rel=\"canonical\" href=\"https:\/\/veritasinfo.org\/?p=1741&lang=sr\" \/>\n<meta property=\"og:locale\" content=\"en_US\" \/>\n<meta property=\"og:type\" content=\"article\" \/>\n<meta property=\"og:title\" content=\"Po 38. put odlo\u017eena konstitutivna sednica Skup\u0161tine \u2013 \u010deka se sastanak Kurtija sa partijama -\" \/>\n<meta property=\"og:description\" content=\"Pri\u0161tina, 27. jun 2025 \u2013 Konstitutivna sednica Skup\u0161tine Kosova ponovo je odlo\u017eena, nakon \u0161to su se partije dogovorile da sa\u010dekaju sastanak koji je Aljbin Kurti\" \/>\n<meta property=\"og:url\" content=\"https:\/\/veritasinfo.org\/?p=1741&amp;lang=sr\" \/>\n<meta property=\"article:published_time\" content=\"2025-06-27T11:34:07+00:00\" \/>\n<meta property=\"og:image\" content=\"https:\/\/veritasinfo.org\/wp-content\/uploads\/2025\/06\/KUVENDI-1.jpg\" \/>\n\t<meta property=\"og:image:width\" content=\"640\" \/>\n\t<meta property=\"og:image:height\" content=\"480\" \/>\n\t<meta property=\"og:image:type\" content=\"image\/jpeg\" \/>\n<meta name=\"author\" content=\"admin\" \/>\n<meta name=\"twitter:card\" content=\"summary_large_image\" \/>\n<meta name=\"twitter:label1\" content=\"Written by\" \/>\n\t<meta name=\"twitter:data1\" content=\"admin\" \/>\n\t<meta name=\"twitter:label2\" content=\"Est. reading time\" \/>\n\t<meta name=\"twitter:data2\" content=\"1 minute\" \/>\n<script type=\"application\/ld+json\" class=\"yoast-schema-graph\">{\"@context\":\"https:\/\/schema.org\",\"@graph\":[{\"@type\":\"WebPage\",\"@id\":\"https:\/\/veritasinfo.org\/?p=1741&lang=sr\",\"url\":\"https:\/\/veritasinfo.org\/?p=1741&lang=sr\",\"name\":\"Po 38. put odlo\u017eena konstitutivna sednica Skup\u0161tine \u2013 \u010deka se sastanak Kurtija sa partijama -\",\"isPartOf\":{\"@id\":\"https:\/\/veritasinfo.org\/#website\"},\"primaryImageOfPage\":{\"@id\":\"https:\/\/veritasinfo.org\/?p=1741&lang=sr#primaryimage\"},\"image\":{\"@id\":\"https:\/\/veritasinfo.org\/?p=1741&lang=sr#primaryimage\"},\"thumbnailUrl\":\"https:\/\/veritasinfo.org\/wp-content\/uploads\/2025\/06\/KUVENDI-1.jpg\",\"datePublished\":\"2025-06-27T11:34:07+00:00\",\"author\":{\"@id\":\"https:\/\/veritasinfo.org\/#\/schema\/person\/7701f8c088bece422266b100a712374f\"},\"breadcrumb\":{\"@id\":\"https:\/\/veritasinfo.org\/?p=1741&lang=sr#breadcrumb\"},\"inLanguage\":\"en-US\",\"potentialAction\":[{\"@type\":\"ReadAction\",\"target\":[\"https:\/\/veritasinfo.org\/?p=1741&lang=sr\"]}]},{\"@type\":\"ImageObject\",\"inLanguage\":\"en-US\",\"@id\":\"https:\/\/veritasinfo.org\/?p=1741&lang=sr#primaryimage\",\"url\":\"https:\/\/veritasinfo.org\/wp-content\/uploads\/2025\/06\/KUVENDI-1.jpg\",\"contentUrl\":\"https:\/\/veritasinfo.org\/wp-content\/uploads\/2025\/06\/KUVENDI-1.jpg\",\"width\":640,\"height\":480},{\"@type\":\"BreadcrumbList\",\"@id\":\"https:\/\/veritasinfo.org\/?p=1741&lang=sr#breadcrumb\",\"itemListElement\":[{\"@type\":\"ListItem\",\"position\":1,\"name\":\"Home\",\"item\":\"https:\/\/veritasinfo.org\/\"},{\"@type\":\"ListItem\",\"position\":2,\"name\":\"Po 38. put odlo\u017eena konstitutivna sednica Skup\u0161tine \u2013 \u010deka se sastanak Kurtija sa partijama\"}]},{\"@type\":\"WebSite\",\"@id\":\"https:\/\/veritasinfo.org\/#website\",\"url\":\"https:\/\/veritasinfo.org\/\",\"name\":\"\",\"description\":\"\",\"potentialAction\":[{\"@type\":\"SearchAction\",\"target\":{\"@type\":\"EntryPoint\",\"urlTemplate\":\"https:\/\/veritasinfo.org\/?s={search_term_string}\"},\"query-input\":{\"@type\":\"PropertyValueSpecification\",\"valueRequired\":true,\"valueName\":\"search_term_string\"}}],\"inLanguage\":\"en-US\"},{\"@type\":\"Person\",\"@id\":\"https:\/\/veritasinfo.org\/#\/schema\/person\/7701f8c088bece422266b100a712374f\",\"name\":\"admin\",\"image\":{\"@type\":\"ImageObject\",\"inLanguage\":\"en-US\",\"@id\":\"https:\/\/veritasinfo.org\/#\/schema\/person\/image\/\",\"url\":\"https:\/\/secure.gravatar.com\/avatar\/ea53aa3bf6c9a12d5fde8ce4deff43fef3885ae33cf60184161a50d6987cfd2f?s=96&d=mm&r=g\",\"contentUrl\":\"https:\/\/secure.gravatar.com\/avatar\/ea53aa3bf6c9a12d5fde8ce4deff43fef3885ae33cf60184161a50d6987cfd2f?s=96&d=mm&r=g\",\"caption\":\"admin\"},\"sameAs\":[\"https:\/\/veritasinfo.org\"],\"url\":\"https:\/\/veritasinfo.org\/?author=1\"}]}<\/script>\n<!-- \/ Yoast SEO plugin. -->","yoast_head_json":{"title":"Po 38. put odlo\u017eena konstitutivna sednica Skup\u0161tine \u2013 \u010deka se sastanak Kurtija sa partijama -","robots":{"index":"index","follow":"follow","max-snippet":"max-snippet:-1","max-image-preview":"max-image-preview:large","max-video-preview":"max-video-preview:-1"},"canonical":"https:\/\/veritasinfo.org\/?p=1741&lang=sr","og_locale":"en_US","og_type":"article","og_title":"Po 38. put odlo\u017eena konstitutivna sednica Skup\u0161tine \u2013 \u010deka se sastanak Kurtija sa partijama -","og_description":"Pri\u0161tina, 27. jun 2025 \u2013 Konstitutivna sednica Skup\u0161tine Kosova ponovo je odlo\u017eena, nakon \u0161to su se partije dogovorile da sa\u010dekaju sastanak koji je Aljbin Kurti","og_url":"https:\/\/veritasinfo.org\/?p=1741&lang=sr","article_published_time":"2025-06-27T11:34:07+00:00","og_image":[{"width":640,"height":480,"url":"https:\/\/veritasinfo.org\/wp-content\/uploads\/2025\/06\/KUVENDI-1.jpg","type":"image\/jpeg"}],"author":"admin","twitter_card":"summary_large_image","twitter_misc":{"Written by":"admin","Est. reading time":"1 minute"},"schema":{"@context":"https:\/\/schema.org","@graph":[{"@type":"WebPage","@id":"https:\/\/veritasinfo.org\/?p=1741&lang=sr","url":"https:\/\/veritasinfo.org\/?p=1741&lang=sr","name":"Po 38. put odlo\u017eena konstitutivna sednica Skup\u0161tine \u2013 \u010deka se sastanak Kurtija sa partijama -","isPartOf":{"@id":"https:\/\/veritasinfo.org\/#website"},"primaryImageOfPage":{"@id":"https:\/\/veritasinfo.org\/?p=1741&lang=sr#primaryimage"},"image":{"@id":"https:\/\/veritasinfo.org\/?p=1741&lang=sr#primaryimage"},"thumbnailUrl":"https:\/\/veritasinfo.org\/wp-content\/uploads\/2025\/06\/KUVENDI-1.jpg","datePublished":"2025-06-27T11:34:07+00:00","author":{"@id":"https:\/\/veritasinfo.org\/#\/schema\/person\/7701f8c088bece422266b100a712374f"},"breadcrumb":{"@id":"https:\/\/veritasinfo.org\/?p=1741&lang=sr#breadcrumb"},"inLanguage":"en-US","potentialAction":[{"@type":"ReadAction","target":["https:\/\/veritasinfo.org\/?p=1741&lang=sr"]}]},{"@type":"ImageObject","inLanguage":"en-US","@id":"https:\/\/veritasinfo.org\/?p=1741&lang=sr#primaryimage","url":"https:\/\/veritasinfo.org\/wp-content\/uploads\/2025\/06\/KUVENDI-1.jpg","contentUrl":"https:\/\/veritasinfo.org\/wp-content\/uploads\/2025\/06\/KUVENDI-1.jpg","width":640,"height":480},{"@type":"BreadcrumbList","@id":"https:\/\/veritasinfo.org\/?p=1741&lang=sr#breadcrumb","itemListElement":[{"@type":"ListItem","position":1,"name":"Home","item":"https:\/\/veritasinfo.org\/"},{"@type":"ListItem","position":2,"name":"Po 38. put odlo\u017eena konstitutivna sednica Skup\u0161tine \u2013 \u010deka se sastanak Kurtija sa partijama"}]},{"@type":"WebSite","@id":"https:\/\/veritasinfo.org\/#website","url":"https:\/\/veritasinfo.org\/","name":"","description":"","potentialAction":[{"@type":"SearchAction","target":{"@type":"EntryPoint","urlTemplate":"https:\/\/veritasinfo.org\/?s={search_term_string}"},"query-input":{"@type":"PropertyValueSpecification","valueRequired":true,"valueName":"search_term_string"}}],"inLanguage":"en-US"},{"@type":"Person","@id":"https:\/\/veritasinfo.org\/#\/schema\/person\/7701f8c088bece422266b100a712374f","name":"admin","image":{"@type":"ImageObject","inLanguage":"en-US","@id":"https:\/\/veritasinfo.org\/#\/schema\/person\/image\/","url":"https:\/\/secure.gravatar.com\/avatar\/ea53aa3bf6c9a12d5fde8ce4deff43fef3885ae33cf60184161a50d6987cfd2f?s=96&d=mm&r=g","contentUrl":"https:\/\/secure.gravatar.com\/avatar\/ea53aa3bf6c9a12d5fde8ce4deff43fef3885ae33cf60184161a50d6987cfd2f?s=96&d=mm&r=g","caption":"admin"},"sameAs":["https:\/\/veritasinfo.org"],"url":"https:\/\/veritasinfo.org\/?author=1"}]}},"featured_image_urls":{"full":["https:\/\/veritasinfo.org\/wp-content\/uploads\/2025\/06\/KUVENDI-1.jpg",640,480,false],"thumbnail":["https:\/\/veritasinfo.org\/wp-content\/uploads\/2025\/06\/KUVENDI-1-150x150.jpg",150,150,true],"medium":["https:\/\/veritasinfo.org\/wp-content\/uploads\/2025\/06\/KUVENDI-1-300x225.jpg",300,225,true],"medium_large":["https:\/\/veritasinfo.org\/wp-content\/uploads\/2025\/06\/KUVENDI-1.jpg",640,480,false],"large":["https:\/\/veritasinfo.org\/wp-content\/uploads\/2025\/06\/KUVENDI-1.jpg",640,480,false],"1536x1536":["https:\/\/veritasinfo.org\/wp-content\/uploads\/2025\/06\/KUVENDI-1.jpg",640,480,false],"2048x2048":["https:\/\/veritasinfo.org\/wp-content\/uploads\/2025\/06\/KUVENDI-1.jpg",640,480,false],"kreeti-slider-full":["https:\/\/veritasinfo.org\/wp-content\/uploads\/2025\/06\/KUVENDI-1.jpg",640,480,false],"kreeti-featured":["https:\/\/veritasinfo.org\/wp-content\/uploads\/2025\/06\/KUVENDI-1.jpg",640,480,false],"kreeti-medium":["https:\/\/veritasinfo.org\/wp-content\/uploads\/2025\/06\/KUVENDI-1.jpg",640,480,false],"kreeti-medium-square":["https:\/\/veritasinfo.org\/wp-content\/uploads\/2025\/06\/KUVENDI-1.jpg",350,263,false]},"author_info":{"info":["admin"]},"category_info":"<a href=\"https:\/\/veritasinfo.org\/?cat=28&#038;lang=sr\" rel=\"category\">Politika<\/a>","tag_info":"Politika","comment_count":"0","_links":{"self":[{"href":"https:\/\/veritasinfo.org\/index.php?rest_route=\/wp\/v2\/posts\/1741","targetHints":{"allow":["GET"]}}],"collection":[{"href":"https:\/\/veritasinfo.org\/index.php?rest_route=\/wp\/v2\/posts"}],"about":[{"href":"https:\/\/veritasinfo.org\/index.php?rest_route=\/wp\/v2\/types\/post"}],"author":[{"embeddable":true,"href":"https:\/\/veritasinfo.org\/index.php?rest_route=\/wp\/v2\/users\/1"}],"replies":[{"embeddable":true,"href":"https:\/\/veritasinfo.org\/index.php?rest_route=%2Fwp%2Fv2%2Fcomments&post=1741"}],"version-history":[{"count":1,"href":"https:\/\/veritasinfo.org\/index.php?rest_route=\/wp\/v2\/posts\/1741\/revisions"}],"predecessor-version":[{"id":1742,"href":"https:\/\/veritasinfo.org\/index.php?rest_route=\/wp\/v2\/posts\/1741\/revisions\/1742"}],"wp:featuredmedia":[{"embeddable":true,"href":"https:\/\/veritasinfo.org\/index.php?rest_route=\/wp\/v2\/media\/1738"}],"wp:attachment":[{"href":"https:\/\/veritasinfo.org\/index.php?rest_route=%2Fwp%2Fv2%2Fmedia&parent=1741"}],"wp:term":[{"taxonomy":"category","embeddable":true,"href":"https:\/\/veritasinfo.org\/index.php?rest_route=%2Fwp%2Fv2%2Fcategories&post=1741"},{"taxonomy":"post_tag","embeddable":true,"href":"https:\/\/veritasinfo.org\/index.php?rest_route=%2Fwp%2Fv2%2Ftags&post=1741"}],"curies":[{"name":"wp","href":"https:\/\/api.w.org\/{rel}","templated":true}]}}