{"id":17394,"date":"2025-10-23T16:29:28","date_gmt":"2025-10-23T14:29:28","guid":{"rendered":"https:\/\/veritasinfo.org\/?p=17394"},"modified":"2025-10-23T16:29:28","modified_gmt":"2025-10-23T14:29:28","slug":"osmaniune-vij-nga-kosova-vendi-ku-beteja-per-liri-barte-peshen-e-shekujve","status":"publish","type":"post","link":"https:\/\/veritasinfo.org\/?p=17394","title":{"rendered":"Osmani:Un\u00eb vij nga Kosova, vendi ku beteja p\u00ebr liri bart\u00eb pesh\u00ebn e shekujve"},"content":{"rendered":"<p>Prishtin\u00eb\u00a0 23\u00a0 Tetor\u00a0 2025<\/p>\n<p><strong>\u201cUn\u00eb vi nga Kosova, Republika m\u00eb e re evropiane, vendi ku beteja p\u00ebr liri bart\u00eb pesh\u00ebn e shekujve\u201d. K\u00ebshtu e ka nisur fjalimin e saj, presidentja e shtetit, Vjosa Osmani, n\u00eb Fakultetin Juridik t\u00eb Universitetit t\u00eb Berlinit, n\u00eb kuad\u00ebr t\u00eb seris\u00eb prestigjioze t\u00eb fjalimeve t\u00eb personaliteteve evropiane &#8220;Humboldt-Rede zu Europa&#8221;, me tem\u00ebn: &#8220;Mbrojtja e Demokracis\u00eb n\u00eb Shekullin e 21-t\u00eb: M\u00ebsime nga Republika m\u00eb e Re e Evrop\u00ebs&#8221;.<\/strong><\/p>\n<p>&nbsp;<\/p>\n<p>Osmani, tha se nuk flet vet\u00ebm si presidente e shtetit, por edhe si ish-refugjate, ish-f\u00ebmij\u00eb lufte q\u00eb ka shkuar n\u00eb shkoll\u00eb n\u00eb bodrume sht\u00ebpish, dhe q\u00eb ka m\u00ebsuar q\u00eb edhe nj\u00eb fletore e vetme mund t\u00eb jet\u00eb shpallje t\u00eb drejt\u00ebs.<\/p>\n<p>\u201cFlas si dikush q\u00eb demokracia nuk \u00ebsht\u00eb thjesht nj\u00eb teori q\u00eb jeton n\u00eb libra, \u00ebsht\u00eb praktik\u00eb q\u00eb jeton n\u00eb njer\u00ebz. N\u00eb f\u00ebmij\u00ebrin\u00eb time ka qen\u00eb nj\u00eb m\u00ebsim q\u00eb kemi marr\u00eb t\u00eb gjith\u00eb, m\u00ebsimin q\u00eb ka qen\u00eb shum\u00eb i thjesht, por edhe i p\u00ebrhersh\u00ebm \u2018liria nuk merret me nj\u00eb n\u00ebnshkrim, liria fitohet , fitohet nga populli q\u00eb refuzon ta dor\u00ebzoj\u00eb dinjitetin e vet\u00eb, popull q\u00eb \u00ebsht\u00eb i gatsh\u00ebm t\u00eb sakrifikoj\u00eb cdo gj\u00eb p\u00ebr t\u00eb arritur irin\u00eb, dhe popull q\u00eb kur ngrit\u00ebt me shpres\u00eb e vendosm\u00ebri, nuk ka forc\u00eb n\u00eb k\u00ebt\u00eb bot\u00eb q\u00eb mund ta ndaloj\u00eb triumfin e tij\u201d, tha Osmani.<\/p>\n<p>E para e shtetit tha se sot Kosova \u00ebsht\u00eb demokraci q\u00eb vazhdimisht \u00ebsht\u00eb p\u00ebrforcuar. \u201cInstitucionet tona mbajn\u00eb zgjedhje q\u00eb jan\u00eb t\u00eb lira e garuese, m\u00eb garueset n\u00eb gjith\u00eb rajonin ton\u00eb ne fakt. T\u00eb rinjt\u00eb tan\u00eb e diaspora e shk\u00eblqyeshme e udh\u00ebheqin nj\u00eb ekonomi digjitale q\u00eb e lidhin Kosov\u00ebn me Berlinin e Mynihun e shum\u00eb m\u00eb gjer\u00eb. Politika jon\u00eb e jashtme \u00ebsht\u00eb e ngulitur n\u00eb t\u00eb ardhmen evropiane, sepse ne e dim\u00eb se ku p\u00ebrkasim\u201d, tha nd\u00ebr t\u00eb tjera Osmani\u00a0 n\u00eb fjalimin e saj para t\u00eb pranishm\u00ebve n\u00eb Fakultetin Juridik t\u00eb Universitetit t\u00eb Berlinit.<\/p>\n","protected":false},"excerpt":{"rendered":"<p>Prishtin\u00eb\u00a0 23\u00a0 Tetor\u00a0 2025 \u201cUn\u00eb vi nga Kosova, Republika m\u00eb e re evropiane, vendi ku beteja p\u00ebr liri bart\u00eb pesh\u00ebn e shekujve\u201d. K\u00ebshtu e ka<\/p>\n","protected":false},"author":6,"featured_media":17395,"comment_status":"open","ping_status":"open","sticky":false,"template":"","format":"standard","meta":{"footnotes":""},"categories":[60],"tags":[],"class_list":["post-17394","post","type-post","status-publish","format-standard","has-post-thumbnail","hentry","category-shoqerore-sq"],"yoast_head":"<!-- This site is optimized with the Yoast SEO plugin v25.3.1 - https:\/\/yoast.com\/wordpress\/plugins\/seo\/ -->\n<title>Osmani:Un\u00eb vij nga Kosova, vendi ku beteja p\u00ebr liri bart\u00eb pesh\u00ebn e shekujve -<\/title>\n<meta name=\"robots\" content=\"index, follow, max-snippet:-1, max-image-preview:large, max-video-preview:-1\" \/>\n<link rel=\"canonical\" href=\"https:\/\/veritasinfo.org\/?p=17394\" \/>\n<meta property=\"og:locale\" content=\"en_US\" \/>\n<meta property=\"og:type\" content=\"article\" \/>\n<meta property=\"og:title\" content=\"Osmani:Un\u00eb vij nga Kosova, vendi ku beteja p\u00ebr liri bart\u00eb pesh\u00ebn e shekujve -\" \/>\n<meta property=\"og:description\" content=\"Prishtin\u00eb\u00a0 23\u00a0 Tetor\u00a0 2025 \u201cUn\u00eb vi nga Kosova, Republika m\u00eb e re evropiane, vendi ku beteja p\u00ebr liri bart\u00eb pesh\u00ebn e shekujve\u201d. K\u00ebshtu e ka\" \/>\n<meta property=\"og:url\" content=\"https:\/\/veritasinfo.org\/?p=17394\" \/>\n<meta property=\"article:published_time\" content=\"2025-10-23T14:29:28+00:00\" \/>\n<meta property=\"og:image\" content=\"https:\/\/veritasinfo.org\/wp-content\/uploads\/2025\/10\/707661-LSSQbwN83c.jpg\" \/>\n\t<meta property=\"og:image:width\" content=\"780\" \/>\n\t<meta property=\"og:image:height\" content=\"500\" \/>\n\t<meta property=\"og:image:type\" content=\"image\/jpeg\" \/>\n<meta name=\"author\" content=\"US5\" \/>\n<meta name=\"twitter:card\" content=\"summary_large_image\" \/>\n<meta name=\"twitter:label1\" content=\"Written by\" \/>\n\t<meta name=\"twitter:data1\" content=\"US5\" \/>\n\t<meta name=\"twitter:label2\" content=\"Est. reading time\" \/>\n\t<meta name=\"twitter:data2\" content=\"2 minutes\" \/>\n<script type=\"application\/ld+json\" class=\"yoast-schema-graph\">{\"@context\":\"https:\/\/schema.org\",\"@graph\":[{\"@type\":\"WebPage\",\"@id\":\"https:\/\/veritasinfo.org\/?p=17394\",\"url\":\"https:\/\/veritasinfo.org\/?p=17394\",\"name\":\"Osmani:Un\u00eb vij nga Kosova, vendi ku beteja p\u00ebr liri bart\u00eb pesh\u00ebn e shekujve -\",\"isPartOf\":{\"@id\":\"https:\/\/veritasinfo.org\/#website\"},\"primaryImageOfPage\":{\"@id\":\"https:\/\/veritasinfo.org\/?p=17394#primaryimage\"},\"image\":{\"@id\":\"https:\/\/veritasinfo.org\/?p=17394#primaryimage\"},\"thumbnailUrl\":\"https:\/\/veritasinfo.org\/wp-content\/uploads\/2025\/10\/707661-LSSQbwN83c.jpg\",\"datePublished\":\"2025-10-23T14:29:28+00:00\",\"author\":{\"@id\":\"https:\/\/veritasinfo.org\/#\/schema\/person\/bc442336e35414d04494ab8fb45db4c6\"},\"breadcrumb\":{\"@id\":\"https:\/\/veritasinfo.org\/?p=17394#breadcrumb\"},\"inLanguage\":\"en-US\",\"potentialAction\":[{\"@type\":\"ReadAction\",\"target\":[\"https:\/\/veritasinfo.org\/?p=17394\"]}]},{\"@type\":\"ImageObject\",\"inLanguage\":\"en-US\",\"@id\":\"https:\/\/veritasinfo.org\/?p=17394#primaryimage\",\"url\":\"https:\/\/veritasinfo.org\/wp-content\/uploads\/2025\/10\/707661-LSSQbwN83c.jpg\",\"contentUrl\":\"https:\/\/veritasinfo.org\/wp-content\/uploads\/2025\/10\/707661-LSSQbwN83c.jpg\",\"width\":780,\"height\":500},{\"@type\":\"BreadcrumbList\",\"@id\":\"https:\/\/veritasinfo.org\/?p=17394#breadcrumb\",\"itemListElement\":[{\"@type\":\"ListItem\",\"position\":1,\"name\":\"Home\",\"item\":\"https:\/\/veritasinfo.org\/\"},{\"@type\":\"ListItem\",\"position\":2,\"name\":\"Osmani:Un\u00eb vij nga Kosova, vendi ku beteja p\u00ebr liri bart\u00eb pesh\u00ebn e shekujve\"}]},{\"@type\":\"WebSite\",\"@id\":\"https:\/\/veritasinfo.org\/#website\",\"url\":\"https:\/\/veritasinfo.org\/\",\"name\":\"\",\"description\":\"\",\"potentialAction\":[{\"@type\":\"SearchAction\",\"target\":{\"@type\":\"EntryPoint\",\"urlTemplate\":\"https:\/\/veritasinfo.org\/?s={search_term_string}\"},\"query-input\":{\"@type\":\"PropertyValueSpecification\",\"valueRequired\":true,\"valueName\":\"search_term_string\"}}],\"inLanguage\":\"en-US\"},{\"@type\":\"Person\",\"@id\":\"https:\/\/veritasinfo.org\/#\/schema\/person\/bc442336e35414d04494ab8fb45db4c6\",\"name\":\"US5\",\"image\":{\"@type\":\"ImageObject\",\"inLanguage\":\"en-US\",\"@id\":\"https:\/\/veritasinfo.org\/#\/schema\/person\/image\/\",\"url\":\"https:\/\/secure.gravatar.com\/avatar\/16a61e7272a0c5d001121ebb9e60e925d5816e4ac1e443ed3e640d9a6ae55d0c?s=96&d=mm&r=g\",\"contentUrl\":\"https:\/\/secure.gravatar.com\/avatar\/16a61e7272a0c5d001121ebb9e60e925d5816e4ac1e443ed3e640d9a6ae55d0c?s=96&d=mm&r=g\",\"caption\":\"US5\"},\"url\":\"https:\/\/veritasinfo.org\/?author=6\"}]}<\/script>\n<!-- \/ Yoast SEO plugin. -->","yoast_head_json":{"title":"Osmani:Un\u00eb vij nga Kosova, vendi ku beteja p\u00ebr liri bart\u00eb pesh\u00ebn e shekujve -","robots":{"index":"index","follow":"follow","max-snippet":"max-snippet:-1","max-image-preview":"max-image-preview:large","max-video-preview":"max-video-preview:-1"},"canonical":"https:\/\/veritasinfo.org\/?p=17394","og_locale":"en_US","og_type":"article","og_title":"Osmani:Un\u00eb vij nga Kosova, vendi ku beteja p\u00ebr liri bart\u00eb pesh\u00ebn e shekujve -","og_description":"Prishtin\u00eb\u00a0 23\u00a0 Tetor\u00a0 2025 \u201cUn\u00eb vi nga Kosova, Republika m\u00eb e re evropiane, vendi ku beteja p\u00ebr liri bart\u00eb pesh\u00ebn e shekujve\u201d. K\u00ebshtu e ka","og_url":"https:\/\/veritasinfo.org\/?p=17394","article_published_time":"2025-10-23T14:29:28+00:00","og_image":[{"width":780,"height":500,"url":"https:\/\/veritasinfo.org\/wp-content\/uploads\/2025\/10\/707661-LSSQbwN83c.jpg","type":"image\/jpeg"}],"author":"US5","twitter_card":"summary_large_image","twitter_misc":{"Written by":"US5","Est. reading time":"2 minutes"},"schema":{"@context":"https:\/\/schema.org","@graph":[{"@type":"WebPage","@id":"https:\/\/veritasinfo.org\/?p=17394","url":"https:\/\/veritasinfo.org\/?p=17394","name":"Osmani:Un\u00eb vij nga Kosova, vendi ku beteja p\u00ebr liri bart\u00eb pesh\u00ebn e shekujve -","isPartOf":{"@id":"https:\/\/veritasinfo.org\/#website"},"primaryImageOfPage":{"@id":"https:\/\/veritasinfo.org\/?p=17394#primaryimage"},"image":{"@id":"https:\/\/veritasinfo.org\/?p=17394#primaryimage"},"thumbnailUrl":"https:\/\/veritasinfo.org\/wp-content\/uploads\/2025\/10\/707661-LSSQbwN83c.jpg","datePublished":"2025-10-23T14:29:28+00:00","author":{"@id":"https:\/\/veritasinfo.org\/#\/schema\/person\/bc442336e35414d04494ab8fb45db4c6"},"breadcrumb":{"@id":"https:\/\/veritasinfo.org\/?p=17394#breadcrumb"},"inLanguage":"en-US","potentialAction":[{"@type":"ReadAction","target":["https:\/\/veritasinfo.org\/?p=17394"]}]},{"@type":"ImageObject","inLanguage":"en-US","@id":"https:\/\/veritasinfo.org\/?p=17394#primaryimage","url":"https:\/\/veritasinfo.org\/wp-content\/uploads\/2025\/10\/707661-LSSQbwN83c.jpg","contentUrl":"https:\/\/veritasinfo.org\/wp-content\/uploads\/2025\/10\/707661-LSSQbwN83c.jpg","width":780,"height":500},{"@type":"BreadcrumbList","@id":"https:\/\/veritasinfo.org\/?p=17394#breadcrumb","itemListElement":[{"@type":"ListItem","position":1,"name":"Home","item":"https:\/\/veritasinfo.org\/"},{"@type":"ListItem","position":2,"name":"Osmani:Un\u00eb vij nga Kosova, vendi ku beteja p\u00ebr liri bart\u00eb pesh\u00ebn e shekujve"}]},{"@type":"WebSite","@id":"https:\/\/veritasinfo.org\/#website","url":"https:\/\/veritasinfo.org\/","name":"","description":"","potentialAction":[{"@type":"SearchAction","target":{"@type":"EntryPoint","urlTemplate":"https:\/\/veritasinfo.org\/?s={search_term_string}"},"query-input":{"@type":"PropertyValueSpecification","valueRequired":true,"valueName":"search_term_string"}}],"inLanguage":"en-US"},{"@type":"Person","@id":"https:\/\/veritasinfo.org\/#\/schema\/person\/bc442336e35414d04494ab8fb45db4c6","name":"US5","image":{"@type":"ImageObject","inLanguage":"en-US","@id":"https:\/\/veritasinfo.org\/#\/schema\/person\/image\/","url":"https:\/\/secure.gravatar.com\/avatar\/16a61e7272a0c5d001121ebb9e60e925d5816e4ac1e443ed3e640d9a6ae55d0c?s=96&d=mm&r=g","contentUrl":"https:\/\/secure.gravatar.com\/avatar\/16a61e7272a0c5d001121ebb9e60e925d5816e4ac1e443ed3e640d9a6ae55d0c?s=96&d=mm&r=g","caption":"US5"},"url":"https:\/\/veritasinfo.org\/?author=6"}]}},"featured_image_urls":{"full":["https:\/\/veritasinfo.org\/wp-content\/uploads\/2025\/10\/707661-LSSQbwN83c.jpg",780,500,false],"thumbnail":["https:\/\/veritasinfo.org\/wp-content\/uploads\/2025\/10\/707661-LSSQbwN83c-150x150.jpg",150,150,true],"medium":["https:\/\/veritasinfo.org\/wp-content\/uploads\/2025\/10\/707661-LSSQbwN83c-300x192.jpg",300,192,true],"medium_large":["https:\/\/veritasinfo.org\/wp-content\/uploads\/2025\/10\/707661-LSSQbwN83c-768x492.jpg",640,410,true],"large":["https:\/\/veritasinfo.org\/wp-content\/uploads\/2025\/10\/707661-LSSQbwN83c.jpg",640,410,false],"1536x1536":["https:\/\/veritasinfo.org\/wp-content\/uploads\/2025\/10\/707661-LSSQbwN83c.jpg",780,500,false],"2048x2048":["https:\/\/veritasinfo.org\/wp-content\/uploads\/2025\/10\/707661-LSSQbwN83c.jpg",780,500,false],"kreeti-slider-full":["https:\/\/veritasinfo.org\/wp-content\/uploads\/2025\/10\/707661-LSSQbwN83c.jpg",780,500,false],"kreeti-featured":["https:\/\/veritasinfo.org\/wp-content\/uploads\/2025\/10\/707661-LSSQbwN83c.jpg",780,500,false],"kreeti-medium":["https:\/\/veritasinfo.org\/wp-content\/uploads\/2025\/10\/707661-LSSQbwN83c.jpg",720,462,false],"kreeti-medium-square":["https:\/\/veritasinfo.org\/wp-content\/uploads\/2025\/10\/707661-LSSQbwN83c.jpg",350,224,false]},"author_info":{"info":["US5"]},"category_info":"<a href=\"https:\/\/veritasinfo.org\/?cat=60\" rel=\"category\">Shoq\u00ebrore<\/a>","tag_info":"Shoq\u00ebrore","comment_count":"0","_links":{"self":[{"href":"https:\/\/veritasinfo.org\/index.php?rest_route=\/wp\/v2\/posts\/17394","targetHints":{"allow":["GET"]}}],"collection":[{"href":"https:\/\/veritasinfo.org\/index.php?rest_route=\/wp\/v2\/posts"}],"about":[{"href":"https:\/\/veritasinfo.org\/index.php?rest_route=\/wp\/v2\/types\/post"}],"author":[{"embeddable":true,"href":"https:\/\/veritasinfo.org\/index.php?rest_route=\/wp\/v2\/users\/6"}],"replies":[{"embeddable":true,"href":"https:\/\/veritasinfo.org\/index.php?rest_route=%2Fwp%2Fv2%2Fcomments&post=17394"}],"version-history":[{"count":1,"href":"https:\/\/veritasinfo.org\/index.php?rest_route=\/wp\/v2\/posts\/17394\/revisions"}],"predecessor-version":[{"id":17396,"href":"https:\/\/veritasinfo.org\/index.php?rest_route=\/wp\/v2\/posts\/17394\/revisions\/17396"}],"wp:featuredmedia":[{"embeddable":true,"href":"https:\/\/veritasinfo.org\/index.php?rest_route=\/wp\/v2\/media\/17395"}],"wp:attachment":[{"href":"https:\/\/veritasinfo.org\/index.php?rest_route=%2Fwp%2Fv2%2Fmedia&parent=17394"}],"wp:term":[{"taxonomy":"category","embeddable":true,"href":"https:\/\/veritasinfo.org\/index.php?rest_route=%2Fwp%2Fv2%2Fcategories&post=17394"},{"taxonomy":"post_tag","embeddable":true,"href":"https:\/\/veritasinfo.org\/index.php?rest_route=%2Fwp%2Fv2%2Ftags&post=17394"}],"curies":[{"name":"wp","href":"https:\/\/api.w.org\/{rel}","templated":true}]}}