{"id":17384,"date":"2025-10-23T15:49:46","date_gmt":"2025-10-23T13:49:46","guid":{"rendered":"https:\/\/veritasinfo.org\/?p=17384"},"modified":"2025-10-23T15:49:46","modified_gmt":"2025-10-23T13:49:46","slug":"osmani-nga-berlini-e-ardhmja-e-kosoves-eshte-ne-nato-dhe-bashkimin-evropian","status":"publish","type":"post","link":"https:\/\/veritasinfo.org\/?p=17384","title":{"rendered":"Osmani nga Berlini: E ardhmja e Kosov\u00ebs \u00ebsht\u00eb n\u00eb NATO dhe Bashkimin Evropian"},"content":{"rendered":"<p>Prishtin\u00eb 23 Tetor 2025<\/p>\n<p>Presidentja e Kosov\u00ebs, Vjosa Osmani \u00ebsht\u00eb duke q\u00ebndruar n\u00eb Gjermani.<br \/>\nOsmani ka th\u00ebn\u00eb se e ardhmja e Kosov\u00ebs \u00ebsht\u00eb e rr\u00ebnjosur n\u00eb demokraci, e nd\u00ebrtuar me miq, dhe e udh\u00ebhequr nga vlerat euroatlantike.<br \/>\nN\u00eb Aspen Institute n\u00eb Berlin, fola p\u00ebr Kosov\u00ebn ton\u00eb si nj\u00eb shtet q\u00eb, n\u00eb vet\u00eb thelbin e nd\u00ebrtimit t\u00eb s\u00eb ardhmes, ka p\u00ebrqafuar reform\u00ebn dhe zbatimin e saj si rrug\u00ebn e vetme drejt zhvillimit dhe konsolidimit demokratik. Por nj\u00eb gj\u00eb mbetet e pal\u00ebkundur: e ardhmja e Kosov\u00ebs \u00ebsht\u00eb n\u00eb NATO dhe n\u00eb Bashkimin Evropian&#8221;, ka deklaruar presidentja. M\u00eb tej, Osmani shtoi se kjo nuk \u00ebsht\u00eb vet\u00ebm nj\u00eb aspirat\u00eb e paluhatur e jona, por nj\u00eb interes strategjik p\u00ebr t\u00eb gjith\u00eb rajonin dhe p\u00ebr vet\u00eb aleanc\u00ebn euroatlantike.<\/p>\n","protected":false},"excerpt":{"rendered":"<p>Prishtin\u00eb 23 Tetor 2025 Presidentja e Kosov\u00ebs, Vjosa Osmani \u00ebsht\u00eb duke q\u00ebndruar n\u00eb Gjermani. Osmani ka th\u00ebn\u00eb se e ardhmja e Kosov\u00ebs \u00ebsht\u00eb e rr\u00ebnjosur<\/p>\n","protected":false},"author":6,"featured_media":17385,"comment_status":"open","ping_status":"open","sticky":false,"template":"","format":"standard","meta":{"footnotes":""},"categories":[60],"tags":[],"class_list":["post-17384","post","type-post","status-publish","format-standard","has-post-thumbnail","hentry","category-shoqerore-sq"],"yoast_head":"<!-- This site is optimized with the Yoast SEO plugin v25.3.1 - https:\/\/yoast.com\/wordpress\/plugins\/seo\/ -->\n<title>Osmani nga Berlini: E ardhmja e Kosov\u00ebs \u00ebsht\u00eb n\u00eb NATO dhe Bashkimin Evropian -<\/title>\n<meta name=\"robots\" content=\"index, follow, max-snippet:-1, max-image-preview:large, max-video-preview:-1\" \/>\n<link rel=\"canonical\" href=\"https:\/\/veritasinfo.org\/?p=17384\" \/>\n<meta property=\"og:locale\" content=\"en_US\" \/>\n<meta property=\"og:type\" content=\"article\" \/>\n<meta property=\"og:title\" content=\"Osmani nga Berlini: E ardhmja e Kosov\u00ebs \u00ebsht\u00eb n\u00eb NATO dhe Bashkimin Evropian -\" \/>\n<meta property=\"og:description\" content=\"Prishtin\u00eb 23 Tetor 2025 Presidentja e Kosov\u00ebs, Vjosa Osmani \u00ebsht\u00eb duke q\u00ebndruar n\u00eb Gjermani. Osmani ka th\u00ebn\u00eb se e ardhmja e Kosov\u00ebs \u00ebsht\u00eb e rr\u00ebnjosur\" \/>\n<meta property=\"og:url\" content=\"https:\/\/veritasinfo.org\/?p=17384\" \/>\n<meta property=\"article:published_time\" content=\"2025-10-23T13:49:46+00:00\" \/>\n<meta property=\"og:image\" content=\"https:\/\/veritasinfo.org\/wp-content\/uploads\/2025\/10\/image-5.webp\" \/>\n\t<meta property=\"og:image:width\" content=\"1245\" \/>\n\t<meta property=\"og:image:height\" content=\"699\" \/>\n\t<meta property=\"og:image:type\" content=\"image\/webp\" \/>\n<meta name=\"author\" content=\"US5\" \/>\n<meta name=\"twitter:card\" content=\"summary_large_image\" \/>\n<meta name=\"twitter:label1\" content=\"Written by\" \/>\n\t<meta name=\"twitter:data1\" content=\"US5\" \/>\n\t<meta name=\"twitter:label2\" content=\"Est. reading time\" \/>\n\t<meta name=\"twitter:data2\" content=\"1 minute\" \/>\n<script type=\"application\/ld+json\" class=\"yoast-schema-graph\">{\"@context\":\"https:\/\/schema.org\",\"@graph\":[{\"@type\":\"WebPage\",\"@id\":\"https:\/\/veritasinfo.org\/?p=17384\",\"url\":\"https:\/\/veritasinfo.org\/?p=17384\",\"name\":\"Osmani nga Berlini: E ardhmja e Kosov\u00ebs \u00ebsht\u00eb n\u00eb NATO dhe Bashkimin Evropian -\",\"isPartOf\":{\"@id\":\"https:\/\/veritasinfo.org\/#website\"},\"primaryImageOfPage\":{\"@id\":\"https:\/\/veritasinfo.org\/?p=17384#primaryimage\"},\"image\":{\"@id\":\"https:\/\/veritasinfo.org\/?p=17384#primaryimage\"},\"thumbnailUrl\":\"https:\/\/veritasinfo.org\/wp-content\/uploads\/2025\/10\/image-5.webp\",\"datePublished\":\"2025-10-23T13:49:46+00:00\",\"author\":{\"@id\":\"https:\/\/veritasinfo.org\/#\/schema\/person\/bc442336e35414d04494ab8fb45db4c6\"},\"breadcrumb\":{\"@id\":\"https:\/\/veritasinfo.org\/?p=17384#breadcrumb\"},\"inLanguage\":\"en-US\",\"potentialAction\":[{\"@type\":\"ReadAction\",\"target\":[\"https:\/\/veritasinfo.org\/?p=17384\"]}]},{\"@type\":\"ImageObject\",\"inLanguage\":\"en-US\",\"@id\":\"https:\/\/veritasinfo.org\/?p=17384#primaryimage\",\"url\":\"https:\/\/veritasinfo.org\/wp-content\/uploads\/2025\/10\/image-5.webp\",\"contentUrl\":\"https:\/\/veritasinfo.org\/wp-content\/uploads\/2025\/10\/image-5.webp\",\"width\":1245,\"height\":699},{\"@type\":\"BreadcrumbList\",\"@id\":\"https:\/\/veritasinfo.org\/?p=17384#breadcrumb\",\"itemListElement\":[{\"@type\":\"ListItem\",\"position\":1,\"name\":\"Home\",\"item\":\"https:\/\/veritasinfo.org\/\"},{\"@type\":\"ListItem\",\"position\":2,\"name\":\"Osmani nga Berlini: E ardhmja e Kosov\u00ebs \u00ebsht\u00eb n\u00eb NATO dhe Bashkimin Evropian\"}]},{\"@type\":\"WebSite\",\"@id\":\"https:\/\/veritasinfo.org\/#website\",\"url\":\"https:\/\/veritasinfo.org\/\",\"name\":\"\",\"description\":\"\",\"potentialAction\":[{\"@type\":\"SearchAction\",\"target\":{\"@type\":\"EntryPoint\",\"urlTemplate\":\"https:\/\/veritasinfo.org\/?s={search_term_string}\"},\"query-input\":{\"@type\":\"PropertyValueSpecification\",\"valueRequired\":true,\"valueName\":\"search_term_string\"}}],\"inLanguage\":\"en-US\"},{\"@type\":\"Person\",\"@id\":\"https:\/\/veritasinfo.org\/#\/schema\/person\/bc442336e35414d04494ab8fb45db4c6\",\"name\":\"US5\",\"image\":{\"@type\":\"ImageObject\",\"inLanguage\":\"en-US\",\"@id\":\"https:\/\/veritasinfo.org\/#\/schema\/person\/image\/\",\"url\":\"https:\/\/secure.gravatar.com\/avatar\/16a61e7272a0c5d001121ebb9e60e925d5816e4ac1e443ed3e640d9a6ae55d0c?s=96&d=mm&r=g\",\"contentUrl\":\"https:\/\/secure.gravatar.com\/avatar\/16a61e7272a0c5d001121ebb9e60e925d5816e4ac1e443ed3e640d9a6ae55d0c?s=96&d=mm&r=g\",\"caption\":\"US5\"},\"url\":\"https:\/\/veritasinfo.org\/?author=6\"}]}<\/script>\n<!-- \/ Yoast SEO plugin. -->","yoast_head_json":{"title":"Osmani nga Berlini: E ardhmja e Kosov\u00ebs \u00ebsht\u00eb n\u00eb NATO dhe Bashkimin Evropian -","robots":{"index":"index","follow":"follow","max-snippet":"max-snippet:-1","max-image-preview":"max-image-preview:large","max-video-preview":"max-video-preview:-1"},"canonical":"https:\/\/veritasinfo.org\/?p=17384","og_locale":"en_US","og_type":"article","og_title":"Osmani nga Berlini: E ardhmja e Kosov\u00ebs \u00ebsht\u00eb n\u00eb NATO dhe Bashkimin Evropian -","og_description":"Prishtin\u00eb 23 Tetor 2025 Presidentja e Kosov\u00ebs, Vjosa Osmani \u00ebsht\u00eb duke q\u00ebndruar n\u00eb Gjermani. Osmani ka th\u00ebn\u00eb se e ardhmja e Kosov\u00ebs \u00ebsht\u00eb e rr\u00ebnjosur","og_url":"https:\/\/veritasinfo.org\/?p=17384","article_published_time":"2025-10-23T13:49:46+00:00","og_image":[{"width":1245,"height":699,"url":"https:\/\/veritasinfo.org\/wp-content\/uploads\/2025\/10\/image-5.webp","type":"image\/webp"}],"author":"US5","twitter_card":"summary_large_image","twitter_misc":{"Written by":"US5","Est. reading time":"1 minute"},"schema":{"@context":"https:\/\/schema.org","@graph":[{"@type":"WebPage","@id":"https:\/\/veritasinfo.org\/?p=17384","url":"https:\/\/veritasinfo.org\/?p=17384","name":"Osmani nga Berlini: E ardhmja e Kosov\u00ebs \u00ebsht\u00eb n\u00eb NATO dhe Bashkimin Evropian -","isPartOf":{"@id":"https:\/\/veritasinfo.org\/#website"},"primaryImageOfPage":{"@id":"https:\/\/veritasinfo.org\/?p=17384#primaryimage"},"image":{"@id":"https:\/\/veritasinfo.org\/?p=17384#primaryimage"},"thumbnailUrl":"https:\/\/veritasinfo.org\/wp-content\/uploads\/2025\/10\/image-5.webp","datePublished":"2025-10-23T13:49:46+00:00","author":{"@id":"https:\/\/veritasinfo.org\/#\/schema\/person\/bc442336e35414d04494ab8fb45db4c6"},"breadcrumb":{"@id":"https:\/\/veritasinfo.org\/?p=17384#breadcrumb"},"inLanguage":"en-US","potentialAction":[{"@type":"ReadAction","target":["https:\/\/veritasinfo.org\/?p=17384"]}]},{"@type":"ImageObject","inLanguage":"en-US","@id":"https:\/\/veritasinfo.org\/?p=17384#primaryimage","url":"https:\/\/veritasinfo.org\/wp-content\/uploads\/2025\/10\/image-5.webp","contentUrl":"https:\/\/veritasinfo.org\/wp-content\/uploads\/2025\/10\/image-5.webp","width":1245,"height":699},{"@type":"BreadcrumbList","@id":"https:\/\/veritasinfo.org\/?p=17384#breadcrumb","itemListElement":[{"@type":"ListItem","position":1,"name":"Home","item":"https:\/\/veritasinfo.org\/"},{"@type":"ListItem","position":2,"name":"Osmani nga Berlini: E ardhmja e Kosov\u00ebs \u00ebsht\u00eb n\u00eb NATO dhe Bashkimin Evropian"}]},{"@type":"WebSite","@id":"https:\/\/veritasinfo.org\/#website","url":"https:\/\/veritasinfo.org\/","name":"","description":"","potentialAction":[{"@type":"SearchAction","target":{"@type":"EntryPoint","urlTemplate":"https:\/\/veritasinfo.org\/?s={search_term_string}"},"query-input":{"@type":"PropertyValueSpecification","valueRequired":true,"valueName":"search_term_string"}}],"inLanguage":"en-US"},{"@type":"Person","@id":"https:\/\/veritasinfo.org\/#\/schema\/person\/bc442336e35414d04494ab8fb45db4c6","name":"US5","image":{"@type":"ImageObject","inLanguage":"en-US","@id":"https:\/\/veritasinfo.org\/#\/schema\/person\/image\/","url":"https:\/\/secure.gravatar.com\/avatar\/16a61e7272a0c5d001121ebb9e60e925d5816e4ac1e443ed3e640d9a6ae55d0c?s=96&d=mm&r=g","contentUrl":"https:\/\/secure.gravatar.com\/avatar\/16a61e7272a0c5d001121ebb9e60e925d5816e4ac1e443ed3e640d9a6ae55d0c?s=96&d=mm&r=g","caption":"US5"},"url":"https:\/\/veritasinfo.org\/?author=6"}]}},"featured_image_urls":{"full":["https:\/\/veritasinfo.org\/wp-content\/uploads\/2025\/10\/image-5.webp",1245,699,false],"thumbnail":["https:\/\/veritasinfo.org\/wp-content\/uploads\/2025\/10\/image-5-150x150.webp",150,150,true],"medium":["https:\/\/veritasinfo.org\/wp-content\/uploads\/2025\/10\/image-5-300x168.webp",300,168,true],"medium_large":["https:\/\/veritasinfo.org\/wp-content\/uploads\/2025\/10\/image-5-768x431.webp",640,359,true],"large":["https:\/\/veritasinfo.org\/wp-content\/uploads\/2025\/10\/image-5-1024x575.webp",640,359,true],"1536x1536":["https:\/\/veritasinfo.org\/wp-content\/uploads\/2025\/10\/image-5.webp",1245,699,false],"2048x2048":["https:\/\/veritasinfo.org\/wp-content\/uploads\/2025\/10\/image-5.webp",1245,699,false],"kreeti-slider-full":["https:\/\/veritasinfo.org\/wp-content\/uploads\/2025\/10\/image-5.webp",1245,699,false],"kreeti-featured":["https:\/\/veritasinfo.org\/wp-content\/uploads\/2025\/10\/image-5.webp",1024,575,false],"kreeti-medium":["https:\/\/veritasinfo.org\/wp-content\/uploads\/2025\/10\/image-5.webp",720,404,false],"kreeti-medium-square":["https:\/\/veritasinfo.org\/wp-content\/uploads\/2025\/10\/image-5.webp",350,197,false]},"author_info":{"info":["US5"]},"category_info":"<a href=\"https:\/\/veritasinfo.org\/?cat=60\" rel=\"category\">Shoq\u00ebrore<\/a>","tag_info":"Shoq\u00ebrore","comment_count":"0","_links":{"self":[{"href":"https:\/\/veritasinfo.org\/index.php?rest_route=\/wp\/v2\/posts\/17384","targetHints":{"allow":["GET"]}}],"collection":[{"href":"https:\/\/veritasinfo.org\/index.php?rest_route=\/wp\/v2\/posts"}],"about":[{"href":"https:\/\/veritasinfo.org\/index.php?rest_route=\/wp\/v2\/types\/post"}],"author":[{"embeddable":true,"href":"https:\/\/veritasinfo.org\/index.php?rest_route=\/wp\/v2\/users\/6"}],"replies":[{"embeddable":true,"href":"https:\/\/veritasinfo.org\/index.php?rest_route=%2Fwp%2Fv2%2Fcomments&post=17384"}],"version-history":[{"count":1,"href":"https:\/\/veritasinfo.org\/index.php?rest_route=\/wp\/v2\/posts\/17384\/revisions"}],"predecessor-version":[{"id":17386,"href":"https:\/\/veritasinfo.org\/index.php?rest_route=\/wp\/v2\/posts\/17384\/revisions\/17386"}],"wp:featuredmedia":[{"embeddable":true,"href":"https:\/\/veritasinfo.org\/index.php?rest_route=\/wp\/v2\/media\/17385"}],"wp:attachment":[{"href":"https:\/\/veritasinfo.org\/index.php?rest_route=%2Fwp%2Fv2%2Fmedia&parent=17384"}],"wp:term":[{"taxonomy":"category","embeddable":true,"href":"https:\/\/veritasinfo.org\/index.php?rest_route=%2Fwp%2Fv2%2Fcategories&post=17384"},{"taxonomy":"post_tag","embeddable":true,"href":"https:\/\/veritasinfo.org\/index.php?rest_route=%2Fwp%2Fv2%2Ftags&post=17384"}],"curies":[{"name":"wp","href":"https:\/\/api.w.org\/{rel}","templated":true}]}}