{"id":17349,"date":"2025-10-23T12:52:39","date_gmt":"2025-10-23T10:52:39","guid":{"rendered":"https:\/\/veritasinfo.org\/?p=17349"},"modified":"2025-10-23T12:52:39","modified_gmt":"2025-10-23T10:52:39","slug":"nenshkruhet-marreveshje-bashkepunimi-midis-policise-se-kosoves-dhe-universitetit-te-prishtines","status":"publish","type":"post","link":"https:\/\/veritasinfo.org\/?p=17349","title":{"rendered":"N\u00ebnshkruhet marr\u00ebveshje bashk\u00ebpunimi midis Policis\u00eb s\u00eb Kosov\u00ebs dhe Universitetit t\u00eb Prishtin\u00ebs"},"content":{"rendered":"<p>Prishtin\u00eb 23 Tetor 2025<\/p>\n<p>Policia e Kosov\u00ebs dhe Universiteti i Prishtin\u00ebs \u2013 Fakulteti i Inxhinieris\u00eb Elektrike dhe Kompjuterike n\u00ebnshkruan sot nj\u00eb marr\u00ebveshje bashk\u00ebpunimi me q\u00ebllim t\u00eb fuqizimit t\u00eb lidhjeve institucionale midis sektorit t\u00eb siguris\u00eb dhe komunitetit akademik. Kjo marr\u00ebveshje parashikon zhvillimin e burimeve njer\u00ebzore, p\u00ebrgatitjen profesionale t\u00eb stafit, si dhe pun\u00ebn e p\u00ebrbashk\u00ebt n\u00eb projekte k\u00ebrkimore dhe arsimore n\u00eb fush\u00ebn e teknologjis\u00eb s\u00eb informacionit dhe siguris\u00eb publike. Marr\u00ebveshjen e n\u00ebnshkruan drejtori i Policis\u00eb s\u00eb Kosov\u00ebs, kolonel Gazmend Hod\u017ea, dhe dekani i Fakultetit, prof. dr Isak \u0160abani, t\u00eb cil\u00ebt theksuan se ky hap do t\u00eb kontribuoj\u00eb n\u00eb modernizimin e sistemit policor dhe p\u00ebrmir\u00ebsimin e standardeve profesionale.<\/p>\n","protected":false},"excerpt":{"rendered":"<p>Prishtin\u00eb 23 Tetor 2025 Policia e Kosov\u00ebs dhe Universiteti i Prishtin\u00ebs \u2013 Fakulteti i Inxhinieris\u00eb Elektrike dhe Kompjuterike n\u00ebnshkruan sot nj\u00eb marr\u00ebveshje bashk\u00ebpunimi me q\u00ebllim<\/p>\n","protected":false},"author":6,"featured_media":17351,"comment_status":"open","ping_status":"open","sticky":false,"template":"","format":"standard","meta":{"footnotes":""},"categories":[60],"tags":[],"class_list":["post-17349","post","type-post","status-publish","format-standard","has-post-thumbnail","hentry","category-shoqerore-sq"],"yoast_head":"<!-- This site is optimized with the Yoast SEO plugin v25.3.1 - https:\/\/yoast.com\/wordpress\/plugins\/seo\/ -->\n<title>N\u00ebnshkruhet marr\u00ebveshje bashk\u00ebpunimi midis Policis\u00eb s\u00eb Kosov\u00ebs dhe Universitetit t\u00eb Prishtin\u00ebs -<\/title>\n<meta name=\"robots\" content=\"index, follow, max-snippet:-1, max-image-preview:large, max-video-preview:-1\" \/>\n<link rel=\"canonical\" href=\"https:\/\/veritasinfo.org\/?p=17349\" \/>\n<meta property=\"og:locale\" content=\"en_US\" \/>\n<meta property=\"og:type\" content=\"article\" \/>\n<meta property=\"og:title\" content=\"N\u00ebnshkruhet marr\u00ebveshje bashk\u00ebpunimi midis Policis\u00eb s\u00eb Kosov\u00ebs dhe Universitetit t\u00eb Prishtin\u00ebs -\" \/>\n<meta property=\"og:description\" content=\"Prishtin\u00eb 23 Tetor 2025 Policia e Kosov\u00ebs dhe Universiteti i Prishtin\u00ebs \u2013 Fakulteti i Inxhinieris\u00eb Elektrike dhe Kompjuterike n\u00ebnshkruan sot nj\u00eb marr\u00ebveshje bashk\u00ebpunimi me q\u00ebllim\" \/>\n<meta property=\"og:url\" content=\"https:\/\/veritasinfo.org\/?p=17349\" \/>\n<meta property=\"article:published_time\" content=\"2025-10-23T10:52:39+00:00\" \/>\n<meta property=\"og:image\" content=\"https:\/\/veritasinfo.org\/wp-content\/uploads\/2025\/10\/IMG-20251023-WA0002.jpg\" \/>\n\t<meta property=\"og:image:width\" content=\"1080\" \/>\n\t<meta property=\"og:image:height\" content=\"675\" \/>\n\t<meta property=\"og:image:type\" content=\"image\/jpeg\" \/>\n<meta name=\"author\" content=\"US5\" \/>\n<meta name=\"twitter:card\" content=\"summary_large_image\" \/>\n<meta name=\"twitter:label1\" content=\"Written by\" \/>\n\t<meta name=\"twitter:data1\" content=\"US5\" \/>\n\t<meta name=\"twitter:label2\" content=\"Est. reading time\" \/>\n\t<meta name=\"twitter:data2\" content=\"1 minute\" \/>\n<script type=\"application\/ld+json\" class=\"yoast-schema-graph\">{\"@context\":\"https:\/\/schema.org\",\"@graph\":[{\"@type\":\"WebPage\",\"@id\":\"https:\/\/veritasinfo.org\/?p=17349\",\"url\":\"https:\/\/veritasinfo.org\/?p=17349\",\"name\":\"N\u00ebnshkruhet marr\u00ebveshje bashk\u00ebpunimi midis Policis\u00eb s\u00eb Kosov\u00ebs dhe Universitetit t\u00eb Prishtin\u00ebs -\",\"isPartOf\":{\"@id\":\"https:\/\/veritasinfo.org\/#website\"},\"primaryImageOfPage\":{\"@id\":\"https:\/\/veritasinfo.org\/?p=17349#primaryimage\"},\"image\":{\"@id\":\"https:\/\/veritasinfo.org\/?p=17349#primaryimage\"},\"thumbnailUrl\":\"https:\/\/veritasinfo.org\/wp-content\/uploads\/2025\/10\/IMG-20251023-WA0002.jpg\",\"datePublished\":\"2025-10-23T10:52:39+00:00\",\"author\":{\"@id\":\"https:\/\/veritasinfo.org\/#\/schema\/person\/bc442336e35414d04494ab8fb45db4c6\"},\"breadcrumb\":{\"@id\":\"https:\/\/veritasinfo.org\/?p=17349#breadcrumb\"},\"inLanguage\":\"en-US\",\"potentialAction\":[{\"@type\":\"ReadAction\",\"target\":[\"https:\/\/veritasinfo.org\/?p=17349\"]}]},{\"@type\":\"ImageObject\",\"inLanguage\":\"en-US\",\"@id\":\"https:\/\/veritasinfo.org\/?p=17349#primaryimage\",\"url\":\"https:\/\/veritasinfo.org\/wp-content\/uploads\/2025\/10\/IMG-20251023-WA0002.jpg\",\"contentUrl\":\"https:\/\/veritasinfo.org\/wp-content\/uploads\/2025\/10\/IMG-20251023-WA0002.jpg\",\"width\":1080,\"height\":675},{\"@type\":\"BreadcrumbList\",\"@id\":\"https:\/\/veritasinfo.org\/?p=17349#breadcrumb\",\"itemListElement\":[{\"@type\":\"ListItem\",\"position\":1,\"name\":\"Home\",\"item\":\"https:\/\/veritasinfo.org\/\"},{\"@type\":\"ListItem\",\"position\":2,\"name\":\"N\u00ebnshkruhet marr\u00ebveshje bashk\u00ebpunimi midis Policis\u00eb s\u00eb Kosov\u00ebs dhe Universitetit t\u00eb Prishtin\u00ebs\"}]},{\"@type\":\"WebSite\",\"@id\":\"https:\/\/veritasinfo.org\/#website\",\"url\":\"https:\/\/veritasinfo.org\/\",\"name\":\"\",\"description\":\"\",\"potentialAction\":[{\"@type\":\"SearchAction\",\"target\":{\"@type\":\"EntryPoint\",\"urlTemplate\":\"https:\/\/veritasinfo.org\/?s={search_term_string}\"},\"query-input\":{\"@type\":\"PropertyValueSpecification\",\"valueRequired\":true,\"valueName\":\"search_term_string\"}}],\"inLanguage\":\"en-US\"},{\"@type\":\"Person\",\"@id\":\"https:\/\/veritasinfo.org\/#\/schema\/person\/bc442336e35414d04494ab8fb45db4c6\",\"name\":\"US5\",\"image\":{\"@type\":\"ImageObject\",\"inLanguage\":\"en-US\",\"@id\":\"https:\/\/veritasinfo.org\/#\/schema\/person\/image\/\",\"url\":\"https:\/\/secure.gravatar.com\/avatar\/16a61e7272a0c5d001121ebb9e60e925d5816e4ac1e443ed3e640d9a6ae55d0c?s=96&d=mm&r=g\",\"contentUrl\":\"https:\/\/secure.gravatar.com\/avatar\/16a61e7272a0c5d001121ebb9e60e925d5816e4ac1e443ed3e640d9a6ae55d0c?s=96&d=mm&r=g\",\"caption\":\"US5\"},\"url\":\"https:\/\/veritasinfo.org\/?author=6\"}]}<\/script>\n<!-- \/ Yoast SEO plugin. -->","yoast_head_json":{"title":"N\u00ebnshkruhet marr\u00ebveshje bashk\u00ebpunimi midis Policis\u00eb s\u00eb Kosov\u00ebs dhe Universitetit t\u00eb Prishtin\u00ebs -","robots":{"index":"index","follow":"follow","max-snippet":"max-snippet:-1","max-image-preview":"max-image-preview:large","max-video-preview":"max-video-preview:-1"},"canonical":"https:\/\/veritasinfo.org\/?p=17349","og_locale":"en_US","og_type":"article","og_title":"N\u00ebnshkruhet marr\u00ebveshje bashk\u00ebpunimi midis Policis\u00eb s\u00eb Kosov\u00ebs dhe Universitetit t\u00eb Prishtin\u00ebs -","og_description":"Prishtin\u00eb 23 Tetor 2025 Policia e Kosov\u00ebs dhe Universiteti i Prishtin\u00ebs \u2013 Fakulteti i Inxhinieris\u00eb Elektrike dhe Kompjuterike n\u00ebnshkruan sot nj\u00eb marr\u00ebveshje bashk\u00ebpunimi me q\u00ebllim","og_url":"https:\/\/veritasinfo.org\/?p=17349","article_published_time":"2025-10-23T10:52:39+00:00","og_image":[{"width":1080,"height":675,"url":"https:\/\/veritasinfo.org\/wp-content\/uploads\/2025\/10\/IMG-20251023-WA0002.jpg","type":"image\/jpeg"}],"author":"US5","twitter_card":"summary_large_image","twitter_misc":{"Written by":"US5","Est. reading time":"1 minute"},"schema":{"@context":"https:\/\/schema.org","@graph":[{"@type":"WebPage","@id":"https:\/\/veritasinfo.org\/?p=17349","url":"https:\/\/veritasinfo.org\/?p=17349","name":"N\u00ebnshkruhet marr\u00ebveshje bashk\u00ebpunimi midis Policis\u00eb s\u00eb Kosov\u00ebs dhe Universitetit t\u00eb Prishtin\u00ebs -","isPartOf":{"@id":"https:\/\/veritasinfo.org\/#website"},"primaryImageOfPage":{"@id":"https:\/\/veritasinfo.org\/?p=17349#primaryimage"},"image":{"@id":"https:\/\/veritasinfo.org\/?p=17349#primaryimage"},"thumbnailUrl":"https:\/\/veritasinfo.org\/wp-content\/uploads\/2025\/10\/IMG-20251023-WA0002.jpg","datePublished":"2025-10-23T10:52:39+00:00","author":{"@id":"https:\/\/veritasinfo.org\/#\/schema\/person\/bc442336e35414d04494ab8fb45db4c6"},"breadcrumb":{"@id":"https:\/\/veritasinfo.org\/?p=17349#breadcrumb"},"inLanguage":"en-US","potentialAction":[{"@type":"ReadAction","target":["https:\/\/veritasinfo.org\/?p=17349"]}]},{"@type":"ImageObject","inLanguage":"en-US","@id":"https:\/\/veritasinfo.org\/?p=17349#primaryimage","url":"https:\/\/veritasinfo.org\/wp-content\/uploads\/2025\/10\/IMG-20251023-WA0002.jpg","contentUrl":"https:\/\/veritasinfo.org\/wp-content\/uploads\/2025\/10\/IMG-20251023-WA0002.jpg","width":1080,"height":675},{"@type":"BreadcrumbList","@id":"https:\/\/veritasinfo.org\/?p=17349#breadcrumb","itemListElement":[{"@type":"ListItem","position":1,"name":"Home","item":"https:\/\/veritasinfo.org\/"},{"@type":"ListItem","position":2,"name":"N\u00ebnshkruhet marr\u00ebveshje bashk\u00ebpunimi midis Policis\u00eb s\u00eb Kosov\u00ebs dhe Universitetit t\u00eb Prishtin\u00ebs"}]},{"@type":"WebSite","@id":"https:\/\/veritasinfo.org\/#website","url":"https:\/\/veritasinfo.org\/","name":"","description":"","potentialAction":[{"@type":"SearchAction","target":{"@type":"EntryPoint","urlTemplate":"https:\/\/veritasinfo.org\/?s={search_term_string}"},"query-input":{"@type":"PropertyValueSpecification","valueRequired":true,"valueName":"search_term_string"}}],"inLanguage":"en-US"},{"@type":"Person","@id":"https:\/\/veritasinfo.org\/#\/schema\/person\/bc442336e35414d04494ab8fb45db4c6","name":"US5","image":{"@type":"ImageObject","inLanguage":"en-US","@id":"https:\/\/veritasinfo.org\/#\/schema\/person\/image\/","url":"https:\/\/secure.gravatar.com\/avatar\/16a61e7272a0c5d001121ebb9e60e925d5816e4ac1e443ed3e640d9a6ae55d0c?s=96&d=mm&r=g","contentUrl":"https:\/\/secure.gravatar.com\/avatar\/16a61e7272a0c5d001121ebb9e60e925d5816e4ac1e443ed3e640d9a6ae55d0c?s=96&d=mm&r=g","caption":"US5"},"url":"https:\/\/veritasinfo.org\/?author=6"}]}},"featured_image_urls":{"full":["https:\/\/veritasinfo.org\/wp-content\/uploads\/2025\/10\/IMG-20251023-WA0002.jpg",1080,675,false],"thumbnail":["https:\/\/veritasinfo.org\/wp-content\/uploads\/2025\/10\/IMG-20251023-WA0002-150x150.jpg",150,150,true],"medium":["https:\/\/veritasinfo.org\/wp-content\/uploads\/2025\/10\/IMG-20251023-WA0002-300x188.jpg",300,188,true],"medium_large":["https:\/\/veritasinfo.org\/wp-content\/uploads\/2025\/10\/IMG-20251023-WA0002-768x480.jpg",640,400,true],"large":["https:\/\/veritasinfo.org\/wp-content\/uploads\/2025\/10\/IMG-20251023-WA0002-1024x640.jpg",640,400,true],"1536x1536":["https:\/\/veritasinfo.org\/wp-content\/uploads\/2025\/10\/IMG-20251023-WA0002.jpg",1080,675,false],"2048x2048":["https:\/\/veritasinfo.org\/wp-content\/uploads\/2025\/10\/IMG-20251023-WA0002.jpg",1080,675,false],"kreeti-slider-full":["https:\/\/veritasinfo.org\/wp-content\/uploads\/2025\/10\/IMG-20251023-WA0002.jpg",1080,675,false],"kreeti-featured":["https:\/\/veritasinfo.org\/wp-content\/uploads\/2025\/10\/IMG-20251023-WA0002.jpg",1024,640,false],"kreeti-medium":["https:\/\/veritasinfo.org\/wp-content\/uploads\/2025\/10\/IMG-20251023-WA0002.jpg",720,450,false],"kreeti-medium-square":["https:\/\/veritasinfo.org\/wp-content\/uploads\/2025\/10\/IMG-20251023-WA0002.jpg",350,219,false]},"author_info":{"info":["US5"]},"category_info":"<a href=\"https:\/\/veritasinfo.org\/?cat=60\" rel=\"category\">Shoq\u00ebrore<\/a>","tag_info":"Shoq\u00ebrore","comment_count":"0","_links":{"self":[{"href":"https:\/\/veritasinfo.org\/index.php?rest_route=\/wp\/v2\/posts\/17349","targetHints":{"allow":["GET"]}}],"collection":[{"href":"https:\/\/veritasinfo.org\/index.php?rest_route=\/wp\/v2\/posts"}],"about":[{"href":"https:\/\/veritasinfo.org\/index.php?rest_route=\/wp\/v2\/types\/post"}],"author":[{"embeddable":true,"href":"https:\/\/veritasinfo.org\/index.php?rest_route=\/wp\/v2\/users\/6"}],"replies":[{"embeddable":true,"href":"https:\/\/veritasinfo.org\/index.php?rest_route=%2Fwp%2Fv2%2Fcomments&post=17349"}],"version-history":[{"count":1,"href":"https:\/\/veritasinfo.org\/index.php?rest_route=\/wp\/v2\/posts\/17349\/revisions"}],"predecessor-version":[{"id":17352,"href":"https:\/\/veritasinfo.org\/index.php?rest_route=\/wp\/v2\/posts\/17349\/revisions\/17352"}],"wp:featuredmedia":[{"embeddable":true,"href":"https:\/\/veritasinfo.org\/index.php?rest_route=\/wp\/v2\/media\/17351"}],"wp:attachment":[{"href":"https:\/\/veritasinfo.org\/index.php?rest_route=%2Fwp%2Fv2%2Fmedia&parent=17349"}],"wp:term":[{"taxonomy":"category","embeddable":true,"href":"https:\/\/veritasinfo.org\/index.php?rest_route=%2Fwp%2Fv2%2Fcategories&post=17349"},{"taxonomy":"post_tag","embeddable":true,"href":"https:\/\/veritasinfo.org\/index.php?rest_route=%2Fwp%2Fv2%2Ftags&post=17349"}],"curies":[{"name":"wp","href":"https:\/\/api.w.org\/{rel}","templated":true}]}}