{"id":17344,"date":"2025-10-23T12:28:05","date_gmt":"2025-10-23T10:28:05","guid":{"rendered":"https:\/\/veritasinfo.org\/?p=17344"},"modified":"2025-10-23T12:28:05","modified_gmt":"2025-10-23T10:28:05","slug":"osmani-zeri-i-te-mbijetuarve-te-dhunes-seksuale-themel-i-drejtesise","status":"publish","type":"post","link":"https:\/\/veritasinfo.org\/?p=17344","title":{"rendered":"Osmani: Z\u00ebri i t\u00eb mbijetuarve t\u00eb dhun\u00ebs seksuale, themel i drejt\u00ebsis\u00eb"},"content":{"rendered":"<p>Prishtin\u00eb 23 Tetor 2025<\/p>\n<p>N\u00eb sh\u00ebnimin e 25-vjetorit t\u00eb Agjend\u00ebs p\u00ebr Grat\u00eb, Paqen dhe Sigurin\u00eb, presidentja e Kosov\u00ebs, Vjosa Osmani, ka pritur n\u00eb Prishtin\u00eb delegacionin e Bordit K\u00ebshillues t\u00eb Qeveris\u00eb s\u00eb Mbret\u00ebris\u00eb s\u00eb Bashkuar t\u00eb Iniciativ\u00ebs p\u00ebr Parandalimin e Dhun\u00ebs Seksuale gjat\u00eb luft\u00ebs.<\/p>\n<p>Delegacioni p\u00ebrb\u00ebhej nga t\u00eb mbijetuar t\u00eb dhun\u00ebs seksuale nga vende t\u00eb ndryshme t\u00eb bot\u00ebs, t\u00eb cil\u00ebt ndan\u00eb historit\u00eb e tyre mbi dhimbjen, forc\u00ebn dhe rrug\u00ebtimin drejt tejkalimit t\u00eb traum\u00ebs. &#8220;Takimi u shnd\u00ebrrua n\u00eb nj\u00eb hap\u00ebsir\u00eb frym\u00ebzimi, diskutimi dhe shk\u00ebmbimi idesh t\u00eb reja p\u00ebr bashk\u00ebpunim nd\u00ebrkomb\u00ebtar n\u00eb mb\u00ebshtetje t\u00eb t\u00eb mbijetuarve&#8221;, njofton zyra p\u00ebr informim e Presidenc\u00ebs.<\/p>\n<p>Osmani tha se z\u00ebri i t\u00eb mbijetuarve t\u00eb dhun\u00ebs seksuale \u00ebsht\u00eb thelb\u00ebsor p\u00ebr hartimin e politikave t\u00eb q\u00ebndrueshme dhe efektive, q\u00eb synojn\u00eb sigurimin e mir\u00ebqenies s\u00eb plot\u00eb dhe drejt\u00ebsis\u00eb p\u00ebr t\u00eb gjith\u00eb.<\/p>\n","protected":false},"excerpt":{"rendered":"<p>Prishtin\u00eb 23 Tetor 2025 N\u00eb sh\u00ebnimin e 25-vjetorit t\u00eb Agjend\u00ebs p\u00ebr Grat\u00eb, Paqen dhe Sigurin\u00eb, presidentja e Kosov\u00ebs, Vjosa Osmani, ka pritur n\u00eb Prishtin\u00eb delegacionin<\/p>\n","protected":false},"author":6,"featured_media":17345,"comment_status":"open","ping_status":"open","sticky":false,"template":"","format":"standard","meta":{"footnotes":""},"categories":[60],"tags":[],"class_list":["post-17344","post","type-post","status-publish","format-standard","has-post-thumbnail","hentry","category-shoqerore-sq"],"yoast_head":"<!-- This site is optimized with the Yoast SEO plugin v25.3.1 - https:\/\/yoast.com\/wordpress\/plugins\/seo\/ -->\n<title>Osmani: Z\u00ebri i t\u00eb mbijetuarve t\u00eb dhun\u00ebs seksuale, themel i drejt\u00ebsis\u00eb -<\/title>\n<meta name=\"robots\" content=\"index, follow, max-snippet:-1, max-image-preview:large, max-video-preview:-1\" \/>\n<link rel=\"canonical\" href=\"https:\/\/veritasinfo.org\/?p=17344\" \/>\n<meta property=\"og:locale\" content=\"en_US\" \/>\n<meta property=\"og:type\" content=\"article\" \/>\n<meta property=\"og:title\" content=\"Osmani: Z\u00ebri i t\u00eb mbijetuarve t\u00eb dhun\u00ebs seksuale, themel i drejt\u00ebsis\u00eb -\" \/>\n<meta property=\"og:description\" content=\"Prishtin\u00eb 23 Tetor 2025 N\u00eb sh\u00ebnimin e 25-vjetorit t\u00eb Agjend\u00ebs p\u00ebr Grat\u00eb, Paqen dhe Sigurin\u00eb, presidentja e Kosov\u00ebs, Vjosa Osmani, ka pritur n\u00eb Prishtin\u00eb delegacionin\" \/>\n<meta property=\"og:url\" content=\"https:\/\/veritasinfo.org\/?p=17344\" \/>\n<meta property=\"article:published_time\" content=\"2025-10-23T10:28:05+00:00\" \/>\n<meta property=\"og:image\" content=\"https:\/\/veritasinfo.org\/wp-content\/uploads\/2025\/10\/707628-YofMlpbj80.jpg\" \/>\n\t<meta property=\"og:image:width\" content=\"780\" \/>\n\t<meta property=\"og:image:height\" content=\"500\" \/>\n\t<meta property=\"og:image:type\" content=\"image\/jpeg\" \/>\n<meta name=\"author\" content=\"US5\" \/>\n<meta name=\"twitter:card\" content=\"summary_large_image\" \/>\n<meta name=\"twitter:label1\" content=\"Written by\" \/>\n\t<meta name=\"twitter:data1\" content=\"US5\" \/>\n<script type=\"application\/ld+json\" class=\"yoast-schema-graph\">{\"@context\":\"https:\/\/schema.org\",\"@graph\":[{\"@type\":\"WebPage\",\"@id\":\"https:\/\/veritasinfo.org\/?p=17344\",\"url\":\"https:\/\/veritasinfo.org\/?p=17344\",\"name\":\"Osmani: Z\u00ebri i t\u00eb mbijetuarve t\u00eb dhun\u00ebs seksuale, themel i drejt\u00ebsis\u00eb -\",\"isPartOf\":{\"@id\":\"https:\/\/veritasinfo.org\/#website\"},\"primaryImageOfPage\":{\"@id\":\"https:\/\/veritasinfo.org\/?p=17344#primaryimage\"},\"image\":{\"@id\":\"https:\/\/veritasinfo.org\/?p=17344#primaryimage\"},\"thumbnailUrl\":\"https:\/\/veritasinfo.org\/wp-content\/uploads\/2025\/10\/707628-YofMlpbj80.jpg\",\"datePublished\":\"2025-10-23T10:28:05+00:00\",\"author\":{\"@id\":\"https:\/\/veritasinfo.org\/#\/schema\/person\/bc442336e35414d04494ab8fb45db4c6\"},\"breadcrumb\":{\"@id\":\"https:\/\/veritasinfo.org\/?p=17344#breadcrumb\"},\"inLanguage\":\"en-US\",\"potentialAction\":[{\"@type\":\"ReadAction\",\"target\":[\"https:\/\/veritasinfo.org\/?p=17344\"]}]},{\"@type\":\"ImageObject\",\"inLanguage\":\"en-US\",\"@id\":\"https:\/\/veritasinfo.org\/?p=17344#primaryimage\",\"url\":\"https:\/\/veritasinfo.org\/wp-content\/uploads\/2025\/10\/707628-YofMlpbj80.jpg\",\"contentUrl\":\"https:\/\/veritasinfo.org\/wp-content\/uploads\/2025\/10\/707628-YofMlpbj80.jpg\",\"width\":780,\"height\":500},{\"@type\":\"BreadcrumbList\",\"@id\":\"https:\/\/veritasinfo.org\/?p=17344#breadcrumb\",\"itemListElement\":[{\"@type\":\"ListItem\",\"position\":1,\"name\":\"Home\",\"item\":\"https:\/\/veritasinfo.org\/\"},{\"@type\":\"ListItem\",\"position\":2,\"name\":\"Osmani: Z\u00ebri i t\u00eb mbijetuarve t\u00eb dhun\u00ebs seksuale, themel i drejt\u00ebsis\u00eb\"}]},{\"@type\":\"WebSite\",\"@id\":\"https:\/\/veritasinfo.org\/#website\",\"url\":\"https:\/\/veritasinfo.org\/\",\"name\":\"\",\"description\":\"\",\"potentialAction\":[{\"@type\":\"SearchAction\",\"target\":{\"@type\":\"EntryPoint\",\"urlTemplate\":\"https:\/\/veritasinfo.org\/?s={search_term_string}\"},\"query-input\":{\"@type\":\"PropertyValueSpecification\",\"valueRequired\":true,\"valueName\":\"search_term_string\"}}],\"inLanguage\":\"en-US\"},{\"@type\":\"Person\",\"@id\":\"https:\/\/veritasinfo.org\/#\/schema\/person\/bc442336e35414d04494ab8fb45db4c6\",\"name\":\"US5\",\"image\":{\"@type\":\"ImageObject\",\"inLanguage\":\"en-US\",\"@id\":\"https:\/\/veritasinfo.org\/#\/schema\/person\/image\/\",\"url\":\"https:\/\/secure.gravatar.com\/avatar\/16a61e7272a0c5d001121ebb9e60e925d5816e4ac1e443ed3e640d9a6ae55d0c?s=96&d=mm&r=g\",\"contentUrl\":\"https:\/\/secure.gravatar.com\/avatar\/16a61e7272a0c5d001121ebb9e60e925d5816e4ac1e443ed3e640d9a6ae55d0c?s=96&d=mm&r=g\",\"caption\":\"US5\"},\"url\":\"https:\/\/veritasinfo.org\/?author=6\"}]}<\/script>\n<!-- \/ Yoast SEO plugin. -->","yoast_head_json":{"title":"Osmani: Z\u00ebri i t\u00eb mbijetuarve t\u00eb dhun\u00ebs seksuale, themel i drejt\u00ebsis\u00eb -","robots":{"index":"index","follow":"follow","max-snippet":"max-snippet:-1","max-image-preview":"max-image-preview:large","max-video-preview":"max-video-preview:-1"},"canonical":"https:\/\/veritasinfo.org\/?p=17344","og_locale":"en_US","og_type":"article","og_title":"Osmani: Z\u00ebri i t\u00eb mbijetuarve t\u00eb dhun\u00ebs seksuale, themel i drejt\u00ebsis\u00eb -","og_description":"Prishtin\u00eb 23 Tetor 2025 N\u00eb sh\u00ebnimin e 25-vjetorit t\u00eb Agjend\u00ebs p\u00ebr Grat\u00eb, Paqen dhe Sigurin\u00eb, presidentja e Kosov\u00ebs, Vjosa Osmani, ka pritur n\u00eb Prishtin\u00eb delegacionin","og_url":"https:\/\/veritasinfo.org\/?p=17344","article_published_time":"2025-10-23T10:28:05+00:00","og_image":[{"width":780,"height":500,"url":"https:\/\/veritasinfo.org\/wp-content\/uploads\/2025\/10\/707628-YofMlpbj80.jpg","type":"image\/jpeg"}],"author":"US5","twitter_card":"summary_large_image","twitter_misc":{"Written by":"US5"},"schema":{"@context":"https:\/\/schema.org","@graph":[{"@type":"WebPage","@id":"https:\/\/veritasinfo.org\/?p=17344","url":"https:\/\/veritasinfo.org\/?p=17344","name":"Osmani: Z\u00ebri i t\u00eb mbijetuarve t\u00eb dhun\u00ebs seksuale, themel i drejt\u00ebsis\u00eb -","isPartOf":{"@id":"https:\/\/veritasinfo.org\/#website"},"primaryImageOfPage":{"@id":"https:\/\/veritasinfo.org\/?p=17344#primaryimage"},"image":{"@id":"https:\/\/veritasinfo.org\/?p=17344#primaryimage"},"thumbnailUrl":"https:\/\/veritasinfo.org\/wp-content\/uploads\/2025\/10\/707628-YofMlpbj80.jpg","datePublished":"2025-10-23T10:28:05+00:00","author":{"@id":"https:\/\/veritasinfo.org\/#\/schema\/person\/bc442336e35414d04494ab8fb45db4c6"},"breadcrumb":{"@id":"https:\/\/veritasinfo.org\/?p=17344#breadcrumb"},"inLanguage":"en-US","potentialAction":[{"@type":"ReadAction","target":["https:\/\/veritasinfo.org\/?p=17344"]}]},{"@type":"ImageObject","inLanguage":"en-US","@id":"https:\/\/veritasinfo.org\/?p=17344#primaryimage","url":"https:\/\/veritasinfo.org\/wp-content\/uploads\/2025\/10\/707628-YofMlpbj80.jpg","contentUrl":"https:\/\/veritasinfo.org\/wp-content\/uploads\/2025\/10\/707628-YofMlpbj80.jpg","width":780,"height":500},{"@type":"BreadcrumbList","@id":"https:\/\/veritasinfo.org\/?p=17344#breadcrumb","itemListElement":[{"@type":"ListItem","position":1,"name":"Home","item":"https:\/\/veritasinfo.org\/"},{"@type":"ListItem","position":2,"name":"Osmani: Z\u00ebri i t\u00eb mbijetuarve t\u00eb dhun\u00ebs seksuale, themel i drejt\u00ebsis\u00eb"}]},{"@type":"WebSite","@id":"https:\/\/veritasinfo.org\/#website","url":"https:\/\/veritasinfo.org\/","name":"","description":"","potentialAction":[{"@type":"SearchAction","target":{"@type":"EntryPoint","urlTemplate":"https:\/\/veritasinfo.org\/?s={search_term_string}"},"query-input":{"@type":"PropertyValueSpecification","valueRequired":true,"valueName":"search_term_string"}}],"inLanguage":"en-US"},{"@type":"Person","@id":"https:\/\/veritasinfo.org\/#\/schema\/person\/bc442336e35414d04494ab8fb45db4c6","name":"US5","image":{"@type":"ImageObject","inLanguage":"en-US","@id":"https:\/\/veritasinfo.org\/#\/schema\/person\/image\/","url":"https:\/\/secure.gravatar.com\/avatar\/16a61e7272a0c5d001121ebb9e60e925d5816e4ac1e443ed3e640d9a6ae55d0c?s=96&d=mm&r=g","contentUrl":"https:\/\/secure.gravatar.com\/avatar\/16a61e7272a0c5d001121ebb9e60e925d5816e4ac1e443ed3e640d9a6ae55d0c?s=96&d=mm&r=g","caption":"US5"},"url":"https:\/\/veritasinfo.org\/?author=6"}]}},"featured_image_urls":{"full":["https:\/\/veritasinfo.org\/wp-content\/uploads\/2025\/10\/707628-YofMlpbj80.jpg",780,500,false],"thumbnail":["https:\/\/veritasinfo.org\/wp-content\/uploads\/2025\/10\/707628-YofMlpbj80-150x150.jpg",150,150,true],"medium":["https:\/\/veritasinfo.org\/wp-content\/uploads\/2025\/10\/707628-YofMlpbj80-300x192.jpg",300,192,true],"medium_large":["https:\/\/veritasinfo.org\/wp-content\/uploads\/2025\/10\/707628-YofMlpbj80-768x492.jpg",640,410,true],"large":["https:\/\/veritasinfo.org\/wp-content\/uploads\/2025\/10\/707628-YofMlpbj80.jpg",640,410,false],"1536x1536":["https:\/\/veritasinfo.org\/wp-content\/uploads\/2025\/10\/707628-YofMlpbj80.jpg",780,500,false],"2048x2048":["https:\/\/veritasinfo.org\/wp-content\/uploads\/2025\/10\/707628-YofMlpbj80.jpg",780,500,false],"kreeti-slider-full":["https:\/\/veritasinfo.org\/wp-content\/uploads\/2025\/10\/707628-YofMlpbj80.jpg",780,500,false],"kreeti-featured":["https:\/\/veritasinfo.org\/wp-content\/uploads\/2025\/10\/707628-YofMlpbj80.jpg",780,500,false],"kreeti-medium":["https:\/\/veritasinfo.org\/wp-content\/uploads\/2025\/10\/707628-YofMlpbj80.jpg",720,462,false],"kreeti-medium-square":["https:\/\/veritasinfo.org\/wp-content\/uploads\/2025\/10\/707628-YofMlpbj80.jpg",350,224,false]},"author_info":{"info":["US5"]},"category_info":"<a href=\"https:\/\/veritasinfo.org\/?cat=60\" rel=\"category\">Shoq\u00ebrore<\/a>","tag_info":"Shoq\u00ebrore","comment_count":"0","_links":{"self":[{"href":"https:\/\/veritasinfo.org\/index.php?rest_route=\/wp\/v2\/posts\/17344","targetHints":{"allow":["GET"]}}],"collection":[{"href":"https:\/\/veritasinfo.org\/index.php?rest_route=\/wp\/v2\/posts"}],"about":[{"href":"https:\/\/veritasinfo.org\/index.php?rest_route=\/wp\/v2\/types\/post"}],"author":[{"embeddable":true,"href":"https:\/\/veritasinfo.org\/index.php?rest_route=\/wp\/v2\/users\/6"}],"replies":[{"embeddable":true,"href":"https:\/\/veritasinfo.org\/index.php?rest_route=%2Fwp%2Fv2%2Fcomments&post=17344"}],"version-history":[{"count":1,"href":"https:\/\/veritasinfo.org\/index.php?rest_route=\/wp\/v2\/posts\/17344\/revisions"}],"predecessor-version":[{"id":17346,"href":"https:\/\/veritasinfo.org\/index.php?rest_route=\/wp\/v2\/posts\/17344\/revisions\/17346"}],"wp:featuredmedia":[{"embeddable":true,"href":"https:\/\/veritasinfo.org\/index.php?rest_route=\/wp\/v2\/media\/17345"}],"wp:attachment":[{"href":"https:\/\/veritasinfo.org\/index.php?rest_route=%2Fwp%2Fv2%2Fmedia&parent=17344"}],"wp:term":[{"taxonomy":"category","embeddable":true,"href":"https:\/\/veritasinfo.org\/index.php?rest_route=%2Fwp%2Fv2%2Fcategories&post=17344"},{"taxonomy":"post_tag","embeddable":true,"href":"https:\/\/veritasinfo.org\/index.php?rest_route=%2Fwp%2Fv2%2Ftags&post=17344"}],"curies":[{"name":"wp","href":"https:\/\/api.w.org\/{rel}","templated":true}]}}