{"id":1731,"date":"2025-06-27T12:21:56","date_gmt":"2025-06-27T10:21:56","guid":{"rendered":"https:\/\/veritasinfo.org\/?p=1731"},"modified":"2025-06-27T12:21:56","modified_gmt":"2025-06-27T10:21:56","slug":"aktakuze-ndaj-nje-personi-per-krime-lufte-ne-gjakove-vrasje-keqtrajtim-e-debim-te-shqiptareve","status":"publish","type":"post","link":"https:\/\/veritasinfo.org\/?p=1731","title":{"rendered":"Aktakuz\u00eb ndaj nj\u00eb personi p\u00ebr krime lufte n\u00eb Gjakov\u00eb \u2013 vrasje, keqtrajtim e d\u00ebbim t\u00eb shqiptar\u00ebve"},"content":{"rendered":"<p>Prishtin\u00eb, 27 Qershor 2025<\/p>\n<p>Prokuroria Speciale e Republik\u00ebs s\u00eb Kosov\u00ebs ka ngritur aktakuz\u00eb kund\u00ebr t\u00eb pandehurit D. R, p\u00ebr vepr\u00ebn penale \u201cKrim i Luft\u00ebs kund\u00ebr popullsis\u00eb civile\u201d.<\/p>\n<div class=\"instream-video\">\n<div data-id=\"2kQm8Ze4251g\">\n<div class=\"orp-player-wrapper orp-aspectRateFixed orp-tiny-size orp-player-ipm orp-player-ipm-hidden orp-force-hide-player\">Prokuroria ka njoftuar se hetimet kan\u00eb v\u00ebrtetuar se gjat\u00eb periudh\u00ebs 7\u201310 maj 1999, n\u00eb qytetin e Gjakov\u00ebs, i pandehuri ka marr\u00eb pjes\u00eb n\u00eb sulm t\u00eb gjer\u00eb dhe t\u00eb organizuar t\u00eb forcave ushtarake, policore dhe paramilitare serbe kund\u00ebr popullsis\u00eb civile shqiptare, duke vepruar n\u00eb bashk\u00ebkryerje me persona t\u00eb tjer\u00eb.<\/div>\n<\/div>\n<\/div>\n<p>\u201cD.R akuzohet p\u00ebr vrasjen e tre civil\u00ebve shqiptar\u00eb, t\u00eb cil\u00ebt m\u00eb pas jan\u00eb keqtrajtuar fizikisht, p\u00ebr d\u00ebbim t\u00eb dhunsh\u00ebm t\u00eb popullsis\u00eb civile shqiptare nga lagjet e tyre, pla\u00e7kitje dhe shkat\u00ebrrim t\u00eb sht\u00ebpive n\u00eb disa lagje t\u00eb qytetit t\u00eb Gjakov\u00ebs\u201d, thuhet n\u00eb njoftim.<\/p>\n<p>Aktakuza bazohet n\u00eb d\u00ebshmi t\u00eb viktimave dhe d\u00ebshmitar\u00ebve okular\u00eb, n\u00eb identifikimin e t\u00eb pandehurit p\u00ebrmes fotografive, raporte t\u00eb Institutit t\u00eb Mjek\u00ebsis\u00eb Ligjore, si dhe prova t\u00eb tjera materiale t\u00eb mbledhura gjat\u00eb hetimeve, njoftoi tutje Prokuroria.<\/p>\n<div id=\"__ads-300x250in-4\" class=\"__ads-300x250-inarticle\" data-google-query-id=\"COXZhqSwkY4DFUiHfAYdwgIiSQ\">\n<div id=\"futureads_async_1819679697\" data-zone=\"75ad420e-1de5-4209-9067-ba1c1e0e9247\" data-sender=\"futureads\" data-parent-id=\"google_ads_iframe_\/21895329656\/300x250-in-article_0__container__\">\n<div class=\"resize-sensor\" dir=\"ltr\">\n<div class=\"resize-sensor-expand\">\n<div>D.R. \u00ebsht\u00eb aktualisht n\u00eb paraburgim, nd\u00ebrsa Prokuroria Speciale ka propozuar vazhdimin e paraburgimit, p\u00ebr shkak t\u00eb rrezikut t\u00eb arratisjes.<\/div>\n<\/div>\n<\/div>\n<\/div>\n<\/div>\n","protected":false},"excerpt":{"rendered":"<p>Prishtin\u00eb, 27 Qershor 2025 Prokuroria Speciale e Republik\u00ebs s\u00eb Kosov\u00ebs ka ngritur aktakuz\u00eb kund\u00ebr t\u00eb pandehurit D. R, p\u00ebr vepr\u00ebn penale \u201cKrim i Luft\u00ebs kund\u00ebr<\/p>\n","protected":false},"author":1,"featured_media":1732,"comment_status":"open","ping_status":"open","sticky":false,"template":"","format":"standard","meta":{"footnotes":""},"categories":[60],"tags":[],"class_list":["post-1731","post","type-post","status-publish","format-standard","has-post-thumbnail","hentry","category-shoqerore-sq"],"yoast_head":"<!-- This site is optimized with the Yoast SEO plugin v25.3.1 - https:\/\/yoast.com\/wordpress\/plugins\/seo\/ -->\n<title>Aktakuz\u00eb ndaj nj\u00eb personi p\u00ebr krime lufte n\u00eb Gjakov\u00eb \u2013 vrasje, keqtrajtim e d\u00ebbim t\u00eb shqiptar\u00ebve -<\/title>\n<meta name=\"robots\" content=\"index, follow, max-snippet:-1, max-image-preview:large, max-video-preview:-1\" \/>\n<link rel=\"canonical\" href=\"https:\/\/veritasinfo.org\/?p=1731\" \/>\n<meta property=\"og:locale\" content=\"en_US\" \/>\n<meta property=\"og:type\" content=\"article\" \/>\n<meta property=\"og:title\" content=\"Aktakuz\u00eb ndaj nj\u00eb personi p\u00ebr krime lufte n\u00eb Gjakov\u00eb \u2013 vrasje, keqtrajtim e d\u00ebbim t\u00eb shqiptar\u00ebve -\" \/>\n<meta property=\"og:description\" content=\"Prishtin\u00eb, 27 Qershor 2025 Prokuroria Speciale e Republik\u00ebs s\u00eb Kosov\u00ebs ka ngritur aktakuz\u00eb kund\u00ebr t\u00eb pandehurit D. R, p\u00ebr vepr\u00ebn penale \u201cKrim i Luft\u00ebs kund\u00ebr\" \/>\n<meta property=\"og:url\" content=\"https:\/\/veritasinfo.org\/?p=1731\" \/>\n<meta property=\"article:published_time\" content=\"2025-06-27T10:21:56+00:00\" \/>\n<meta property=\"og:image\" content=\"https:\/\/veritasinfo.org\/wp-content\/uploads\/2025\/06\/IMG_1588.webp\" \/>\n\t<meta property=\"og:image:width\" content=\"1022\" \/>\n\t<meta property=\"og:image:height\" content=\"683\" \/>\n\t<meta property=\"og:image:type\" content=\"image\/webp\" \/>\n<meta name=\"author\" content=\"admin\" \/>\n<meta name=\"twitter:card\" content=\"summary_large_image\" \/>\n<meta name=\"twitter:label1\" content=\"Written by\" \/>\n\t<meta name=\"twitter:data1\" content=\"admin\" \/>\n\t<meta name=\"twitter:label2\" content=\"Est. reading time\" \/>\n\t<meta name=\"twitter:data2\" content=\"1 minute\" \/>\n<script type=\"application\/ld+json\" class=\"yoast-schema-graph\">{\"@context\":\"https:\/\/schema.org\",\"@graph\":[{\"@type\":\"WebPage\",\"@id\":\"https:\/\/veritasinfo.org\/?p=1731\",\"url\":\"https:\/\/veritasinfo.org\/?p=1731\",\"name\":\"Aktakuz\u00eb ndaj nj\u00eb personi p\u00ebr krime lufte n\u00eb Gjakov\u00eb \u2013 vrasje, keqtrajtim e d\u00ebbim t\u00eb shqiptar\u00ebve -\",\"isPartOf\":{\"@id\":\"https:\/\/veritasinfo.org\/#website\"},\"primaryImageOfPage\":{\"@id\":\"https:\/\/veritasinfo.org\/?p=1731#primaryimage\"},\"image\":{\"@id\":\"https:\/\/veritasinfo.org\/?p=1731#primaryimage\"},\"thumbnailUrl\":\"https:\/\/veritasinfo.org\/wp-content\/uploads\/2025\/06\/IMG_1588.webp\",\"datePublished\":\"2025-06-27T10:21:56+00:00\",\"author\":{\"@id\":\"https:\/\/veritasinfo.org\/#\/schema\/person\/7701f8c088bece422266b100a712374f\"},\"breadcrumb\":{\"@id\":\"https:\/\/veritasinfo.org\/?p=1731#breadcrumb\"},\"inLanguage\":\"en-US\",\"potentialAction\":[{\"@type\":\"ReadAction\",\"target\":[\"https:\/\/veritasinfo.org\/?p=1731\"]}]},{\"@type\":\"ImageObject\",\"inLanguage\":\"en-US\",\"@id\":\"https:\/\/veritasinfo.org\/?p=1731#primaryimage\",\"url\":\"https:\/\/veritasinfo.org\/wp-content\/uploads\/2025\/06\/IMG_1588.webp\",\"contentUrl\":\"https:\/\/veritasinfo.org\/wp-content\/uploads\/2025\/06\/IMG_1588.webp\",\"width\":1022,\"height\":683},{\"@type\":\"BreadcrumbList\",\"@id\":\"https:\/\/veritasinfo.org\/?p=1731#breadcrumb\",\"itemListElement\":[{\"@type\":\"ListItem\",\"position\":1,\"name\":\"Home\",\"item\":\"https:\/\/veritasinfo.org\/\"},{\"@type\":\"ListItem\",\"position\":2,\"name\":\"Aktakuz\u00eb ndaj nj\u00eb personi p\u00ebr krime lufte n\u00eb Gjakov\u00eb \u2013 vrasje, keqtrajtim e d\u00ebbim t\u00eb shqiptar\u00ebve\"}]},{\"@type\":\"WebSite\",\"@id\":\"https:\/\/veritasinfo.org\/#website\",\"url\":\"https:\/\/veritasinfo.org\/\",\"name\":\"\",\"description\":\"\",\"potentialAction\":[{\"@type\":\"SearchAction\",\"target\":{\"@type\":\"EntryPoint\",\"urlTemplate\":\"https:\/\/veritasinfo.org\/?s={search_term_string}\"},\"query-input\":{\"@type\":\"PropertyValueSpecification\",\"valueRequired\":true,\"valueName\":\"search_term_string\"}}],\"inLanguage\":\"en-US\"},{\"@type\":\"Person\",\"@id\":\"https:\/\/veritasinfo.org\/#\/schema\/person\/7701f8c088bece422266b100a712374f\",\"name\":\"admin\",\"image\":{\"@type\":\"ImageObject\",\"inLanguage\":\"en-US\",\"@id\":\"https:\/\/veritasinfo.org\/#\/schema\/person\/image\/\",\"url\":\"https:\/\/secure.gravatar.com\/avatar\/ea53aa3bf6c9a12d5fde8ce4deff43fef3885ae33cf60184161a50d6987cfd2f?s=96&d=mm&r=g\",\"contentUrl\":\"https:\/\/secure.gravatar.com\/avatar\/ea53aa3bf6c9a12d5fde8ce4deff43fef3885ae33cf60184161a50d6987cfd2f?s=96&d=mm&r=g\",\"caption\":\"admin\"},\"sameAs\":[\"https:\/\/veritasinfo.org\"],\"url\":\"https:\/\/veritasinfo.org\/?author=1\"}]}<\/script>\n<!-- \/ Yoast SEO plugin. -->","yoast_head_json":{"title":"Aktakuz\u00eb ndaj nj\u00eb personi p\u00ebr krime lufte n\u00eb Gjakov\u00eb \u2013 vrasje, keqtrajtim e d\u00ebbim t\u00eb shqiptar\u00ebve -","robots":{"index":"index","follow":"follow","max-snippet":"max-snippet:-1","max-image-preview":"max-image-preview:large","max-video-preview":"max-video-preview:-1"},"canonical":"https:\/\/veritasinfo.org\/?p=1731","og_locale":"en_US","og_type":"article","og_title":"Aktakuz\u00eb ndaj nj\u00eb personi p\u00ebr krime lufte n\u00eb Gjakov\u00eb \u2013 vrasje, keqtrajtim e d\u00ebbim t\u00eb shqiptar\u00ebve -","og_description":"Prishtin\u00eb, 27 Qershor 2025 Prokuroria Speciale e Republik\u00ebs s\u00eb Kosov\u00ebs ka ngritur aktakuz\u00eb kund\u00ebr t\u00eb pandehurit D. R, p\u00ebr vepr\u00ebn penale \u201cKrim i Luft\u00ebs kund\u00ebr","og_url":"https:\/\/veritasinfo.org\/?p=1731","article_published_time":"2025-06-27T10:21:56+00:00","og_image":[{"width":1022,"height":683,"url":"https:\/\/veritasinfo.org\/wp-content\/uploads\/2025\/06\/IMG_1588.webp","type":"image\/webp"}],"author":"admin","twitter_card":"summary_large_image","twitter_misc":{"Written by":"admin","Est. reading time":"1 minute"},"schema":{"@context":"https:\/\/schema.org","@graph":[{"@type":"WebPage","@id":"https:\/\/veritasinfo.org\/?p=1731","url":"https:\/\/veritasinfo.org\/?p=1731","name":"Aktakuz\u00eb ndaj nj\u00eb personi p\u00ebr krime lufte n\u00eb Gjakov\u00eb \u2013 vrasje, keqtrajtim e d\u00ebbim t\u00eb shqiptar\u00ebve -","isPartOf":{"@id":"https:\/\/veritasinfo.org\/#website"},"primaryImageOfPage":{"@id":"https:\/\/veritasinfo.org\/?p=1731#primaryimage"},"image":{"@id":"https:\/\/veritasinfo.org\/?p=1731#primaryimage"},"thumbnailUrl":"https:\/\/veritasinfo.org\/wp-content\/uploads\/2025\/06\/IMG_1588.webp","datePublished":"2025-06-27T10:21:56+00:00","author":{"@id":"https:\/\/veritasinfo.org\/#\/schema\/person\/7701f8c088bece422266b100a712374f"},"breadcrumb":{"@id":"https:\/\/veritasinfo.org\/?p=1731#breadcrumb"},"inLanguage":"en-US","potentialAction":[{"@type":"ReadAction","target":["https:\/\/veritasinfo.org\/?p=1731"]}]},{"@type":"ImageObject","inLanguage":"en-US","@id":"https:\/\/veritasinfo.org\/?p=1731#primaryimage","url":"https:\/\/veritasinfo.org\/wp-content\/uploads\/2025\/06\/IMG_1588.webp","contentUrl":"https:\/\/veritasinfo.org\/wp-content\/uploads\/2025\/06\/IMG_1588.webp","width":1022,"height":683},{"@type":"BreadcrumbList","@id":"https:\/\/veritasinfo.org\/?p=1731#breadcrumb","itemListElement":[{"@type":"ListItem","position":1,"name":"Home","item":"https:\/\/veritasinfo.org\/"},{"@type":"ListItem","position":2,"name":"Aktakuz\u00eb ndaj nj\u00eb personi p\u00ebr krime lufte n\u00eb Gjakov\u00eb \u2013 vrasje, keqtrajtim e d\u00ebbim t\u00eb shqiptar\u00ebve"}]},{"@type":"WebSite","@id":"https:\/\/veritasinfo.org\/#website","url":"https:\/\/veritasinfo.org\/","name":"","description":"","potentialAction":[{"@type":"SearchAction","target":{"@type":"EntryPoint","urlTemplate":"https:\/\/veritasinfo.org\/?s={search_term_string}"},"query-input":{"@type":"PropertyValueSpecification","valueRequired":true,"valueName":"search_term_string"}}],"inLanguage":"en-US"},{"@type":"Person","@id":"https:\/\/veritasinfo.org\/#\/schema\/person\/7701f8c088bece422266b100a712374f","name":"admin","image":{"@type":"ImageObject","inLanguage":"en-US","@id":"https:\/\/veritasinfo.org\/#\/schema\/person\/image\/","url":"https:\/\/secure.gravatar.com\/avatar\/ea53aa3bf6c9a12d5fde8ce4deff43fef3885ae33cf60184161a50d6987cfd2f?s=96&d=mm&r=g","contentUrl":"https:\/\/secure.gravatar.com\/avatar\/ea53aa3bf6c9a12d5fde8ce4deff43fef3885ae33cf60184161a50d6987cfd2f?s=96&d=mm&r=g","caption":"admin"},"sameAs":["https:\/\/veritasinfo.org"],"url":"https:\/\/veritasinfo.org\/?author=1"}]}},"featured_image_urls":{"full":["https:\/\/veritasinfo.org\/wp-content\/uploads\/2025\/06\/IMG_1588.webp",1022,683,false],"thumbnail":["https:\/\/veritasinfo.org\/wp-content\/uploads\/2025\/06\/IMG_1588-150x150.webp",150,150,true],"medium":["https:\/\/veritasinfo.org\/wp-content\/uploads\/2025\/06\/IMG_1588-300x200.webp",300,200,true],"medium_large":["https:\/\/veritasinfo.org\/wp-content\/uploads\/2025\/06\/IMG_1588-768x513.webp",640,428,true],"large":["https:\/\/veritasinfo.org\/wp-content\/uploads\/2025\/06\/IMG_1588.webp",640,428,false],"1536x1536":["https:\/\/veritasinfo.org\/wp-content\/uploads\/2025\/06\/IMG_1588.webp",1022,683,false],"2048x2048":["https:\/\/veritasinfo.org\/wp-content\/uploads\/2025\/06\/IMG_1588.webp",1022,683,false],"kreeti-slider-full":["https:\/\/veritasinfo.org\/wp-content\/uploads\/2025\/06\/IMG_1588.webp",1022,683,false],"kreeti-featured":["https:\/\/veritasinfo.org\/wp-content\/uploads\/2025\/06\/IMG_1588.webp",1022,683,false],"kreeti-medium":["https:\/\/veritasinfo.org\/wp-content\/uploads\/2025\/06\/IMG_1588.webp",720,481,false],"kreeti-medium-square":["https:\/\/veritasinfo.org\/wp-content\/uploads\/2025\/06\/IMG_1588.webp",350,234,false]},"author_info":{"info":["admin"]},"category_info":"<a href=\"https:\/\/veritasinfo.org\/?cat=60\" rel=\"category\">Shoq\u00ebrore<\/a>","tag_info":"Shoq\u00ebrore","comment_count":"0","_links":{"self":[{"href":"https:\/\/veritasinfo.org\/index.php?rest_route=\/wp\/v2\/posts\/1731","targetHints":{"allow":["GET"]}}],"collection":[{"href":"https:\/\/veritasinfo.org\/index.php?rest_route=\/wp\/v2\/posts"}],"about":[{"href":"https:\/\/veritasinfo.org\/index.php?rest_route=\/wp\/v2\/types\/post"}],"author":[{"embeddable":true,"href":"https:\/\/veritasinfo.org\/index.php?rest_route=\/wp\/v2\/users\/1"}],"replies":[{"embeddable":true,"href":"https:\/\/veritasinfo.org\/index.php?rest_route=%2Fwp%2Fv2%2Fcomments&post=1731"}],"version-history":[{"count":1,"href":"https:\/\/veritasinfo.org\/index.php?rest_route=\/wp\/v2\/posts\/1731\/revisions"}],"predecessor-version":[{"id":1733,"href":"https:\/\/veritasinfo.org\/index.php?rest_route=\/wp\/v2\/posts\/1731\/revisions\/1733"}],"wp:featuredmedia":[{"embeddable":true,"href":"https:\/\/veritasinfo.org\/index.php?rest_route=\/wp\/v2\/media\/1732"}],"wp:attachment":[{"href":"https:\/\/veritasinfo.org\/index.php?rest_route=%2Fwp%2Fv2%2Fmedia&parent=1731"}],"wp:term":[{"taxonomy":"category","embeddable":true,"href":"https:\/\/veritasinfo.org\/index.php?rest_route=%2Fwp%2Fv2%2Fcategories&post=1731"},{"taxonomy":"post_tag","embeddable":true,"href":"https:\/\/veritasinfo.org\/index.php?rest_route=%2Fwp%2Fv2%2Ftags&post=1731"}],"curies":[{"name":"wp","href":"https:\/\/api.w.org\/{rel}","templated":true}]}}