{"id":17253,"date":"2025-10-22T18:39:52","date_gmt":"2025-10-22T16:39:52","guid":{"rendered":"https:\/\/veritasinfo.org\/?p=17253"},"modified":"2025-10-22T18:39:52","modified_gmt":"2025-10-22T16:39:52","slug":"kurti-sulmi-terrorist-ne-banjske-nuk-mund-te-injorohet-drejtesia-ende-nuk-eshte-vene-ne-vend","status":"publish","type":"post","link":"https:\/\/veritasinfo.org\/?p=17253","title":{"rendered":"Kurti: Sulmi terrorist n\u00eb Banjsk\u00eb nuk mund t\u00eb injorohet, drejt\u00ebsia ende nuk \u00ebsht\u00eb v\u00ebn\u00eb n\u00eb vend"},"content":{"rendered":"<p>Lond\u00ebr\u00a0 22 Tetor 2025<\/p>\n<p>N\u00eb Lond\u00ebr po mbahet samiti i Procesit t\u00eb Berlinit, ku po marrin pjes\u00eb gjasht\u00eb lider\u00eb t\u00eb shteteve t\u00eb Ballkanit Per\u00ebndimor, sikurse edhe kryeministri britanik, Keir Starmer, kancelari gjerman, Friedrich Merz si dhe lider\u00eb tjer\u00eb t\u00eb shteteve t\u00eb BE-s\u00eb.<\/p>\n<p>Kryeministri i Kosov\u00ebs Albin Kurti, mbajti nj\u00eb fjalim para t\u00eb pranishm\u00ebve, ku tha se sulmi terrorist n\u00eb Banjsk\u00eb nuk mund t\u00eb injorohet dhe se drejt\u00ebsia ende nuk \u00ebsht\u00eb v\u00ebn\u00eb n\u00eb vend.<\/p>\n<p>\u201cSulmi terrorist n\u00eb Banjsk\u00eb nuk mund t\u00eb injorohet. Millan Radoi\u00e7iqi ka pranuar p\u00ebrgjegj\u00ebsin\u00eb, megjithat\u00eb drejt\u00ebsia ende nuk \u00ebsht\u00eb v\u00ebn\u00eb n\u00eb vend. Fqinjit ton\u00eb armiq\u00ebsor n\u00eb veri nuk duhet t\u2019i lejohet t\u00eb veproj\u00eb me pand\u00ebshkueshm\u00ebri, pasi kjo nxit inkursione t\u00eb reja dhe d\u00ebrgon nj\u00eb sinjal t\u00eb rreziksh\u00ebm se sulmet ndaj sovranitetit dhe integritetit territorial t\u00eb Kosov\u00ebs mund t\u00eb mbeten t\u00eb pand\u00ebshkuara\u201d, tha Kurti.<\/p>\n<p>Ai k\u00ebrkoi specifikisht nga Londra q\u00eb t\u00eb ndihmoj\u00eb n\u00eb an\u00ebtar\u00ebsimin e vendeve t\u00eb BP-s\u00eb n\u00eb BE, por edhe n\u00eb NATO.<\/p>\n<div class=\"code-block code-block-7\">\u2019Sot, kur kemi luft\u00eb n\u00eb Evrop\u00eb si pasoj\u00eb e agresionit rus n\u00eb Ukrain\u00eb, Londra mund t\u00eb ndihmoj\u00eb shum\u00eb duke mb\u00ebshtetur vendet e Ballkanit Per\u00ebndimor q\u00eb duan t\u2019i bashkohen NATO-s, duke mbyllur k\u00ebshtu k\u00ebt\u00eb boshll\u00ebk t\u00eb rreziksh\u00ebm t\u00eb siguris\u00eb. Ne kemi q\u00ebllime t\u00eb p\u00ebrbashk\u00ebta dhe vlera t\u00eb p\u00ebrbashk\u00ebta, dhe nuk kemi alternativ\u00eb tjet\u00ebr p\u00ebrve\u00e7 an\u00ebtar\u00ebsimit n\u00eb BE dhe NATO \u2013 k\u00ebto duhen par\u00eb si pika t\u00eb forta\u201d, theksoi Kurti.<\/div>\n<p>&nbsp;<\/p>\n","protected":false},"excerpt":{"rendered":"<p>Lond\u00ebr\u00a0 22 Tetor 2025 N\u00eb Lond\u00ebr po mbahet samiti i Procesit t\u00eb Berlinit, ku po marrin pjes\u00eb gjasht\u00eb lider\u00eb t\u00eb shteteve t\u00eb Ballkanit Per\u00ebndimor, sikurse<\/p>\n","protected":false},"author":6,"featured_media":17254,"comment_status":"open","ping_status":"open","sticky":false,"template":"","format":"standard","meta":{"footnotes":""},"categories":[60],"tags":[],"class_list":["post-17253","post","type-post","status-publish","format-standard","has-post-thumbnail","hentry","category-shoqerore-sq"],"yoast_head":"<!-- This site is optimized with the Yoast SEO plugin v25.3.1 - https:\/\/yoast.com\/wordpress\/plugins\/seo\/ -->\n<title>Kurti: Sulmi terrorist n\u00eb Banjsk\u00eb nuk mund t\u00eb injorohet, drejt\u00ebsia ende nuk \u00ebsht\u00eb v\u00ebn\u00eb n\u00eb vend -<\/title>\n<meta name=\"robots\" content=\"index, follow, max-snippet:-1, max-image-preview:large, max-video-preview:-1\" \/>\n<link rel=\"canonical\" href=\"https:\/\/veritasinfo.org\/?p=17253\" \/>\n<meta property=\"og:locale\" content=\"en_US\" \/>\n<meta property=\"og:type\" content=\"article\" \/>\n<meta property=\"og:title\" content=\"Kurti: Sulmi terrorist n\u00eb Banjsk\u00eb nuk mund t\u00eb injorohet, drejt\u00ebsia ende nuk \u00ebsht\u00eb v\u00ebn\u00eb n\u00eb vend -\" \/>\n<meta property=\"og:description\" content=\"Lond\u00ebr\u00a0 22 Tetor 2025 N\u00eb Lond\u00ebr po mbahet samiti i Procesit t\u00eb Berlinit, ku po marrin pjes\u00eb gjasht\u00eb lider\u00eb t\u00eb shteteve t\u00eb Ballkanit Per\u00ebndimor, sikurse\" \/>\n<meta property=\"og:url\" content=\"https:\/\/veritasinfo.org\/?p=17253\" \/>\n<meta property=\"article:published_time\" content=\"2025-10-22T16:39:52+00:00\" \/>\n<meta property=\"og:image\" content=\"https:\/\/veritasinfo.org\/wp-content\/uploads\/2025\/10\/kurti-samiti-i-berlinit-londer.jpg\" \/>\n\t<meta property=\"og:image:width\" content=\"2048\" \/>\n\t<meta property=\"og:image:height\" content=\"1365\" \/>\n\t<meta property=\"og:image:type\" content=\"image\/jpeg\" \/>\n<meta name=\"author\" content=\"US5\" \/>\n<meta name=\"twitter:card\" content=\"summary_large_image\" \/>\n<meta name=\"twitter:label1\" content=\"Written by\" \/>\n\t<meta name=\"twitter:data1\" content=\"US5\" \/>\n\t<meta name=\"twitter:label2\" content=\"Est. reading time\" \/>\n\t<meta name=\"twitter:data2\" content=\"2 minutes\" \/>\n<script type=\"application\/ld+json\" class=\"yoast-schema-graph\">{\"@context\":\"https:\/\/schema.org\",\"@graph\":[{\"@type\":\"WebPage\",\"@id\":\"https:\/\/veritasinfo.org\/?p=17253\",\"url\":\"https:\/\/veritasinfo.org\/?p=17253\",\"name\":\"Kurti: Sulmi terrorist n\u00eb Banjsk\u00eb nuk mund t\u00eb injorohet, drejt\u00ebsia ende nuk \u00ebsht\u00eb v\u00ebn\u00eb n\u00eb vend -\",\"isPartOf\":{\"@id\":\"https:\/\/veritasinfo.org\/#website\"},\"primaryImageOfPage\":{\"@id\":\"https:\/\/veritasinfo.org\/?p=17253#primaryimage\"},\"image\":{\"@id\":\"https:\/\/veritasinfo.org\/?p=17253#primaryimage\"},\"thumbnailUrl\":\"https:\/\/veritasinfo.org\/wp-content\/uploads\/2025\/10\/kurti-samiti-i-berlinit-londer.jpg\",\"datePublished\":\"2025-10-22T16:39:52+00:00\",\"author\":{\"@id\":\"https:\/\/veritasinfo.org\/#\/schema\/person\/bc442336e35414d04494ab8fb45db4c6\"},\"breadcrumb\":{\"@id\":\"https:\/\/veritasinfo.org\/?p=17253#breadcrumb\"},\"inLanguage\":\"en-US\",\"potentialAction\":[{\"@type\":\"ReadAction\",\"target\":[\"https:\/\/veritasinfo.org\/?p=17253\"]}]},{\"@type\":\"ImageObject\",\"inLanguage\":\"en-US\",\"@id\":\"https:\/\/veritasinfo.org\/?p=17253#primaryimage\",\"url\":\"https:\/\/veritasinfo.org\/wp-content\/uploads\/2025\/10\/kurti-samiti-i-berlinit-londer.jpg\",\"contentUrl\":\"https:\/\/veritasinfo.org\/wp-content\/uploads\/2025\/10\/kurti-samiti-i-berlinit-londer.jpg\",\"width\":2048,\"height\":1365},{\"@type\":\"BreadcrumbList\",\"@id\":\"https:\/\/veritasinfo.org\/?p=17253#breadcrumb\",\"itemListElement\":[{\"@type\":\"ListItem\",\"position\":1,\"name\":\"Home\",\"item\":\"https:\/\/veritasinfo.org\/\"},{\"@type\":\"ListItem\",\"position\":2,\"name\":\"Kurti: Sulmi terrorist n\u00eb Banjsk\u00eb nuk mund t\u00eb injorohet, drejt\u00ebsia ende nuk \u00ebsht\u00eb v\u00ebn\u00eb n\u00eb vend\"}]},{\"@type\":\"WebSite\",\"@id\":\"https:\/\/veritasinfo.org\/#website\",\"url\":\"https:\/\/veritasinfo.org\/\",\"name\":\"\",\"description\":\"\",\"potentialAction\":[{\"@type\":\"SearchAction\",\"target\":{\"@type\":\"EntryPoint\",\"urlTemplate\":\"https:\/\/veritasinfo.org\/?s={search_term_string}\"},\"query-input\":{\"@type\":\"PropertyValueSpecification\",\"valueRequired\":true,\"valueName\":\"search_term_string\"}}],\"inLanguage\":\"en-US\"},{\"@type\":\"Person\",\"@id\":\"https:\/\/veritasinfo.org\/#\/schema\/person\/bc442336e35414d04494ab8fb45db4c6\",\"name\":\"US5\",\"image\":{\"@type\":\"ImageObject\",\"inLanguage\":\"en-US\",\"@id\":\"https:\/\/veritasinfo.org\/#\/schema\/person\/image\/\",\"url\":\"https:\/\/secure.gravatar.com\/avatar\/16a61e7272a0c5d001121ebb9e60e925d5816e4ac1e443ed3e640d9a6ae55d0c?s=96&d=mm&r=g\",\"contentUrl\":\"https:\/\/secure.gravatar.com\/avatar\/16a61e7272a0c5d001121ebb9e60e925d5816e4ac1e443ed3e640d9a6ae55d0c?s=96&d=mm&r=g\",\"caption\":\"US5\"},\"url\":\"https:\/\/veritasinfo.org\/?author=6\"}]}<\/script>\n<!-- \/ Yoast SEO plugin. -->","yoast_head_json":{"title":"Kurti: Sulmi terrorist n\u00eb Banjsk\u00eb nuk mund t\u00eb injorohet, drejt\u00ebsia ende nuk \u00ebsht\u00eb v\u00ebn\u00eb n\u00eb vend -","robots":{"index":"index","follow":"follow","max-snippet":"max-snippet:-1","max-image-preview":"max-image-preview:large","max-video-preview":"max-video-preview:-1"},"canonical":"https:\/\/veritasinfo.org\/?p=17253","og_locale":"en_US","og_type":"article","og_title":"Kurti: Sulmi terrorist n\u00eb Banjsk\u00eb nuk mund t\u00eb injorohet, drejt\u00ebsia ende nuk \u00ebsht\u00eb v\u00ebn\u00eb n\u00eb vend -","og_description":"Lond\u00ebr\u00a0 22 Tetor 2025 N\u00eb Lond\u00ebr po mbahet samiti i Procesit t\u00eb Berlinit, ku po marrin pjes\u00eb gjasht\u00eb lider\u00eb t\u00eb shteteve t\u00eb Ballkanit Per\u00ebndimor, sikurse","og_url":"https:\/\/veritasinfo.org\/?p=17253","article_published_time":"2025-10-22T16:39:52+00:00","og_image":[{"width":2048,"height":1365,"url":"https:\/\/veritasinfo.org\/wp-content\/uploads\/2025\/10\/kurti-samiti-i-berlinit-londer.jpg","type":"image\/jpeg"}],"author":"US5","twitter_card":"summary_large_image","twitter_misc":{"Written by":"US5","Est. reading time":"2 minutes"},"schema":{"@context":"https:\/\/schema.org","@graph":[{"@type":"WebPage","@id":"https:\/\/veritasinfo.org\/?p=17253","url":"https:\/\/veritasinfo.org\/?p=17253","name":"Kurti: Sulmi terrorist n\u00eb Banjsk\u00eb nuk mund t\u00eb injorohet, drejt\u00ebsia ende nuk \u00ebsht\u00eb v\u00ebn\u00eb n\u00eb vend -","isPartOf":{"@id":"https:\/\/veritasinfo.org\/#website"},"primaryImageOfPage":{"@id":"https:\/\/veritasinfo.org\/?p=17253#primaryimage"},"image":{"@id":"https:\/\/veritasinfo.org\/?p=17253#primaryimage"},"thumbnailUrl":"https:\/\/veritasinfo.org\/wp-content\/uploads\/2025\/10\/kurti-samiti-i-berlinit-londer.jpg","datePublished":"2025-10-22T16:39:52+00:00","author":{"@id":"https:\/\/veritasinfo.org\/#\/schema\/person\/bc442336e35414d04494ab8fb45db4c6"},"breadcrumb":{"@id":"https:\/\/veritasinfo.org\/?p=17253#breadcrumb"},"inLanguage":"en-US","potentialAction":[{"@type":"ReadAction","target":["https:\/\/veritasinfo.org\/?p=17253"]}]},{"@type":"ImageObject","inLanguage":"en-US","@id":"https:\/\/veritasinfo.org\/?p=17253#primaryimage","url":"https:\/\/veritasinfo.org\/wp-content\/uploads\/2025\/10\/kurti-samiti-i-berlinit-londer.jpg","contentUrl":"https:\/\/veritasinfo.org\/wp-content\/uploads\/2025\/10\/kurti-samiti-i-berlinit-londer.jpg","width":2048,"height":1365},{"@type":"BreadcrumbList","@id":"https:\/\/veritasinfo.org\/?p=17253#breadcrumb","itemListElement":[{"@type":"ListItem","position":1,"name":"Home","item":"https:\/\/veritasinfo.org\/"},{"@type":"ListItem","position":2,"name":"Kurti: Sulmi terrorist n\u00eb Banjsk\u00eb nuk mund t\u00eb injorohet, drejt\u00ebsia ende nuk \u00ebsht\u00eb v\u00ebn\u00eb n\u00eb vend"}]},{"@type":"WebSite","@id":"https:\/\/veritasinfo.org\/#website","url":"https:\/\/veritasinfo.org\/","name":"","description":"","potentialAction":[{"@type":"SearchAction","target":{"@type":"EntryPoint","urlTemplate":"https:\/\/veritasinfo.org\/?s={search_term_string}"},"query-input":{"@type":"PropertyValueSpecification","valueRequired":true,"valueName":"search_term_string"}}],"inLanguage":"en-US"},{"@type":"Person","@id":"https:\/\/veritasinfo.org\/#\/schema\/person\/bc442336e35414d04494ab8fb45db4c6","name":"US5","image":{"@type":"ImageObject","inLanguage":"en-US","@id":"https:\/\/veritasinfo.org\/#\/schema\/person\/image\/","url":"https:\/\/secure.gravatar.com\/avatar\/16a61e7272a0c5d001121ebb9e60e925d5816e4ac1e443ed3e640d9a6ae55d0c?s=96&d=mm&r=g","contentUrl":"https:\/\/secure.gravatar.com\/avatar\/16a61e7272a0c5d001121ebb9e60e925d5816e4ac1e443ed3e640d9a6ae55d0c?s=96&d=mm&r=g","caption":"US5"},"url":"https:\/\/veritasinfo.org\/?author=6"}]}},"featured_image_urls":{"full":["https:\/\/veritasinfo.org\/wp-content\/uploads\/2025\/10\/kurti-samiti-i-berlinit-londer.jpg",2048,1365,false],"thumbnail":["https:\/\/veritasinfo.org\/wp-content\/uploads\/2025\/10\/kurti-samiti-i-berlinit-londer-150x150.jpg",150,150,true],"medium":["https:\/\/veritasinfo.org\/wp-content\/uploads\/2025\/10\/kurti-samiti-i-berlinit-londer-300x200.jpg",300,200,true],"medium_large":["https:\/\/veritasinfo.org\/wp-content\/uploads\/2025\/10\/kurti-samiti-i-berlinit-londer-768x512.jpg",640,427,true],"large":["https:\/\/veritasinfo.org\/wp-content\/uploads\/2025\/10\/kurti-samiti-i-berlinit-londer-1024x683.jpg",640,427,true],"1536x1536":["https:\/\/veritasinfo.org\/wp-content\/uploads\/2025\/10\/kurti-samiti-i-berlinit-londer-1536x1024.jpg",1536,1024,true],"2048x2048":["https:\/\/veritasinfo.org\/wp-content\/uploads\/2025\/10\/kurti-samiti-i-berlinit-londer.jpg",2048,1365,false],"kreeti-slider-full":["https:\/\/veritasinfo.org\/wp-content\/uploads\/2025\/10\/kurti-samiti-i-berlinit-londer.jpg",1080,720,false],"kreeti-featured":["https:\/\/veritasinfo.org\/wp-content\/uploads\/2025\/10\/kurti-samiti-i-berlinit-londer.jpg",1024,683,false],"kreeti-medium":["https:\/\/veritasinfo.org\/wp-content\/uploads\/2025\/10\/kurti-samiti-i-berlinit-londer.jpg",720,480,false],"kreeti-medium-square":["https:\/\/veritasinfo.org\/wp-content\/uploads\/2025\/10\/kurti-samiti-i-berlinit-londer.jpg",350,233,false]},"author_info":{"info":["US5"]},"category_info":"<a href=\"https:\/\/veritasinfo.org\/?cat=60\" rel=\"category\">Shoq\u00ebrore<\/a>","tag_info":"Shoq\u00ebrore","comment_count":"0","_links":{"self":[{"href":"https:\/\/veritasinfo.org\/index.php?rest_route=\/wp\/v2\/posts\/17253","targetHints":{"allow":["GET"]}}],"collection":[{"href":"https:\/\/veritasinfo.org\/index.php?rest_route=\/wp\/v2\/posts"}],"about":[{"href":"https:\/\/veritasinfo.org\/index.php?rest_route=\/wp\/v2\/types\/post"}],"author":[{"embeddable":true,"href":"https:\/\/veritasinfo.org\/index.php?rest_route=\/wp\/v2\/users\/6"}],"replies":[{"embeddable":true,"href":"https:\/\/veritasinfo.org\/index.php?rest_route=%2Fwp%2Fv2%2Fcomments&post=17253"}],"version-history":[{"count":1,"href":"https:\/\/veritasinfo.org\/index.php?rest_route=\/wp\/v2\/posts\/17253\/revisions"}],"predecessor-version":[{"id":17255,"href":"https:\/\/veritasinfo.org\/index.php?rest_route=\/wp\/v2\/posts\/17253\/revisions\/17255"}],"wp:featuredmedia":[{"embeddable":true,"href":"https:\/\/veritasinfo.org\/index.php?rest_route=\/wp\/v2\/media\/17254"}],"wp:attachment":[{"href":"https:\/\/veritasinfo.org\/index.php?rest_route=%2Fwp%2Fv2%2Fmedia&parent=17253"}],"wp:term":[{"taxonomy":"category","embeddable":true,"href":"https:\/\/veritasinfo.org\/index.php?rest_route=%2Fwp%2Fv2%2Fcategories&post=17253"},{"taxonomy":"post_tag","embeddable":true,"href":"https:\/\/veritasinfo.org\/index.php?rest_route=%2Fwp%2Fv2%2Ftags&post=17253"}],"curies":[{"name":"wp","href":"https:\/\/api.w.org\/{rel}","templated":true}]}}