{"id":17248,"date":"2025-10-22T17:51:43","date_gmt":"2025-10-22T15:51:43","guid":{"rendered":"https:\/\/veritasinfo.org\/?p=17248"},"modified":"2025-10-22T17:51:43","modified_gmt":"2025-10-22T15:51:43","slug":"denime-me-gjobe-per-dy-serbet-qe-pranuan-fajesine-per-huliganizem-ne-veri-te-kosove","status":"publish","type":"post","link":"https:\/\/veritasinfo.org\/?p=17248","title":{"rendered":"D\u00ebnime me gjob\u00eb p\u00ebr dy serb\u00ebt q\u00eb pranuan faj\u00ebsin\u00eb p\u00ebr huliganiz\u00ebm n\u00eb veri t\u00eb Kosov\u00eb"},"content":{"rendered":"<p>Prishtin\u00eb 22 Tetor 2025<\/p>\n<p>Gjykata Themelore n\u00eb Prishtin\u00eb ka d\u00ebnuar Nenad Milkoviq dhe Aleksandar Llaziq me nga gjasht\u00eb muaj burgim, d\u00ebnim i cili u \u00ebsht\u00eb z\u00ebvend\u00ebsuar me gjob\u00eb prej 4,000 eurosh p\u00ebr secilin, p\u00ebr akuzat e huliganizmit dhe pjes\u00ebmarrjes n\u00eb turm\u00eb n\u00eb veri t\u00eb Kosov\u00ebs n\u00eb vitin 2021.<\/p>\n<p>T\u00eb dy t\u00eb pandehurit pranuan faj\u00ebsin\u00eb nj\u00eb dit\u00eb m\u00eb par\u00eb, nd\u00ebrsa kat\u00ebr t\u00eb tjer\u00ebt t\u00eb akuzuar \u2013 Sreqko Sofronijeviq, Ilija Viqentijeviq, Millan Viqentijeviq dhe Marko Rakiq \u2013 nuk e pranuan p\u00ebrgjegj\u00ebsin\u00eb.<\/p>\n<p>N\u00eb rast se t\u00eb d\u00ebnuarit nuk do t\u00eb paguajn\u00eb gjob\u00ebn, d\u00ebnimi me gjob\u00eb do t\u2019u z\u00ebvend\u00ebsohet me d\u00ebnim me burgim.<\/p>\n<p>Prokuroria i akuzon ata se n\u00eb tetor t\u00eb vitit 2021 sulmuan zyrtar\u00ebt policor\u00eb t\u00eb Kosov\u00ebs duke p\u00ebrdorur gur\u00eb, shufra druri dhe metali, si dhe granata dore. Sipas aktakuz\u00ebs, t\u00eb gjasht\u00eb t\u00eb akuzuarit vendos\u00ebn barrikada p\u00ebr t\u2019u z\u00ebn\u00eb prit\u00eb polic\u00ebve, ku mjetet e blinduara t\u00eb Policis\u00eb u godit\u00ebn me arm\u00eb zjarri dhe granata dore, duke plagosur tre oficer\u00eb policie.<\/p>\n","protected":false},"excerpt":{"rendered":"<p>Prishtin\u00eb 22 Tetor 2025 Gjykata Themelore n\u00eb Prishtin\u00eb ka d\u00ebnuar Nenad Milkoviq dhe Aleksandar Llaziq me nga gjasht\u00eb muaj burgim, d\u00ebnim i cili u \u00ebsht\u00eb<\/p>\n","protected":false},"author":6,"featured_media":17249,"comment_status":"open","ping_status":"open","sticky":false,"template":"","format":"standard","meta":{"footnotes":""},"categories":[60],"tags":[],"class_list":["post-17248","post","type-post","status-publish","format-standard","has-post-thumbnail","hentry","category-shoqerore-sq"],"yoast_head":"<!-- This site is optimized with the Yoast SEO plugin v25.3.1 - https:\/\/yoast.com\/wordpress\/plugins\/seo\/ -->\n<title>D\u00ebnime me gjob\u00eb p\u00ebr dy serb\u00ebt q\u00eb pranuan faj\u00ebsin\u00eb p\u00ebr huliganiz\u00ebm n\u00eb veri t\u00eb Kosov\u00eb -<\/title>\n<meta name=\"robots\" content=\"index, follow, max-snippet:-1, max-image-preview:large, max-video-preview:-1\" \/>\n<link rel=\"canonical\" href=\"https:\/\/veritasinfo.org\/?p=17248\" \/>\n<meta property=\"og:locale\" content=\"en_US\" \/>\n<meta property=\"og:type\" content=\"article\" \/>\n<meta property=\"og:title\" content=\"D\u00ebnime me gjob\u00eb p\u00ebr dy serb\u00ebt q\u00eb pranuan faj\u00ebsin\u00eb p\u00ebr huliganiz\u00ebm n\u00eb veri t\u00eb Kosov\u00eb -\" \/>\n<meta property=\"og:description\" content=\"Prishtin\u00eb 22 Tetor 2025 Gjykata Themelore n\u00eb Prishtin\u00eb ka d\u00ebnuar Nenad Milkoviq dhe Aleksandar Llaziq me nga gjasht\u00eb muaj burgim, d\u00ebnim i cili u \u00ebsht\u00eb\" \/>\n<meta property=\"og:url\" content=\"https:\/\/veritasinfo.org\/?p=17248\" \/>\n<meta property=\"article:published_time\" content=\"2025-10-22T15:51:43+00:00\" \/>\n<meta property=\"og:image\" content=\"https:\/\/veritasinfo.org\/wp-content\/uploads\/2025\/10\/Imazh-i-WhatsApp-2025-10-22-ne-17.49.23_2a44ac44.jpg\" \/>\n\t<meta property=\"og:image:width\" content=\"768\" \/>\n\t<meta property=\"og:image:height\" content=\"432\" \/>\n\t<meta property=\"og:image:type\" content=\"image\/jpeg\" \/>\n<meta name=\"author\" content=\"US5\" \/>\n<meta name=\"twitter:card\" content=\"summary_large_image\" \/>\n<meta name=\"twitter:label1\" content=\"Written by\" \/>\n\t<meta name=\"twitter:data1\" content=\"US5\" \/>\n\t<meta name=\"twitter:label2\" content=\"Est. reading time\" \/>\n\t<meta name=\"twitter:data2\" content=\"1 minute\" \/>\n<script type=\"application\/ld+json\" class=\"yoast-schema-graph\">{\"@context\":\"https:\/\/schema.org\",\"@graph\":[{\"@type\":\"WebPage\",\"@id\":\"https:\/\/veritasinfo.org\/?p=17248\",\"url\":\"https:\/\/veritasinfo.org\/?p=17248\",\"name\":\"D\u00ebnime me gjob\u00eb p\u00ebr dy serb\u00ebt q\u00eb pranuan faj\u00ebsin\u00eb p\u00ebr huliganiz\u00ebm n\u00eb veri t\u00eb Kosov\u00eb -\",\"isPartOf\":{\"@id\":\"https:\/\/veritasinfo.org\/#website\"},\"primaryImageOfPage\":{\"@id\":\"https:\/\/veritasinfo.org\/?p=17248#primaryimage\"},\"image\":{\"@id\":\"https:\/\/veritasinfo.org\/?p=17248#primaryimage\"},\"thumbnailUrl\":\"https:\/\/veritasinfo.org\/wp-content\/uploads\/2025\/10\/Imazh-i-WhatsApp-2025-10-22-ne-17.49.23_2a44ac44.jpg\",\"datePublished\":\"2025-10-22T15:51:43+00:00\",\"author\":{\"@id\":\"https:\/\/veritasinfo.org\/#\/schema\/person\/bc442336e35414d04494ab8fb45db4c6\"},\"breadcrumb\":{\"@id\":\"https:\/\/veritasinfo.org\/?p=17248#breadcrumb\"},\"inLanguage\":\"en-US\",\"potentialAction\":[{\"@type\":\"ReadAction\",\"target\":[\"https:\/\/veritasinfo.org\/?p=17248\"]}]},{\"@type\":\"ImageObject\",\"inLanguage\":\"en-US\",\"@id\":\"https:\/\/veritasinfo.org\/?p=17248#primaryimage\",\"url\":\"https:\/\/veritasinfo.org\/wp-content\/uploads\/2025\/10\/Imazh-i-WhatsApp-2025-10-22-ne-17.49.23_2a44ac44.jpg\",\"contentUrl\":\"https:\/\/veritasinfo.org\/wp-content\/uploads\/2025\/10\/Imazh-i-WhatsApp-2025-10-22-ne-17.49.23_2a44ac44.jpg\",\"width\":768,\"height\":432},{\"@type\":\"BreadcrumbList\",\"@id\":\"https:\/\/veritasinfo.org\/?p=17248#breadcrumb\",\"itemListElement\":[{\"@type\":\"ListItem\",\"position\":1,\"name\":\"Home\",\"item\":\"https:\/\/veritasinfo.org\/\"},{\"@type\":\"ListItem\",\"position\":2,\"name\":\"D\u00ebnime me gjob\u00eb p\u00ebr dy serb\u00ebt q\u00eb pranuan faj\u00ebsin\u00eb p\u00ebr huliganiz\u00ebm n\u00eb veri t\u00eb Kosov\u00eb\"}]},{\"@type\":\"WebSite\",\"@id\":\"https:\/\/veritasinfo.org\/#website\",\"url\":\"https:\/\/veritasinfo.org\/\",\"name\":\"\",\"description\":\"\",\"potentialAction\":[{\"@type\":\"SearchAction\",\"target\":{\"@type\":\"EntryPoint\",\"urlTemplate\":\"https:\/\/veritasinfo.org\/?s={search_term_string}\"},\"query-input\":{\"@type\":\"PropertyValueSpecification\",\"valueRequired\":true,\"valueName\":\"search_term_string\"}}],\"inLanguage\":\"en-US\"},{\"@type\":\"Person\",\"@id\":\"https:\/\/veritasinfo.org\/#\/schema\/person\/bc442336e35414d04494ab8fb45db4c6\",\"name\":\"US5\",\"image\":{\"@type\":\"ImageObject\",\"inLanguage\":\"en-US\",\"@id\":\"https:\/\/veritasinfo.org\/#\/schema\/person\/image\/\",\"url\":\"https:\/\/secure.gravatar.com\/avatar\/16a61e7272a0c5d001121ebb9e60e925d5816e4ac1e443ed3e640d9a6ae55d0c?s=96&d=mm&r=g\",\"contentUrl\":\"https:\/\/secure.gravatar.com\/avatar\/16a61e7272a0c5d001121ebb9e60e925d5816e4ac1e443ed3e640d9a6ae55d0c?s=96&d=mm&r=g\",\"caption\":\"US5\"},\"url\":\"https:\/\/veritasinfo.org\/?author=6\"}]}<\/script>\n<!-- \/ Yoast SEO plugin. -->","yoast_head_json":{"title":"D\u00ebnime me gjob\u00eb p\u00ebr dy serb\u00ebt q\u00eb pranuan faj\u00ebsin\u00eb p\u00ebr huliganiz\u00ebm n\u00eb veri t\u00eb Kosov\u00eb -","robots":{"index":"index","follow":"follow","max-snippet":"max-snippet:-1","max-image-preview":"max-image-preview:large","max-video-preview":"max-video-preview:-1"},"canonical":"https:\/\/veritasinfo.org\/?p=17248","og_locale":"en_US","og_type":"article","og_title":"D\u00ebnime me gjob\u00eb p\u00ebr dy serb\u00ebt q\u00eb pranuan faj\u00ebsin\u00eb p\u00ebr huliganiz\u00ebm n\u00eb veri t\u00eb Kosov\u00eb -","og_description":"Prishtin\u00eb 22 Tetor 2025 Gjykata Themelore n\u00eb Prishtin\u00eb ka d\u00ebnuar Nenad Milkoviq dhe Aleksandar Llaziq me nga gjasht\u00eb muaj burgim, d\u00ebnim i cili u \u00ebsht\u00eb","og_url":"https:\/\/veritasinfo.org\/?p=17248","article_published_time":"2025-10-22T15:51:43+00:00","og_image":[{"width":768,"height":432,"url":"https:\/\/veritasinfo.org\/wp-content\/uploads\/2025\/10\/Imazh-i-WhatsApp-2025-10-22-ne-17.49.23_2a44ac44.jpg","type":"image\/jpeg"}],"author":"US5","twitter_card":"summary_large_image","twitter_misc":{"Written by":"US5","Est. reading time":"1 minute"},"schema":{"@context":"https:\/\/schema.org","@graph":[{"@type":"WebPage","@id":"https:\/\/veritasinfo.org\/?p=17248","url":"https:\/\/veritasinfo.org\/?p=17248","name":"D\u00ebnime me gjob\u00eb p\u00ebr dy serb\u00ebt q\u00eb pranuan faj\u00ebsin\u00eb p\u00ebr huliganiz\u00ebm n\u00eb veri t\u00eb Kosov\u00eb -","isPartOf":{"@id":"https:\/\/veritasinfo.org\/#website"},"primaryImageOfPage":{"@id":"https:\/\/veritasinfo.org\/?p=17248#primaryimage"},"image":{"@id":"https:\/\/veritasinfo.org\/?p=17248#primaryimage"},"thumbnailUrl":"https:\/\/veritasinfo.org\/wp-content\/uploads\/2025\/10\/Imazh-i-WhatsApp-2025-10-22-ne-17.49.23_2a44ac44.jpg","datePublished":"2025-10-22T15:51:43+00:00","author":{"@id":"https:\/\/veritasinfo.org\/#\/schema\/person\/bc442336e35414d04494ab8fb45db4c6"},"breadcrumb":{"@id":"https:\/\/veritasinfo.org\/?p=17248#breadcrumb"},"inLanguage":"en-US","potentialAction":[{"@type":"ReadAction","target":["https:\/\/veritasinfo.org\/?p=17248"]}]},{"@type":"ImageObject","inLanguage":"en-US","@id":"https:\/\/veritasinfo.org\/?p=17248#primaryimage","url":"https:\/\/veritasinfo.org\/wp-content\/uploads\/2025\/10\/Imazh-i-WhatsApp-2025-10-22-ne-17.49.23_2a44ac44.jpg","contentUrl":"https:\/\/veritasinfo.org\/wp-content\/uploads\/2025\/10\/Imazh-i-WhatsApp-2025-10-22-ne-17.49.23_2a44ac44.jpg","width":768,"height":432},{"@type":"BreadcrumbList","@id":"https:\/\/veritasinfo.org\/?p=17248#breadcrumb","itemListElement":[{"@type":"ListItem","position":1,"name":"Home","item":"https:\/\/veritasinfo.org\/"},{"@type":"ListItem","position":2,"name":"D\u00ebnime me gjob\u00eb p\u00ebr dy serb\u00ebt q\u00eb pranuan faj\u00ebsin\u00eb p\u00ebr huliganiz\u00ebm n\u00eb veri t\u00eb Kosov\u00eb"}]},{"@type":"WebSite","@id":"https:\/\/veritasinfo.org\/#website","url":"https:\/\/veritasinfo.org\/","name":"","description":"","potentialAction":[{"@type":"SearchAction","target":{"@type":"EntryPoint","urlTemplate":"https:\/\/veritasinfo.org\/?s={search_term_string}"},"query-input":{"@type":"PropertyValueSpecification","valueRequired":true,"valueName":"search_term_string"}}],"inLanguage":"en-US"},{"@type":"Person","@id":"https:\/\/veritasinfo.org\/#\/schema\/person\/bc442336e35414d04494ab8fb45db4c6","name":"US5","image":{"@type":"ImageObject","inLanguage":"en-US","@id":"https:\/\/veritasinfo.org\/#\/schema\/person\/image\/","url":"https:\/\/secure.gravatar.com\/avatar\/16a61e7272a0c5d001121ebb9e60e925d5816e4ac1e443ed3e640d9a6ae55d0c?s=96&d=mm&r=g","contentUrl":"https:\/\/secure.gravatar.com\/avatar\/16a61e7272a0c5d001121ebb9e60e925d5816e4ac1e443ed3e640d9a6ae55d0c?s=96&d=mm&r=g","caption":"US5"},"url":"https:\/\/veritasinfo.org\/?author=6"}]}},"featured_image_urls":{"full":["https:\/\/veritasinfo.org\/wp-content\/uploads\/2025\/10\/Imazh-i-WhatsApp-2025-10-22-ne-17.49.23_2a44ac44.jpg",768,432,false],"thumbnail":["https:\/\/veritasinfo.org\/wp-content\/uploads\/2025\/10\/Imazh-i-WhatsApp-2025-10-22-ne-17.49.23_2a44ac44-150x150.jpg",150,150,true],"medium":["https:\/\/veritasinfo.org\/wp-content\/uploads\/2025\/10\/Imazh-i-WhatsApp-2025-10-22-ne-17.49.23_2a44ac44-300x169.jpg",300,169,true],"medium_large":["https:\/\/veritasinfo.org\/wp-content\/uploads\/2025\/10\/Imazh-i-WhatsApp-2025-10-22-ne-17.49.23_2a44ac44.jpg",640,360,false],"large":["https:\/\/veritasinfo.org\/wp-content\/uploads\/2025\/10\/Imazh-i-WhatsApp-2025-10-22-ne-17.49.23_2a44ac44.jpg",640,360,false],"1536x1536":["https:\/\/veritasinfo.org\/wp-content\/uploads\/2025\/10\/Imazh-i-WhatsApp-2025-10-22-ne-17.49.23_2a44ac44.jpg",768,432,false],"2048x2048":["https:\/\/veritasinfo.org\/wp-content\/uploads\/2025\/10\/Imazh-i-WhatsApp-2025-10-22-ne-17.49.23_2a44ac44.jpg",768,432,false],"kreeti-slider-full":["https:\/\/veritasinfo.org\/wp-content\/uploads\/2025\/10\/Imazh-i-WhatsApp-2025-10-22-ne-17.49.23_2a44ac44.jpg",768,432,false],"kreeti-featured":["https:\/\/veritasinfo.org\/wp-content\/uploads\/2025\/10\/Imazh-i-WhatsApp-2025-10-22-ne-17.49.23_2a44ac44.jpg",768,432,false],"kreeti-medium":["https:\/\/veritasinfo.org\/wp-content\/uploads\/2025\/10\/Imazh-i-WhatsApp-2025-10-22-ne-17.49.23_2a44ac44.jpg",720,405,false],"kreeti-medium-square":["https:\/\/veritasinfo.org\/wp-content\/uploads\/2025\/10\/Imazh-i-WhatsApp-2025-10-22-ne-17.49.23_2a44ac44.jpg",350,197,false]},"author_info":{"info":["US5"]},"category_info":"<a href=\"https:\/\/veritasinfo.org\/?cat=60\" rel=\"category\">Shoq\u00ebrore<\/a>","tag_info":"Shoq\u00ebrore","comment_count":"0","_links":{"self":[{"href":"https:\/\/veritasinfo.org\/index.php?rest_route=\/wp\/v2\/posts\/17248","targetHints":{"allow":["GET"]}}],"collection":[{"href":"https:\/\/veritasinfo.org\/index.php?rest_route=\/wp\/v2\/posts"}],"about":[{"href":"https:\/\/veritasinfo.org\/index.php?rest_route=\/wp\/v2\/types\/post"}],"author":[{"embeddable":true,"href":"https:\/\/veritasinfo.org\/index.php?rest_route=\/wp\/v2\/users\/6"}],"replies":[{"embeddable":true,"href":"https:\/\/veritasinfo.org\/index.php?rest_route=%2Fwp%2Fv2%2Fcomments&post=17248"}],"version-history":[{"count":1,"href":"https:\/\/veritasinfo.org\/index.php?rest_route=\/wp\/v2\/posts\/17248\/revisions"}],"predecessor-version":[{"id":17250,"href":"https:\/\/veritasinfo.org\/index.php?rest_route=\/wp\/v2\/posts\/17248\/revisions\/17250"}],"wp:featuredmedia":[{"embeddable":true,"href":"https:\/\/veritasinfo.org\/index.php?rest_route=\/wp\/v2\/media\/17249"}],"wp:attachment":[{"href":"https:\/\/veritasinfo.org\/index.php?rest_route=%2Fwp%2Fv2%2Fmedia&parent=17248"}],"wp:term":[{"taxonomy":"category","embeddable":true,"href":"https:\/\/veritasinfo.org\/index.php?rest_route=%2Fwp%2Fv2%2Fcategories&post=17248"},{"taxonomy":"post_tag","embeddable":true,"href":"https:\/\/veritasinfo.org\/index.php?rest_route=%2Fwp%2Fv2%2Ftags&post=17248"}],"curies":[{"name":"wp","href":"https:\/\/api.w.org\/{rel}","templated":true}]}}