{"id":17229,"date":"2025-10-22T14:50:02","date_gmt":"2025-10-22T12:50:02","guid":{"rendered":"https:\/\/veritasinfo.org\/?p=17229"},"modified":"2025-10-22T14:54:59","modified_gmt":"2025-10-22T12:54:59","slug":"kurti-mori-pjese-ne-pritjen-mbreterore-te-organizuar-nga-mbreti-i-mbreterise-se-bashkuar","status":"publish","type":"post","link":"https:\/\/veritasinfo.org\/?p=17229","title":{"rendered":"Kurti mori pjes\u00eb n\u00eb pritjen mbret\u00ebrore t\u00eb organizuar nga Mbreti i Mbret\u00ebris\u00eb s\u00eb Bashkuar"},"content":{"rendered":"<p>Lond\u00ebr 22 Tetor 2025<\/p>\n<p>Mbr\u00ebm\u00eb, kryeministri n\u00eb detyr\u00eb i Kosov\u00ebs, Albin Kurti, mori pjes\u00eb n\u00eb pritjen mbret\u00ebrore (\u201cRoyal Reception\u201d) t\u00eb organizuar nga Madh\u00ebria e Tij, Mbreti i Mbret\u00ebris\u00eb s\u00eb Bashkuar, me rastin e Samitit t\u00eb Procesit t\u00eb Berlinit q\u00eb zhvillohet n\u00eb Lond\u00ebr. Pritja u organizua n\u00eb pallatin \u201cSt James\u2019s Palace\u201d.<\/p>\n<p>N\u00eb k\u00ebt\u00eb pritje, p\u00ebrve\u00e7 kryeministrit t\u00eb Mbret\u00ebris\u00eb s\u00eb Bashkuar, Keir Starmer, mor\u00ebn pjes\u00eb edhe kryeministrat e vendeve t\u00eb Ballkanit Per\u00ebndimor.<\/p>\n<p>\u201cGjat\u00eb k\u00ebsaj mbr\u00ebmjeje solemne, Kryeministri Kurti pati mund\u00ebsin\u00eb t\u00eb bisedoj\u00eb me Madh\u00ebrin\u00eb e Tij, Mbretin Charles III, kryeministrin e Mbret\u00ebris\u00eb se Bashkuar, Keir Starmer, si dhe me lider\u00eb t\u00eb tjer\u00eb t\u00eb pranish\u00ebm, duke theksuar marr\u00ebdh\u00ebniet e ngushta dhe miq\u00ebsin\u00eb e ve\u00e7ant\u00eb q\u00eb lidh Republik\u00ebn e Kosov\u00ebs me Mbret\u00ebrin\u00eb e Bashkuar, nj\u00eb marr\u00ebdh\u00ebnie e nd\u00ebrtuar mbi vlera t\u00eb p\u00ebrbashk\u00ebta t\u00eb demokracis\u00eb, liris\u00eb dhe barazis\u00eb\u201d, thuhet nga Zyra e Kryeministrit.<\/p>\n","protected":false},"excerpt":{"rendered":"<p>Lond\u00ebr 22 Tetor 2025 Mbr\u00ebm\u00eb, kryeministri n\u00eb detyr\u00eb i Kosov\u00ebs, Albin Kurti, mori pjes\u00eb n\u00eb pritjen mbret\u00ebrore (\u201cRoyal Reception\u201d) t\u00eb organizuar nga Madh\u00ebria e Tij,<\/p>\n","protected":false},"author":6,"featured_media":17230,"comment_status":"open","ping_status":"open","sticky":false,"template":"","format":"standard","meta":{"footnotes":""},"categories":[60],"tags":[],"class_list":["post-17229","post","type-post","status-publish","format-standard","has-post-thumbnail","hentry","category-shoqerore-sq"],"yoast_head":"<!-- This site is optimized with the Yoast SEO plugin v25.3.1 - https:\/\/yoast.com\/wordpress\/plugins\/seo\/ -->\n<title>Kurti mori pjes\u00eb n\u00eb pritjen mbret\u00ebrore t\u00eb organizuar nga Mbreti i Mbret\u00ebris\u00eb s\u00eb Bashkuar -<\/title>\n<meta name=\"robots\" content=\"index, follow, max-snippet:-1, max-image-preview:large, max-video-preview:-1\" \/>\n<link rel=\"canonical\" href=\"https:\/\/veritasinfo.org\/?p=17229\" \/>\n<meta property=\"og:locale\" content=\"en_US\" \/>\n<meta property=\"og:type\" content=\"article\" \/>\n<meta property=\"og:title\" content=\"Kurti mori pjes\u00eb n\u00eb pritjen mbret\u00ebrore t\u00eb organizuar nga Mbreti i Mbret\u00ebris\u00eb s\u00eb Bashkuar -\" \/>\n<meta property=\"og:description\" content=\"Lond\u00ebr 22 Tetor 2025 Mbr\u00ebm\u00eb, kryeministri n\u00eb detyr\u00eb i Kosov\u00ebs, Albin Kurti, mori pjes\u00eb n\u00eb pritjen mbret\u00ebrore (\u201cRoyal Reception\u201d) t\u00eb organizuar nga Madh\u00ebria e Tij,\" \/>\n<meta property=\"og:url\" content=\"https:\/\/veritasinfo.org\/?p=17229\" \/>\n<meta property=\"article:published_time\" content=\"2025-10-22T12:50:02+00:00\" \/>\n<meta property=\"article:modified_time\" content=\"2025-10-22T12:54:59+00:00\" \/>\n<meta property=\"og:image\" content=\"https:\/\/veritasinfo.org\/wp-content\/uploads\/2025\/10\/IMG-20251022-WA0001.jpg\" \/>\n\t<meta property=\"og:image:width\" content=\"1140\" \/>\n\t<meta property=\"og:image:height\" content=\"570\" \/>\n\t<meta property=\"og:image:type\" content=\"image\/jpeg\" \/>\n<meta name=\"author\" content=\"US5\" \/>\n<meta name=\"twitter:card\" content=\"summary_large_image\" \/>\n<meta name=\"twitter:label1\" content=\"Written by\" \/>\n\t<meta name=\"twitter:data1\" content=\"US5\" \/>\n\t<meta name=\"twitter:label2\" content=\"Est. reading time\" \/>\n\t<meta name=\"twitter:data2\" content=\"1 minute\" \/>\n<script type=\"application\/ld+json\" class=\"yoast-schema-graph\">{\"@context\":\"https:\/\/schema.org\",\"@graph\":[{\"@type\":\"WebPage\",\"@id\":\"https:\/\/veritasinfo.org\/?p=17229\",\"url\":\"https:\/\/veritasinfo.org\/?p=17229\",\"name\":\"Kurti mori pjes\u00eb n\u00eb pritjen mbret\u00ebrore t\u00eb organizuar nga Mbreti i Mbret\u00ebris\u00eb s\u00eb Bashkuar -\",\"isPartOf\":{\"@id\":\"https:\/\/veritasinfo.org\/#website\"},\"primaryImageOfPage\":{\"@id\":\"https:\/\/veritasinfo.org\/?p=17229#primaryimage\"},\"image\":{\"@id\":\"https:\/\/veritasinfo.org\/?p=17229#primaryimage\"},\"thumbnailUrl\":\"https:\/\/veritasinfo.org\/wp-content\/uploads\/2025\/10\/IMG-20251022-WA0001.jpg\",\"datePublished\":\"2025-10-22T12:50:02+00:00\",\"dateModified\":\"2025-10-22T12:54:59+00:00\",\"author\":{\"@id\":\"https:\/\/veritasinfo.org\/#\/schema\/person\/bc442336e35414d04494ab8fb45db4c6\"},\"breadcrumb\":{\"@id\":\"https:\/\/veritasinfo.org\/?p=17229#breadcrumb\"},\"inLanguage\":\"en-US\",\"potentialAction\":[{\"@type\":\"ReadAction\",\"target\":[\"https:\/\/veritasinfo.org\/?p=17229\"]}]},{\"@type\":\"ImageObject\",\"inLanguage\":\"en-US\",\"@id\":\"https:\/\/veritasinfo.org\/?p=17229#primaryimage\",\"url\":\"https:\/\/veritasinfo.org\/wp-content\/uploads\/2025\/10\/IMG-20251022-WA0001.jpg\",\"contentUrl\":\"https:\/\/veritasinfo.org\/wp-content\/uploads\/2025\/10\/IMG-20251022-WA0001.jpg\",\"width\":1140,\"height\":570},{\"@type\":\"BreadcrumbList\",\"@id\":\"https:\/\/veritasinfo.org\/?p=17229#breadcrumb\",\"itemListElement\":[{\"@type\":\"ListItem\",\"position\":1,\"name\":\"Home\",\"item\":\"https:\/\/veritasinfo.org\/\"},{\"@type\":\"ListItem\",\"position\":2,\"name\":\"Kurti mori pjes\u00eb n\u00eb pritjen mbret\u00ebrore t\u00eb organizuar nga Mbreti i Mbret\u00ebris\u00eb s\u00eb Bashkuar\"}]},{\"@type\":\"WebSite\",\"@id\":\"https:\/\/veritasinfo.org\/#website\",\"url\":\"https:\/\/veritasinfo.org\/\",\"name\":\"\",\"description\":\"\",\"potentialAction\":[{\"@type\":\"SearchAction\",\"target\":{\"@type\":\"EntryPoint\",\"urlTemplate\":\"https:\/\/veritasinfo.org\/?s={search_term_string}\"},\"query-input\":{\"@type\":\"PropertyValueSpecification\",\"valueRequired\":true,\"valueName\":\"search_term_string\"}}],\"inLanguage\":\"en-US\"},{\"@type\":\"Person\",\"@id\":\"https:\/\/veritasinfo.org\/#\/schema\/person\/bc442336e35414d04494ab8fb45db4c6\",\"name\":\"US5\",\"image\":{\"@type\":\"ImageObject\",\"inLanguage\":\"en-US\",\"@id\":\"https:\/\/veritasinfo.org\/#\/schema\/person\/image\/\",\"url\":\"https:\/\/secure.gravatar.com\/avatar\/16a61e7272a0c5d001121ebb9e60e925d5816e4ac1e443ed3e640d9a6ae55d0c?s=96&d=mm&r=g\",\"contentUrl\":\"https:\/\/secure.gravatar.com\/avatar\/16a61e7272a0c5d001121ebb9e60e925d5816e4ac1e443ed3e640d9a6ae55d0c?s=96&d=mm&r=g\",\"caption\":\"US5\"},\"url\":\"https:\/\/veritasinfo.org\/?author=6\"}]}<\/script>\n<!-- \/ Yoast SEO plugin. -->","yoast_head_json":{"title":"Kurti mori pjes\u00eb n\u00eb pritjen mbret\u00ebrore t\u00eb organizuar nga Mbreti i Mbret\u00ebris\u00eb s\u00eb Bashkuar -","robots":{"index":"index","follow":"follow","max-snippet":"max-snippet:-1","max-image-preview":"max-image-preview:large","max-video-preview":"max-video-preview:-1"},"canonical":"https:\/\/veritasinfo.org\/?p=17229","og_locale":"en_US","og_type":"article","og_title":"Kurti mori pjes\u00eb n\u00eb pritjen mbret\u00ebrore t\u00eb organizuar nga Mbreti i Mbret\u00ebris\u00eb s\u00eb Bashkuar -","og_description":"Lond\u00ebr 22 Tetor 2025 Mbr\u00ebm\u00eb, kryeministri n\u00eb detyr\u00eb i Kosov\u00ebs, Albin Kurti, mori pjes\u00eb n\u00eb pritjen mbret\u00ebrore (\u201cRoyal Reception\u201d) t\u00eb organizuar nga Madh\u00ebria e Tij,","og_url":"https:\/\/veritasinfo.org\/?p=17229","article_published_time":"2025-10-22T12:50:02+00:00","article_modified_time":"2025-10-22T12:54:59+00:00","og_image":[{"width":1140,"height":570,"url":"https:\/\/veritasinfo.org\/wp-content\/uploads\/2025\/10\/IMG-20251022-WA0001.jpg","type":"image\/jpeg"}],"author":"US5","twitter_card":"summary_large_image","twitter_misc":{"Written by":"US5","Est. reading time":"1 minute"},"schema":{"@context":"https:\/\/schema.org","@graph":[{"@type":"WebPage","@id":"https:\/\/veritasinfo.org\/?p=17229","url":"https:\/\/veritasinfo.org\/?p=17229","name":"Kurti mori pjes\u00eb n\u00eb pritjen mbret\u00ebrore t\u00eb organizuar nga Mbreti i Mbret\u00ebris\u00eb s\u00eb Bashkuar -","isPartOf":{"@id":"https:\/\/veritasinfo.org\/#website"},"primaryImageOfPage":{"@id":"https:\/\/veritasinfo.org\/?p=17229#primaryimage"},"image":{"@id":"https:\/\/veritasinfo.org\/?p=17229#primaryimage"},"thumbnailUrl":"https:\/\/veritasinfo.org\/wp-content\/uploads\/2025\/10\/IMG-20251022-WA0001.jpg","datePublished":"2025-10-22T12:50:02+00:00","dateModified":"2025-10-22T12:54:59+00:00","author":{"@id":"https:\/\/veritasinfo.org\/#\/schema\/person\/bc442336e35414d04494ab8fb45db4c6"},"breadcrumb":{"@id":"https:\/\/veritasinfo.org\/?p=17229#breadcrumb"},"inLanguage":"en-US","potentialAction":[{"@type":"ReadAction","target":["https:\/\/veritasinfo.org\/?p=17229"]}]},{"@type":"ImageObject","inLanguage":"en-US","@id":"https:\/\/veritasinfo.org\/?p=17229#primaryimage","url":"https:\/\/veritasinfo.org\/wp-content\/uploads\/2025\/10\/IMG-20251022-WA0001.jpg","contentUrl":"https:\/\/veritasinfo.org\/wp-content\/uploads\/2025\/10\/IMG-20251022-WA0001.jpg","width":1140,"height":570},{"@type":"BreadcrumbList","@id":"https:\/\/veritasinfo.org\/?p=17229#breadcrumb","itemListElement":[{"@type":"ListItem","position":1,"name":"Home","item":"https:\/\/veritasinfo.org\/"},{"@type":"ListItem","position":2,"name":"Kurti mori pjes\u00eb n\u00eb pritjen mbret\u00ebrore t\u00eb organizuar nga Mbreti i Mbret\u00ebris\u00eb s\u00eb Bashkuar"}]},{"@type":"WebSite","@id":"https:\/\/veritasinfo.org\/#website","url":"https:\/\/veritasinfo.org\/","name":"","description":"","potentialAction":[{"@type":"SearchAction","target":{"@type":"EntryPoint","urlTemplate":"https:\/\/veritasinfo.org\/?s={search_term_string}"},"query-input":{"@type":"PropertyValueSpecification","valueRequired":true,"valueName":"search_term_string"}}],"inLanguage":"en-US"},{"@type":"Person","@id":"https:\/\/veritasinfo.org\/#\/schema\/person\/bc442336e35414d04494ab8fb45db4c6","name":"US5","image":{"@type":"ImageObject","inLanguage":"en-US","@id":"https:\/\/veritasinfo.org\/#\/schema\/person\/image\/","url":"https:\/\/secure.gravatar.com\/avatar\/16a61e7272a0c5d001121ebb9e60e925d5816e4ac1e443ed3e640d9a6ae55d0c?s=96&d=mm&r=g","contentUrl":"https:\/\/secure.gravatar.com\/avatar\/16a61e7272a0c5d001121ebb9e60e925d5816e4ac1e443ed3e640d9a6ae55d0c?s=96&d=mm&r=g","caption":"US5"},"url":"https:\/\/veritasinfo.org\/?author=6"}]}},"featured_image_urls":{"full":["https:\/\/veritasinfo.org\/wp-content\/uploads\/2025\/10\/IMG-20251022-WA0001.jpg",1140,570,false],"thumbnail":["https:\/\/veritasinfo.org\/wp-content\/uploads\/2025\/10\/IMG-20251022-WA0001-150x150.jpg",150,150,true],"medium":["https:\/\/veritasinfo.org\/wp-content\/uploads\/2025\/10\/IMG-20251022-WA0001-300x150.jpg",300,150,true],"medium_large":["https:\/\/veritasinfo.org\/wp-content\/uploads\/2025\/10\/IMG-20251022-WA0001-768x384.jpg",640,320,true],"large":["https:\/\/veritasinfo.org\/wp-content\/uploads\/2025\/10\/IMG-20251022-WA0001-1024x512.jpg",640,320,true],"1536x1536":["https:\/\/veritasinfo.org\/wp-content\/uploads\/2025\/10\/IMG-20251022-WA0001.jpg",1140,570,false],"2048x2048":["https:\/\/veritasinfo.org\/wp-content\/uploads\/2025\/10\/IMG-20251022-WA0001.jpg",1140,570,false],"kreeti-slider-full":["https:\/\/veritasinfo.org\/wp-content\/uploads\/2025\/10\/IMG-20251022-WA0001.jpg",1140,570,false],"kreeti-featured":["https:\/\/veritasinfo.org\/wp-content\/uploads\/2025\/10\/IMG-20251022-WA0001.jpg",1024,512,false],"kreeti-medium":["https:\/\/veritasinfo.org\/wp-content\/uploads\/2025\/10\/IMG-20251022-WA0001.jpg",720,360,false],"kreeti-medium-square":["https:\/\/veritasinfo.org\/wp-content\/uploads\/2025\/10\/IMG-20251022-WA0001.jpg",350,175,false]},"author_info":{"info":["US5"]},"category_info":"<a href=\"https:\/\/veritasinfo.org\/?cat=60\" rel=\"category\">Shoq\u00ebrore<\/a>","tag_info":"Shoq\u00ebrore","comment_count":"0","_links":{"self":[{"href":"https:\/\/veritasinfo.org\/index.php?rest_route=\/wp\/v2\/posts\/17229","targetHints":{"allow":["GET"]}}],"collection":[{"href":"https:\/\/veritasinfo.org\/index.php?rest_route=\/wp\/v2\/posts"}],"about":[{"href":"https:\/\/veritasinfo.org\/index.php?rest_route=\/wp\/v2\/types\/post"}],"author":[{"embeddable":true,"href":"https:\/\/veritasinfo.org\/index.php?rest_route=\/wp\/v2\/users\/6"}],"replies":[{"embeddable":true,"href":"https:\/\/veritasinfo.org\/index.php?rest_route=%2Fwp%2Fv2%2Fcomments&post=17229"}],"version-history":[{"count":2,"href":"https:\/\/veritasinfo.org\/index.php?rest_route=\/wp\/v2\/posts\/17229\/revisions"}],"predecessor-version":[{"id":17234,"href":"https:\/\/veritasinfo.org\/index.php?rest_route=\/wp\/v2\/posts\/17229\/revisions\/17234"}],"wp:featuredmedia":[{"embeddable":true,"href":"https:\/\/veritasinfo.org\/index.php?rest_route=\/wp\/v2\/media\/17230"}],"wp:attachment":[{"href":"https:\/\/veritasinfo.org\/index.php?rest_route=%2Fwp%2Fv2%2Fmedia&parent=17229"}],"wp:term":[{"taxonomy":"category","embeddable":true,"href":"https:\/\/veritasinfo.org\/index.php?rest_route=%2Fwp%2Fv2%2Fcategories&post=17229"},{"taxonomy":"post_tag","embeddable":true,"href":"https:\/\/veritasinfo.org\/index.php?rest_route=%2Fwp%2Fv2%2Ftags&post=17229"}],"curies":[{"name":"wp","href":"https:\/\/api.w.org\/{rel}","templated":true}]}}