{"id":17222,"date":"2025-10-22T14:15:35","date_gmt":"2025-10-22T12:15:35","guid":{"rendered":"https:\/\/veritasinfo.org\/?p=17222"},"modified":"2025-10-22T14:15:35","modified_gmt":"2025-10-22T12:15:35","slug":"britania-rithekson-angazhimin-per-paqen-ne-kosove-ne-kuader-te-nato-s","status":"publish","type":"post","link":"https:\/\/veritasinfo.org\/?p=17222","title":{"rendered":"Britania rithekson angazhimin p\u00ebr paqen n\u00eb Kosov\u00eb n\u00eb kuad\u00ebr t\u00eb NATO-s"},"content":{"rendered":"<p>Prishtin\u00eb, 22 tetor 2025<\/p>\n<p>Mbret\u00ebria e Bashkuar vazhdon mb\u00ebshtetjen afatgjat\u00eb t\u00eb MB-s\u00eb p\u00ebr Kosov\u00ebn, si n\u00eb m\u00ebnyr\u00eb bilaterale, ashtu edhe p\u00ebrmes NATO-s.<\/p>\n<p>&#8220;Forcat e Armatosura Britanike do t\u00eb vazhdojn\u00eb t\u00eb mb\u00ebshtesin nj\u00eb mision paqeruajt\u00ebs t\u00eb udh\u00ebhequr nga NATO n\u00eb Kosov\u00eb p\u00ebr t\u00eb pakt\u00ebn tre vjet t\u00eb tjera. Mbret\u00ebria e Bashkuar ka qen\u00eb nj\u00eb kontribues ky\u00e7 n\u00eb Forc\u00ebn e NATO-s n\u00eb Kosov\u00eb (KFOR) t\u00eb mandatuar nga OKB-ja q\u00eb kur hyri p\u00ebr her\u00eb t\u00eb par\u00eb n\u00eb Kosov\u00eb n\u00eb vitin 1999 si nj\u00eb forc\u00eb paqeruajt\u00ebse p\u00ebr t\u00eb sjell\u00eb paqe dhe stabilitet pas konfliktit t\u00eb viteve 1990&#8221;, thuhet n\u00eb\u00a0komunikat\u00eb.<\/p>\n<p>Angazhimi p\u00ebrqendrohet rreth nj\u00eb force rezerv\u00eb prej qindra ushtar\u00ebsh britanik\u00eb q\u00eb mund t\u00eb vendosen n\u00eb Kosov\u00eb p\u00ebr t\u00eb ndihmuar misionin me nj\u00eb njoftim t\u00eb shkurt\u00ebr, n\u00ebse \u00ebsht\u00eb e nevojshme. Vendosja e fundit e madhe e Mbret\u00ebris\u00eb s\u00eb Bashkuar p\u00ebr t\u00eb mb\u00ebshtetur misionin u zhvillua n\u00eb vitin 2023 pas nj\u00eb sulmi t\u00eb dhunsh\u00ebm kund\u00ebr policis\u00eb n\u00eb veri t\u00eb Kosov\u00ebs.<\/p>\n<p>Zgjatja e mb\u00ebshtetjes s\u00eb Mbret\u00ebris\u00eb s\u00eb Bashkuar p\u00ebr KFOR-in deri t\u00eb pakt\u00ebn n\u00eb dhjetor 2028 p\u00ebrmbush qasjen e qeveris\u00eb &#8220;NATO e para&#8221;, si\u00e7 p\u00ebrcaktohet n\u00eb Rishikimin Strategjik t\u00eb Mbrojtjes, duke rritur nj\u00ebkoh\u00ebsisht sigurin\u00eb n\u00eb Ballkanin Per\u00ebndimor.<\/p>\n<p>Njoftimi vjen nd\u00ebrsa Kryeministri pret Samitin e Lider\u00ebve t\u00eb Ballkanit Per\u00ebndimor n\u00eb Lond\u00ebr sot p\u00ebr t\u00eb diskutuar bashk\u00ebpunim m\u00eb t\u00eb ngusht\u00eb p\u00ebr t\u00eb trajtuar sfid\u00ebn e p\u00ebrbashk\u00ebt t\u00eb migracionit t\u00eb parregullt.<\/p>\n<p>Kryeministri Keir Starmer tha se angazhimi i Mbret\u00ebris\u00eb s\u00eb Bashkuar p\u00ebr paqen dhe sigurin\u00eb n\u00eb Ballkanin Per\u00ebndimor \u00ebsht\u00eb i pal\u00ebkundur. \u201cDuke i dh\u00ebn\u00eb mb\u00ebshtetjen ton\u00eb Forc\u00ebs s\u00eb NATO-s n\u00eb Kosov\u00eb, ne po demonstrojm\u00eb rolin ton\u00eb si nj\u00eb aleat kryesor i NATO-s dhe po q\u00ebndrojm\u00eb pran\u00eb vlerave tona t\u00eb stabilitetit dhe demokracis\u00eb\u201d, tha ai.<\/p>\n<p>Bashk\u00ebpunimi i ngusht\u00eb me partner\u00ebt tan\u00eb n\u00eb Ballkanin Per\u00ebndimor \u00ebsht\u00eb jetik, jo vet\u00ebm p\u00ebr stabilitetin rajonal, por edhe p\u00ebr t\u00eb siguruar sigurin\u00eb k\u00ebtu n\u00eb vend.<\/p>\n<p>Kosova \u00ebsht\u00eb nj\u00eb partner i r\u00ebnd\u00ebsish\u00ebm dypal\u00ebsh, me Mbret\u00ebrin\u00eb e Bashkuar q\u00eb ka qen\u00eb vendi i par\u00eb q\u00eb njohu pavar\u00ebsin\u00eb e saj n\u00eb vitin 2008.<\/p>\n<p>Misioni nd\u00ebrkomb\u00ebtar paqeruajt\u00ebs i NATO-s, i mb\u00ebshtetur nga m\u00eb shum\u00eb se 30 vende, u krijua pas fushat\u00ebs ajrore 78-ditore t\u00eb NATO-s n\u00eb vitin 1999 kund\u00ebr Republik\u00ebs Federale t\u00eb Jugosllavis\u00eb, q\u00eb synonte parandalimin e nj\u00eb katastrofe humanitare n\u00eb Kosov\u00eb.<\/p>\n<p>Kjo vjen nd\u00ebrsa Ministria e Mbrojtjes e Mbret\u00ebris\u00eb s\u00eb Bashkuar p\u00ebrgatitet t\u00eb nis\u00eb nj\u00eb kurs t\u00eb ri t\u00eb synuar p\u00ebr vendet e Ballkanit Per\u00ebndimor q\u00eb do t\u00eb filloj\u00eb n\u00eb fillim t\u00eb vitit t\u00eb ardhsh\u00ebm, i projektuar p\u00ebr t\u00eb ndihmuar n\u00eb nd\u00ebrtimin e mir\u00ebkuptimit midis organizatave t\u00eb mbrojtjes dhe siguris\u00eb mbi \u00e7\u00ebshtjet rreth mbrojtjes s\u00eb jet\u00ebs s\u00eb civil\u00ebve, duke p\u00ebrfshir\u00eb promovimin e rolit t\u00eb grave n\u00eb mbrojtje.<\/p>\n<p>Trajnimi i k\u00ebtij lloji shihet gjer\u00ebsisht si nj\u00eb nga metodat m\u00eb efektive q\u00eb kontribuon n\u00eb parandalimin e konflikteve dhe do t\u00eb inkurajonte zhvillimin e nj\u00eb rrjeti koleg\u00ebsh n\u00eb rajon, t\u00eb cil\u00ebt mund t\u00eb konsultohen n\u00eb t\u00eb ardhmen. Mbret\u00ebria e Bashkuar do t\u00eb ftoj\u00eb Shqip\u00ebrin\u00eb, Bosnj\u00ebn dhe Hercegovin\u00ebn, Kosov\u00ebn, Malin e Zi, Maqedonin\u00eb e Veriut dhe Serbin\u00eb p\u00ebr t\u00eb marr\u00eb pjes\u00eb.<\/p>\n<p>Ministri i Forcave t\u00eb Armatosura, Al Carns, tha: Trupat tona kan\u00eb kryer qindra misione gjat\u00eb dekadave n\u00eb mb\u00ebshtetje t\u00eb KFOR-it dhe kjo zgjerim i angazhimit ton\u00eb do ta mbaj\u00eb Kosov\u00ebn dhe Ballkanin Per\u00ebndimor m\u00eb t\u00eb sigurt.<\/p>\n<p>Paqeruatja \u00ebsht\u00eb nj\u00eb komponent kritik i angazhimit ton\u00eb p\u00ebr ta mbajtur Mbret\u00ebrin\u00eb e Bashkuar t\u00eb sigurt n\u00eb vend dhe t\u00eb fort\u00eb jasht\u00eb vendit, dhe do t\u00eb doja t\u00eb fal\u00ebnderoja qindra trupa britanike q\u00eb mbeten t\u00eb gatshme t\u00eb nd\u00ebrmarrin hapa p\u00ebr t\u00eb mbajtur Mbret\u00ebrin\u00eb e Bashkuar dhe Evrop\u00ebn t\u00eb sigurta.<\/p>\n<p>Forcat e Mbret\u00ebris\u00eb s\u00eb Bashkuar kan\u00eb punuar p\u00ebr t\u00eb p\u00ebrmir\u00ebsuar aft\u00ebsin\u00eb e Inteligjenc\u00ebs, Mbik\u00ebqyrjes dhe Zbulimit t\u00eb KFOR-it, duke rritur ndjesh\u00ebm nd\u00ebrgjegj\u00ebsimin e komandant\u00ebve t\u00eb misionit p\u00ebr situat\u00ebn &#8211; duke siguruar q\u00eb operacioni t\u00eb mund t\u00eb ofroj\u00eb nj\u00eb mjedis t\u00eb sigurt p\u00ebr t\u00eb gjith\u00eb popullsin\u00eb.<\/p>\n<p>\u201cMb\u00ebshtetja financohet p\u00ebrmes Fondit t\u00eb Siguris\u00eb s\u00eb Integruar t\u00eb qeveris\u00eb, i cili ndahet nga departamente t\u00eb shumta n\u00eb trajtimin e sfidave t\u00eb siguris\u00eb komb\u00ebtare me t\u00eb cilat p\u00ebrballet Mbret\u00ebria e Bashkuar dhe partner\u00ebt. KFOR-i vepron si nj\u00eb nga ofruesit kryesor\u00eb t\u00eb siguris\u00eb n\u00eb Kosov\u00eb, me trupa t\u00eb kontribuara nga m\u00eb shum\u00eb se 30 vende, p\u00ebrfshir\u00eb Italin\u00eb, Turqin\u00eb, Polonin\u00eb dhe SHBA-n\u00eb, si dhe Mbret\u00ebrin\u00eb e Bashkuar\u201d, thuhet n\u00eb komunikat\u00eb.<\/p>\n<p>&nbsp;<\/p>\n","protected":false},"excerpt":{"rendered":"<p>Prishtin\u00eb, 22 tetor 2025 Mbret\u00ebria e Bashkuar vazhdon mb\u00ebshtetjen afatgjat\u00eb t\u00eb MB-s\u00eb p\u00ebr Kosov\u00ebn, si n\u00eb m\u00ebnyr\u00eb bilaterale, ashtu edhe p\u00ebrmes NATO-s. &#8220;Forcat e Armatosura<\/p>\n","protected":false},"author":7,"featured_media":17223,"comment_status":"open","ping_status":"open","sticky":false,"template":"","format":"standard","meta":{"footnotes":""},"categories":[58],"tags":[],"class_list":["post-17222","post","type-post","status-publish","format-standard","has-post-thumbnail","hentry","category-politike-sq"],"yoast_head":"<!-- This site is optimized with the Yoast SEO plugin v25.3.1 - https:\/\/yoast.com\/wordpress\/plugins\/seo\/ -->\n<title>Britania rithekson angazhimin p\u00ebr paqen n\u00eb Kosov\u00eb n\u00eb kuad\u00ebr t\u00eb NATO-s -<\/title>\n<meta name=\"robots\" content=\"index, follow, max-snippet:-1, max-image-preview:large, max-video-preview:-1\" \/>\n<link rel=\"canonical\" href=\"https:\/\/veritasinfo.org\/?p=17222\" \/>\n<meta property=\"og:locale\" content=\"en_US\" \/>\n<meta property=\"og:type\" content=\"article\" \/>\n<meta property=\"og:title\" content=\"Britania rithekson angazhimin p\u00ebr paqen n\u00eb Kosov\u00eb n\u00eb kuad\u00ebr t\u00eb NATO-s -\" \/>\n<meta property=\"og:description\" content=\"Prishtin\u00eb, 22 tetor 2025 Mbret\u00ebria e Bashkuar vazhdon mb\u00ebshtetjen afatgjat\u00eb t\u00eb MB-s\u00eb p\u00ebr Kosov\u00ebn, si n\u00eb m\u00ebnyr\u00eb bilaterale, ashtu edhe p\u00ebrmes NATO-s. &#8220;Forcat e Armatosura\" \/>\n<meta property=\"og:url\" content=\"https:\/\/veritasinfo.org\/?p=17222\" \/>\n<meta property=\"article:published_time\" content=\"2025-10-22T12:15:35+00:00\" \/>\n<meta property=\"og:image\" content=\"https:\/\/veritasinfo.org\/wp-content\/uploads\/2025\/10\/707530-iEhkiOwvaA.jpg\" \/>\n\t<meta property=\"og:image:width\" content=\"780\" \/>\n\t<meta property=\"og:image:height\" content=\"500\" \/>\n\t<meta property=\"og:image:type\" content=\"image\/jpeg\" \/>\n<meta name=\"author\" content=\"US6\" \/>\n<meta name=\"twitter:card\" content=\"summary_large_image\" \/>\n<meta name=\"twitter:label1\" content=\"Written by\" \/>\n\t<meta name=\"twitter:data1\" content=\"US6\" \/>\n\t<meta name=\"twitter:label2\" content=\"Est. reading time\" \/>\n\t<meta name=\"twitter:data2\" content=\"4 minutes\" \/>\n<script type=\"application\/ld+json\" class=\"yoast-schema-graph\">{\"@context\":\"https:\/\/schema.org\",\"@graph\":[{\"@type\":\"WebPage\",\"@id\":\"https:\/\/veritasinfo.org\/?p=17222\",\"url\":\"https:\/\/veritasinfo.org\/?p=17222\",\"name\":\"Britania rithekson angazhimin p\u00ebr paqen n\u00eb Kosov\u00eb n\u00eb kuad\u00ebr t\u00eb NATO-s -\",\"isPartOf\":{\"@id\":\"https:\/\/veritasinfo.org\/#website\"},\"primaryImageOfPage\":{\"@id\":\"https:\/\/veritasinfo.org\/?p=17222#primaryimage\"},\"image\":{\"@id\":\"https:\/\/veritasinfo.org\/?p=17222#primaryimage\"},\"thumbnailUrl\":\"https:\/\/veritasinfo.org\/wp-content\/uploads\/2025\/10\/707530-iEhkiOwvaA.jpg\",\"datePublished\":\"2025-10-22T12:15:35+00:00\",\"author\":{\"@id\":\"https:\/\/veritasinfo.org\/#\/schema\/person\/fe199eede04c3937362892b7444747cc\"},\"breadcrumb\":{\"@id\":\"https:\/\/veritasinfo.org\/?p=17222#breadcrumb\"},\"inLanguage\":\"en-US\",\"potentialAction\":[{\"@type\":\"ReadAction\",\"target\":[\"https:\/\/veritasinfo.org\/?p=17222\"]}]},{\"@type\":\"ImageObject\",\"inLanguage\":\"en-US\",\"@id\":\"https:\/\/veritasinfo.org\/?p=17222#primaryimage\",\"url\":\"https:\/\/veritasinfo.org\/wp-content\/uploads\/2025\/10\/707530-iEhkiOwvaA.jpg\",\"contentUrl\":\"https:\/\/veritasinfo.org\/wp-content\/uploads\/2025\/10\/707530-iEhkiOwvaA.jpg\",\"width\":780,\"height\":500},{\"@type\":\"BreadcrumbList\",\"@id\":\"https:\/\/veritasinfo.org\/?p=17222#breadcrumb\",\"itemListElement\":[{\"@type\":\"ListItem\",\"position\":1,\"name\":\"Home\",\"item\":\"https:\/\/veritasinfo.org\/\"},{\"@type\":\"ListItem\",\"position\":2,\"name\":\"Britania rithekson angazhimin p\u00ebr paqen n\u00eb Kosov\u00eb n\u00eb kuad\u00ebr t\u00eb NATO-s\"}]},{\"@type\":\"WebSite\",\"@id\":\"https:\/\/veritasinfo.org\/#website\",\"url\":\"https:\/\/veritasinfo.org\/\",\"name\":\"\",\"description\":\"\",\"potentialAction\":[{\"@type\":\"SearchAction\",\"target\":{\"@type\":\"EntryPoint\",\"urlTemplate\":\"https:\/\/veritasinfo.org\/?s={search_term_string}\"},\"query-input\":{\"@type\":\"PropertyValueSpecification\",\"valueRequired\":true,\"valueName\":\"search_term_string\"}}],\"inLanguage\":\"en-US\"},{\"@type\":\"Person\",\"@id\":\"https:\/\/veritasinfo.org\/#\/schema\/person\/fe199eede04c3937362892b7444747cc\",\"name\":\"US6\",\"image\":{\"@type\":\"ImageObject\",\"inLanguage\":\"en-US\",\"@id\":\"https:\/\/veritasinfo.org\/#\/schema\/person\/image\/\",\"url\":\"https:\/\/secure.gravatar.com\/avatar\/cb16c3c31c9d23b9b8c705964598220b3014e42ff51eb540ff23cefa3ae8c15f?s=96&d=mm&r=g\",\"contentUrl\":\"https:\/\/secure.gravatar.com\/avatar\/cb16c3c31c9d23b9b8c705964598220b3014e42ff51eb540ff23cefa3ae8c15f?s=96&d=mm&r=g\",\"caption\":\"US6\"},\"url\":\"https:\/\/veritasinfo.org\/?author=7\"}]}<\/script>\n<!-- \/ Yoast SEO plugin. -->","yoast_head_json":{"title":"Britania rithekson angazhimin p\u00ebr paqen n\u00eb Kosov\u00eb n\u00eb kuad\u00ebr t\u00eb NATO-s -","robots":{"index":"index","follow":"follow","max-snippet":"max-snippet:-1","max-image-preview":"max-image-preview:large","max-video-preview":"max-video-preview:-1"},"canonical":"https:\/\/veritasinfo.org\/?p=17222","og_locale":"en_US","og_type":"article","og_title":"Britania rithekson angazhimin p\u00ebr paqen n\u00eb Kosov\u00eb n\u00eb kuad\u00ebr t\u00eb NATO-s -","og_description":"Prishtin\u00eb, 22 tetor 2025 Mbret\u00ebria e Bashkuar vazhdon mb\u00ebshtetjen afatgjat\u00eb t\u00eb MB-s\u00eb p\u00ebr Kosov\u00ebn, si n\u00eb m\u00ebnyr\u00eb bilaterale, ashtu edhe p\u00ebrmes NATO-s. &#8220;Forcat e Armatosura","og_url":"https:\/\/veritasinfo.org\/?p=17222","article_published_time":"2025-10-22T12:15:35+00:00","og_image":[{"width":780,"height":500,"url":"https:\/\/veritasinfo.org\/wp-content\/uploads\/2025\/10\/707530-iEhkiOwvaA.jpg","type":"image\/jpeg"}],"author":"US6","twitter_card":"summary_large_image","twitter_misc":{"Written by":"US6","Est. reading time":"4 minutes"},"schema":{"@context":"https:\/\/schema.org","@graph":[{"@type":"WebPage","@id":"https:\/\/veritasinfo.org\/?p=17222","url":"https:\/\/veritasinfo.org\/?p=17222","name":"Britania rithekson angazhimin p\u00ebr paqen n\u00eb Kosov\u00eb n\u00eb kuad\u00ebr t\u00eb NATO-s -","isPartOf":{"@id":"https:\/\/veritasinfo.org\/#website"},"primaryImageOfPage":{"@id":"https:\/\/veritasinfo.org\/?p=17222#primaryimage"},"image":{"@id":"https:\/\/veritasinfo.org\/?p=17222#primaryimage"},"thumbnailUrl":"https:\/\/veritasinfo.org\/wp-content\/uploads\/2025\/10\/707530-iEhkiOwvaA.jpg","datePublished":"2025-10-22T12:15:35+00:00","author":{"@id":"https:\/\/veritasinfo.org\/#\/schema\/person\/fe199eede04c3937362892b7444747cc"},"breadcrumb":{"@id":"https:\/\/veritasinfo.org\/?p=17222#breadcrumb"},"inLanguage":"en-US","potentialAction":[{"@type":"ReadAction","target":["https:\/\/veritasinfo.org\/?p=17222"]}]},{"@type":"ImageObject","inLanguage":"en-US","@id":"https:\/\/veritasinfo.org\/?p=17222#primaryimage","url":"https:\/\/veritasinfo.org\/wp-content\/uploads\/2025\/10\/707530-iEhkiOwvaA.jpg","contentUrl":"https:\/\/veritasinfo.org\/wp-content\/uploads\/2025\/10\/707530-iEhkiOwvaA.jpg","width":780,"height":500},{"@type":"BreadcrumbList","@id":"https:\/\/veritasinfo.org\/?p=17222#breadcrumb","itemListElement":[{"@type":"ListItem","position":1,"name":"Home","item":"https:\/\/veritasinfo.org\/"},{"@type":"ListItem","position":2,"name":"Britania rithekson angazhimin p\u00ebr paqen n\u00eb Kosov\u00eb n\u00eb kuad\u00ebr t\u00eb NATO-s"}]},{"@type":"WebSite","@id":"https:\/\/veritasinfo.org\/#website","url":"https:\/\/veritasinfo.org\/","name":"","description":"","potentialAction":[{"@type":"SearchAction","target":{"@type":"EntryPoint","urlTemplate":"https:\/\/veritasinfo.org\/?s={search_term_string}"},"query-input":{"@type":"PropertyValueSpecification","valueRequired":true,"valueName":"search_term_string"}}],"inLanguage":"en-US"},{"@type":"Person","@id":"https:\/\/veritasinfo.org\/#\/schema\/person\/fe199eede04c3937362892b7444747cc","name":"US6","image":{"@type":"ImageObject","inLanguage":"en-US","@id":"https:\/\/veritasinfo.org\/#\/schema\/person\/image\/","url":"https:\/\/secure.gravatar.com\/avatar\/cb16c3c31c9d23b9b8c705964598220b3014e42ff51eb540ff23cefa3ae8c15f?s=96&d=mm&r=g","contentUrl":"https:\/\/secure.gravatar.com\/avatar\/cb16c3c31c9d23b9b8c705964598220b3014e42ff51eb540ff23cefa3ae8c15f?s=96&d=mm&r=g","caption":"US6"},"url":"https:\/\/veritasinfo.org\/?author=7"}]}},"featured_image_urls":{"full":["https:\/\/veritasinfo.org\/wp-content\/uploads\/2025\/10\/707530-iEhkiOwvaA.jpg",780,500,false],"thumbnail":["https:\/\/veritasinfo.org\/wp-content\/uploads\/2025\/10\/707530-iEhkiOwvaA-150x150.jpg",150,150,true],"medium":["https:\/\/veritasinfo.org\/wp-content\/uploads\/2025\/10\/707530-iEhkiOwvaA-300x192.jpg",300,192,true],"medium_large":["https:\/\/veritasinfo.org\/wp-content\/uploads\/2025\/10\/707530-iEhkiOwvaA-768x492.jpg",640,410,true],"large":["https:\/\/veritasinfo.org\/wp-content\/uploads\/2025\/10\/707530-iEhkiOwvaA.jpg",640,410,false],"1536x1536":["https:\/\/veritasinfo.org\/wp-content\/uploads\/2025\/10\/707530-iEhkiOwvaA.jpg",780,500,false],"2048x2048":["https:\/\/veritasinfo.org\/wp-content\/uploads\/2025\/10\/707530-iEhkiOwvaA.jpg",780,500,false],"kreeti-slider-full":["https:\/\/veritasinfo.org\/wp-content\/uploads\/2025\/10\/707530-iEhkiOwvaA.jpg",780,500,false],"kreeti-featured":["https:\/\/veritasinfo.org\/wp-content\/uploads\/2025\/10\/707530-iEhkiOwvaA.jpg",780,500,false],"kreeti-medium":["https:\/\/veritasinfo.org\/wp-content\/uploads\/2025\/10\/707530-iEhkiOwvaA.jpg",720,462,false],"kreeti-medium-square":["https:\/\/veritasinfo.org\/wp-content\/uploads\/2025\/10\/707530-iEhkiOwvaA.jpg",350,224,false]},"author_info":{"info":["US6"]},"category_info":"<a href=\"https:\/\/veritasinfo.org\/?cat=58\" rel=\"category\">Politik\u00eb<\/a>","tag_info":"Politik\u00eb","comment_count":"0","_links":{"self":[{"href":"https:\/\/veritasinfo.org\/index.php?rest_route=\/wp\/v2\/posts\/17222","targetHints":{"allow":["GET"]}}],"collection":[{"href":"https:\/\/veritasinfo.org\/index.php?rest_route=\/wp\/v2\/posts"}],"about":[{"href":"https:\/\/veritasinfo.org\/index.php?rest_route=\/wp\/v2\/types\/post"}],"author":[{"embeddable":true,"href":"https:\/\/veritasinfo.org\/index.php?rest_route=\/wp\/v2\/users\/7"}],"replies":[{"embeddable":true,"href":"https:\/\/veritasinfo.org\/index.php?rest_route=%2Fwp%2Fv2%2Fcomments&post=17222"}],"version-history":[{"count":1,"href":"https:\/\/veritasinfo.org\/index.php?rest_route=\/wp\/v2\/posts\/17222\/revisions"}],"predecessor-version":[{"id":17224,"href":"https:\/\/veritasinfo.org\/index.php?rest_route=\/wp\/v2\/posts\/17222\/revisions\/17224"}],"wp:featuredmedia":[{"embeddable":true,"href":"https:\/\/veritasinfo.org\/index.php?rest_route=\/wp\/v2\/media\/17223"}],"wp:attachment":[{"href":"https:\/\/veritasinfo.org\/index.php?rest_route=%2Fwp%2Fv2%2Fmedia&parent=17222"}],"wp:term":[{"taxonomy":"category","embeddable":true,"href":"https:\/\/veritasinfo.org\/index.php?rest_route=%2Fwp%2Fv2%2Fcategories&post=17222"},{"taxonomy":"post_tag","embeddable":true,"href":"https:\/\/veritasinfo.org\/index.php?rest_route=%2Fwp%2Fv2%2Ftags&post=17222"}],"curies":[{"name":"wp","href":"https:\/\/api.w.org\/{rel}","templated":true}]}}