{"id":17214,"date":"2025-10-22T13:49:31","date_gmt":"2025-10-22T11:49:31","guid":{"rendered":"https:\/\/veritasinfo.org\/?p=17214"},"modified":"2025-10-22T13:49:31","modified_gmt":"2025-10-22T11:49:31","slug":"begaj-i-kerkon-vietnamit-ta-njoh-pavaresine-e-kosoves","status":"publish","type":"post","link":"https:\/\/veritasinfo.org\/?p=17214","title":{"rendered":"Begaj i k\u00ebrkon Vietnamit ta njoh pavar\u00ebsin\u00eb e Kosov\u00ebs"},"content":{"rendered":"<p>Prishtin\u00eb 22 Tetor 2025<\/p>\n<p>Presidenti i Republik\u00ebs, Bajram Begaj pranoi sot Letrat Kredenciale nga Ambasadorja e Republik\u00ebs Socialiste t\u00eb Vietnamit n\u00eb Republik\u00ebn e Shqip\u00ebris\u00eb, Pham Thi Thu Huong.<\/p>\n<p>Kreu i Shtetit vler\u00ebsoi marr\u00ebdh\u00ebniet e mira dhe tradicionale q\u00eb ekzistojn\u00eb midis dy vendeve tona prej 75 vitesh, duke n\u00ebnvizuar nevoj\u00ebn p\u00ebr intensifikimin e kontakteve politike, ekonomike dhe kulturore.<\/p>\n<p>Presidenti Begaj theksoi se Shqip\u00ebria do ta mir\u00ebpriste nj\u00eb rishikim t\u00eb q\u00ebndrimit t\u00eb Vietnamit lidhur me njohjen e Republik\u00ebs s\u00eb Kosov\u00ebs dhe mb\u00ebshtetjen e an\u00ebtar\u00ebsimit t\u00eb saj n\u00eb organizata nd\u00ebrkomb\u00ebtare, duke n\u00ebnvizuar se Kosova \u00ebsht\u00eb nj\u00eb realitet i pakthyesh\u00ebm n\u00eb Ballkanin Per\u00ebndimor.<\/p>\n","protected":false},"excerpt":{"rendered":"<p>Prishtin\u00eb 22 Tetor 2025 Presidenti i Republik\u00ebs, Bajram Begaj pranoi sot Letrat Kredenciale nga Ambasadorja e Republik\u00ebs Socialiste t\u00eb Vietnamit n\u00eb Republik\u00ebn e Shqip\u00ebris\u00eb, Pham<\/p>\n","protected":false},"author":6,"featured_media":17215,"comment_status":"open","ping_status":"open","sticky":false,"template":"","format":"standard","meta":{"footnotes":""},"categories":[60],"tags":[],"class_list":["post-17214","post","type-post","status-publish","format-standard","has-post-thumbnail","hentry","category-shoqerore-sq"],"yoast_head":"<!-- This site is optimized with the Yoast SEO plugin v25.3.1 - https:\/\/yoast.com\/wordpress\/plugins\/seo\/ -->\n<title>Begaj i k\u00ebrkon Vietnamit ta njoh pavar\u00ebsin\u00eb e Kosov\u00ebs -<\/title>\n<meta name=\"robots\" content=\"index, follow, max-snippet:-1, max-image-preview:large, max-video-preview:-1\" \/>\n<link rel=\"canonical\" href=\"https:\/\/veritasinfo.org\/?p=17214\" \/>\n<meta property=\"og:locale\" content=\"en_US\" \/>\n<meta property=\"og:type\" content=\"article\" \/>\n<meta property=\"og:title\" content=\"Begaj i k\u00ebrkon Vietnamit ta njoh pavar\u00ebsin\u00eb e Kosov\u00ebs -\" \/>\n<meta property=\"og:description\" content=\"Prishtin\u00eb 22 Tetor 2025 Presidenti i Republik\u00ebs, Bajram Begaj pranoi sot Letrat Kredenciale nga Ambasadorja e Republik\u00ebs Socialiste t\u00eb Vietnamit n\u00eb Republik\u00ebn e Shqip\u00ebris\u00eb, Pham\" \/>\n<meta property=\"og:url\" content=\"https:\/\/veritasinfo.org\/?p=17214\" \/>\n<meta property=\"article:published_time\" content=\"2025-10-22T11:49:31+00:00\" \/>\n<meta property=\"og:image\" content=\"https:\/\/veritasinfo.org\/wp-content\/uploads\/2025\/10\/v-600x360-1.jpeg\" \/>\n\t<meta property=\"og:image:width\" content=\"600\" \/>\n\t<meta property=\"og:image:height\" content=\"360\" \/>\n\t<meta property=\"og:image:type\" content=\"image\/jpeg\" \/>\n<meta name=\"author\" content=\"US5\" \/>\n<meta name=\"twitter:card\" content=\"summary_large_image\" \/>\n<meta name=\"twitter:label1\" content=\"Written by\" \/>\n\t<meta name=\"twitter:data1\" content=\"US5\" \/>\n\t<meta name=\"twitter:label2\" content=\"Est. reading time\" \/>\n\t<meta name=\"twitter:data2\" content=\"1 minute\" \/>\n<script type=\"application\/ld+json\" class=\"yoast-schema-graph\">{\"@context\":\"https:\/\/schema.org\",\"@graph\":[{\"@type\":\"WebPage\",\"@id\":\"https:\/\/veritasinfo.org\/?p=17214\",\"url\":\"https:\/\/veritasinfo.org\/?p=17214\",\"name\":\"Begaj i k\u00ebrkon Vietnamit ta njoh pavar\u00ebsin\u00eb e Kosov\u00ebs -\",\"isPartOf\":{\"@id\":\"https:\/\/veritasinfo.org\/#website\"},\"primaryImageOfPage\":{\"@id\":\"https:\/\/veritasinfo.org\/?p=17214#primaryimage\"},\"image\":{\"@id\":\"https:\/\/veritasinfo.org\/?p=17214#primaryimage\"},\"thumbnailUrl\":\"https:\/\/veritasinfo.org\/wp-content\/uploads\/2025\/10\/v-600x360-1.jpeg\",\"datePublished\":\"2025-10-22T11:49:31+00:00\",\"author\":{\"@id\":\"https:\/\/veritasinfo.org\/#\/schema\/person\/bc442336e35414d04494ab8fb45db4c6\"},\"breadcrumb\":{\"@id\":\"https:\/\/veritasinfo.org\/?p=17214#breadcrumb\"},\"inLanguage\":\"en-US\",\"potentialAction\":[{\"@type\":\"ReadAction\",\"target\":[\"https:\/\/veritasinfo.org\/?p=17214\"]}]},{\"@type\":\"ImageObject\",\"inLanguage\":\"en-US\",\"@id\":\"https:\/\/veritasinfo.org\/?p=17214#primaryimage\",\"url\":\"https:\/\/veritasinfo.org\/wp-content\/uploads\/2025\/10\/v-600x360-1.jpeg\",\"contentUrl\":\"https:\/\/veritasinfo.org\/wp-content\/uploads\/2025\/10\/v-600x360-1.jpeg\",\"width\":600,\"height\":360},{\"@type\":\"BreadcrumbList\",\"@id\":\"https:\/\/veritasinfo.org\/?p=17214#breadcrumb\",\"itemListElement\":[{\"@type\":\"ListItem\",\"position\":1,\"name\":\"Home\",\"item\":\"https:\/\/veritasinfo.org\/\"},{\"@type\":\"ListItem\",\"position\":2,\"name\":\"Begaj i k\u00ebrkon Vietnamit ta njoh pavar\u00ebsin\u00eb e Kosov\u00ebs\"}]},{\"@type\":\"WebSite\",\"@id\":\"https:\/\/veritasinfo.org\/#website\",\"url\":\"https:\/\/veritasinfo.org\/\",\"name\":\"\",\"description\":\"\",\"potentialAction\":[{\"@type\":\"SearchAction\",\"target\":{\"@type\":\"EntryPoint\",\"urlTemplate\":\"https:\/\/veritasinfo.org\/?s={search_term_string}\"},\"query-input\":{\"@type\":\"PropertyValueSpecification\",\"valueRequired\":true,\"valueName\":\"search_term_string\"}}],\"inLanguage\":\"en-US\"},{\"@type\":\"Person\",\"@id\":\"https:\/\/veritasinfo.org\/#\/schema\/person\/bc442336e35414d04494ab8fb45db4c6\",\"name\":\"US5\",\"image\":{\"@type\":\"ImageObject\",\"inLanguage\":\"en-US\",\"@id\":\"https:\/\/veritasinfo.org\/#\/schema\/person\/image\/\",\"url\":\"https:\/\/secure.gravatar.com\/avatar\/16a61e7272a0c5d001121ebb9e60e925d5816e4ac1e443ed3e640d9a6ae55d0c?s=96&d=mm&r=g\",\"contentUrl\":\"https:\/\/secure.gravatar.com\/avatar\/16a61e7272a0c5d001121ebb9e60e925d5816e4ac1e443ed3e640d9a6ae55d0c?s=96&d=mm&r=g\",\"caption\":\"US5\"},\"url\":\"https:\/\/veritasinfo.org\/?author=6\"}]}<\/script>\n<!-- \/ Yoast SEO plugin. -->","yoast_head_json":{"title":"Begaj i k\u00ebrkon Vietnamit ta njoh pavar\u00ebsin\u00eb e Kosov\u00ebs -","robots":{"index":"index","follow":"follow","max-snippet":"max-snippet:-1","max-image-preview":"max-image-preview:large","max-video-preview":"max-video-preview:-1"},"canonical":"https:\/\/veritasinfo.org\/?p=17214","og_locale":"en_US","og_type":"article","og_title":"Begaj i k\u00ebrkon Vietnamit ta njoh pavar\u00ebsin\u00eb e Kosov\u00ebs -","og_description":"Prishtin\u00eb 22 Tetor 2025 Presidenti i Republik\u00ebs, Bajram Begaj pranoi sot Letrat Kredenciale nga Ambasadorja e Republik\u00ebs Socialiste t\u00eb Vietnamit n\u00eb Republik\u00ebn e Shqip\u00ebris\u00eb, Pham","og_url":"https:\/\/veritasinfo.org\/?p=17214","article_published_time":"2025-10-22T11:49:31+00:00","og_image":[{"width":600,"height":360,"url":"https:\/\/veritasinfo.org\/wp-content\/uploads\/2025\/10\/v-600x360-1.jpeg","type":"image\/jpeg"}],"author":"US5","twitter_card":"summary_large_image","twitter_misc":{"Written by":"US5","Est. reading time":"1 minute"},"schema":{"@context":"https:\/\/schema.org","@graph":[{"@type":"WebPage","@id":"https:\/\/veritasinfo.org\/?p=17214","url":"https:\/\/veritasinfo.org\/?p=17214","name":"Begaj i k\u00ebrkon Vietnamit ta njoh pavar\u00ebsin\u00eb e Kosov\u00ebs -","isPartOf":{"@id":"https:\/\/veritasinfo.org\/#website"},"primaryImageOfPage":{"@id":"https:\/\/veritasinfo.org\/?p=17214#primaryimage"},"image":{"@id":"https:\/\/veritasinfo.org\/?p=17214#primaryimage"},"thumbnailUrl":"https:\/\/veritasinfo.org\/wp-content\/uploads\/2025\/10\/v-600x360-1.jpeg","datePublished":"2025-10-22T11:49:31+00:00","author":{"@id":"https:\/\/veritasinfo.org\/#\/schema\/person\/bc442336e35414d04494ab8fb45db4c6"},"breadcrumb":{"@id":"https:\/\/veritasinfo.org\/?p=17214#breadcrumb"},"inLanguage":"en-US","potentialAction":[{"@type":"ReadAction","target":["https:\/\/veritasinfo.org\/?p=17214"]}]},{"@type":"ImageObject","inLanguage":"en-US","@id":"https:\/\/veritasinfo.org\/?p=17214#primaryimage","url":"https:\/\/veritasinfo.org\/wp-content\/uploads\/2025\/10\/v-600x360-1.jpeg","contentUrl":"https:\/\/veritasinfo.org\/wp-content\/uploads\/2025\/10\/v-600x360-1.jpeg","width":600,"height":360},{"@type":"BreadcrumbList","@id":"https:\/\/veritasinfo.org\/?p=17214#breadcrumb","itemListElement":[{"@type":"ListItem","position":1,"name":"Home","item":"https:\/\/veritasinfo.org\/"},{"@type":"ListItem","position":2,"name":"Begaj i k\u00ebrkon Vietnamit ta njoh pavar\u00ebsin\u00eb e Kosov\u00ebs"}]},{"@type":"WebSite","@id":"https:\/\/veritasinfo.org\/#website","url":"https:\/\/veritasinfo.org\/","name":"","description":"","potentialAction":[{"@type":"SearchAction","target":{"@type":"EntryPoint","urlTemplate":"https:\/\/veritasinfo.org\/?s={search_term_string}"},"query-input":{"@type":"PropertyValueSpecification","valueRequired":true,"valueName":"search_term_string"}}],"inLanguage":"en-US"},{"@type":"Person","@id":"https:\/\/veritasinfo.org\/#\/schema\/person\/bc442336e35414d04494ab8fb45db4c6","name":"US5","image":{"@type":"ImageObject","inLanguage":"en-US","@id":"https:\/\/veritasinfo.org\/#\/schema\/person\/image\/","url":"https:\/\/secure.gravatar.com\/avatar\/16a61e7272a0c5d001121ebb9e60e925d5816e4ac1e443ed3e640d9a6ae55d0c?s=96&d=mm&r=g","contentUrl":"https:\/\/secure.gravatar.com\/avatar\/16a61e7272a0c5d001121ebb9e60e925d5816e4ac1e443ed3e640d9a6ae55d0c?s=96&d=mm&r=g","caption":"US5"},"url":"https:\/\/veritasinfo.org\/?author=6"}]}},"featured_image_urls":{"full":["https:\/\/veritasinfo.org\/wp-content\/uploads\/2025\/10\/v-600x360-1.jpeg",600,360,false],"thumbnail":["https:\/\/veritasinfo.org\/wp-content\/uploads\/2025\/10\/v-600x360-1-150x150.jpeg",150,150,true],"medium":["https:\/\/veritasinfo.org\/wp-content\/uploads\/2025\/10\/v-600x360-1-300x180.jpeg",300,180,true],"medium_large":["https:\/\/veritasinfo.org\/wp-content\/uploads\/2025\/10\/v-600x360-1.jpeg",600,360,false],"large":["https:\/\/veritasinfo.org\/wp-content\/uploads\/2025\/10\/v-600x360-1.jpeg",600,360,false],"1536x1536":["https:\/\/veritasinfo.org\/wp-content\/uploads\/2025\/10\/v-600x360-1.jpeg",600,360,false],"2048x2048":["https:\/\/veritasinfo.org\/wp-content\/uploads\/2025\/10\/v-600x360-1.jpeg",600,360,false],"kreeti-slider-full":["https:\/\/veritasinfo.org\/wp-content\/uploads\/2025\/10\/v-600x360-1.jpeg",600,360,false],"kreeti-featured":["https:\/\/veritasinfo.org\/wp-content\/uploads\/2025\/10\/v-600x360-1.jpeg",600,360,false],"kreeti-medium":["https:\/\/veritasinfo.org\/wp-content\/uploads\/2025\/10\/v-600x360-1.jpeg",600,360,false],"kreeti-medium-square":["https:\/\/veritasinfo.org\/wp-content\/uploads\/2025\/10\/v-600x360-1.jpeg",350,210,false]},"author_info":{"info":["US5"]},"category_info":"<a href=\"https:\/\/veritasinfo.org\/?cat=60\" rel=\"category\">Shoq\u00ebrore<\/a>","tag_info":"Shoq\u00ebrore","comment_count":"0","_links":{"self":[{"href":"https:\/\/veritasinfo.org\/index.php?rest_route=\/wp\/v2\/posts\/17214","targetHints":{"allow":["GET"]}}],"collection":[{"href":"https:\/\/veritasinfo.org\/index.php?rest_route=\/wp\/v2\/posts"}],"about":[{"href":"https:\/\/veritasinfo.org\/index.php?rest_route=\/wp\/v2\/types\/post"}],"author":[{"embeddable":true,"href":"https:\/\/veritasinfo.org\/index.php?rest_route=\/wp\/v2\/users\/6"}],"replies":[{"embeddable":true,"href":"https:\/\/veritasinfo.org\/index.php?rest_route=%2Fwp%2Fv2%2Fcomments&post=17214"}],"version-history":[{"count":1,"href":"https:\/\/veritasinfo.org\/index.php?rest_route=\/wp\/v2\/posts\/17214\/revisions"}],"predecessor-version":[{"id":17216,"href":"https:\/\/veritasinfo.org\/index.php?rest_route=\/wp\/v2\/posts\/17214\/revisions\/17216"}],"wp:featuredmedia":[{"embeddable":true,"href":"https:\/\/veritasinfo.org\/index.php?rest_route=\/wp\/v2\/media\/17215"}],"wp:attachment":[{"href":"https:\/\/veritasinfo.org\/index.php?rest_route=%2Fwp%2Fv2%2Fmedia&parent=17214"}],"wp:term":[{"taxonomy":"category","embeddable":true,"href":"https:\/\/veritasinfo.org\/index.php?rest_route=%2Fwp%2Fv2%2Fcategories&post=17214"},{"taxonomy":"post_tag","embeddable":true,"href":"https:\/\/veritasinfo.org\/index.php?rest_route=%2Fwp%2Fv2%2Ftags&post=17214"}],"curies":[{"name":"wp","href":"https:\/\/api.w.org\/{rel}","templated":true}]}}