{"id":17205,"date":"2025-10-22T12:51:43","date_gmt":"2025-10-22T10:51:43","guid":{"rendered":"https:\/\/veritasinfo.org\/?p=17205"},"modified":"2025-10-22T12:51:43","modified_gmt":"2025-10-22T10:51:43","slug":"te-shtena-me-arme-dhe-zjarr-prane-parlamentit-serb-plagoset-nje-person","status":"publish","type":"post","link":"https:\/\/veritasinfo.org\/?p=17205","title":{"rendered":"T\u00eb sht\u00ebna me arm\u00eb dhe zjarr pran\u00eb parlamentit serb, plagoset nj\u00eb person"},"content":{"rendered":"<p>Beograd 22 Tetor 2025<\/p>\n<p>Nj\u00eb person \u00ebsht\u00eb l\u00ebnduar pasi nj\u00eb i dyshuar gjuajti me arm\u00eb n\u00eb drejtim t\u00eb tij, n\u00eb Beograd.<\/p>\n<p>Rasti ndodhi pran\u00eb parlamentit, n\u00eb kryeqytetin serb.<\/p>\n<p>Sipas RT-s\u00eb, sulmuesi e plagosi 57-vje\u00e7arin n\u00eb ije dhe m\u00eb pas ia vuri flak\u00ebn tend\u00ebs ku po q\u00ebndronin p\u00ebrkrah\u00ebsit e presidentit Aleksandar Vu\u00e7iq.<\/p>\n<p>p\u00ebrmes nj\u00eb reagimi t\u00eb shpejt\u00eb t\u00eb policis\u00eb dhe sipas urdhrit t\u00eb Prokuroris\u00eb s\u00eb Lart\u00eb n\u00eb Beograd, u arrestua nj\u00eb person, Vladan A., 70-vje\u00e7ar.<\/p>\n","protected":false},"excerpt":{"rendered":"<p>Beograd 22 Tetor 2025 Nj\u00eb person \u00ebsht\u00eb l\u00ebnduar pasi nj\u00eb i dyshuar gjuajti me arm\u00eb n\u00eb drejtim t\u00eb tij, n\u00eb Beograd. Rasti ndodhi pran\u00eb parlamentit,<\/p>\n","protected":false},"author":6,"featured_media":17206,"comment_status":"open","ping_status":"open","sticky":false,"template":"","format":"standard","meta":{"footnotes":""},"categories":[60],"tags":[],"class_list":["post-17205","post","type-post","status-publish","format-standard","has-post-thumbnail","hentry","category-shoqerore-sq"],"yoast_head":"<!-- This site is optimized with the Yoast SEO plugin v25.3.1 - https:\/\/yoast.com\/wordpress\/plugins\/seo\/ -->\n<title>T\u00eb sht\u00ebna me arm\u00eb dhe zjarr pran\u00eb parlamentit serb, plagoset nj\u00eb person -<\/title>\n<meta name=\"robots\" content=\"index, follow, max-snippet:-1, max-image-preview:large, max-video-preview:-1\" \/>\n<link rel=\"canonical\" href=\"https:\/\/veritasinfo.org\/?p=17205\" \/>\n<meta property=\"og:locale\" content=\"en_US\" \/>\n<meta property=\"og:type\" content=\"article\" \/>\n<meta property=\"og:title\" content=\"T\u00eb sht\u00ebna me arm\u00eb dhe zjarr pran\u00eb parlamentit serb, plagoset nj\u00eb person -\" \/>\n<meta property=\"og:description\" content=\"Beograd 22 Tetor 2025 Nj\u00eb person \u00ebsht\u00eb l\u00ebnduar pasi nj\u00eb i dyshuar gjuajti me arm\u00eb n\u00eb drejtim t\u00eb tij, n\u00eb Beograd. Rasti ndodhi pran\u00eb parlamentit,\" \/>\n<meta property=\"og:url\" content=\"https:\/\/veritasinfo.org\/?p=17205\" \/>\n<meta property=\"article:published_time\" content=\"2025-10-22T10:51:43+00:00\" \/>\n<meta property=\"og:image\" content=\"https:\/\/veritasinfo.org\/wp-content\/uploads\/2025\/10\/1-12-600x360-1.png\" \/>\n\t<meta property=\"og:image:width\" content=\"600\" \/>\n\t<meta property=\"og:image:height\" content=\"360\" \/>\n\t<meta property=\"og:image:type\" content=\"image\/png\" \/>\n<meta name=\"author\" content=\"US5\" \/>\n<meta name=\"twitter:card\" content=\"summary_large_image\" \/>\n<meta name=\"twitter:label1\" content=\"Written by\" \/>\n\t<meta name=\"twitter:data1\" content=\"US5\" \/>\n\t<meta name=\"twitter:label2\" content=\"Est. reading time\" \/>\n\t<meta name=\"twitter:data2\" content=\"1 minute\" \/>\n<script type=\"application\/ld+json\" class=\"yoast-schema-graph\">{\"@context\":\"https:\/\/schema.org\",\"@graph\":[{\"@type\":\"WebPage\",\"@id\":\"https:\/\/veritasinfo.org\/?p=17205\",\"url\":\"https:\/\/veritasinfo.org\/?p=17205\",\"name\":\"T\u00eb sht\u00ebna me arm\u00eb dhe zjarr pran\u00eb parlamentit serb, plagoset nj\u00eb person -\",\"isPartOf\":{\"@id\":\"https:\/\/veritasinfo.org\/#website\"},\"primaryImageOfPage\":{\"@id\":\"https:\/\/veritasinfo.org\/?p=17205#primaryimage\"},\"image\":{\"@id\":\"https:\/\/veritasinfo.org\/?p=17205#primaryimage\"},\"thumbnailUrl\":\"https:\/\/veritasinfo.org\/wp-content\/uploads\/2025\/10\/1-12-600x360-1.png\",\"datePublished\":\"2025-10-22T10:51:43+00:00\",\"author\":{\"@id\":\"https:\/\/veritasinfo.org\/#\/schema\/person\/bc442336e35414d04494ab8fb45db4c6\"},\"breadcrumb\":{\"@id\":\"https:\/\/veritasinfo.org\/?p=17205#breadcrumb\"},\"inLanguage\":\"en-US\",\"potentialAction\":[{\"@type\":\"ReadAction\",\"target\":[\"https:\/\/veritasinfo.org\/?p=17205\"]}]},{\"@type\":\"ImageObject\",\"inLanguage\":\"en-US\",\"@id\":\"https:\/\/veritasinfo.org\/?p=17205#primaryimage\",\"url\":\"https:\/\/veritasinfo.org\/wp-content\/uploads\/2025\/10\/1-12-600x360-1.png\",\"contentUrl\":\"https:\/\/veritasinfo.org\/wp-content\/uploads\/2025\/10\/1-12-600x360-1.png\",\"width\":600,\"height\":360},{\"@type\":\"BreadcrumbList\",\"@id\":\"https:\/\/veritasinfo.org\/?p=17205#breadcrumb\",\"itemListElement\":[{\"@type\":\"ListItem\",\"position\":1,\"name\":\"Home\",\"item\":\"https:\/\/veritasinfo.org\/\"},{\"@type\":\"ListItem\",\"position\":2,\"name\":\"T\u00eb sht\u00ebna me arm\u00eb dhe zjarr pran\u00eb parlamentit serb, plagoset nj\u00eb person\"}]},{\"@type\":\"WebSite\",\"@id\":\"https:\/\/veritasinfo.org\/#website\",\"url\":\"https:\/\/veritasinfo.org\/\",\"name\":\"\",\"description\":\"\",\"potentialAction\":[{\"@type\":\"SearchAction\",\"target\":{\"@type\":\"EntryPoint\",\"urlTemplate\":\"https:\/\/veritasinfo.org\/?s={search_term_string}\"},\"query-input\":{\"@type\":\"PropertyValueSpecification\",\"valueRequired\":true,\"valueName\":\"search_term_string\"}}],\"inLanguage\":\"en-US\"},{\"@type\":\"Person\",\"@id\":\"https:\/\/veritasinfo.org\/#\/schema\/person\/bc442336e35414d04494ab8fb45db4c6\",\"name\":\"US5\",\"image\":{\"@type\":\"ImageObject\",\"inLanguage\":\"en-US\",\"@id\":\"https:\/\/veritasinfo.org\/#\/schema\/person\/image\/\",\"url\":\"https:\/\/secure.gravatar.com\/avatar\/16a61e7272a0c5d001121ebb9e60e925d5816e4ac1e443ed3e640d9a6ae55d0c?s=96&d=mm&r=g\",\"contentUrl\":\"https:\/\/secure.gravatar.com\/avatar\/16a61e7272a0c5d001121ebb9e60e925d5816e4ac1e443ed3e640d9a6ae55d0c?s=96&d=mm&r=g\",\"caption\":\"US5\"},\"url\":\"https:\/\/veritasinfo.org\/?author=6\"}]}<\/script>\n<!-- \/ Yoast SEO plugin. -->","yoast_head_json":{"title":"T\u00eb sht\u00ebna me arm\u00eb dhe zjarr pran\u00eb parlamentit serb, plagoset nj\u00eb person -","robots":{"index":"index","follow":"follow","max-snippet":"max-snippet:-1","max-image-preview":"max-image-preview:large","max-video-preview":"max-video-preview:-1"},"canonical":"https:\/\/veritasinfo.org\/?p=17205","og_locale":"en_US","og_type":"article","og_title":"T\u00eb sht\u00ebna me arm\u00eb dhe zjarr pran\u00eb parlamentit serb, plagoset nj\u00eb person -","og_description":"Beograd 22 Tetor 2025 Nj\u00eb person \u00ebsht\u00eb l\u00ebnduar pasi nj\u00eb i dyshuar gjuajti me arm\u00eb n\u00eb drejtim t\u00eb tij, n\u00eb Beograd. Rasti ndodhi pran\u00eb parlamentit,","og_url":"https:\/\/veritasinfo.org\/?p=17205","article_published_time":"2025-10-22T10:51:43+00:00","og_image":[{"width":600,"height":360,"url":"https:\/\/veritasinfo.org\/wp-content\/uploads\/2025\/10\/1-12-600x360-1.png","type":"image\/png"}],"author":"US5","twitter_card":"summary_large_image","twitter_misc":{"Written by":"US5","Est. reading time":"1 minute"},"schema":{"@context":"https:\/\/schema.org","@graph":[{"@type":"WebPage","@id":"https:\/\/veritasinfo.org\/?p=17205","url":"https:\/\/veritasinfo.org\/?p=17205","name":"T\u00eb sht\u00ebna me arm\u00eb dhe zjarr pran\u00eb parlamentit serb, plagoset nj\u00eb person -","isPartOf":{"@id":"https:\/\/veritasinfo.org\/#website"},"primaryImageOfPage":{"@id":"https:\/\/veritasinfo.org\/?p=17205#primaryimage"},"image":{"@id":"https:\/\/veritasinfo.org\/?p=17205#primaryimage"},"thumbnailUrl":"https:\/\/veritasinfo.org\/wp-content\/uploads\/2025\/10\/1-12-600x360-1.png","datePublished":"2025-10-22T10:51:43+00:00","author":{"@id":"https:\/\/veritasinfo.org\/#\/schema\/person\/bc442336e35414d04494ab8fb45db4c6"},"breadcrumb":{"@id":"https:\/\/veritasinfo.org\/?p=17205#breadcrumb"},"inLanguage":"en-US","potentialAction":[{"@type":"ReadAction","target":["https:\/\/veritasinfo.org\/?p=17205"]}]},{"@type":"ImageObject","inLanguage":"en-US","@id":"https:\/\/veritasinfo.org\/?p=17205#primaryimage","url":"https:\/\/veritasinfo.org\/wp-content\/uploads\/2025\/10\/1-12-600x360-1.png","contentUrl":"https:\/\/veritasinfo.org\/wp-content\/uploads\/2025\/10\/1-12-600x360-1.png","width":600,"height":360},{"@type":"BreadcrumbList","@id":"https:\/\/veritasinfo.org\/?p=17205#breadcrumb","itemListElement":[{"@type":"ListItem","position":1,"name":"Home","item":"https:\/\/veritasinfo.org\/"},{"@type":"ListItem","position":2,"name":"T\u00eb sht\u00ebna me arm\u00eb dhe zjarr pran\u00eb parlamentit serb, plagoset nj\u00eb person"}]},{"@type":"WebSite","@id":"https:\/\/veritasinfo.org\/#website","url":"https:\/\/veritasinfo.org\/","name":"","description":"","potentialAction":[{"@type":"SearchAction","target":{"@type":"EntryPoint","urlTemplate":"https:\/\/veritasinfo.org\/?s={search_term_string}"},"query-input":{"@type":"PropertyValueSpecification","valueRequired":true,"valueName":"search_term_string"}}],"inLanguage":"en-US"},{"@type":"Person","@id":"https:\/\/veritasinfo.org\/#\/schema\/person\/bc442336e35414d04494ab8fb45db4c6","name":"US5","image":{"@type":"ImageObject","inLanguage":"en-US","@id":"https:\/\/veritasinfo.org\/#\/schema\/person\/image\/","url":"https:\/\/secure.gravatar.com\/avatar\/16a61e7272a0c5d001121ebb9e60e925d5816e4ac1e443ed3e640d9a6ae55d0c?s=96&d=mm&r=g","contentUrl":"https:\/\/secure.gravatar.com\/avatar\/16a61e7272a0c5d001121ebb9e60e925d5816e4ac1e443ed3e640d9a6ae55d0c?s=96&d=mm&r=g","caption":"US5"},"url":"https:\/\/veritasinfo.org\/?author=6"}]}},"featured_image_urls":{"full":["https:\/\/veritasinfo.org\/wp-content\/uploads\/2025\/10\/1-12-600x360-1.png",600,360,false],"thumbnail":["https:\/\/veritasinfo.org\/wp-content\/uploads\/2025\/10\/1-12-600x360-1-150x150.png",150,150,true],"medium":["https:\/\/veritasinfo.org\/wp-content\/uploads\/2025\/10\/1-12-600x360-1-300x180.png",300,180,true],"medium_large":["https:\/\/veritasinfo.org\/wp-content\/uploads\/2025\/10\/1-12-600x360-1.png",600,360,false],"large":["https:\/\/veritasinfo.org\/wp-content\/uploads\/2025\/10\/1-12-600x360-1.png",600,360,false],"1536x1536":["https:\/\/veritasinfo.org\/wp-content\/uploads\/2025\/10\/1-12-600x360-1.png",600,360,false],"2048x2048":["https:\/\/veritasinfo.org\/wp-content\/uploads\/2025\/10\/1-12-600x360-1.png",600,360,false],"kreeti-slider-full":["https:\/\/veritasinfo.org\/wp-content\/uploads\/2025\/10\/1-12-600x360-1.png",600,360,false],"kreeti-featured":["https:\/\/veritasinfo.org\/wp-content\/uploads\/2025\/10\/1-12-600x360-1.png",600,360,false],"kreeti-medium":["https:\/\/veritasinfo.org\/wp-content\/uploads\/2025\/10\/1-12-600x360-1.png",600,360,false],"kreeti-medium-square":["https:\/\/veritasinfo.org\/wp-content\/uploads\/2025\/10\/1-12-600x360-1.png",350,210,false]},"author_info":{"info":["US5"]},"category_info":"<a href=\"https:\/\/veritasinfo.org\/?cat=60\" rel=\"category\">Shoq\u00ebrore<\/a>","tag_info":"Shoq\u00ebrore","comment_count":"0","_links":{"self":[{"href":"https:\/\/veritasinfo.org\/index.php?rest_route=\/wp\/v2\/posts\/17205","targetHints":{"allow":["GET"]}}],"collection":[{"href":"https:\/\/veritasinfo.org\/index.php?rest_route=\/wp\/v2\/posts"}],"about":[{"href":"https:\/\/veritasinfo.org\/index.php?rest_route=\/wp\/v2\/types\/post"}],"author":[{"embeddable":true,"href":"https:\/\/veritasinfo.org\/index.php?rest_route=\/wp\/v2\/users\/6"}],"replies":[{"embeddable":true,"href":"https:\/\/veritasinfo.org\/index.php?rest_route=%2Fwp%2Fv2%2Fcomments&post=17205"}],"version-history":[{"count":1,"href":"https:\/\/veritasinfo.org\/index.php?rest_route=\/wp\/v2\/posts\/17205\/revisions"}],"predecessor-version":[{"id":17207,"href":"https:\/\/veritasinfo.org\/index.php?rest_route=\/wp\/v2\/posts\/17205\/revisions\/17207"}],"wp:featuredmedia":[{"embeddable":true,"href":"https:\/\/veritasinfo.org\/index.php?rest_route=\/wp\/v2\/media\/17206"}],"wp:attachment":[{"href":"https:\/\/veritasinfo.org\/index.php?rest_route=%2Fwp%2Fv2%2Fmedia&parent=17205"}],"wp:term":[{"taxonomy":"category","embeddable":true,"href":"https:\/\/veritasinfo.org\/index.php?rest_route=%2Fwp%2Fv2%2Fcategories&post=17205"},{"taxonomy":"post_tag","embeddable":true,"href":"https:\/\/veritasinfo.org\/index.php?rest_route=%2Fwp%2Fv2%2Ftags&post=17205"}],"curies":[{"name":"wp","href":"https:\/\/api.w.org\/{rel}","templated":true}]}}