{"id":17200,"date":"2025-10-22T12:21:16","date_gmt":"2025-10-22T10:21:16","guid":{"rendered":"https:\/\/veritasinfo.org\/?p=17200"},"modified":"2025-10-22T12:21:16","modified_gmt":"2025-10-22T10:21:16","slug":"rashiq-do-ta-mbeshtes-qeverine-kurti-3","status":"publish","type":"post","link":"https:\/\/veritasinfo.org\/?p=17200","title":{"rendered":"Rashiq: Do ta mb\u00ebshtes Qeverin\u00eb Kurti 3"},"content":{"rendered":"<p>Prishtin\u00eb, 22 tetor 2025<\/p>\n<p>Nenad Rashiq, n\u00ebnd\u00ebskryetar i sapozgjedhur i Kuvendit t\u00eb Kosov\u00ebs, n\u00eb nj\u00eb deklarat\u00eb p\u00ebr \u201cFront Online\u201d ka konfirmuar se do ta mb\u00ebshtes Qeverin\u00eb Kurti 3.<\/p>\n<p>Rashiq ka shprehur gatishm\u00ebrin\u00eb e subjektit q\u00eb ai p\u00ebrfaq\u00ebson p\u00ebr t\u00eb vazhduar bashk\u00ebpunimin me kryeministrin e Kosov\u00ebs, Albin Kurti.<\/p>\n<p>\u201cNuk kemi biseduar dit\u00ebve t\u00eb fundit, por m\u00eb her\u00ebt kemi folur p\u00ebr nj\u00eb bashk\u00ebpunim sa m\u00eb t\u00eb gjer\u00eb dhe normal, me gatishm\u00ebri p\u00ebr bashk\u00ebpunim dhe me vullnet pozitiv t\u00eb subjektit q\u00eb p\u00ebrfaq\u00ebsoj p\u00ebr ta vazhduar at\u00eb,\u201d ka th\u00ebn\u00eb Rashiq.<\/p>\n<p>Ai shtoi se pret komunikim shtes\u00eb me kryeministrin para seanc\u00ebs s\u00eb 26 tetorit.<\/p>\n<p>\u201cBesoj se para dat\u00ebs 26 do t\u00eb kemi edhe nj\u00eb komunikim tjet\u00ebr. Natyrisht, vota ime p\u00ebr qeverin\u00eb Kurti \u00ebsht\u00eb p\u00ebr shkak t\u00eb konceptit q\u00eb ai ka paraqitur q\u00eb n\u00eb fillim \u2014 q\u00eb nuk do t\u00eb ket\u00eb bashk\u00ebpunim me List\u00ebn Serbe. Edhe ne ndajm\u00eb t\u00eb nj\u00ebjtin parim, prandaj ekziston hap\u00ebsir\u00eb p\u00ebr bashk\u00ebpunim nd\u00ebrmjet nesh,\u201d ka deklaruar Rashiq.<\/p>\n<p>Afati kushtetues p\u00ebr paraqitjen e qeveris\u00eb s\u00eb Kosov\u00ebs skadon m\u00eb 26 tetor.<\/p>\n","protected":false},"excerpt":{"rendered":"<p>Prishtin\u00eb, 22 tetor 2025 Nenad Rashiq, n\u00ebnd\u00ebskryetar i sapozgjedhur i Kuvendit t\u00eb Kosov\u00ebs, n\u00eb nj\u00eb deklarat\u00eb p\u00ebr \u201cFront Online\u201d ka konfirmuar se do ta mb\u00ebshtes<\/p>\n","protected":false},"author":7,"featured_media":17201,"comment_status":"open","ping_status":"open","sticky":false,"template":"","format":"standard","meta":{"footnotes":""},"categories":[58],"tags":[],"class_list":["post-17200","post","type-post","status-publish","format-standard","has-post-thumbnail","hentry","category-politike-sq"],"yoast_head":"<!-- This site is optimized with the Yoast SEO plugin v25.3.1 - https:\/\/yoast.com\/wordpress\/plugins\/seo\/ -->\n<title>Rashiq: Do ta mb\u00ebshtes Qeverin\u00eb Kurti 3 -<\/title>\n<meta name=\"robots\" content=\"index, follow, max-snippet:-1, max-image-preview:large, max-video-preview:-1\" \/>\n<link rel=\"canonical\" href=\"https:\/\/veritasinfo.org\/?p=17200\" \/>\n<meta property=\"og:locale\" content=\"en_US\" \/>\n<meta property=\"og:type\" content=\"article\" \/>\n<meta property=\"og:title\" content=\"Rashiq: Do ta mb\u00ebshtes Qeverin\u00eb Kurti 3 -\" \/>\n<meta property=\"og:description\" content=\"Prishtin\u00eb, 22 tetor 2025 Nenad Rashiq, n\u00ebnd\u00ebskryetar i sapozgjedhur i Kuvendit t\u00eb Kosov\u00ebs, n\u00eb nj\u00eb deklarat\u00eb p\u00ebr \u201cFront Online\u201d ka konfirmuar se do ta mb\u00ebshtes\" \/>\n<meta property=\"og:url\" content=\"https:\/\/veritasinfo.org\/?p=17200\" \/>\n<meta property=\"article:published_time\" content=\"2025-10-22T10:21:16+00:00\" \/>\n<meta property=\"og:image\" content=\"https:\/\/veritasinfo.org\/wp-content\/uploads\/2025\/10\/1000074320.jpg\" \/>\n\t<meta property=\"og:image:width\" content=\"976\" \/>\n\t<meta property=\"og:image:height\" content=\"619\" \/>\n\t<meta property=\"og:image:type\" content=\"image\/jpeg\" \/>\n<meta name=\"author\" content=\"US6\" \/>\n<meta name=\"twitter:card\" content=\"summary_large_image\" \/>\n<meta name=\"twitter:label1\" content=\"Written by\" \/>\n\t<meta name=\"twitter:data1\" content=\"US6\" \/>\n\t<meta name=\"twitter:label2\" content=\"Est. reading time\" \/>\n\t<meta name=\"twitter:data2\" content=\"1 minute\" \/>\n<script type=\"application\/ld+json\" class=\"yoast-schema-graph\">{\"@context\":\"https:\/\/schema.org\",\"@graph\":[{\"@type\":\"WebPage\",\"@id\":\"https:\/\/veritasinfo.org\/?p=17200\",\"url\":\"https:\/\/veritasinfo.org\/?p=17200\",\"name\":\"Rashiq: Do ta mb\u00ebshtes Qeverin\u00eb Kurti 3 -\",\"isPartOf\":{\"@id\":\"https:\/\/veritasinfo.org\/#website\"},\"primaryImageOfPage\":{\"@id\":\"https:\/\/veritasinfo.org\/?p=17200#primaryimage\"},\"image\":{\"@id\":\"https:\/\/veritasinfo.org\/?p=17200#primaryimage\"},\"thumbnailUrl\":\"https:\/\/veritasinfo.org\/wp-content\/uploads\/2025\/10\/1000074320.jpg\",\"datePublished\":\"2025-10-22T10:21:16+00:00\",\"author\":{\"@id\":\"https:\/\/veritasinfo.org\/#\/schema\/person\/fe199eede04c3937362892b7444747cc\"},\"breadcrumb\":{\"@id\":\"https:\/\/veritasinfo.org\/?p=17200#breadcrumb\"},\"inLanguage\":\"en-US\",\"potentialAction\":[{\"@type\":\"ReadAction\",\"target\":[\"https:\/\/veritasinfo.org\/?p=17200\"]}]},{\"@type\":\"ImageObject\",\"inLanguage\":\"en-US\",\"@id\":\"https:\/\/veritasinfo.org\/?p=17200#primaryimage\",\"url\":\"https:\/\/veritasinfo.org\/wp-content\/uploads\/2025\/10\/1000074320.jpg\",\"contentUrl\":\"https:\/\/veritasinfo.org\/wp-content\/uploads\/2025\/10\/1000074320.jpg\",\"width\":976,\"height\":619},{\"@type\":\"BreadcrumbList\",\"@id\":\"https:\/\/veritasinfo.org\/?p=17200#breadcrumb\",\"itemListElement\":[{\"@type\":\"ListItem\",\"position\":1,\"name\":\"Home\",\"item\":\"https:\/\/veritasinfo.org\/\"},{\"@type\":\"ListItem\",\"position\":2,\"name\":\"Rashiq: Do ta mb\u00ebshtes Qeverin\u00eb Kurti 3\"}]},{\"@type\":\"WebSite\",\"@id\":\"https:\/\/veritasinfo.org\/#website\",\"url\":\"https:\/\/veritasinfo.org\/\",\"name\":\"\",\"description\":\"\",\"potentialAction\":[{\"@type\":\"SearchAction\",\"target\":{\"@type\":\"EntryPoint\",\"urlTemplate\":\"https:\/\/veritasinfo.org\/?s={search_term_string}\"},\"query-input\":{\"@type\":\"PropertyValueSpecification\",\"valueRequired\":true,\"valueName\":\"search_term_string\"}}],\"inLanguage\":\"en-US\"},{\"@type\":\"Person\",\"@id\":\"https:\/\/veritasinfo.org\/#\/schema\/person\/fe199eede04c3937362892b7444747cc\",\"name\":\"US6\",\"image\":{\"@type\":\"ImageObject\",\"inLanguage\":\"en-US\",\"@id\":\"https:\/\/veritasinfo.org\/#\/schema\/person\/image\/\",\"url\":\"https:\/\/secure.gravatar.com\/avatar\/cb16c3c31c9d23b9b8c705964598220b3014e42ff51eb540ff23cefa3ae8c15f?s=96&d=mm&r=g\",\"contentUrl\":\"https:\/\/secure.gravatar.com\/avatar\/cb16c3c31c9d23b9b8c705964598220b3014e42ff51eb540ff23cefa3ae8c15f?s=96&d=mm&r=g\",\"caption\":\"US6\"},\"url\":\"https:\/\/veritasinfo.org\/?author=7\"}]}<\/script>\n<!-- \/ Yoast SEO plugin. -->","yoast_head_json":{"title":"Rashiq: Do ta mb\u00ebshtes Qeverin\u00eb Kurti 3 -","robots":{"index":"index","follow":"follow","max-snippet":"max-snippet:-1","max-image-preview":"max-image-preview:large","max-video-preview":"max-video-preview:-1"},"canonical":"https:\/\/veritasinfo.org\/?p=17200","og_locale":"en_US","og_type":"article","og_title":"Rashiq: Do ta mb\u00ebshtes Qeverin\u00eb Kurti 3 -","og_description":"Prishtin\u00eb, 22 tetor 2025 Nenad Rashiq, n\u00ebnd\u00ebskryetar i sapozgjedhur i Kuvendit t\u00eb Kosov\u00ebs, n\u00eb nj\u00eb deklarat\u00eb p\u00ebr \u201cFront Online\u201d ka konfirmuar se do ta mb\u00ebshtes","og_url":"https:\/\/veritasinfo.org\/?p=17200","article_published_time":"2025-10-22T10:21:16+00:00","og_image":[{"width":976,"height":619,"url":"https:\/\/veritasinfo.org\/wp-content\/uploads\/2025\/10\/1000074320.jpg","type":"image\/jpeg"}],"author":"US6","twitter_card":"summary_large_image","twitter_misc":{"Written by":"US6","Est. reading time":"1 minute"},"schema":{"@context":"https:\/\/schema.org","@graph":[{"@type":"WebPage","@id":"https:\/\/veritasinfo.org\/?p=17200","url":"https:\/\/veritasinfo.org\/?p=17200","name":"Rashiq: Do ta mb\u00ebshtes Qeverin\u00eb Kurti 3 -","isPartOf":{"@id":"https:\/\/veritasinfo.org\/#website"},"primaryImageOfPage":{"@id":"https:\/\/veritasinfo.org\/?p=17200#primaryimage"},"image":{"@id":"https:\/\/veritasinfo.org\/?p=17200#primaryimage"},"thumbnailUrl":"https:\/\/veritasinfo.org\/wp-content\/uploads\/2025\/10\/1000074320.jpg","datePublished":"2025-10-22T10:21:16+00:00","author":{"@id":"https:\/\/veritasinfo.org\/#\/schema\/person\/fe199eede04c3937362892b7444747cc"},"breadcrumb":{"@id":"https:\/\/veritasinfo.org\/?p=17200#breadcrumb"},"inLanguage":"en-US","potentialAction":[{"@type":"ReadAction","target":["https:\/\/veritasinfo.org\/?p=17200"]}]},{"@type":"ImageObject","inLanguage":"en-US","@id":"https:\/\/veritasinfo.org\/?p=17200#primaryimage","url":"https:\/\/veritasinfo.org\/wp-content\/uploads\/2025\/10\/1000074320.jpg","contentUrl":"https:\/\/veritasinfo.org\/wp-content\/uploads\/2025\/10\/1000074320.jpg","width":976,"height":619},{"@type":"BreadcrumbList","@id":"https:\/\/veritasinfo.org\/?p=17200#breadcrumb","itemListElement":[{"@type":"ListItem","position":1,"name":"Home","item":"https:\/\/veritasinfo.org\/"},{"@type":"ListItem","position":2,"name":"Rashiq: Do ta mb\u00ebshtes Qeverin\u00eb Kurti 3"}]},{"@type":"WebSite","@id":"https:\/\/veritasinfo.org\/#website","url":"https:\/\/veritasinfo.org\/","name":"","description":"","potentialAction":[{"@type":"SearchAction","target":{"@type":"EntryPoint","urlTemplate":"https:\/\/veritasinfo.org\/?s={search_term_string}"},"query-input":{"@type":"PropertyValueSpecification","valueRequired":true,"valueName":"search_term_string"}}],"inLanguage":"en-US"},{"@type":"Person","@id":"https:\/\/veritasinfo.org\/#\/schema\/person\/fe199eede04c3937362892b7444747cc","name":"US6","image":{"@type":"ImageObject","inLanguage":"en-US","@id":"https:\/\/veritasinfo.org\/#\/schema\/person\/image\/","url":"https:\/\/secure.gravatar.com\/avatar\/cb16c3c31c9d23b9b8c705964598220b3014e42ff51eb540ff23cefa3ae8c15f?s=96&d=mm&r=g","contentUrl":"https:\/\/secure.gravatar.com\/avatar\/cb16c3c31c9d23b9b8c705964598220b3014e42ff51eb540ff23cefa3ae8c15f?s=96&d=mm&r=g","caption":"US6"},"url":"https:\/\/veritasinfo.org\/?author=7"}]}},"featured_image_urls":{"full":["https:\/\/veritasinfo.org\/wp-content\/uploads\/2025\/10\/1000074320.jpg",976,619,false],"thumbnail":["https:\/\/veritasinfo.org\/wp-content\/uploads\/2025\/10\/1000074320-150x150.jpg",150,150,true],"medium":["https:\/\/veritasinfo.org\/wp-content\/uploads\/2025\/10\/1000074320-300x190.jpg",300,190,true],"medium_large":["https:\/\/veritasinfo.org\/wp-content\/uploads\/2025\/10\/1000074320-768x487.jpg",640,406,true],"large":["https:\/\/veritasinfo.org\/wp-content\/uploads\/2025\/10\/1000074320.jpg",640,406,false],"1536x1536":["https:\/\/veritasinfo.org\/wp-content\/uploads\/2025\/10\/1000074320.jpg",976,619,false],"2048x2048":["https:\/\/veritasinfo.org\/wp-content\/uploads\/2025\/10\/1000074320.jpg",976,619,false],"kreeti-slider-full":["https:\/\/veritasinfo.org\/wp-content\/uploads\/2025\/10\/1000074320.jpg",976,619,false],"kreeti-featured":["https:\/\/veritasinfo.org\/wp-content\/uploads\/2025\/10\/1000074320.jpg",976,619,false],"kreeti-medium":["https:\/\/veritasinfo.org\/wp-content\/uploads\/2025\/10\/1000074320.jpg",720,457,false],"kreeti-medium-square":["https:\/\/veritasinfo.org\/wp-content\/uploads\/2025\/10\/1000074320.jpg",350,222,false]},"author_info":{"info":["US6"]},"category_info":"<a href=\"https:\/\/veritasinfo.org\/?cat=58\" rel=\"category\">Politik\u00eb<\/a>","tag_info":"Politik\u00eb","comment_count":"0","_links":{"self":[{"href":"https:\/\/veritasinfo.org\/index.php?rest_route=\/wp\/v2\/posts\/17200","targetHints":{"allow":["GET"]}}],"collection":[{"href":"https:\/\/veritasinfo.org\/index.php?rest_route=\/wp\/v2\/posts"}],"about":[{"href":"https:\/\/veritasinfo.org\/index.php?rest_route=\/wp\/v2\/types\/post"}],"author":[{"embeddable":true,"href":"https:\/\/veritasinfo.org\/index.php?rest_route=\/wp\/v2\/users\/7"}],"replies":[{"embeddable":true,"href":"https:\/\/veritasinfo.org\/index.php?rest_route=%2Fwp%2Fv2%2Fcomments&post=17200"}],"version-history":[{"count":1,"href":"https:\/\/veritasinfo.org\/index.php?rest_route=\/wp\/v2\/posts\/17200\/revisions"}],"predecessor-version":[{"id":17202,"href":"https:\/\/veritasinfo.org\/index.php?rest_route=\/wp\/v2\/posts\/17200\/revisions\/17202"}],"wp:featuredmedia":[{"embeddable":true,"href":"https:\/\/veritasinfo.org\/index.php?rest_route=\/wp\/v2\/media\/17201"}],"wp:attachment":[{"href":"https:\/\/veritasinfo.org\/index.php?rest_route=%2Fwp%2Fv2%2Fmedia&parent=17200"}],"wp:term":[{"taxonomy":"category","embeddable":true,"href":"https:\/\/veritasinfo.org\/index.php?rest_route=%2Fwp%2Fv2%2Fcategories&post=17200"},{"taxonomy":"post_tag","embeddable":true,"href":"https:\/\/veritasinfo.org\/index.php?rest_route=%2Fwp%2Fv2%2Ftags&post=17200"}],"curies":[{"name":"wp","href":"https:\/\/api.w.org\/{rel}","templated":true}]}}