{"id":17189,"date":"2025-10-22T11:43:24","date_gmt":"2025-10-22T09:43:24","guid":{"rendered":"https:\/\/veritasinfo.org\/?p=17189"},"modified":"2025-10-22T17:32:17","modified_gmt":"2025-10-22T15:32:17","slug":"kicmari-kosova-shpreh-mbeshtetje-te-palekundur-per-ukrainen","status":"publish","type":"post","link":"https:\/\/veritasinfo.org\/?p=17189","title":{"rendered":"Ki\u00e7mari: Kosova shpreh mb\u00ebshtetje t\u00eb pal\u00ebkundur p\u00ebr Ukrain\u00ebn"},"content":{"rendered":"<p>Prishtin\u00eb 22 Tetor 2025<\/p>\n<p>Ambasadori i Republik\u00ebs s\u00eb Kosov\u00ebs n\u00eb Japoni, Sabri Ki\u00e7mari, ka deklaruar se Republika e Kosov\u00ebs shpreh mb\u00ebshtetjen e saj t\u00eb plot\u00eb dhe t\u00eb pal\u00ebkundur p\u00ebr Ukrain\u00ebn n\u00eb p\u00ebrballjen me agresionin rus.<\/p>\n<p>\u201cMe k\u00ebnaq\u00ebsi t\u00eb ve\u00e7ant\u00eb kam udh\u00ebhequr delegacionin e Republik\u00ebs s\u00eb Kosov\u00ebs n\u00eb Konferenc\u00ebn Nd\u00ebrkomb\u00ebtare t\u00eb Ukrain\u00ebs kund\u00ebr Minave (UMAC 2025), e cila po zhvillohet n\u00eb Tokio. Jam shoq\u00ebruar edhe nga atasheu yn\u00eb i mbrojtjes, koloneli Beton Retkoceri,\u201d ka shkruar diplomati kosovar n\u00eb \u2018Facebook\u2019.<\/p>\n<p>N\u00eb k\u00ebt\u00eb konferenc\u00eb dyditore po marrin pjes\u00eb 57 p\u00ebrfaq\u00ebsues shtetesh \u2013 ministra, z\u00ebvend\u00ebsministra dhe ambasador\u00eb \u2013 si dhe 16 p\u00ebrfaq\u00ebsues t\u00eb organizatave nd\u00ebrkomb\u00ebtare, t\u00eb cil\u00ebt po diskutojn\u00eb bashk\u00ebpunimin nd\u00ebrkomb\u00ebtar n\u00eb fush\u00ebn e veprimit kund\u00ebr minave dhe ndihm\u00ebs humanitare, me q\u00ebllim t\u00eb forcimit t\u00eb paqes dhe siguris\u00eb globale.<\/p>\n","protected":false},"excerpt":{"rendered":"<p>Prishtin\u00eb 22 Tetor 2025 Ambasadori i Republik\u00ebs s\u00eb Kosov\u00ebs n\u00eb Japoni, Sabri Ki\u00e7mari, ka deklaruar se Republika e Kosov\u00ebs shpreh mb\u00ebshtetjen e saj t\u00eb plot\u00eb<\/p>\n","protected":false},"author":6,"featured_media":17190,"comment_status":"open","ping_status":"open","sticky":false,"template":"","format":"standard","meta":{"footnotes":""},"categories":[60],"tags":[],"class_list":["post-17189","post","type-post","status-publish","format-standard","has-post-thumbnail","hentry","category-shoqerore-sq"],"yoast_head":"<!-- This site is optimized with the Yoast SEO plugin v25.3.1 - https:\/\/yoast.com\/wordpress\/plugins\/seo\/ -->\n<title>Ki\u00e7mari: Kosova shpreh mb\u00ebshtetje t\u00eb pal\u00ebkundur p\u00ebr Ukrain\u00ebn -<\/title>\n<meta name=\"robots\" content=\"index, follow, max-snippet:-1, max-image-preview:large, max-video-preview:-1\" \/>\n<link rel=\"canonical\" href=\"https:\/\/veritasinfo.org\/?p=17189\" \/>\n<meta property=\"og:locale\" content=\"en_US\" \/>\n<meta property=\"og:type\" content=\"article\" \/>\n<meta property=\"og:title\" content=\"Ki\u00e7mari: Kosova shpreh mb\u00ebshtetje t\u00eb pal\u00ebkundur p\u00ebr Ukrain\u00ebn -\" \/>\n<meta property=\"og:description\" content=\"Prishtin\u00eb 22 Tetor 2025 Ambasadori i Republik\u00ebs s\u00eb Kosov\u00ebs n\u00eb Japoni, Sabri Ki\u00e7mari, ka deklaruar se Republika e Kosov\u00ebs shpreh mb\u00ebshtetjen e saj t\u00eb plot\u00eb\" \/>\n<meta property=\"og:url\" content=\"https:\/\/veritasinfo.org\/?p=17189\" \/>\n<meta property=\"article:published_time\" content=\"2025-10-22T09:43:24+00:00\" \/>\n<meta property=\"article:modified_time\" content=\"2025-10-22T15:32:17+00:00\" \/>\n<meta property=\"og:image\" content=\"https:\/\/veritasinfo.org\/wp-content\/uploads\/2025\/10\/707504-7q3iq0ZHNb.jpg\" \/>\n\t<meta property=\"og:image:width\" content=\"780\" \/>\n\t<meta property=\"og:image:height\" content=\"500\" \/>\n\t<meta property=\"og:image:type\" content=\"image\/jpeg\" \/>\n<meta name=\"author\" content=\"US5\" \/>\n<meta name=\"twitter:card\" content=\"summary_large_image\" \/>\n<meta name=\"twitter:label1\" content=\"Written by\" \/>\n\t<meta name=\"twitter:data1\" content=\"US5\" \/>\n\t<meta name=\"twitter:label2\" content=\"Est. reading time\" \/>\n\t<meta name=\"twitter:data2\" content=\"1 minute\" \/>\n<script type=\"application\/ld+json\" class=\"yoast-schema-graph\">{\"@context\":\"https:\/\/schema.org\",\"@graph\":[{\"@type\":\"WebPage\",\"@id\":\"https:\/\/veritasinfo.org\/?p=17189\",\"url\":\"https:\/\/veritasinfo.org\/?p=17189\",\"name\":\"Ki\u00e7mari: Kosova shpreh mb\u00ebshtetje t\u00eb pal\u00ebkundur p\u00ebr Ukrain\u00ebn -\",\"isPartOf\":{\"@id\":\"https:\/\/veritasinfo.org\/#website\"},\"primaryImageOfPage\":{\"@id\":\"https:\/\/veritasinfo.org\/?p=17189#primaryimage\"},\"image\":{\"@id\":\"https:\/\/veritasinfo.org\/?p=17189#primaryimage\"},\"thumbnailUrl\":\"https:\/\/veritasinfo.org\/wp-content\/uploads\/2025\/10\/707504-7q3iq0ZHNb.jpg\",\"datePublished\":\"2025-10-22T09:43:24+00:00\",\"dateModified\":\"2025-10-22T15:32:17+00:00\",\"author\":{\"@id\":\"https:\/\/veritasinfo.org\/#\/schema\/person\/bc442336e35414d04494ab8fb45db4c6\"},\"breadcrumb\":{\"@id\":\"https:\/\/veritasinfo.org\/?p=17189#breadcrumb\"},\"inLanguage\":\"en-US\",\"potentialAction\":[{\"@type\":\"ReadAction\",\"target\":[\"https:\/\/veritasinfo.org\/?p=17189\"]}]},{\"@type\":\"ImageObject\",\"inLanguage\":\"en-US\",\"@id\":\"https:\/\/veritasinfo.org\/?p=17189#primaryimage\",\"url\":\"https:\/\/veritasinfo.org\/wp-content\/uploads\/2025\/10\/707504-7q3iq0ZHNb.jpg\",\"contentUrl\":\"https:\/\/veritasinfo.org\/wp-content\/uploads\/2025\/10\/707504-7q3iq0ZHNb.jpg\",\"width\":780,\"height\":500},{\"@type\":\"BreadcrumbList\",\"@id\":\"https:\/\/veritasinfo.org\/?p=17189#breadcrumb\",\"itemListElement\":[{\"@type\":\"ListItem\",\"position\":1,\"name\":\"Home\",\"item\":\"https:\/\/veritasinfo.org\/\"},{\"@type\":\"ListItem\",\"position\":2,\"name\":\"Ki\u00e7mari: Kosova shpreh mb\u00ebshtetje t\u00eb pal\u00ebkundur p\u00ebr Ukrain\u00ebn\"}]},{\"@type\":\"WebSite\",\"@id\":\"https:\/\/veritasinfo.org\/#website\",\"url\":\"https:\/\/veritasinfo.org\/\",\"name\":\"\",\"description\":\"\",\"potentialAction\":[{\"@type\":\"SearchAction\",\"target\":{\"@type\":\"EntryPoint\",\"urlTemplate\":\"https:\/\/veritasinfo.org\/?s={search_term_string}\"},\"query-input\":{\"@type\":\"PropertyValueSpecification\",\"valueRequired\":true,\"valueName\":\"search_term_string\"}}],\"inLanguage\":\"en-US\"},{\"@type\":\"Person\",\"@id\":\"https:\/\/veritasinfo.org\/#\/schema\/person\/bc442336e35414d04494ab8fb45db4c6\",\"name\":\"US5\",\"image\":{\"@type\":\"ImageObject\",\"inLanguage\":\"en-US\",\"@id\":\"https:\/\/veritasinfo.org\/#\/schema\/person\/image\/\",\"url\":\"https:\/\/secure.gravatar.com\/avatar\/16a61e7272a0c5d001121ebb9e60e925d5816e4ac1e443ed3e640d9a6ae55d0c?s=96&d=mm&r=g\",\"contentUrl\":\"https:\/\/secure.gravatar.com\/avatar\/16a61e7272a0c5d001121ebb9e60e925d5816e4ac1e443ed3e640d9a6ae55d0c?s=96&d=mm&r=g\",\"caption\":\"US5\"},\"url\":\"https:\/\/veritasinfo.org\/?author=6\"}]}<\/script>\n<!-- \/ Yoast SEO plugin. -->","yoast_head_json":{"title":"Ki\u00e7mari: Kosova shpreh mb\u00ebshtetje t\u00eb pal\u00ebkundur p\u00ebr Ukrain\u00ebn -","robots":{"index":"index","follow":"follow","max-snippet":"max-snippet:-1","max-image-preview":"max-image-preview:large","max-video-preview":"max-video-preview:-1"},"canonical":"https:\/\/veritasinfo.org\/?p=17189","og_locale":"en_US","og_type":"article","og_title":"Ki\u00e7mari: Kosova shpreh mb\u00ebshtetje t\u00eb pal\u00ebkundur p\u00ebr Ukrain\u00ebn -","og_description":"Prishtin\u00eb 22 Tetor 2025 Ambasadori i Republik\u00ebs s\u00eb Kosov\u00ebs n\u00eb Japoni, Sabri Ki\u00e7mari, ka deklaruar se Republika e Kosov\u00ebs shpreh mb\u00ebshtetjen e saj t\u00eb plot\u00eb","og_url":"https:\/\/veritasinfo.org\/?p=17189","article_published_time":"2025-10-22T09:43:24+00:00","article_modified_time":"2025-10-22T15:32:17+00:00","og_image":[{"width":780,"height":500,"url":"https:\/\/veritasinfo.org\/wp-content\/uploads\/2025\/10\/707504-7q3iq0ZHNb.jpg","type":"image\/jpeg"}],"author":"US5","twitter_card":"summary_large_image","twitter_misc":{"Written by":"US5","Est. reading time":"1 minute"},"schema":{"@context":"https:\/\/schema.org","@graph":[{"@type":"WebPage","@id":"https:\/\/veritasinfo.org\/?p=17189","url":"https:\/\/veritasinfo.org\/?p=17189","name":"Ki\u00e7mari: Kosova shpreh mb\u00ebshtetje t\u00eb pal\u00ebkundur p\u00ebr Ukrain\u00ebn -","isPartOf":{"@id":"https:\/\/veritasinfo.org\/#website"},"primaryImageOfPage":{"@id":"https:\/\/veritasinfo.org\/?p=17189#primaryimage"},"image":{"@id":"https:\/\/veritasinfo.org\/?p=17189#primaryimage"},"thumbnailUrl":"https:\/\/veritasinfo.org\/wp-content\/uploads\/2025\/10\/707504-7q3iq0ZHNb.jpg","datePublished":"2025-10-22T09:43:24+00:00","dateModified":"2025-10-22T15:32:17+00:00","author":{"@id":"https:\/\/veritasinfo.org\/#\/schema\/person\/bc442336e35414d04494ab8fb45db4c6"},"breadcrumb":{"@id":"https:\/\/veritasinfo.org\/?p=17189#breadcrumb"},"inLanguage":"en-US","potentialAction":[{"@type":"ReadAction","target":["https:\/\/veritasinfo.org\/?p=17189"]}]},{"@type":"ImageObject","inLanguage":"en-US","@id":"https:\/\/veritasinfo.org\/?p=17189#primaryimage","url":"https:\/\/veritasinfo.org\/wp-content\/uploads\/2025\/10\/707504-7q3iq0ZHNb.jpg","contentUrl":"https:\/\/veritasinfo.org\/wp-content\/uploads\/2025\/10\/707504-7q3iq0ZHNb.jpg","width":780,"height":500},{"@type":"BreadcrumbList","@id":"https:\/\/veritasinfo.org\/?p=17189#breadcrumb","itemListElement":[{"@type":"ListItem","position":1,"name":"Home","item":"https:\/\/veritasinfo.org\/"},{"@type":"ListItem","position":2,"name":"Ki\u00e7mari: Kosova shpreh mb\u00ebshtetje t\u00eb pal\u00ebkundur p\u00ebr Ukrain\u00ebn"}]},{"@type":"WebSite","@id":"https:\/\/veritasinfo.org\/#website","url":"https:\/\/veritasinfo.org\/","name":"","description":"","potentialAction":[{"@type":"SearchAction","target":{"@type":"EntryPoint","urlTemplate":"https:\/\/veritasinfo.org\/?s={search_term_string}"},"query-input":{"@type":"PropertyValueSpecification","valueRequired":true,"valueName":"search_term_string"}}],"inLanguage":"en-US"},{"@type":"Person","@id":"https:\/\/veritasinfo.org\/#\/schema\/person\/bc442336e35414d04494ab8fb45db4c6","name":"US5","image":{"@type":"ImageObject","inLanguage":"en-US","@id":"https:\/\/veritasinfo.org\/#\/schema\/person\/image\/","url":"https:\/\/secure.gravatar.com\/avatar\/16a61e7272a0c5d001121ebb9e60e925d5816e4ac1e443ed3e640d9a6ae55d0c?s=96&d=mm&r=g","contentUrl":"https:\/\/secure.gravatar.com\/avatar\/16a61e7272a0c5d001121ebb9e60e925d5816e4ac1e443ed3e640d9a6ae55d0c?s=96&d=mm&r=g","caption":"US5"},"url":"https:\/\/veritasinfo.org\/?author=6"}]}},"featured_image_urls":{"full":["https:\/\/veritasinfo.org\/wp-content\/uploads\/2025\/10\/707504-7q3iq0ZHNb.jpg",780,500,false],"thumbnail":["https:\/\/veritasinfo.org\/wp-content\/uploads\/2025\/10\/707504-7q3iq0ZHNb-150x150.jpg",150,150,true],"medium":["https:\/\/veritasinfo.org\/wp-content\/uploads\/2025\/10\/707504-7q3iq0ZHNb-300x192.jpg",300,192,true],"medium_large":["https:\/\/veritasinfo.org\/wp-content\/uploads\/2025\/10\/707504-7q3iq0ZHNb-768x492.jpg",640,410,true],"large":["https:\/\/veritasinfo.org\/wp-content\/uploads\/2025\/10\/707504-7q3iq0ZHNb.jpg",640,410,false],"1536x1536":["https:\/\/veritasinfo.org\/wp-content\/uploads\/2025\/10\/707504-7q3iq0ZHNb.jpg",780,500,false],"2048x2048":["https:\/\/veritasinfo.org\/wp-content\/uploads\/2025\/10\/707504-7q3iq0ZHNb.jpg",780,500,false],"kreeti-slider-full":["https:\/\/veritasinfo.org\/wp-content\/uploads\/2025\/10\/707504-7q3iq0ZHNb.jpg",780,500,false],"kreeti-featured":["https:\/\/veritasinfo.org\/wp-content\/uploads\/2025\/10\/707504-7q3iq0ZHNb.jpg",780,500,false],"kreeti-medium":["https:\/\/veritasinfo.org\/wp-content\/uploads\/2025\/10\/707504-7q3iq0ZHNb.jpg",720,462,false],"kreeti-medium-square":["https:\/\/veritasinfo.org\/wp-content\/uploads\/2025\/10\/707504-7q3iq0ZHNb.jpg",350,224,false]},"author_info":{"info":["US5"]},"category_info":"<a href=\"https:\/\/veritasinfo.org\/?cat=60\" rel=\"category\">Shoq\u00ebrore<\/a>","tag_info":"Shoq\u00ebrore","comment_count":"0","_links":{"self":[{"href":"https:\/\/veritasinfo.org\/index.php?rest_route=\/wp\/v2\/posts\/17189","targetHints":{"allow":["GET"]}}],"collection":[{"href":"https:\/\/veritasinfo.org\/index.php?rest_route=\/wp\/v2\/posts"}],"about":[{"href":"https:\/\/veritasinfo.org\/index.php?rest_route=\/wp\/v2\/types\/post"}],"author":[{"embeddable":true,"href":"https:\/\/veritasinfo.org\/index.php?rest_route=\/wp\/v2\/users\/6"}],"replies":[{"embeddable":true,"href":"https:\/\/veritasinfo.org\/index.php?rest_route=%2Fwp%2Fv2%2Fcomments&post=17189"}],"version-history":[{"count":2,"href":"https:\/\/veritasinfo.org\/index.php?rest_route=\/wp\/v2\/posts\/17189\/revisions"}],"predecessor-version":[{"id":17245,"href":"https:\/\/veritasinfo.org\/index.php?rest_route=\/wp\/v2\/posts\/17189\/revisions\/17245"}],"wp:featuredmedia":[{"embeddable":true,"href":"https:\/\/veritasinfo.org\/index.php?rest_route=\/wp\/v2\/media\/17190"}],"wp:attachment":[{"href":"https:\/\/veritasinfo.org\/index.php?rest_route=%2Fwp%2Fv2%2Fmedia&parent=17189"}],"wp:term":[{"taxonomy":"category","embeddable":true,"href":"https:\/\/veritasinfo.org\/index.php?rest_route=%2Fwp%2Fv2%2Fcategories&post=17189"},{"taxonomy":"post_tag","embeddable":true,"href":"https:\/\/veritasinfo.org\/index.php?rest_route=%2Fwp%2Fv2%2Ftags&post=17189"}],"curies":[{"name":"wp","href":"https:\/\/api.w.org\/{rel}","templated":true}]}}