{"id":17137,"date":"2025-10-22T07:18:32","date_gmt":"2025-10-22T05:18:32","guid":{"rendered":"https:\/\/veritasinfo.org\/?p=17137"},"modified":"2025-10-22T07:18:32","modified_gmt":"2025-10-22T05:18:32","slug":"sot-ne-londer-samiti-i-procesit-te-berlinit-kurti-perfaqeson-kosoven","status":"publish","type":"post","link":"https:\/\/veritasinfo.org\/?p=17137","title":{"rendered":"Sot n\u00eb Lond\u00ebr, Samiti i Procesit t\u00eb Berlinit, Kurti p\u00ebrfaq\u00ebson Kosov\u00ebn"},"content":{"rendered":"<p>Prishtin\u00eb, 22 tetor 2025<\/p>\n<p>Sot n\u00eb Lond\u00ebr, Qeveria e Mbret\u00ebris\u00eb s\u00eb Bashkuar do t\u00eb jet\u00eb mikprit\u00ebse e samit t\u00eb radh\u00ebs t\u00eb Procesit t\u00eb Berlinit q\u00eb organizohet me vendet e Ballkanit Per\u00ebndimor.<\/p>\n<p>Procesi i Berlinit \u00ebsht\u00eb nj\u00eb platform\u00eb nd\u00ebrkomb\u00ebtare q\u00eb bashkon qeverit\u00eb e vendeve t\u00eb Ballkanit Per\u00ebndimor, s\u00eb bashku me partner\u00eb t\u00eb tjer\u00eb evropian\u00eb.<\/p>\n<p>Q\u00ebllimi i tij \u00ebsht\u00eb t\u00eb rris\u00eb bashk\u00ebpunimin rajonal, t\u00eb mb\u00ebshtes\u00eb zhvillimin ekonomik dhe t\u00eb p\u00ebrshpejtoj\u00eb p\u00ebrpjekjet p\u00ebr nj\u00eb p\u00ebrafrim m\u00eb t\u00eb ngusht\u00eb me Bashkimin Evropian n\u00eb Ballkanin Per\u00ebndimor.<\/p>\n<p>Kosov\u00ebn n\u00eb k\u00ebt\u00eb samit do ta p\u00ebrfaq\u00ebsoj\u00eb kryeministri n\u00eb detyr\u00eb Albin Kurti.<\/p>\n<p>Kryeministri n\u00eb detyr\u00eb i Republik\u00ebs s\u00eb Kosov\u00ebs, Albin Kurti, do t\u00eb marr\u00eb pjes\u00eb n\u00eb Samitin e radh\u00ebs t\u00eb Procesit t\u00eb Berlinit. Gjat\u00eb q\u00ebndrimit n\u00eb Lond\u00ebr, kryeministri Kurti do t\u00eb ket\u00eb edhe takime bilaterale, si dhe do t\u00eb marr\u00eb pjes\u00eb n\u00eb ngjarjet e organizuara n\u00eb kuad\u00ebr t\u00eb samitit.<\/p>\n<p>Kurti, dje mir\u00ebprit n\u00eb Institutin Mbret\u00ebror t\u00eb Sh\u00ebrbimeve t\u00eb Bashkuara n\u00eb Britani, ku mbajti fjal\u00eb hyr\u00ebse dhe diskutoi mbi sigurin\u00eb, zhvillimin dhe solidaritetin me Ukrain\u00ebn.<\/p>\n<p>Po ashtu Kurti, n\u00eb Mbret\u00ebrin\u00eb e Bashkuar pati takim me m\u00ebrgat\u00ebn shqiptare n\u00eb Lond\u00ebr.<\/p>\n<p>&nbsp;<\/p>\n","protected":false},"excerpt":{"rendered":"<p>Prishtin\u00eb, 22 tetor 2025 Sot n\u00eb Lond\u00ebr, Qeveria e Mbret\u00ebris\u00eb s\u00eb Bashkuar do t\u00eb jet\u00eb mikprit\u00ebse e samit t\u00eb radh\u00ebs t\u00eb Procesit t\u00eb Berlinit q\u00eb<\/p>\n","protected":false},"author":7,"featured_media":17138,"comment_status":"open","ping_status":"open","sticky":false,"template":"","format":"standard","meta":{"footnotes":""},"categories":[58],"tags":[],"class_list":["post-17137","post","type-post","status-publish","format-standard","has-post-thumbnail","hentry","category-politike-sq"],"yoast_head":"<!-- This site is optimized with the Yoast SEO plugin v25.3.1 - https:\/\/yoast.com\/wordpress\/plugins\/seo\/ -->\n<title>Sot n\u00eb Lond\u00ebr, Samiti i Procesit t\u00eb Berlinit, Kurti p\u00ebrfaq\u00ebson Kosov\u00ebn -<\/title>\n<meta name=\"robots\" content=\"index, follow, max-snippet:-1, max-image-preview:large, max-video-preview:-1\" \/>\n<link rel=\"canonical\" href=\"https:\/\/veritasinfo.org\/?p=17137\" \/>\n<meta property=\"og:locale\" content=\"en_US\" \/>\n<meta property=\"og:type\" content=\"article\" \/>\n<meta property=\"og:title\" content=\"Sot n\u00eb Lond\u00ebr, Samiti i Procesit t\u00eb Berlinit, Kurti p\u00ebrfaq\u00ebson Kosov\u00ebn -\" \/>\n<meta property=\"og:description\" content=\"Prishtin\u00eb, 22 tetor 2025 Sot n\u00eb Lond\u00ebr, Qeveria e Mbret\u00ebris\u00eb s\u00eb Bashkuar do t\u00eb jet\u00eb mikprit\u00ebse e samit t\u00eb radh\u00ebs t\u00eb Procesit t\u00eb Berlinit q\u00eb\" \/>\n<meta property=\"og:url\" content=\"https:\/\/veritasinfo.org\/?p=17137\" \/>\n<meta property=\"article:published_time\" content=\"2025-10-22T05:18:32+00:00\" \/>\n<meta property=\"og:image\" content=\"https:\/\/veritasinfo.org\/wp-content\/uploads\/2025\/10\/707480-J1Zjxsvbz6.jpg\" \/>\n\t<meta property=\"og:image:width\" content=\"780\" \/>\n\t<meta property=\"og:image:height\" content=\"500\" \/>\n\t<meta property=\"og:image:type\" content=\"image\/jpeg\" \/>\n<meta name=\"author\" content=\"US6\" \/>\n<meta name=\"twitter:card\" content=\"summary_large_image\" \/>\n<meta name=\"twitter:label1\" content=\"Written by\" \/>\n\t<meta name=\"twitter:data1\" content=\"US6\" \/>\n\t<meta name=\"twitter:label2\" content=\"Est. reading time\" \/>\n\t<meta name=\"twitter:data2\" content=\"1 minute\" \/>\n<script type=\"application\/ld+json\" class=\"yoast-schema-graph\">{\"@context\":\"https:\/\/schema.org\",\"@graph\":[{\"@type\":\"WebPage\",\"@id\":\"https:\/\/veritasinfo.org\/?p=17137\",\"url\":\"https:\/\/veritasinfo.org\/?p=17137\",\"name\":\"Sot n\u00eb Lond\u00ebr, Samiti i Procesit t\u00eb Berlinit, Kurti p\u00ebrfaq\u00ebson Kosov\u00ebn -\",\"isPartOf\":{\"@id\":\"https:\/\/veritasinfo.org\/#website\"},\"primaryImageOfPage\":{\"@id\":\"https:\/\/veritasinfo.org\/?p=17137#primaryimage\"},\"image\":{\"@id\":\"https:\/\/veritasinfo.org\/?p=17137#primaryimage\"},\"thumbnailUrl\":\"https:\/\/veritasinfo.org\/wp-content\/uploads\/2025\/10\/707480-J1Zjxsvbz6.jpg\",\"datePublished\":\"2025-10-22T05:18:32+00:00\",\"author\":{\"@id\":\"https:\/\/veritasinfo.org\/#\/schema\/person\/fe199eede04c3937362892b7444747cc\"},\"breadcrumb\":{\"@id\":\"https:\/\/veritasinfo.org\/?p=17137#breadcrumb\"},\"inLanguage\":\"en-US\",\"potentialAction\":[{\"@type\":\"ReadAction\",\"target\":[\"https:\/\/veritasinfo.org\/?p=17137\"]}]},{\"@type\":\"ImageObject\",\"inLanguage\":\"en-US\",\"@id\":\"https:\/\/veritasinfo.org\/?p=17137#primaryimage\",\"url\":\"https:\/\/veritasinfo.org\/wp-content\/uploads\/2025\/10\/707480-J1Zjxsvbz6.jpg\",\"contentUrl\":\"https:\/\/veritasinfo.org\/wp-content\/uploads\/2025\/10\/707480-J1Zjxsvbz6.jpg\",\"width\":780,\"height\":500},{\"@type\":\"BreadcrumbList\",\"@id\":\"https:\/\/veritasinfo.org\/?p=17137#breadcrumb\",\"itemListElement\":[{\"@type\":\"ListItem\",\"position\":1,\"name\":\"Home\",\"item\":\"https:\/\/veritasinfo.org\/\"},{\"@type\":\"ListItem\",\"position\":2,\"name\":\"Sot n\u00eb Lond\u00ebr, Samiti i Procesit t\u00eb Berlinit, Kurti p\u00ebrfaq\u00ebson Kosov\u00ebn\"}]},{\"@type\":\"WebSite\",\"@id\":\"https:\/\/veritasinfo.org\/#website\",\"url\":\"https:\/\/veritasinfo.org\/\",\"name\":\"\",\"description\":\"\",\"potentialAction\":[{\"@type\":\"SearchAction\",\"target\":{\"@type\":\"EntryPoint\",\"urlTemplate\":\"https:\/\/veritasinfo.org\/?s={search_term_string}\"},\"query-input\":{\"@type\":\"PropertyValueSpecification\",\"valueRequired\":true,\"valueName\":\"search_term_string\"}}],\"inLanguage\":\"en-US\"},{\"@type\":\"Person\",\"@id\":\"https:\/\/veritasinfo.org\/#\/schema\/person\/fe199eede04c3937362892b7444747cc\",\"name\":\"US6\",\"image\":{\"@type\":\"ImageObject\",\"inLanguage\":\"en-US\",\"@id\":\"https:\/\/veritasinfo.org\/#\/schema\/person\/image\/\",\"url\":\"https:\/\/secure.gravatar.com\/avatar\/cb16c3c31c9d23b9b8c705964598220b3014e42ff51eb540ff23cefa3ae8c15f?s=96&d=mm&r=g\",\"contentUrl\":\"https:\/\/secure.gravatar.com\/avatar\/cb16c3c31c9d23b9b8c705964598220b3014e42ff51eb540ff23cefa3ae8c15f?s=96&d=mm&r=g\",\"caption\":\"US6\"},\"url\":\"https:\/\/veritasinfo.org\/?author=7\"}]}<\/script>\n<!-- \/ Yoast SEO plugin. -->","yoast_head_json":{"title":"Sot n\u00eb Lond\u00ebr, Samiti i Procesit t\u00eb Berlinit, Kurti p\u00ebrfaq\u00ebson Kosov\u00ebn -","robots":{"index":"index","follow":"follow","max-snippet":"max-snippet:-1","max-image-preview":"max-image-preview:large","max-video-preview":"max-video-preview:-1"},"canonical":"https:\/\/veritasinfo.org\/?p=17137","og_locale":"en_US","og_type":"article","og_title":"Sot n\u00eb Lond\u00ebr, Samiti i Procesit t\u00eb Berlinit, Kurti p\u00ebrfaq\u00ebson Kosov\u00ebn -","og_description":"Prishtin\u00eb, 22 tetor 2025 Sot n\u00eb Lond\u00ebr, Qeveria e Mbret\u00ebris\u00eb s\u00eb Bashkuar do t\u00eb jet\u00eb mikprit\u00ebse e samit t\u00eb radh\u00ebs t\u00eb Procesit t\u00eb Berlinit q\u00eb","og_url":"https:\/\/veritasinfo.org\/?p=17137","article_published_time":"2025-10-22T05:18:32+00:00","og_image":[{"width":780,"height":500,"url":"https:\/\/veritasinfo.org\/wp-content\/uploads\/2025\/10\/707480-J1Zjxsvbz6.jpg","type":"image\/jpeg"}],"author":"US6","twitter_card":"summary_large_image","twitter_misc":{"Written by":"US6","Est. reading time":"1 minute"},"schema":{"@context":"https:\/\/schema.org","@graph":[{"@type":"WebPage","@id":"https:\/\/veritasinfo.org\/?p=17137","url":"https:\/\/veritasinfo.org\/?p=17137","name":"Sot n\u00eb Lond\u00ebr, Samiti i Procesit t\u00eb Berlinit, Kurti p\u00ebrfaq\u00ebson Kosov\u00ebn -","isPartOf":{"@id":"https:\/\/veritasinfo.org\/#website"},"primaryImageOfPage":{"@id":"https:\/\/veritasinfo.org\/?p=17137#primaryimage"},"image":{"@id":"https:\/\/veritasinfo.org\/?p=17137#primaryimage"},"thumbnailUrl":"https:\/\/veritasinfo.org\/wp-content\/uploads\/2025\/10\/707480-J1Zjxsvbz6.jpg","datePublished":"2025-10-22T05:18:32+00:00","author":{"@id":"https:\/\/veritasinfo.org\/#\/schema\/person\/fe199eede04c3937362892b7444747cc"},"breadcrumb":{"@id":"https:\/\/veritasinfo.org\/?p=17137#breadcrumb"},"inLanguage":"en-US","potentialAction":[{"@type":"ReadAction","target":["https:\/\/veritasinfo.org\/?p=17137"]}]},{"@type":"ImageObject","inLanguage":"en-US","@id":"https:\/\/veritasinfo.org\/?p=17137#primaryimage","url":"https:\/\/veritasinfo.org\/wp-content\/uploads\/2025\/10\/707480-J1Zjxsvbz6.jpg","contentUrl":"https:\/\/veritasinfo.org\/wp-content\/uploads\/2025\/10\/707480-J1Zjxsvbz6.jpg","width":780,"height":500},{"@type":"BreadcrumbList","@id":"https:\/\/veritasinfo.org\/?p=17137#breadcrumb","itemListElement":[{"@type":"ListItem","position":1,"name":"Home","item":"https:\/\/veritasinfo.org\/"},{"@type":"ListItem","position":2,"name":"Sot n\u00eb Lond\u00ebr, Samiti i Procesit t\u00eb Berlinit, Kurti p\u00ebrfaq\u00ebson Kosov\u00ebn"}]},{"@type":"WebSite","@id":"https:\/\/veritasinfo.org\/#website","url":"https:\/\/veritasinfo.org\/","name":"","description":"","potentialAction":[{"@type":"SearchAction","target":{"@type":"EntryPoint","urlTemplate":"https:\/\/veritasinfo.org\/?s={search_term_string}"},"query-input":{"@type":"PropertyValueSpecification","valueRequired":true,"valueName":"search_term_string"}}],"inLanguage":"en-US"},{"@type":"Person","@id":"https:\/\/veritasinfo.org\/#\/schema\/person\/fe199eede04c3937362892b7444747cc","name":"US6","image":{"@type":"ImageObject","inLanguage":"en-US","@id":"https:\/\/veritasinfo.org\/#\/schema\/person\/image\/","url":"https:\/\/secure.gravatar.com\/avatar\/cb16c3c31c9d23b9b8c705964598220b3014e42ff51eb540ff23cefa3ae8c15f?s=96&d=mm&r=g","contentUrl":"https:\/\/secure.gravatar.com\/avatar\/cb16c3c31c9d23b9b8c705964598220b3014e42ff51eb540ff23cefa3ae8c15f?s=96&d=mm&r=g","caption":"US6"},"url":"https:\/\/veritasinfo.org\/?author=7"}]}},"featured_image_urls":{"full":["https:\/\/veritasinfo.org\/wp-content\/uploads\/2025\/10\/707480-J1Zjxsvbz6.jpg",780,500,false],"thumbnail":["https:\/\/veritasinfo.org\/wp-content\/uploads\/2025\/10\/707480-J1Zjxsvbz6-150x150.jpg",150,150,true],"medium":["https:\/\/veritasinfo.org\/wp-content\/uploads\/2025\/10\/707480-J1Zjxsvbz6-300x192.jpg",300,192,true],"medium_large":["https:\/\/veritasinfo.org\/wp-content\/uploads\/2025\/10\/707480-J1Zjxsvbz6-768x492.jpg",640,410,true],"large":["https:\/\/veritasinfo.org\/wp-content\/uploads\/2025\/10\/707480-J1Zjxsvbz6.jpg",640,410,false],"1536x1536":["https:\/\/veritasinfo.org\/wp-content\/uploads\/2025\/10\/707480-J1Zjxsvbz6.jpg",780,500,false],"2048x2048":["https:\/\/veritasinfo.org\/wp-content\/uploads\/2025\/10\/707480-J1Zjxsvbz6.jpg",780,500,false],"kreeti-slider-full":["https:\/\/veritasinfo.org\/wp-content\/uploads\/2025\/10\/707480-J1Zjxsvbz6.jpg",780,500,false],"kreeti-featured":["https:\/\/veritasinfo.org\/wp-content\/uploads\/2025\/10\/707480-J1Zjxsvbz6.jpg",780,500,false],"kreeti-medium":["https:\/\/veritasinfo.org\/wp-content\/uploads\/2025\/10\/707480-J1Zjxsvbz6.jpg",720,462,false],"kreeti-medium-square":["https:\/\/veritasinfo.org\/wp-content\/uploads\/2025\/10\/707480-J1Zjxsvbz6.jpg",350,224,false]},"author_info":{"info":["US6"]},"category_info":"<a href=\"https:\/\/veritasinfo.org\/?cat=58\" rel=\"category\">Politik\u00eb<\/a>","tag_info":"Politik\u00eb","comment_count":"0","_links":{"self":[{"href":"https:\/\/veritasinfo.org\/index.php?rest_route=\/wp\/v2\/posts\/17137","targetHints":{"allow":["GET"]}}],"collection":[{"href":"https:\/\/veritasinfo.org\/index.php?rest_route=\/wp\/v2\/posts"}],"about":[{"href":"https:\/\/veritasinfo.org\/index.php?rest_route=\/wp\/v2\/types\/post"}],"author":[{"embeddable":true,"href":"https:\/\/veritasinfo.org\/index.php?rest_route=\/wp\/v2\/users\/7"}],"replies":[{"embeddable":true,"href":"https:\/\/veritasinfo.org\/index.php?rest_route=%2Fwp%2Fv2%2Fcomments&post=17137"}],"version-history":[{"count":1,"href":"https:\/\/veritasinfo.org\/index.php?rest_route=\/wp\/v2\/posts\/17137\/revisions"}],"predecessor-version":[{"id":17139,"href":"https:\/\/veritasinfo.org\/index.php?rest_route=\/wp\/v2\/posts\/17137\/revisions\/17139"}],"wp:featuredmedia":[{"embeddable":true,"href":"https:\/\/veritasinfo.org\/index.php?rest_route=\/wp\/v2\/media\/17138"}],"wp:attachment":[{"href":"https:\/\/veritasinfo.org\/index.php?rest_route=%2Fwp%2Fv2%2Fmedia&parent=17137"}],"wp:term":[{"taxonomy":"category","embeddable":true,"href":"https:\/\/veritasinfo.org\/index.php?rest_route=%2Fwp%2Fv2%2Fcategories&post=17137"},{"taxonomy":"post_tag","embeddable":true,"href":"https:\/\/veritasinfo.org\/index.php?rest_route=%2Fwp%2Fv2%2Ftags&post=17137"}],"curies":[{"name":"wp","href":"https:\/\/api.w.org\/{rel}","templated":true}]}}