{"id":17107,"date":"2025-10-21T17:14:37","date_gmt":"2025-10-21T15:14:37","guid":{"rendered":"https:\/\/veritasinfo.org\/?p=17107"},"modified":"2025-10-21T17:14:37","modified_gmt":"2025-10-21T15:14:37","slug":"gervalla-ne-okb-serbia-paraqet-kercenim-real-per-rajonin","status":"publish","type":"post","link":"https:\/\/veritasinfo.org\/?p=17107","title":{"rendered":"G\u00ebrvalla n\u00eb OKB: Serbia paraqet k\u00ebrc\u00ebnim real p\u00ebr rajonin"},"content":{"rendered":"<p>Prishtin\u00eb 21 Tetor 2025<\/p>\n<p>Ministrja n\u00eb detyr\u00eb e Pun\u00ebve t\u00eb Jashtme dhe Diaspor\u00ebs, Donika G\u00ebrvalla, n\u00eb fjal\u00ebn e saj para K\u00ebshillit t\u00eb Sigurimit t\u00eb Kombeve t\u00eb Bashkuara, paralajm\u00ebroi se Serbia sot p\u00ebrb\u00ebn nj\u00eb k\u00ebrc\u00ebnim real p\u00ebr paqen dhe stabilitetin n\u00eb rajon, p\u00ebrmes makineris\u00eb propagandistike t\u00eb mediave t\u00eb kontrolluara nga regjimi i Vu\u00e7iqit, q\u00eb p\u00ebrhap urrejtje dhe nxit ndasi etnike.<\/p>\n<p>G\u00ebrvalla theksoi se n\u00eb t\u00eb gjith\u00eb Serbin\u00eb mund t\u00eb shihen murale dhe grafite q\u00eb glorifikojn\u00eb kriminel\u00ebt e luft\u00ebs dhe ushqejn\u00eb frym\u00ebn e urrejtjes ndaj Kosov\u00ebs.<\/p>\n<p>Ajo n\u00ebnvizoi se Kosova mbetet e p\u00ebrkushtuar ndaj paqes, drejt\u00ebsis\u00eb dhe bashk\u00ebpunimit t\u00eb ngusht\u00eb me aleat\u00ebt nd\u00ebrkomb\u00ebtar\u00eb, duke u pozicionuar si nj\u00eb faktor i q\u00ebndruesh\u00ebm i siguris\u00eb dhe demokracis\u00eb n\u00eb Ballkanin Per\u00ebndimor.<\/p>\n<p>N\u00eb fjal\u00ebn e saj, G\u00ebrvalla prezantoi edhe arritjet e Republik\u00ebs s\u00eb Kosov\u00ebs n\u00eb forcimin e demokracis\u00eb, zhvillimin ekonomik dhe sundimin e ligjit, t\u00eb cilat jan\u00eb konfirmuar nga organizatat dhe institucionet m\u00eb t\u00eb besueshme nd\u00ebrkomb\u00ebtare.<\/p>\n<p>Ajo theksoi se p\u00ebr t\u00eb pest\u00ebn her\u00eb me radh\u00eb, Banka Bot\u00ebrore e ka renditur Kosov\u00ebn nd\u00ebr vendet me rritjen m\u00eb t\u00eb lart\u00eb ekonomike n\u00eb Evrop\u00eb, me nj\u00eb parashikim rritjeje prej rreth 4% p\u00ebr vitet 2025 dhe 2026.<\/p>\n<p>\u201cKosova \u00ebsht\u00eb nj\u00eb demokraci e past\u00ebr per\u00ebndimore n\u00eb Ballkanin Per\u00ebndimor. Mb\u00ebshtetja ndaj NATO-s dhe Shteteve t\u00eb Bashkuara arrin mbi 90 p\u00ebr qind. Ne jemi vendi m\u00eb pro-NATO dhe m\u00eb pro-amerikan n\u00eb bot\u00eb,\u201d deklaroi G\u00ebrvalla.<\/p>\n<p>Ajo kujtoi se nd\u00ebrhyrja e NATO-s n\u00eb vitin 1999 shp\u00ebtoi popullin e Kosov\u00ebs nga nj\u00eb gjenocid n\u00eb zhvillim, ku mbi 13 mij\u00eb civil\u00eb shqiptar\u00eb u vran\u00eb nga forcat serbe n\u00ebn regjimin e Millosheviqit.<\/p>\n<p>\u201cMinistri i propagand\u00ebs n\u00eb at\u00eb koh\u00eb ishte Aleksandar Vu\u00e7iq, sot president i Serbis\u00eb. Prandaj, nuk po flasim p\u00ebr t\u00eb kaluar\u00ebn, por p\u00ebr t\u00eb tashmen,\u201d shtoi  G\u00ebrvalla.<\/p>\n","protected":false},"excerpt":{"rendered":"<p>Prishtin\u00eb 21 Tetor 2025 Ministrja n\u00eb detyr\u00eb e Pun\u00ebve t\u00eb Jashtme dhe Diaspor\u00ebs, Donika G\u00ebrvalla, n\u00eb fjal\u00ebn e saj para K\u00ebshillit t\u00eb Sigurimit t\u00eb Kombeve<\/p>\n","protected":false},"author":6,"featured_media":17108,"comment_status":"open","ping_status":"open","sticky":false,"template":"","format":"standard","meta":{"footnotes":""},"categories":[60],"tags":[],"class_list":["post-17107","post","type-post","status-publish","format-standard","has-post-thumbnail","hentry","category-shoqerore-sq"],"yoast_head":"<!-- This site is optimized with the Yoast SEO plugin v25.3.1 - https:\/\/yoast.com\/wordpress\/plugins\/seo\/ -->\n<title>G\u00ebrvalla n\u00eb OKB: Serbia paraqet k\u00ebrc\u00ebnim real p\u00ebr rajonin -<\/title>\n<meta name=\"robots\" content=\"index, follow, max-snippet:-1, max-image-preview:large, max-video-preview:-1\" \/>\n<link rel=\"canonical\" href=\"https:\/\/veritasinfo.org\/?p=17107\" \/>\n<meta property=\"og:locale\" content=\"en_US\" \/>\n<meta property=\"og:type\" content=\"article\" \/>\n<meta property=\"og:title\" content=\"G\u00ebrvalla n\u00eb OKB: Serbia paraqet k\u00ebrc\u00ebnim real p\u00ebr rajonin -\" \/>\n<meta property=\"og:description\" content=\"Prishtin\u00eb 21 Tetor 2025 Ministrja n\u00eb detyr\u00eb e Pun\u00ebve t\u00eb Jashtme dhe Diaspor\u00ebs, Donika G\u00ebrvalla, n\u00eb fjal\u00ebn e saj para K\u00ebshillit t\u00eb Sigurimit t\u00eb Kombeve\" \/>\n<meta property=\"og:url\" content=\"https:\/\/veritasinfo.org\/?p=17107\" \/>\n<meta property=\"article:published_time\" content=\"2025-10-21T15:14:37+00:00\" \/>\n<meta property=\"og:image\" content=\"https:\/\/veritasinfo.org\/wp-content\/uploads\/2025\/10\/IMG-20251021-WA0011.jpg\" \/>\n\t<meta property=\"og:image:width\" content=\"1140\" \/>\n\t<meta property=\"og:image:height\" content=\"570\" \/>\n\t<meta property=\"og:image:type\" content=\"image\/jpeg\" \/>\n<meta name=\"author\" content=\"US5\" \/>\n<meta name=\"twitter:card\" content=\"summary_large_image\" \/>\n<meta name=\"twitter:label1\" content=\"Written by\" \/>\n\t<meta name=\"twitter:data1\" content=\"US5\" \/>\n\t<meta name=\"twitter:label2\" content=\"Est. reading time\" \/>\n\t<meta name=\"twitter:data2\" content=\"1 minute\" \/>\n<script type=\"application\/ld+json\" class=\"yoast-schema-graph\">{\"@context\":\"https:\/\/schema.org\",\"@graph\":[{\"@type\":\"WebPage\",\"@id\":\"https:\/\/veritasinfo.org\/?p=17107\",\"url\":\"https:\/\/veritasinfo.org\/?p=17107\",\"name\":\"G\u00ebrvalla n\u00eb OKB: Serbia paraqet k\u00ebrc\u00ebnim real p\u00ebr rajonin -\",\"isPartOf\":{\"@id\":\"https:\/\/veritasinfo.org\/#website\"},\"primaryImageOfPage\":{\"@id\":\"https:\/\/veritasinfo.org\/?p=17107#primaryimage\"},\"image\":{\"@id\":\"https:\/\/veritasinfo.org\/?p=17107#primaryimage\"},\"thumbnailUrl\":\"https:\/\/veritasinfo.org\/wp-content\/uploads\/2025\/10\/IMG-20251021-WA0011.jpg\",\"datePublished\":\"2025-10-21T15:14:37+00:00\",\"author\":{\"@id\":\"https:\/\/veritasinfo.org\/#\/schema\/person\/bc442336e35414d04494ab8fb45db4c6\"},\"breadcrumb\":{\"@id\":\"https:\/\/veritasinfo.org\/?p=17107#breadcrumb\"},\"inLanguage\":\"en-US\",\"potentialAction\":[{\"@type\":\"ReadAction\",\"target\":[\"https:\/\/veritasinfo.org\/?p=17107\"]}]},{\"@type\":\"ImageObject\",\"inLanguage\":\"en-US\",\"@id\":\"https:\/\/veritasinfo.org\/?p=17107#primaryimage\",\"url\":\"https:\/\/veritasinfo.org\/wp-content\/uploads\/2025\/10\/IMG-20251021-WA0011.jpg\",\"contentUrl\":\"https:\/\/veritasinfo.org\/wp-content\/uploads\/2025\/10\/IMG-20251021-WA0011.jpg\",\"width\":1140,\"height\":570},{\"@type\":\"BreadcrumbList\",\"@id\":\"https:\/\/veritasinfo.org\/?p=17107#breadcrumb\",\"itemListElement\":[{\"@type\":\"ListItem\",\"position\":1,\"name\":\"Home\",\"item\":\"https:\/\/veritasinfo.org\/\"},{\"@type\":\"ListItem\",\"position\":2,\"name\":\"G\u00ebrvalla n\u00eb OKB: Serbia paraqet k\u00ebrc\u00ebnim real p\u00ebr rajonin\"}]},{\"@type\":\"WebSite\",\"@id\":\"https:\/\/veritasinfo.org\/#website\",\"url\":\"https:\/\/veritasinfo.org\/\",\"name\":\"\",\"description\":\"\",\"potentialAction\":[{\"@type\":\"SearchAction\",\"target\":{\"@type\":\"EntryPoint\",\"urlTemplate\":\"https:\/\/veritasinfo.org\/?s={search_term_string}\"},\"query-input\":{\"@type\":\"PropertyValueSpecification\",\"valueRequired\":true,\"valueName\":\"search_term_string\"}}],\"inLanguage\":\"en-US\"},{\"@type\":\"Person\",\"@id\":\"https:\/\/veritasinfo.org\/#\/schema\/person\/bc442336e35414d04494ab8fb45db4c6\",\"name\":\"US5\",\"image\":{\"@type\":\"ImageObject\",\"inLanguage\":\"en-US\",\"@id\":\"https:\/\/veritasinfo.org\/#\/schema\/person\/image\/\",\"url\":\"https:\/\/secure.gravatar.com\/avatar\/16a61e7272a0c5d001121ebb9e60e925d5816e4ac1e443ed3e640d9a6ae55d0c?s=96&d=mm&r=g\",\"contentUrl\":\"https:\/\/secure.gravatar.com\/avatar\/16a61e7272a0c5d001121ebb9e60e925d5816e4ac1e443ed3e640d9a6ae55d0c?s=96&d=mm&r=g\",\"caption\":\"US5\"},\"url\":\"https:\/\/veritasinfo.org\/?author=6\"}]}<\/script>\n<!-- \/ Yoast SEO plugin. -->","yoast_head_json":{"title":"G\u00ebrvalla n\u00eb OKB: Serbia paraqet k\u00ebrc\u00ebnim real p\u00ebr rajonin -","robots":{"index":"index","follow":"follow","max-snippet":"max-snippet:-1","max-image-preview":"max-image-preview:large","max-video-preview":"max-video-preview:-1"},"canonical":"https:\/\/veritasinfo.org\/?p=17107","og_locale":"en_US","og_type":"article","og_title":"G\u00ebrvalla n\u00eb OKB: Serbia paraqet k\u00ebrc\u00ebnim real p\u00ebr rajonin -","og_description":"Prishtin\u00eb 21 Tetor 2025 Ministrja n\u00eb detyr\u00eb e Pun\u00ebve t\u00eb Jashtme dhe Diaspor\u00ebs, Donika G\u00ebrvalla, n\u00eb fjal\u00ebn e saj para K\u00ebshillit t\u00eb Sigurimit t\u00eb Kombeve","og_url":"https:\/\/veritasinfo.org\/?p=17107","article_published_time":"2025-10-21T15:14:37+00:00","og_image":[{"width":1140,"height":570,"url":"https:\/\/veritasinfo.org\/wp-content\/uploads\/2025\/10\/IMG-20251021-WA0011.jpg","type":"image\/jpeg"}],"author":"US5","twitter_card":"summary_large_image","twitter_misc":{"Written by":"US5","Est. reading time":"1 minute"},"schema":{"@context":"https:\/\/schema.org","@graph":[{"@type":"WebPage","@id":"https:\/\/veritasinfo.org\/?p=17107","url":"https:\/\/veritasinfo.org\/?p=17107","name":"G\u00ebrvalla n\u00eb OKB: Serbia paraqet k\u00ebrc\u00ebnim real p\u00ebr rajonin -","isPartOf":{"@id":"https:\/\/veritasinfo.org\/#website"},"primaryImageOfPage":{"@id":"https:\/\/veritasinfo.org\/?p=17107#primaryimage"},"image":{"@id":"https:\/\/veritasinfo.org\/?p=17107#primaryimage"},"thumbnailUrl":"https:\/\/veritasinfo.org\/wp-content\/uploads\/2025\/10\/IMG-20251021-WA0011.jpg","datePublished":"2025-10-21T15:14:37+00:00","author":{"@id":"https:\/\/veritasinfo.org\/#\/schema\/person\/bc442336e35414d04494ab8fb45db4c6"},"breadcrumb":{"@id":"https:\/\/veritasinfo.org\/?p=17107#breadcrumb"},"inLanguage":"en-US","potentialAction":[{"@type":"ReadAction","target":["https:\/\/veritasinfo.org\/?p=17107"]}]},{"@type":"ImageObject","inLanguage":"en-US","@id":"https:\/\/veritasinfo.org\/?p=17107#primaryimage","url":"https:\/\/veritasinfo.org\/wp-content\/uploads\/2025\/10\/IMG-20251021-WA0011.jpg","contentUrl":"https:\/\/veritasinfo.org\/wp-content\/uploads\/2025\/10\/IMG-20251021-WA0011.jpg","width":1140,"height":570},{"@type":"BreadcrumbList","@id":"https:\/\/veritasinfo.org\/?p=17107#breadcrumb","itemListElement":[{"@type":"ListItem","position":1,"name":"Home","item":"https:\/\/veritasinfo.org\/"},{"@type":"ListItem","position":2,"name":"G\u00ebrvalla n\u00eb OKB: Serbia paraqet k\u00ebrc\u00ebnim real p\u00ebr rajonin"}]},{"@type":"WebSite","@id":"https:\/\/veritasinfo.org\/#website","url":"https:\/\/veritasinfo.org\/","name":"","description":"","potentialAction":[{"@type":"SearchAction","target":{"@type":"EntryPoint","urlTemplate":"https:\/\/veritasinfo.org\/?s={search_term_string}"},"query-input":{"@type":"PropertyValueSpecification","valueRequired":true,"valueName":"search_term_string"}}],"inLanguage":"en-US"},{"@type":"Person","@id":"https:\/\/veritasinfo.org\/#\/schema\/person\/bc442336e35414d04494ab8fb45db4c6","name":"US5","image":{"@type":"ImageObject","inLanguage":"en-US","@id":"https:\/\/veritasinfo.org\/#\/schema\/person\/image\/","url":"https:\/\/secure.gravatar.com\/avatar\/16a61e7272a0c5d001121ebb9e60e925d5816e4ac1e443ed3e640d9a6ae55d0c?s=96&d=mm&r=g","contentUrl":"https:\/\/secure.gravatar.com\/avatar\/16a61e7272a0c5d001121ebb9e60e925d5816e4ac1e443ed3e640d9a6ae55d0c?s=96&d=mm&r=g","caption":"US5"},"url":"https:\/\/veritasinfo.org\/?author=6"}]}},"featured_image_urls":{"full":["https:\/\/veritasinfo.org\/wp-content\/uploads\/2025\/10\/IMG-20251021-WA0011.jpg",1140,570,false],"thumbnail":["https:\/\/veritasinfo.org\/wp-content\/uploads\/2025\/10\/IMG-20251021-WA0011-150x150.jpg",150,150,true],"medium":["https:\/\/veritasinfo.org\/wp-content\/uploads\/2025\/10\/IMG-20251021-WA0011-300x150.jpg",300,150,true],"medium_large":["https:\/\/veritasinfo.org\/wp-content\/uploads\/2025\/10\/IMG-20251021-WA0011-768x384.jpg",640,320,true],"large":["https:\/\/veritasinfo.org\/wp-content\/uploads\/2025\/10\/IMG-20251021-WA0011-1024x512.jpg",640,320,true],"1536x1536":["https:\/\/veritasinfo.org\/wp-content\/uploads\/2025\/10\/IMG-20251021-WA0011.jpg",1140,570,false],"2048x2048":["https:\/\/veritasinfo.org\/wp-content\/uploads\/2025\/10\/IMG-20251021-WA0011.jpg",1140,570,false],"kreeti-slider-full":["https:\/\/veritasinfo.org\/wp-content\/uploads\/2025\/10\/IMG-20251021-WA0011.jpg",1140,570,false],"kreeti-featured":["https:\/\/veritasinfo.org\/wp-content\/uploads\/2025\/10\/IMG-20251021-WA0011.jpg",1024,512,false],"kreeti-medium":["https:\/\/veritasinfo.org\/wp-content\/uploads\/2025\/10\/IMG-20251021-WA0011.jpg",720,360,false],"kreeti-medium-square":["https:\/\/veritasinfo.org\/wp-content\/uploads\/2025\/10\/IMG-20251021-WA0011.jpg",350,175,false]},"author_info":{"info":["US5"]},"category_info":"<a href=\"https:\/\/veritasinfo.org\/?cat=60\" rel=\"category\">Shoq\u00ebrore<\/a>","tag_info":"Shoq\u00ebrore","comment_count":"0","_links":{"self":[{"href":"https:\/\/veritasinfo.org\/index.php?rest_route=\/wp\/v2\/posts\/17107","targetHints":{"allow":["GET"]}}],"collection":[{"href":"https:\/\/veritasinfo.org\/index.php?rest_route=\/wp\/v2\/posts"}],"about":[{"href":"https:\/\/veritasinfo.org\/index.php?rest_route=\/wp\/v2\/types\/post"}],"author":[{"embeddable":true,"href":"https:\/\/veritasinfo.org\/index.php?rest_route=\/wp\/v2\/users\/6"}],"replies":[{"embeddable":true,"href":"https:\/\/veritasinfo.org\/index.php?rest_route=%2Fwp%2Fv2%2Fcomments&post=17107"}],"version-history":[{"count":1,"href":"https:\/\/veritasinfo.org\/index.php?rest_route=\/wp\/v2\/posts\/17107\/revisions"}],"predecessor-version":[{"id":17109,"href":"https:\/\/veritasinfo.org\/index.php?rest_route=\/wp\/v2\/posts\/17107\/revisions\/17109"}],"wp:featuredmedia":[{"embeddable":true,"href":"https:\/\/veritasinfo.org\/index.php?rest_route=\/wp\/v2\/media\/17108"}],"wp:attachment":[{"href":"https:\/\/veritasinfo.org\/index.php?rest_route=%2Fwp%2Fv2%2Fmedia&parent=17107"}],"wp:term":[{"taxonomy":"category","embeddable":true,"href":"https:\/\/veritasinfo.org\/index.php?rest_route=%2Fwp%2Fv2%2Fcategories&post=17107"},{"taxonomy":"post_tag","embeddable":true,"href":"https:\/\/veritasinfo.org\/index.php?rest_route=%2Fwp%2Fv2%2Ftags&post=17107"}],"curies":[{"name":"wp","href":"https:\/\/api.w.org\/{rel}","templated":true}]}}