{"id":17100,"date":"2025-10-21T17:03:20","date_gmt":"2025-10-21T15:03:20","guid":{"rendered":"https:\/\/veritasinfo.org\/?p=17100"},"modified":"2025-10-21T17:03:20","modified_gmt":"2025-10-21T15:03:20","slug":"parregullsi-gjate-zgjedhjeve-ne-kllokot-supremja-i-jep-drite-jeshile-ankeses-se-kandidatit-arber-emini","status":"publish","type":"post","link":"https:\/\/veritasinfo.org\/?p=17100","title":{"rendered":"Parregullsi gjat\u00eb zgjedhjeve n\u00eb Kllokot, Supremja i jep drit\u00eb jeshile ankes\u00ebs s\u00eb kandidatit Arber Emini"},"content":{"rendered":"<p>Prishtin\u00eb, 21 tetor 2025<\/p>\n<p>Gjykata Supreme e Kosov\u00ebs ka njoftuar se ka pranuar si t\u00eb bazuar ankes\u00ebn e kandidatit t\u00eb pavarur p\u00ebr kryetar t\u00eb Komun\u00ebs s\u00eb Kllokotit, Arber Emini, duke prishur vendimin e m\u00ebparsh\u00ebm t\u00eb Panelit Zgjedhor p\u00ebr Ankesa dhe Parashtresa (PZAP), me num\u00ebr ZL.Anr.205\/2025, t\u00eb dat\u00ebs 15 tetor 2025.<\/p>\n<p>Me k\u00ebt\u00eb vendim, \u00e7\u00ebshtja i kthehet PZAP-it p\u00ebr rivendosje.<\/p>\n<p>Sipas materialeve t\u00eb shqyrtuara nga Gjykata, Emini kishte dor\u00ebzuar ankes\u00eb n\u00eb PZAP m\u00eb 13 tetor, duke pretenduar se &#8220;m\u00eb 12 tetor 2025, gjat\u00eb Zgjedhjeve Lokale n\u00eb Kllokot, Serbia ka nd\u00ebrhyr\u00eb n\u00eb sistemin zgjedhor n\u00eb Komun\u00ebn e Kllokotit, duke fabrikuar d\u00ebshmi mjek\u00ebsore serbe t\u00eb strukturave paralele p\u00ebr t\u2019u shfryt\u00ebzuar votuesit me asistenc\u00eb t\u00eb p\u00ebrdorin k\u00ebt\u00eb v\u00ebrtetim mjek\u00ebsor&#8221;.<\/p>\n<p>Megjithat\u00eb, PZAP e kishte hedhur posht\u00eb ankes\u00ebn e tij, me arsyetimin se ajo nuk kishte t\u00eb b\u00ebnte me procesin zgjedhor n\u00eb dit\u00ebn e votimit, por me rezultatet preliminare t\u00eb publikuara nga KQZ-ja.<\/p>\n<p>Gjykata Supreme ka vler\u00ebsuar se PZAP ka gabuar n\u00eb interpretimin e natyr\u00ebs s\u00eb ankes\u00ebs, duke konstatuar se pretendimet e Arber Eminit kan\u00eb t\u00eb b\u00ebjn\u00eb pik\u00ebrisht me parregullsi gjat\u00eb dit\u00ebs s\u00eb votimit, e jo me rezultatet zgjedhore, si\u00e7 kishte pretenduar PZAP n\u00eb vendimin e saj.<\/p>\n<p>\u201cPZAP, gabimisht ka vendosur kur e ka hedhur posht\u00eb ankes\u00ebn e ankuesit, p\u00ebr faktin se nga pretendimet q\u00eb dalin nga ankesa, i nj\u00ebjti \u00ebsht\u00eb ankuar p\u00ebr procesin dhe parregullsit\u00eb gjat\u00eb dit\u00ebs s\u00eb votimit dhe jo kund\u00ebr rezultateve preliminare t\u00eb publikuara nga KQZ,\u201d thuhet n\u00eb vendimin e Gjykat\u00ebs Supreme.<\/p>\n<p>P\u00ebr pasoj\u00eb, Gjykata ka urdh\u00ebruar q\u00eb n\u00eb rivendosje PZAP t\u00eb shmang\u00eb shkeljet e evidentuara dhe t\u00eb trajtoj\u00eb n\u00eb m\u00ebnyr\u00eb meritore ankes\u00ebn e kandidatit t\u00eb pavarur p\u00ebr kryetar t\u00eb Kllokotit.<\/p>\n<p>&nbsp;<\/p>\n","protected":false},"excerpt":{"rendered":"<p>Prishtin\u00eb, 21 tetor 2025 Gjykata Supreme e Kosov\u00ebs ka njoftuar se ka pranuar si t\u00eb bazuar ankes\u00ebn e kandidatit t\u00eb pavarur p\u00ebr kryetar t\u00eb Komun\u00ebs<\/p>\n","protected":false},"author":7,"featured_media":17102,"comment_status":"open","ping_status":"open","sticky":false,"template":"","format":"standard","meta":{"footnotes":""},"categories":[8],"tags":[],"class_list":["post-17100","post","type-post","status-publish","format-standard","has-post-thumbnail","hentry","category-blog-sq"],"yoast_head":"<!-- This site is optimized with the Yoast SEO plugin v25.3.1 - https:\/\/yoast.com\/wordpress\/plugins\/seo\/ -->\n<title>Parregullsi gjat\u00eb zgjedhjeve n\u00eb Kllokot, Supremja i jep drit\u00eb jeshile ankes\u00ebs s\u00eb kandidatit Arber Emini -<\/title>\n<meta name=\"robots\" content=\"index, follow, max-snippet:-1, max-image-preview:large, max-video-preview:-1\" \/>\n<link rel=\"canonical\" href=\"https:\/\/veritasinfo.org\/?p=17100\" \/>\n<meta property=\"og:locale\" content=\"en_US\" \/>\n<meta property=\"og:type\" content=\"article\" \/>\n<meta property=\"og:title\" content=\"Parregullsi gjat\u00eb zgjedhjeve n\u00eb Kllokot, Supremja i jep drit\u00eb jeshile ankes\u00ebs s\u00eb kandidatit Arber Emini -\" \/>\n<meta property=\"og:description\" content=\"Prishtin\u00eb, 21 tetor 2025 Gjykata Supreme e Kosov\u00ebs ka njoftuar se ka pranuar si t\u00eb bazuar ankes\u00ebn e kandidatit t\u00eb pavarur p\u00ebr kryetar t\u00eb Komun\u00ebs\" \/>\n<meta property=\"og:url\" content=\"https:\/\/veritasinfo.org\/?p=17100\" \/>\n<meta property=\"article:published_time\" content=\"2025-10-21T15:03:20+00:00\" \/>\n<meta property=\"og:image\" content=\"https:\/\/veritasinfo.org\/wp-content\/uploads\/2025\/10\/kllokot-Custom.jpg\" \/>\n\t<meta property=\"og:image:width\" content=\"800\" \/>\n\t<meta property=\"og:image:height\" content=\"519\" \/>\n\t<meta property=\"og:image:type\" content=\"image\/jpeg\" \/>\n<meta name=\"author\" content=\"US6\" \/>\n<meta name=\"twitter:card\" content=\"summary_large_image\" \/>\n<meta name=\"twitter:label1\" content=\"Written by\" \/>\n\t<meta name=\"twitter:data1\" content=\"US6\" \/>\n\t<meta name=\"twitter:label2\" content=\"Est. reading time\" \/>\n\t<meta name=\"twitter:data2\" content=\"2 minutes\" \/>\n<script type=\"application\/ld+json\" class=\"yoast-schema-graph\">{\"@context\":\"https:\/\/schema.org\",\"@graph\":[{\"@type\":\"WebPage\",\"@id\":\"https:\/\/veritasinfo.org\/?p=17100\",\"url\":\"https:\/\/veritasinfo.org\/?p=17100\",\"name\":\"Parregullsi gjat\u00eb zgjedhjeve n\u00eb Kllokot, Supremja i jep drit\u00eb jeshile ankes\u00ebs s\u00eb kandidatit Arber Emini -\",\"isPartOf\":{\"@id\":\"https:\/\/veritasinfo.org\/#website\"},\"primaryImageOfPage\":{\"@id\":\"https:\/\/veritasinfo.org\/?p=17100#primaryimage\"},\"image\":{\"@id\":\"https:\/\/veritasinfo.org\/?p=17100#primaryimage\"},\"thumbnailUrl\":\"https:\/\/veritasinfo.org\/wp-content\/uploads\/2025\/10\/kllokot-Custom.jpg\",\"datePublished\":\"2025-10-21T15:03:20+00:00\",\"author\":{\"@id\":\"https:\/\/veritasinfo.org\/#\/schema\/person\/fe199eede04c3937362892b7444747cc\"},\"breadcrumb\":{\"@id\":\"https:\/\/veritasinfo.org\/?p=17100#breadcrumb\"},\"inLanguage\":\"en-US\",\"potentialAction\":[{\"@type\":\"ReadAction\",\"target\":[\"https:\/\/veritasinfo.org\/?p=17100\"]}]},{\"@type\":\"ImageObject\",\"inLanguage\":\"en-US\",\"@id\":\"https:\/\/veritasinfo.org\/?p=17100#primaryimage\",\"url\":\"https:\/\/veritasinfo.org\/wp-content\/uploads\/2025\/10\/kllokot-Custom.jpg\",\"contentUrl\":\"https:\/\/veritasinfo.org\/wp-content\/uploads\/2025\/10\/kllokot-Custom.jpg\",\"width\":800,\"height\":519},{\"@type\":\"BreadcrumbList\",\"@id\":\"https:\/\/veritasinfo.org\/?p=17100#breadcrumb\",\"itemListElement\":[{\"@type\":\"ListItem\",\"position\":1,\"name\":\"Home\",\"item\":\"https:\/\/veritasinfo.org\/\"},{\"@type\":\"ListItem\",\"position\":2,\"name\":\"Parregullsi gjat\u00eb zgjedhjeve n\u00eb Kllokot, Supremja i jep drit\u00eb jeshile ankes\u00ebs s\u00eb kandidatit Arber Emini\"}]},{\"@type\":\"WebSite\",\"@id\":\"https:\/\/veritasinfo.org\/#website\",\"url\":\"https:\/\/veritasinfo.org\/\",\"name\":\"\",\"description\":\"\",\"potentialAction\":[{\"@type\":\"SearchAction\",\"target\":{\"@type\":\"EntryPoint\",\"urlTemplate\":\"https:\/\/veritasinfo.org\/?s={search_term_string}\"},\"query-input\":{\"@type\":\"PropertyValueSpecification\",\"valueRequired\":true,\"valueName\":\"search_term_string\"}}],\"inLanguage\":\"en-US\"},{\"@type\":\"Person\",\"@id\":\"https:\/\/veritasinfo.org\/#\/schema\/person\/fe199eede04c3937362892b7444747cc\",\"name\":\"US6\",\"image\":{\"@type\":\"ImageObject\",\"inLanguage\":\"en-US\",\"@id\":\"https:\/\/veritasinfo.org\/#\/schema\/person\/image\/\",\"url\":\"https:\/\/secure.gravatar.com\/avatar\/cb16c3c31c9d23b9b8c705964598220b3014e42ff51eb540ff23cefa3ae8c15f?s=96&d=mm&r=g\",\"contentUrl\":\"https:\/\/secure.gravatar.com\/avatar\/cb16c3c31c9d23b9b8c705964598220b3014e42ff51eb540ff23cefa3ae8c15f?s=96&d=mm&r=g\",\"caption\":\"US6\"},\"url\":\"https:\/\/veritasinfo.org\/?author=7\"}]}<\/script>\n<!-- \/ Yoast SEO plugin. -->","yoast_head_json":{"title":"Parregullsi gjat\u00eb zgjedhjeve n\u00eb Kllokot, Supremja i jep drit\u00eb jeshile ankes\u00ebs s\u00eb kandidatit Arber Emini -","robots":{"index":"index","follow":"follow","max-snippet":"max-snippet:-1","max-image-preview":"max-image-preview:large","max-video-preview":"max-video-preview:-1"},"canonical":"https:\/\/veritasinfo.org\/?p=17100","og_locale":"en_US","og_type":"article","og_title":"Parregullsi gjat\u00eb zgjedhjeve n\u00eb Kllokot, Supremja i jep drit\u00eb jeshile ankes\u00ebs s\u00eb kandidatit Arber Emini -","og_description":"Prishtin\u00eb, 21 tetor 2025 Gjykata Supreme e Kosov\u00ebs ka njoftuar se ka pranuar si t\u00eb bazuar ankes\u00ebn e kandidatit t\u00eb pavarur p\u00ebr kryetar t\u00eb Komun\u00ebs","og_url":"https:\/\/veritasinfo.org\/?p=17100","article_published_time":"2025-10-21T15:03:20+00:00","og_image":[{"width":800,"height":519,"url":"https:\/\/veritasinfo.org\/wp-content\/uploads\/2025\/10\/kllokot-Custom.jpg","type":"image\/jpeg"}],"author":"US6","twitter_card":"summary_large_image","twitter_misc":{"Written by":"US6","Est. reading time":"2 minutes"},"schema":{"@context":"https:\/\/schema.org","@graph":[{"@type":"WebPage","@id":"https:\/\/veritasinfo.org\/?p=17100","url":"https:\/\/veritasinfo.org\/?p=17100","name":"Parregullsi gjat\u00eb zgjedhjeve n\u00eb Kllokot, Supremja i jep drit\u00eb jeshile ankes\u00ebs s\u00eb kandidatit Arber Emini -","isPartOf":{"@id":"https:\/\/veritasinfo.org\/#website"},"primaryImageOfPage":{"@id":"https:\/\/veritasinfo.org\/?p=17100#primaryimage"},"image":{"@id":"https:\/\/veritasinfo.org\/?p=17100#primaryimage"},"thumbnailUrl":"https:\/\/veritasinfo.org\/wp-content\/uploads\/2025\/10\/kllokot-Custom.jpg","datePublished":"2025-10-21T15:03:20+00:00","author":{"@id":"https:\/\/veritasinfo.org\/#\/schema\/person\/fe199eede04c3937362892b7444747cc"},"breadcrumb":{"@id":"https:\/\/veritasinfo.org\/?p=17100#breadcrumb"},"inLanguage":"en-US","potentialAction":[{"@type":"ReadAction","target":["https:\/\/veritasinfo.org\/?p=17100"]}]},{"@type":"ImageObject","inLanguage":"en-US","@id":"https:\/\/veritasinfo.org\/?p=17100#primaryimage","url":"https:\/\/veritasinfo.org\/wp-content\/uploads\/2025\/10\/kllokot-Custom.jpg","contentUrl":"https:\/\/veritasinfo.org\/wp-content\/uploads\/2025\/10\/kllokot-Custom.jpg","width":800,"height":519},{"@type":"BreadcrumbList","@id":"https:\/\/veritasinfo.org\/?p=17100#breadcrumb","itemListElement":[{"@type":"ListItem","position":1,"name":"Home","item":"https:\/\/veritasinfo.org\/"},{"@type":"ListItem","position":2,"name":"Parregullsi gjat\u00eb zgjedhjeve n\u00eb Kllokot, Supremja i jep drit\u00eb jeshile ankes\u00ebs s\u00eb kandidatit Arber Emini"}]},{"@type":"WebSite","@id":"https:\/\/veritasinfo.org\/#website","url":"https:\/\/veritasinfo.org\/","name":"","description":"","potentialAction":[{"@type":"SearchAction","target":{"@type":"EntryPoint","urlTemplate":"https:\/\/veritasinfo.org\/?s={search_term_string}"},"query-input":{"@type":"PropertyValueSpecification","valueRequired":true,"valueName":"search_term_string"}}],"inLanguage":"en-US"},{"@type":"Person","@id":"https:\/\/veritasinfo.org\/#\/schema\/person\/fe199eede04c3937362892b7444747cc","name":"US6","image":{"@type":"ImageObject","inLanguage":"en-US","@id":"https:\/\/veritasinfo.org\/#\/schema\/person\/image\/","url":"https:\/\/secure.gravatar.com\/avatar\/cb16c3c31c9d23b9b8c705964598220b3014e42ff51eb540ff23cefa3ae8c15f?s=96&d=mm&r=g","contentUrl":"https:\/\/secure.gravatar.com\/avatar\/cb16c3c31c9d23b9b8c705964598220b3014e42ff51eb540ff23cefa3ae8c15f?s=96&d=mm&r=g","caption":"US6"},"url":"https:\/\/veritasinfo.org\/?author=7"}]}},"featured_image_urls":{"full":["https:\/\/veritasinfo.org\/wp-content\/uploads\/2025\/10\/kllokot-Custom.jpg",800,519,false],"thumbnail":["https:\/\/veritasinfo.org\/wp-content\/uploads\/2025\/10\/kllokot-Custom-150x150.jpg",150,150,true],"medium":["https:\/\/veritasinfo.org\/wp-content\/uploads\/2025\/10\/kllokot-Custom-300x195.jpg",300,195,true],"medium_large":["https:\/\/veritasinfo.org\/wp-content\/uploads\/2025\/10\/kllokot-Custom-768x498.jpg",640,415,true],"large":["https:\/\/veritasinfo.org\/wp-content\/uploads\/2025\/10\/kllokot-Custom.jpg",640,415,false],"1536x1536":["https:\/\/veritasinfo.org\/wp-content\/uploads\/2025\/10\/kllokot-Custom.jpg",800,519,false],"2048x2048":["https:\/\/veritasinfo.org\/wp-content\/uploads\/2025\/10\/kllokot-Custom.jpg",800,519,false],"kreeti-slider-full":["https:\/\/veritasinfo.org\/wp-content\/uploads\/2025\/10\/kllokot-Custom.jpg",800,519,false],"kreeti-featured":["https:\/\/veritasinfo.org\/wp-content\/uploads\/2025\/10\/kllokot-Custom.jpg",800,519,false],"kreeti-medium":["https:\/\/veritasinfo.org\/wp-content\/uploads\/2025\/10\/kllokot-Custom.jpg",720,467,false],"kreeti-medium-square":["https:\/\/veritasinfo.org\/wp-content\/uploads\/2025\/10\/kllokot-Custom.jpg",350,227,false]},"author_info":{"info":["US6"]},"category_info":"<a href=\"https:\/\/veritasinfo.org\/?cat=8\" rel=\"category\">Zgjedhjet parlamentare 2025<\/a>","tag_info":"Zgjedhjet parlamentare 2025","comment_count":"0","_links":{"self":[{"href":"https:\/\/veritasinfo.org\/index.php?rest_route=\/wp\/v2\/posts\/17100","targetHints":{"allow":["GET"]}}],"collection":[{"href":"https:\/\/veritasinfo.org\/index.php?rest_route=\/wp\/v2\/posts"}],"about":[{"href":"https:\/\/veritasinfo.org\/index.php?rest_route=\/wp\/v2\/types\/post"}],"author":[{"embeddable":true,"href":"https:\/\/veritasinfo.org\/index.php?rest_route=\/wp\/v2\/users\/7"}],"replies":[{"embeddable":true,"href":"https:\/\/veritasinfo.org\/index.php?rest_route=%2Fwp%2Fv2%2Fcomments&post=17100"}],"version-history":[{"count":1,"href":"https:\/\/veritasinfo.org\/index.php?rest_route=\/wp\/v2\/posts\/17100\/revisions"}],"predecessor-version":[{"id":17103,"href":"https:\/\/veritasinfo.org\/index.php?rest_route=\/wp\/v2\/posts\/17100\/revisions\/17103"}],"wp:featuredmedia":[{"embeddable":true,"href":"https:\/\/veritasinfo.org\/index.php?rest_route=\/wp\/v2\/media\/17102"}],"wp:attachment":[{"href":"https:\/\/veritasinfo.org\/index.php?rest_route=%2Fwp%2Fv2%2Fmedia&parent=17100"}],"wp:term":[{"taxonomy":"category","embeddable":true,"href":"https:\/\/veritasinfo.org\/index.php?rest_route=%2Fwp%2Fv2%2Fcategories&post=17100"},{"taxonomy":"post_tag","embeddable":true,"href":"https:\/\/veritasinfo.org\/index.php?rest_route=%2Fwp%2Fv2%2Ftags&post=17100"}],"curies":[{"name":"wp","href":"https:\/\/api.w.org\/{rel}","templated":true}]}}