{"id":17097,"date":"2025-10-21T17:02:03","date_gmt":"2025-10-21T15:02:03","guid":{"rendered":"https:\/\/veritasinfo.org\/?p=17097"},"modified":"2025-10-21T17:02:03","modified_gmt":"2025-10-21T15:02:03","slug":"seanca-e-ks-te-okb-se-diskutohet-raporti-per-kosoven","status":"publish","type":"post","link":"https:\/\/veritasinfo.org\/?p=17097","title":{"rendered":"Seanca e KS t\u00eb OKB-s\u00eb, diskutohet raporti p\u00ebr Kosov\u00ebn"},"content":{"rendered":"<p>Prishtin\u00eb 21 Tetor 2025<\/p>\n<p>Ka nisur mbledhja e K\u00ebshillit t\u00eb Sigurimit t\u00eb OKB-s\u00eb, ku do t\u00eb paraqitet raporti gjasht\u00ebmujor i Sekretarit t\u00eb P\u00ebrgjithsh\u00ebm t\u00eb OKB-s\u00eb p\u00ebr pun\u00ebn e misionit mb\u00ebshtet\u00ebs n\u00eb Kosov\u00eb, UNMIK. Z\u00ebvend\u00ebsp\u00ebrfaq\u00ebsuesi Special i OKB-s\u00eb n\u00eb Kosov\u00eb, Milbert Dongjoon Shin tha se q\u00eb nga zgjedhjet nacionale t\u00eb mbajtura n\u00eb shkurt, p\u00ebr\u00e7arjet mes partive nuk kan\u00eb lejuar konstituimin e Kuvendit t\u00eb Kosov\u00ebs dhe formimin e qeveris\u00eb, dhe kjo ka qen\u00eb pengesa e vetme p\u00ebr funksionimin e institucioneve qendrore.<\/p>\n<p>Ai tutje ka th\u00ebn\u00eb se m\u00eb 10 tetor me zgjedhjen e n\u00ebnkryetarit serb t\u00eb Kuvendit, ky organ \u00ebsht\u00eb shpallur i konstituuar nga kryetari.<\/p>\n<p>\u201c10 deputet\u00eb serb\u00eb e kan\u00eb kontestuar k\u00ebt\u00eb n\u00eb Gjykat\u00ebn Kushtetuese. N\u00eb pritje t\u00eb vendimit t\u00eb Gjykat\u00ebs Kushtetuese ritheksojm\u00eb se respektimi i pavar\u00ebsis\u00eb s\u00eb gjyq\u00ebsorit mbetet gur-themel i shoq\u00ebris\u00eb demokratike. Dhe po ashtu shpresojm\u00eb q\u00eb n\u00eb p\u00ebrputhje me vendimin p\u00ebrfundimtar t\u00eb Gjykat\u00ebs p\u00ebr\u00e7arjet politike do t\u00eb t\u00eb tejkalohen q\u00eb populli t\u00eb p\u00ebrfaq\u00ebsohet e sh\u00ebrbehet nga institucionet e veta\u201d, tha ai.<\/p>\n<p> Shin tutje ka th\u00ebn\u00eb se i kan\u00eb mir\u00ebpritur takimet e dialogut n\u00eb qershor e n\u00eb shtator midis Kosov\u00ebs e Serbis\u00eb n\u00eb Bruksel.<\/p>\n<p>\u201cI b\u00ebjm\u00eb thirrje t\u00eb dyja pal\u00ebve q\u00eb t\u00eb shmangim masa q\u00eb mund t\u00eb g\u00ebrryejn\u00eb mir\u00ebbesimin dhe inkurajojm\u00eb pal\u00ebt q\u00eb t\u00eb trajtojn\u00eb \u00e7\u00ebshtjet e mbetura n\u00eb mir\u00ebbesim\u201d, shtoi ai.<\/p>\n<p>Nd\u00ebrkoh\u00eb, ambasadori i Serbis\u00eb n\u00eb SHBA, Marko Gjuriq e ka nisur fjalimin e tij n\u00eb k\u00ebt\u00eb seanc\u00eb duke th\u00ebn\u00eb se \u201ct\u00eb drejtat themelore t\u00eb serb\u00ebve po injorohen dhe po g\u00ebrryhen sistematikisht\u201d.<\/p>\n<p>\u201cAjo q\u00eb shohim sot nuk \u00ebsht\u00eb kontekst abstarakt. K\u00ebt\u00eb vit festojm\u00eb 80 vjetorin e Kombeve t\u00eb Bashkuara, nj\u00eb fanar shprese q\u00eb doli nga hiri i luft\u00ebs m\u00eb t\u00eb r\u00ebnd\u00eb bot\u00ebrore me premtimin \u2018Asnj\u00ebher\u00eb m\u00eb, kurr\u00eb m\u00eb \u2018, por n\u00eb dheun sovran t\u00eb nj\u00eb shteti sovran t\u00eb OKB-s\u00eb, ky zotim testohet. Ka sulme t\u00eb vazhdueshme, persekutim i pandalur, arreste arbitrate dhe dhune e pakontrolluar, sfid\u00eb e drejtp\u00ebrdrejt ndaj parimeve t\u00eb OKB-s\u00eb. Serbia mir\u00ebpret raportin e sekretarit t\u00eb p\u00ebrgjithsh\u00ebm si hap modest, p\u00ebr nj\u00eb raport t\u00eb balancuar, por t\u00eb v\u00ebrtet\u00eb\u201d, tha ai.<\/p>\n<p>Gjuriq tutje u ankua p\u00ebr mbylljen e strukturave paralele n\u00eb veri, si\u00e7 e quajti ai nga \u201cregjimi i Kurtit\u201d.<\/p>\n<p>\u201cKa thyer 128 institucione jetike n\u00eb pjes\u00ebn e shumic\u00ebs serbe, si\u00e7 jan\u00eb mbrojtja sociale, posta, pensionet, pun\u00ebsimi  e k\u00ebshtu me radh\u00eb. Edhe kryqi i kuq \u00ebsht\u00eb sh\u00ebnjestruar, nj\u00eb shkelje flagrante. Raporti vet\u00eb e thot\u00eb citoj: Autoritetet e Kosov\u00ebs kan\u00eb vazhduar t\u00eb mbyllin institucionet e udh\u00ebhequra nga Serbia, duke p\u00ebrfshir\u00eb edhe fondin e sigurimit sh\u00ebndet\u00ebsor. Biblioteka e qytetit dhe lokalet e muzeut, dega e kryqit te kuq n\u00eb Zubin Potok e sallat sportive n\u00eb Leposaviq\u201d, ka shtuar  Gjuriq.<\/p>\n<p>Tutje ai ka vazhduar me propagand\u00ebn serbe, duke aluduar se sulmet me motive etnike jan\u00eb b\u00ebr\u00eb rutinore.<\/p>\n<p>\u201cQ\u00eb nga marrja e pushtetit nga Kurti, mbi 30 t\u00eb rinj jan\u00eb sh\u00ebnj\u00ebstruar, dhe jav\u00ebn e kaluar nj\u00eb vajz\u00eb e mitur p\u00ebr pak sa i iku rr\u00ebmbimit, me fajin e saj t\u00eb vet\u00ebm, etnia e saj. Ky mohim sistematik i t\u00eb drejtave nuk \u00ebsht\u00eb vet\u00ebm tragjedi e serb\u00ebve, \u00ebsht\u00eb d\u00ebshtim moral i thell\u00eb ndaj veprimit. \u00c7far\u00eb e ardhme i pret f\u00ebmij\u00ebt q\u00eb m\u00ebsojn\u00eb t\u00eb fshehin gjuh\u00ebn e tyre serbe q\u00eb nga djepi. K\u00ebto mizori nuk jan\u00eb aksidente, rrjedhin nga urrejtja e kultivuar n\u00eb Prishtin\u00eb e p\u00ebrligjur me doktrin\u00ebn e Kurtit p\u00ebr pastrim etnik t\u00eb ngadalsh\u00ebm\u201d, ka th\u00ebn\u00eb Gjuriq.<\/p>\n<p>Sipas tij, synimi i Kurtit \u00ebsht\u00eb q\u00eb t\u00eb largoj\u00eb serb\u00ebt nga sht\u00ebpit\u00eb e tyre e nga toka e tyre, e q\u00eb sipas Gjuriqit, k\u00ebt\u00eb po e b\u00ebn me armatosjen e FSK-s\u00eb.<\/p>\n<p>\u201cKjo po p\u00ebrkeq\u00ebsohet edhe m\u00eb tutje nga militarizimi i territorit me armatim t\u00eb p\u00ebrshpejtuar t\u00eb &#8216;t\u00eb ashtuquajtur\u00ebs&#8217; FSK dhe me blerje t\u00eb dron\u00ebve kamikaz nga nj\u00eb vend fqinj. P\u00ebrpjekjet e tyre k\u00ebrc\u00ebnojn\u00eb t\u00eb thyejn\u00eb ambientin e siguris\u00eb. Serbia vazhdimisht ka b\u00ebr\u00eb paralajm\u00ebrime se nd\u00ebrtimi i paqes nuk do t\u00eb thot\u00eb armatim i nj\u00ebr\u00ebs pal\u00eb duke l\u00ebn\u00eb anash brengat e siguris\u00eb t\u00eb nj\u00eb vendi tjet\u00ebr\u201d, ka shtuar Gjuriq.<\/p>\n","protected":false},"excerpt":{"rendered":"<p>Prishtin\u00eb 21 Tetor 2025 Ka nisur mbledhja e K\u00ebshillit t\u00eb Sigurimit t\u00eb OKB-s\u00eb, ku do t\u00eb paraqitet raporti gjasht\u00ebmujor i Sekretarit t\u00eb P\u00ebrgjithsh\u00ebm t\u00eb OKB-s\u00eb<\/p>\n","protected":false},"author":6,"featured_media":17098,"comment_status":"open","ping_status":"open","sticky":false,"template":"","format":"standard","meta":{"footnotes":""},"categories":[60],"tags":[],"class_list":["post-17097","post","type-post","status-publish","format-standard","has-post-thumbnail","hentry","category-shoqerore-sq"],"yoast_head":"<!-- This site is optimized with the Yoast SEO plugin v25.3.1 - https:\/\/yoast.com\/wordpress\/plugins\/seo\/ -->\n<title>Seanca e KS t\u00eb OKB-s\u00eb, diskutohet raporti p\u00ebr Kosov\u00ebn -<\/title>\n<meta name=\"robots\" content=\"index, follow, max-snippet:-1, max-image-preview:large, max-video-preview:-1\" \/>\n<link rel=\"canonical\" href=\"https:\/\/veritasinfo.org\/?p=17097\" \/>\n<meta property=\"og:locale\" content=\"en_US\" \/>\n<meta property=\"og:type\" content=\"article\" \/>\n<meta property=\"og:title\" content=\"Seanca e KS t\u00eb OKB-s\u00eb, diskutohet raporti p\u00ebr Kosov\u00ebn -\" \/>\n<meta property=\"og:description\" content=\"Prishtin\u00eb 21 Tetor 2025 Ka nisur mbledhja e K\u00ebshillit t\u00eb Sigurimit t\u00eb OKB-s\u00eb, ku do t\u00eb paraqitet raporti gjasht\u00ebmujor i Sekretarit t\u00eb P\u00ebrgjithsh\u00ebm t\u00eb OKB-s\u00eb\" \/>\n<meta property=\"og:url\" content=\"https:\/\/veritasinfo.org\/?p=17097\" \/>\n<meta property=\"article:published_time\" content=\"2025-10-21T15:02:03+00:00\" \/>\n<meta property=\"og:image\" content=\"https:\/\/veritasinfo.org\/wp-content\/uploads\/2025\/10\/IMG-20251021-WA0008.jpg\" \/>\n\t<meta property=\"og:image:width\" content=\"780\" \/>\n\t<meta property=\"og:image:height\" content=\"500\" \/>\n\t<meta property=\"og:image:type\" content=\"image\/jpeg\" \/>\n<meta name=\"author\" content=\"US5\" \/>\n<meta name=\"twitter:card\" content=\"summary_large_image\" \/>\n<meta name=\"twitter:label1\" content=\"Written by\" \/>\n\t<meta name=\"twitter:data1\" content=\"US5\" \/>\n\t<meta name=\"twitter:label2\" content=\"Est. reading time\" \/>\n\t<meta name=\"twitter:data2\" content=\"1 minute\" \/>\n<script type=\"application\/ld+json\" class=\"yoast-schema-graph\">{\"@context\":\"https:\/\/schema.org\",\"@graph\":[{\"@type\":\"WebPage\",\"@id\":\"https:\/\/veritasinfo.org\/?p=17097\",\"url\":\"https:\/\/veritasinfo.org\/?p=17097\",\"name\":\"Seanca e KS t\u00eb OKB-s\u00eb, diskutohet raporti p\u00ebr Kosov\u00ebn -\",\"isPartOf\":{\"@id\":\"https:\/\/veritasinfo.org\/#website\"},\"primaryImageOfPage\":{\"@id\":\"https:\/\/veritasinfo.org\/?p=17097#primaryimage\"},\"image\":{\"@id\":\"https:\/\/veritasinfo.org\/?p=17097#primaryimage\"},\"thumbnailUrl\":\"https:\/\/veritasinfo.org\/wp-content\/uploads\/2025\/10\/IMG-20251021-WA0008.jpg\",\"datePublished\":\"2025-10-21T15:02:03+00:00\",\"author\":{\"@id\":\"https:\/\/veritasinfo.org\/#\/schema\/person\/bc442336e35414d04494ab8fb45db4c6\"},\"breadcrumb\":{\"@id\":\"https:\/\/veritasinfo.org\/?p=17097#breadcrumb\"},\"inLanguage\":\"en-US\",\"potentialAction\":[{\"@type\":\"ReadAction\",\"target\":[\"https:\/\/veritasinfo.org\/?p=17097\"]}]},{\"@type\":\"ImageObject\",\"inLanguage\":\"en-US\",\"@id\":\"https:\/\/veritasinfo.org\/?p=17097#primaryimage\",\"url\":\"https:\/\/veritasinfo.org\/wp-content\/uploads\/2025\/10\/IMG-20251021-WA0008.jpg\",\"contentUrl\":\"https:\/\/veritasinfo.org\/wp-content\/uploads\/2025\/10\/IMG-20251021-WA0008.jpg\",\"width\":780,\"height\":500},{\"@type\":\"BreadcrumbList\",\"@id\":\"https:\/\/veritasinfo.org\/?p=17097#breadcrumb\",\"itemListElement\":[{\"@type\":\"ListItem\",\"position\":1,\"name\":\"Home\",\"item\":\"https:\/\/veritasinfo.org\/\"},{\"@type\":\"ListItem\",\"position\":2,\"name\":\"Seanca e KS t\u00eb OKB-s\u00eb, diskutohet raporti p\u00ebr Kosov\u00ebn\"}]},{\"@type\":\"WebSite\",\"@id\":\"https:\/\/veritasinfo.org\/#website\",\"url\":\"https:\/\/veritasinfo.org\/\",\"name\":\"\",\"description\":\"\",\"potentialAction\":[{\"@type\":\"SearchAction\",\"target\":{\"@type\":\"EntryPoint\",\"urlTemplate\":\"https:\/\/veritasinfo.org\/?s={search_term_string}\"},\"query-input\":{\"@type\":\"PropertyValueSpecification\",\"valueRequired\":true,\"valueName\":\"search_term_string\"}}],\"inLanguage\":\"en-US\"},{\"@type\":\"Person\",\"@id\":\"https:\/\/veritasinfo.org\/#\/schema\/person\/bc442336e35414d04494ab8fb45db4c6\",\"name\":\"US5\",\"image\":{\"@type\":\"ImageObject\",\"inLanguage\":\"en-US\",\"@id\":\"https:\/\/veritasinfo.org\/#\/schema\/person\/image\/\",\"url\":\"https:\/\/secure.gravatar.com\/avatar\/16a61e7272a0c5d001121ebb9e60e925d5816e4ac1e443ed3e640d9a6ae55d0c?s=96&d=mm&r=g\",\"contentUrl\":\"https:\/\/secure.gravatar.com\/avatar\/16a61e7272a0c5d001121ebb9e60e925d5816e4ac1e443ed3e640d9a6ae55d0c?s=96&d=mm&r=g\",\"caption\":\"US5\"},\"url\":\"https:\/\/veritasinfo.org\/?author=6\"}]}<\/script>\n<!-- \/ Yoast SEO plugin. -->","yoast_head_json":{"title":"Seanca e KS t\u00eb OKB-s\u00eb, diskutohet raporti p\u00ebr Kosov\u00ebn -","robots":{"index":"index","follow":"follow","max-snippet":"max-snippet:-1","max-image-preview":"max-image-preview:large","max-video-preview":"max-video-preview:-1"},"canonical":"https:\/\/veritasinfo.org\/?p=17097","og_locale":"en_US","og_type":"article","og_title":"Seanca e KS t\u00eb OKB-s\u00eb, diskutohet raporti p\u00ebr Kosov\u00ebn -","og_description":"Prishtin\u00eb 21 Tetor 2025 Ka nisur mbledhja e K\u00ebshillit t\u00eb Sigurimit t\u00eb OKB-s\u00eb, ku do t\u00eb paraqitet raporti gjasht\u00ebmujor i Sekretarit t\u00eb P\u00ebrgjithsh\u00ebm t\u00eb OKB-s\u00eb","og_url":"https:\/\/veritasinfo.org\/?p=17097","article_published_time":"2025-10-21T15:02:03+00:00","og_image":[{"width":780,"height":500,"url":"https:\/\/veritasinfo.org\/wp-content\/uploads\/2025\/10\/IMG-20251021-WA0008.jpg","type":"image\/jpeg"}],"author":"US5","twitter_card":"summary_large_image","twitter_misc":{"Written by":"US5","Est. reading time":"1 minute"},"schema":{"@context":"https:\/\/schema.org","@graph":[{"@type":"WebPage","@id":"https:\/\/veritasinfo.org\/?p=17097","url":"https:\/\/veritasinfo.org\/?p=17097","name":"Seanca e KS t\u00eb OKB-s\u00eb, diskutohet raporti p\u00ebr Kosov\u00ebn -","isPartOf":{"@id":"https:\/\/veritasinfo.org\/#website"},"primaryImageOfPage":{"@id":"https:\/\/veritasinfo.org\/?p=17097#primaryimage"},"image":{"@id":"https:\/\/veritasinfo.org\/?p=17097#primaryimage"},"thumbnailUrl":"https:\/\/veritasinfo.org\/wp-content\/uploads\/2025\/10\/IMG-20251021-WA0008.jpg","datePublished":"2025-10-21T15:02:03+00:00","author":{"@id":"https:\/\/veritasinfo.org\/#\/schema\/person\/bc442336e35414d04494ab8fb45db4c6"},"breadcrumb":{"@id":"https:\/\/veritasinfo.org\/?p=17097#breadcrumb"},"inLanguage":"en-US","potentialAction":[{"@type":"ReadAction","target":["https:\/\/veritasinfo.org\/?p=17097"]}]},{"@type":"ImageObject","inLanguage":"en-US","@id":"https:\/\/veritasinfo.org\/?p=17097#primaryimage","url":"https:\/\/veritasinfo.org\/wp-content\/uploads\/2025\/10\/IMG-20251021-WA0008.jpg","contentUrl":"https:\/\/veritasinfo.org\/wp-content\/uploads\/2025\/10\/IMG-20251021-WA0008.jpg","width":780,"height":500},{"@type":"BreadcrumbList","@id":"https:\/\/veritasinfo.org\/?p=17097#breadcrumb","itemListElement":[{"@type":"ListItem","position":1,"name":"Home","item":"https:\/\/veritasinfo.org\/"},{"@type":"ListItem","position":2,"name":"Seanca e KS t\u00eb OKB-s\u00eb, diskutohet raporti p\u00ebr Kosov\u00ebn"}]},{"@type":"WebSite","@id":"https:\/\/veritasinfo.org\/#website","url":"https:\/\/veritasinfo.org\/","name":"","description":"","potentialAction":[{"@type":"SearchAction","target":{"@type":"EntryPoint","urlTemplate":"https:\/\/veritasinfo.org\/?s={search_term_string}"},"query-input":{"@type":"PropertyValueSpecification","valueRequired":true,"valueName":"search_term_string"}}],"inLanguage":"en-US"},{"@type":"Person","@id":"https:\/\/veritasinfo.org\/#\/schema\/person\/bc442336e35414d04494ab8fb45db4c6","name":"US5","image":{"@type":"ImageObject","inLanguage":"en-US","@id":"https:\/\/veritasinfo.org\/#\/schema\/person\/image\/","url":"https:\/\/secure.gravatar.com\/avatar\/16a61e7272a0c5d001121ebb9e60e925d5816e4ac1e443ed3e640d9a6ae55d0c?s=96&d=mm&r=g","contentUrl":"https:\/\/secure.gravatar.com\/avatar\/16a61e7272a0c5d001121ebb9e60e925d5816e4ac1e443ed3e640d9a6ae55d0c?s=96&d=mm&r=g","caption":"US5"},"url":"https:\/\/veritasinfo.org\/?author=6"}]}},"featured_image_urls":{"full":["https:\/\/veritasinfo.org\/wp-content\/uploads\/2025\/10\/IMG-20251021-WA0008.jpg",780,500,false],"thumbnail":["https:\/\/veritasinfo.org\/wp-content\/uploads\/2025\/10\/IMG-20251021-WA0008-150x150.jpg",150,150,true],"medium":["https:\/\/veritasinfo.org\/wp-content\/uploads\/2025\/10\/IMG-20251021-WA0008-300x192.jpg",300,192,true],"medium_large":["https:\/\/veritasinfo.org\/wp-content\/uploads\/2025\/10\/IMG-20251021-WA0008-768x492.jpg",640,410,true],"large":["https:\/\/veritasinfo.org\/wp-content\/uploads\/2025\/10\/IMG-20251021-WA0008.jpg",640,410,false],"1536x1536":["https:\/\/veritasinfo.org\/wp-content\/uploads\/2025\/10\/IMG-20251021-WA0008.jpg",780,500,false],"2048x2048":["https:\/\/veritasinfo.org\/wp-content\/uploads\/2025\/10\/IMG-20251021-WA0008.jpg",780,500,false],"kreeti-slider-full":["https:\/\/veritasinfo.org\/wp-content\/uploads\/2025\/10\/IMG-20251021-WA0008.jpg",780,500,false],"kreeti-featured":["https:\/\/veritasinfo.org\/wp-content\/uploads\/2025\/10\/IMG-20251021-WA0008.jpg",780,500,false],"kreeti-medium":["https:\/\/veritasinfo.org\/wp-content\/uploads\/2025\/10\/IMG-20251021-WA0008.jpg",720,462,false],"kreeti-medium-square":["https:\/\/veritasinfo.org\/wp-content\/uploads\/2025\/10\/IMG-20251021-WA0008.jpg",350,224,false]},"author_info":{"info":["US5"]},"category_info":"<a href=\"https:\/\/veritasinfo.org\/?cat=60\" rel=\"category\">Shoq\u00ebrore<\/a>","tag_info":"Shoq\u00ebrore","comment_count":"0","_links":{"self":[{"href":"https:\/\/veritasinfo.org\/index.php?rest_route=\/wp\/v2\/posts\/17097","targetHints":{"allow":["GET"]}}],"collection":[{"href":"https:\/\/veritasinfo.org\/index.php?rest_route=\/wp\/v2\/posts"}],"about":[{"href":"https:\/\/veritasinfo.org\/index.php?rest_route=\/wp\/v2\/types\/post"}],"author":[{"embeddable":true,"href":"https:\/\/veritasinfo.org\/index.php?rest_route=\/wp\/v2\/users\/6"}],"replies":[{"embeddable":true,"href":"https:\/\/veritasinfo.org\/index.php?rest_route=%2Fwp%2Fv2%2Fcomments&post=17097"}],"version-history":[{"count":1,"href":"https:\/\/veritasinfo.org\/index.php?rest_route=\/wp\/v2\/posts\/17097\/revisions"}],"predecessor-version":[{"id":17099,"href":"https:\/\/veritasinfo.org\/index.php?rest_route=\/wp\/v2\/posts\/17097\/revisions\/17099"}],"wp:featuredmedia":[{"embeddable":true,"href":"https:\/\/veritasinfo.org\/index.php?rest_route=\/wp\/v2\/media\/17098"}],"wp:attachment":[{"href":"https:\/\/veritasinfo.org\/index.php?rest_route=%2Fwp%2Fv2%2Fmedia&parent=17097"}],"wp:term":[{"taxonomy":"category","embeddable":true,"href":"https:\/\/veritasinfo.org\/index.php?rest_route=%2Fwp%2Fv2%2Fcategories&post=17097"},{"taxonomy":"post_tag","embeddable":true,"href":"https:\/\/veritasinfo.org\/index.php?rest_route=%2Fwp%2Fv2%2Ftags&post=17097"}],"curies":[{"name":"wp","href":"https:\/\/api.w.org\/{rel}","templated":true}]}}