{"id":17085,"date":"2025-10-21T15:20:16","date_gmt":"2025-10-21T13:20:16","guid":{"rendered":"https:\/\/veritasinfo.org\/?p=17085"},"modified":"2025-10-21T15:20:16","modified_gmt":"2025-10-21T13:20:16","slug":"kurti-nuk-eshte-e-lehte-te-formohet-qeveria-atmosfera-politike-eshte-intoksikuar","status":"publish","type":"post","link":"https:\/\/veritasinfo.org\/?p=17085","title":{"rendered":"Kurti: Nuk \u00ebsht\u00eb e leht\u00eb t\u00eb formohet qeveria, atmosfera politike \u00ebsht\u00eb intoksikuar"},"content":{"rendered":"<p>Prishtin\u00eb 21 Tetor 2025<\/p>\n<p>Kryeministri n\u00eb detyr\u00eb dhe lideri i L\u00ebvizjes Vet\u00ebvendosje, Albin Kurti, ka pranuar se formimi i qeveris\u00eb s\u00eb re mbetet nj\u00eb proces i v\u00ebshtir\u00eb dhe se ekziston mund\u00ebsia q\u00eb vendi t\u00eb shkoj\u00eb s\u00ebrish n\u00eb zgjedhje n\u00ebse deri t\u00eb diel\u00ebn nuk arrihet marr\u00ebveshje.<\/p>\n<p>Duke folur nga Londra, Kurti tha se afati i fundit p\u00ebr krijimin e qeveris\u00eb \u00ebsht\u00eb e diela, nd\u00ebrsa t\u00eb h\u00ebn\u00ebn, sipas tij, ose do t\u00eb ket\u00eb qeveri, ose zgjedhje t\u00eb reja.<\/p>\n<p>\u201cDo t\u00eb p\u00ebrpiqemi maksimalisht q\u00eb deri n\u00eb t\u00eb diel\u00ebn ta b\u00ebjm\u00eb qeverin\u00eb. T\u00eb h\u00ebn\u00ebn nuk mundemi m\u00eb t\u00eb p\u00ebrgatitemi, sepse ose e kemi b\u00ebr\u00eb qeverin\u00eb ose jo. N\u00eb k\u00ebto dit\u00eb t\u00eb mbetura jemi duke komunikuar, duke biseduar. Nuk \u00ebsht\u00eb kollaj, sepse atmosfera \u00ebsht\u00eb shum\u00eb e intoksikuar \u2013 ka shum\u00eb xhelozi, inat e ciniz\u00ebm, shum\u00eb m\u00eb tep\u00ebr se ide, pun\u00eb e pasion\u201d, tha Kurti, n\u00eb nj\u00eb video q\u00eb e ka publikuar IndeksOnline.<\/p>\n<p>Ai shtoi se edhe partit\u00eb q\u00eb kan\u00eb qen\u00eb n\u00eb opozit\u00eb nuk po tregojn\u00eb vullnet t\u00eb v\u00ebrtet\u00eb p\u00ebr bashk\u00ebpunim e nd\u00ebrtim t\u00eb institucioneve.<\/p>\n<p>\u201cSi\u00e7 duket, alternativa tjet\u00ebr \u00ebsht\u00eb t\u00eb shkojm\u00eb n\u00eb zgjedhje prap\u00eb. Nuk po duket q\u00eb opozita ka as vullnet e as synim p\u00ebr qeveri t\u00eb tyre\u201d, deklaroi Kurti.<\/p>\n<p>Kreu i Vet\u00ebvendosjes pranoi gjithashtu se procesi i bisedimeve me partit\u00eb e tjera nuk po zhvillohet leht\u00eb, duke n\u00ebnvizuar se tensionet dhe mungesa e besimit kan\u00eb ndikuar n\u00eb klim\u00ebn politike t\u00eb dit\u00ebve t\u00eb fundit.<\/p>\n<p>Nd\u00ebrkoh\u00eb, ai ka treguar ofert\u00ebn q\u00eb ia kishte b\u00ebr\u00eb Fatmir Limaj p\u00ebr bashk\u00ebqeverisje.<\/p>\n<p>Sipas Kurtit, Limaj i kishte ofruar n\u00ebnkryetarin e Kuvendit, nj\u00eb minist\u00ebr dhe dy zv\/ministra.<\/p>\n<p>\u201cMe 6 deputet\u00eb, Guxo 2 ministra. Un\u00eb kam qen\u00eb i gatsh\u00ebm Nism\u00ebs me ia dhan\u00eb me tre deputet\u00eb, nj\u00eb minist\u00ebr, n\u00ebnkryetarin e Kuvendit, po t\u00eb ishte b\u00eb Albulena Haxhiu kryetare, Limaj ka mujt n\u00ebnkryetar, se duhet me qen\u00eb gjini t\u00eb ndryshme. E kish marr\u00eb nj\u00eb minist\u00ebr, dhe dy zv\/ministra, kat\u00ebr pozita t\u00eb nalta, me tre deputet\u00eb. Maksimumi, ama mu qita se ta kom gjete dit\u00ebn, faleminderit po\u2026\u201d, tha Kurti.<\/p>\n","protected":false},"excerpt":{"rendered":"<p>Prishtin\u00eb 21 Tetor 2025 Kryeministri n\u00eb detyr\u00eb dhe lideri i L\u00ebvizjes Vet\u00ebvendosje, Albin Kurti, ka pranuar se formimi i qeveris\u00eb s\u00eb re mbetet nj\u00eb proces<\/p>\n","protected":false},"author":6,"featured_media":17087,"comment_status":"open","ping_status":"open","sticky":false,"template":"","format":"standard","meta":{"footnotes":""},"categories":[60],"tags":[],"class_list":["post-17085","post","type-post","status-publish","format-standard","has-post-thumbnail","hentry","category-shoqerore-sq"],"yoast_head":"<!-- This site is optimized with the Yoast SEO plugin v25.3.1 - https:\/\/yoast.com\/wordpress\/plugins\/seo\/ -->\n<title>Kurti: Nuk \u00ebsht\u00eb e leht\u00eb t\u00eb formohet qeveria, atmosfera politike \u00ebsht\u00eb intoksikuar -<\/title>\n<meta name=\"robots\" content=\"index, follow, max-snippet:-1, max-image-preview:large, max-video-preview:-1\" \/>\n<link rel=\"canonical\" href=\"https:\/\/veritasinfo.org\/?p=17085\" \/>\n<meta property=\"og:locale\" content=\"en_US\" \/>\n<meta property=\"og:type\" content=\"article\" \/>\n<meta property=\"og:title\" content=\"Kurti: Nuk \u00ebsht\u00eb e leht\u00eb t\u00eb formohet qeveria, atmosfera politike \u00ebsht\u00eb intoksikuar -\" \/>\n<meta property=\"og:description\" content=\"Prishtin\u00eb 21 Tetor 2025 Kryeministri n\u00eb detyr\u00eb dhe lideri i L\u00ebvizjes Vet\u00ebvendosje, Albin Kurti, ka pranuar se formimi i qeveris\u00eb s\u00eb re mbetet nj\u00eb proces\" \/>\n<meta property=\"og:url\" content=\"https:\/\/veritasinfo.org\/?p=17085\" \/>\n<meta property=\"article:published_time\" content=\"2025-10-21T13:20:16+00:00\" \/>\n<meta property=\"og:image\" content=\"https:\/\/veritasinfo.org\/wp-content\/uploads\/2025\/10\/IMG-20251021-WA0007.jpg\" \/>\n\t<meta property=\"og:image:width\" content=\"750\" \/>\n\t<meta property=\"og:image:height\" content=\"375\" \/>\n\t<meta property=\"og:image:type\" content=\"image\/jpeg\" \/>\n<meta name=\"author\" content=\"US5\" \/>\n<meta name=\"twitter:card\" content=\"summary_large_image\" \/>\n<meta name=\"twitter:label1\" content=\"Written by\" \/>\n\t<meta name=\"twitter:data1\" content=\"US5\" \/>\n\t<meta name=\"twitter:label2\" content=\"Est. reading time\" \/>\n\t<meta name=\"twitter:data2\" content=\"1 minute\" \/>\n<script type=\"application\/ld+json\" class=\"yoast-schema-graph\">{\"@context\":\"https:\/\/schema.org\",\"@graph\":[{\"@type\":\"WebPage\",\"@id\":\"https:\/\/veritasinfo.org\/?p=17085\",\"url\":\"https:\/\/veritasinfo.org\/?p=17085\",\"name\":\"Kurti: Nuk \u00ebsht\u00eb e leht\u00eb t\u00eb formohet qeveria, atmosfera politike \u00ebsht\u00eb intoksikuar -\",\"isPartOf\":{\"@id\":\"https:\/\/veritasinfo.org\/#website\"},\"primaryImageOfPage\":{\"@id\":\"https:\/\/veritasinfo.org\/?p=17085#primaryimage\"},\"image\":{\"@id\":\"https:\/\/veritasinfo.org\/?p=17085#primaryimage\"},\"thumbnailUrl\":\"https:\/\/veritasinfo.org\/wp-content\/uploads\/2025\/10\/IMG-20251021-WA0007.jpg\",\"datePublished\":\"2025-10-21T13:20:16+00:00\",\"author\":{\"@id\":\"https:\/\/veritasinfo.org\/#\/schema\/person\/bc442336e35414d04494ab8fb45db4c6\"},\"breadcrumb\":{\"@id\":\"https:\/\/veritasinfo.org\/?p=17085#breadcrumb\"},\"inLanguage\":\"en-US\",\"potentialAction\":[{\"@type\":\"ReadAction\",\"target\":[\"https:\/\/veritasinfo.org\/?p=17085\"]}]},{\"@type\":\"ImageObject\",\"inLanguage\":\"en-US\",\"@id\":\"https:\/\/veritasinfo.org\/?p=17085#primaryimage\",\"url\":\"https:\/\/veritasinfo.org\/wp-content\/uploads\/2025\/10\/IMG-20251021-WA0007.jpg\",\"contentUrl\":\"https:\/\/veritasinfo.org\/wp-content\/uploads\/2025\/10\/IMG-20251021-WA0007.jpg\",\"width\":750,\"height\":375},{\"@type\":\"BreadcrumbList\",\"@id\":\"https:\/\/veritasinfo.org\/?p=17085#breadcrumb\",\"itemListElement\":[{\"@type\":\"ListItem\",\"position\":1,\"name\":\"Home\",\"item\":\"https:\/\/veritasinfo.org\/\"},{\"@type\":\"ListItem\",\"position\":2,\"name\":\"Kurti: Nuk \u00ebsht\u00eb e leht\u00eb t\u00eb formohet qeveria, atmosfera politike \u00ebsht\u00eb intoksikuar\"}]},{\"@type\":\"WebSite\",\"@id\":\"https:\/\/veritasinfo.org\/#website\",\"url\":\"https:\/\/veritasinfo.org\/\",\"name\":\"\",\"description\":\"\",\"potentialAction\":[{\"@type\":\"SearchAction\",\"target\":{\"@type\":\"EntryPoint\",\"urlTemplate\":\"https:\/\/veritasinfo.org\/?s={search_term_string}\"},\"query-input\":{\"@type\":\"PropertyValueSpecification\",\"valueRequired\":true,\"valueName\":\"search_term_string\"}}],\"inLanguage\":\"en-US\"},{\"@type\":\"Person\",\"@id\":\"https:\/\/veritasinfo.org\/#\/schema\/person\/bc442336e35414d04494ab8fb45db4c6\",\"name\":\"US5\",\"image\":{\"@type\":\"ImageObject\",\"inLanguage\":\"en-US\",\"@id\":\"https:\/\/veritasinfo.org\/#\/schema\/person\/image\/\",\"url\":\"https:\/\/secure.gravatar.com\/avatar\/16a61e7272a0c5d001121ebb9e60e925d5816e4ac1e443ed3e640d9a6ae55d0c?s=96&d=mm&r=g\",\"contentUrl\":\"https:\/\/secure.gravatar.com\/avatar\/16a61e7272a0c5d001121ebb9e60e925d5816e4ac1e443ed3e640d9a6ae55d0c?s=96&d=mm&r=g\",\"caption\":\"US5\"},\"url\":\"https:\/\/veritasinfo.org\/?author=6\"}]}<\/script>\n<!-- \/ Yoast SEO plugin. -->","yoast_head_json":{"title":"Kurti: Nuk \u00ebsht\u00eb e leht\u00eb t\u00eb formohet qeveria, atmosfera politike \u00ebsht\u00eb intoksikuar -","robots":{"index":"index","follow":"follow","max-snippet":"max-snippet:-1","max-image-preview":"max-image-preview:large","max-video-preview":"max-video-preview:-1"},"canonical":"https:\/\/veritasinfo.org\/?p=17085","og_locale":"en_US","og_type":"article","og_title":"Kurti: Nuk \u00ebsht\u00eb e leht\u00eb t\u00eb formohet qeveria, atmosfera politike \u00ebsht\u00eb intoksikuar -","og_description":"Prishtin\u00eb 21 Tetor 2025 Kryeministri n\u00eb detyr\u00eb dhe lideri i L\u00ebvizjes Vet\u00ebvendosje, Albin Kurti, ka pranuar se formimi i qeveris\u00eb s\u00eb re mbetet nj\u00eb proces","og_url":"https:\/\/veritasinfo.org\/?p=17085","article_published_time":"2025-10-21T13:20:16+00:00","og_image":[{"width":750,"height":375,"url":"https:\/\/veritasinfo.org\/wp-content\/uploads\/2025\/10\/IMG-20251021-WA0007.jpg","type":"image\/jpeg"}],"author":"US5","twitter_card":"summary_large_image","twitter_misc":{"Written by":"US5","Est. reading time":"1 minute"},"schema":{"@context":"https:\/\/schema.org","@graph":[{"@type":"WebPage","@id":"https:\/\/veritasinfo.org\/?p=17085","url":"https:\/\/veritasinfo.org\/?p=17085","name":"Kurti: Nuk \u00ebsht\u00eb e leht\u00eb t\u00eb formohet qeveria, atmosfera politike \u00ebsht\u00eb intoksikuar -","isPartOf":{"@id":"https:\/\/veritasinfo.org\/#website"},"primaryImageOfPage":{"@id":"https:\/\/veritasinfo.org\/?p=17085#primaryimage"},"image":{"@id":"https:\/\/veritasinfo.org\/?p=17085#primaryimage"},"thumbnailUrl":"https:\/\/veritasinfo.org\/wp-content\/uploads\/2025\/10\/IMG-20251021-WA0007.jpg","datePublished":"2025-10-21T13:20:16+00:00","author":{"@id":"https:\/\/veritasinfo.org\/#\/schema\/person\/bc442336e35414d04494ab8fb45db4c6"},"breadcrumb":{"@id":"https:\/\/veritasinfo.org\/?p=17085#breadcrumb"},"inLanguage":"en-US","potentialAction":[{"@type":"ReadAction","target":["https:\/\/veritasinfo.org\/?p=17085"]}]},{"@type":"ImageObject","inLanguage":"en-US","@id":"https:\/\/veritasinfo.org\/?p=17085#primaryimage","url":"https:\/\/veritasinfo.org\/wp-content\/uploads\/2025\/10\/IMG-20251021-WA0007.jpg","contentUrl":"https:\/\/veritasinfo.org\/wp-content\/uploads\/2025\/10\/IMG-20251021-WA0007.jpg","width":750,"height":375},{"@type":"BreadcrumbList","@id":"https:\/\/veritasinfo.org\/?p=17085#breadcrumb","itemListElement":[{"@type":"ListItem","position":1,"name":"Home","item":"https:\/\/veritasinfo.org\/"},{"@type":"ListItem","position":2,"name":"Kurti: Nuk \u00ebsht\u00eb e leht\u00eb t\u00eb formohet qeveria, atmosfera politike \u00ebsht\u00eb intoksikuar"}]},{"@type":"WebSite","@id":"https:\/\/veritasinfo.org\/#website","url":"https:\/\/veritasinfo.org\/","name":"","description":"","potentialAction":[{"@type":"SearchAction","target":{"@type":"EntryPoint","urlTemplate":"https:\/\/veritasinfo.org\/?s={search_term_string}"},"query-input":{"@type":"PropertyValueSpecification","valueRequired":true,"valueName":"search_term_string"}}],"inLanguage":"en-US"},{"@type":"Person","@id":"https:\/\/veritasinfo.org\/#\/schema\/person\/bc442336e35414d04494ab8fb45db4c6","name":"US5","image":{"@type":"ImageObject","inLanguage":"en-US","@id":"https:\/\/veritasinfo.org\/#\/schema\/person\/image\/","url":"https:\/\/secure.gravatar.com\/avatar\/16a61e7272a0c5d001121ebb9e60e925d5816e4ac1e443ed3e640d9a6ae55d0c?s=96&d=mm&r=g","contentUrl":"https:\/\/secure.gravatar.com\/avatar\/16a61e7272a0c5d001121ebb9e60e925d5816e4ac1e443ed3e640d9a6ae55d0c?s=96&d=mm&r=g","caption":"US5"},"url":"https:\/\/veritasinfo.org\/?author=6"}]}},"featured_image_urls":{"full":["https:\/\/veritasinfo.org\/wp-content\/uploads\/2025\/10\/IMG-20251021-WA0007.jpg",750,375,false],"thumbnail":["https:\/\/veritasinfo.org\/wp-content\/uploads\/2025\/10\/IMG-20251021-WA0007-150x150.jpg",150,150,true],"medium":["https:\/\/veritasinfo.org\/wp-content\/uploads\/2025\/10\/IMG-20251021-WA0007-300x150.jpg",300,150,true],"medium_large":["https:\/\/veritasinfo.org\/wp-content\/uploads\/2025\/10\/IMG-20251021-WA0007.jpg",640,320,false],"large":["https:\/\/veritasinfo.org\/wp-content\/uploads\/2025\/10\/IMG-20251021-WA0007.jpg",640,320,false],"1536x1536":["https:\/\/veritasinfo.org\/wp-content\/uploads\/2025\/10\/IMG-20251021-WA0007.jpg",750,375,false],"2048x2048":["https:\/\/veritasinfo.org\/wp-content\/uploads\/2025\/10\/IMG-20251021-WA0007.jpg",750,375,false],"kreeti-slider-full":["https:\/\/veritasinfo.org\/wp-content\/uploads\/2025\/10\/IMG-20251021-WA0007.jpg",750,375,false],"kreeti-featured":["https:\/\/veritasinfo.org\/wp-content\/uploads\/2025\/10\/IMG-20251021-WA0007.jpg",750,375,false],"kreeti-medium":["https:\/\/veritasinfo.org\/wp-content\/uploads\/2025\/10\/IMG-20251021-WA0007.jpg",720,360,false],"kreeti-medium-square":["https:\/\/veritasinfo.org\/wp-content\/uploads\/2025\/10\/IMG-20251021-WA0007.jpg",350,175,false]},"author_info":{"info":["US5"]},"category_info":"<a href=\"https:\/\/veritasinfo.org\/?cat=60\" rel=\"category\">Shoq\u00ebrore<\/a>","tag_info":"Shoq\u00ebrore","comment_count":"0","_links":{"self":[{"href":"https:\/\/veritasinfo.org\/index.php?rest_route=\/wp\/v2\/posts\/17085","targetHints":{"allow":["GET"]}}],"collection":[{"href":"https:\/\/veritasinfo.org\/index.php?rest_route=\/wp\/v2\/posts"}],"about":[{"href":"https:\/\/veritasinfo.org\/index.php?rest_route=\/wp\/v2\/types\/post"}],"author":[{"embeddable":true,"href":"https:\/\/veritasinfo.org\/index.php?rest_route=\/wp\/v2\/users\/6"}],"replies":[{"embeddable":true,"href":"https:\/\/veritasinfo.org\/index.php?rest_route=%2Fwp%2Fv2%2Fcomments&post=17085"}],"version-history":[{"count":1,"href":"https:\/\/veritasinfo.org\/index.php?rest_route=\/wp\/v2\/posts\/17085\/revisions"}],"predecessor-version":[{"id":17088,"href":"https:\/\/veritasinfo.org\/index.php?rest_route=\/wp\/v2\/posts\/17085\/revisions\/17088"}],"wp:featuredmedia":[{"embeddable":true,"href":"https:\/\/veritasinfo.org\/index.php?rest_route=\/wp\/v2\/media\/17087"}],"wp:attachment":[{"href":"https:\/\/veritasinfo.org\/index.php?rest_route=%2Fwp%2Fv2%2Fmedia&parent=17085"}],"wp:term":[{"taxonomy":"category","embeddable":true,"href":"https:\/\/veritasinfo.org\/index.php?rest_route=%2Fwp%2Fv2%2Fcategories&post=17085"},{"taxonomy":"post_tag","embeddable":true,"href":"https:\/\/veritasinfo.org\/index.php?rest_route=%2Fwp%2Fv2%2Ftags&post=17085"}],"curies":[{"name":"wp","href":"https:\/\/api.w.org\/{rel}","templated":true}]}}