{"id":1708,"date":"2025-06-27T08:31:15","date_gmt":"2025-06-27T06:31:15","guid":{"rendered":"https:\/\/veritasinfo.org\/?p=1708"},"modified":"2025-06-27T08:31:15","modified_gmt":"2025-06-27T06:31:15","slug":"ministri-i-jashtem-kroat-ne-takimin-e-ke-se-pranimi-i-kosoves-ne-ke-do-te-permbushte-misionin-themelor-te-promovimit-te-demokracise","status":"publish","type":"post","link":"https:\/\/veritasinfo.org\/?p=1708","title":{"rendered":"Ministri i Jasht\u00ebm kroat n\u00eb takimin e KE-s\u00eb: Pranimi i Kosov\u00ebs n\u00eb KE do t\u00eb p\u00ebrmbushte misionin themelor t\u00eb promovimit t\u00eb demokracis\u00eb"},"content":{"rendered":"<p><strong>Prishtin\u00eb, 27 Qershor 2025<\/strong><\/p>\n<p>&#8220;Pranimi i Kosov\u00ebs n\u00eb K\u00ebshillin e Evrop\u00ebs, sipas mendimit ton\u00eb, do t\u00eb p\u00ebrmbushte misionin themelor t\u00eb promovimit t\u00eb demokracis\u00eb, t\u00eb drejtave t\u00eb njeriut dhe sundimit t\u00eb ligjit n\u00eb t\u00eb gjith\u00eb Evrop\u00ebn&#8221;, tha Ministri i Jasht\u00ebm kroat Gordan Grliq Radman. Ai beson se pranimi i Kosov\u00ebs n\u00eb K\u00ebshillin e Evrop\u00ebs, sipas tij, do t\u00eb &#8220;p\u00ebrmbushte misionin themelor t\u00eb promovimit t\u00eb demokracis\u00eb, t\u00eb drejtave t\u00eb njeriut dhe sundimit t\u00eb ligjit n\u00eb t\u00eb gjith\u00eb Evrop\u00ebn&#8221;.<\/p>\n<p>&#8220;P\u00ebrfshirja e Kosov\u00ebs do t\u00eb eliminonte nj\u00eb boshll\u00ebk t\u00eb madh n\u00eb mbulimin territorial t\u00eb K\u00ebshillit t\u00eb Evrop\u00ebs, duke siguruar standarde t\u00eb barabarta evropiane t\u00eb t\u00eb drejtave t\u00eb njeriut n\u00eb t\u00eb gjith\u00eb Ballkanin Per\u00ebndimor&#8221;, tha Radman.<\/p>\n","protected":false},"excerpt":{"rendered":"<p>Prishtin\u00eb, 27 Qershor 2025 &#8220;Pranimi i Kosov\u00ebs n\u00eb K\u00ebshillin e Evrop\u00ebs, sipas mendimit ton\u00eb, do t\u00eb p\u00ebrmbushte misionin themelor t\u00eb promovimit t\u00eb demokracis\u00eb, t\u00eb drejtave<\/p>\n","protected":false},"author":2,"featured_media":1709,"comment_status":"open","ping_status":"open","sticky":false,"template":"","format":"standard","meta":{"footnotes":""},"categories":[58],"tags":[],"class_list":["post-1708","post","type-post","status-publish","format-standard","has-post-thumbnail","hentry","category-politike-sq"],"yoast_head":"<!-- This site is optimized with the Yoast SEO plugin v25.3.1 - https:\/\/yoast.com\/wordpress\/plugins\/seo\/ -->\n<title>Ministri i Jasht\u00ebm kroat n\u00eb takimin e KE-s\u00eb: Pranimi i Kosov\u00ebs n\u00eb KE do t\u00eb p\u00ebrmbushte misionin themelor t\u00eb promovimit t\u00eb demokracis\u00eb -<\/title>\n<meta name=\"robots\" content=\"index, follow, max-snippet:-1, max-image-preview:large, max-video-preview:-1\" \/>\n<link rel=\"canonical\" href=\"https:\/\/veritasinfo.org\/?p=1708\" \/>\n<meta property=\"og:locale\" content=\"en_US\" \/>\n<meta property=\"og:type\" content=\"article\" \/>\n<meta property=\"og:title\" content=\"Ministri i Jasht\u00ebm kroat n\u00eb takimin e KE-s\u00eb: Pranimi i Kosov\u00ebs n\u00eb KE do t\u00eb p\u00ebrmbushte misionin themelor t\u00eb promovimit t\u00eb demokracis\u00eb -\" \/>\n<meta property=\"og:description\" content=\"Prishtin\u00eb, 27 Qershor 2025 &#8220;Pranimi i Kosov\u00ebs n\u00eb K\u00ebshillin e Evrop\u00ebs, sipas mendimit ton\u00eb, do t\u00eb p\u00ebrmbushte misionin themelor t\u00eb promovimit t\u00eb demokracis\u00eb, t\u00eb drejtave\" \/>\n<meta property=\"og:url\" content=\"https:\/\/veritasinfo.org\/?p=1708\" \/>\n<meta property=\"article:published_time\" content=\"2025-06-27T06:31:15+00:00\" \/>\n<meta property=\"og:image\" content=\"https:\/\/veritasinfo.org\/wp-content\/uploads\/2025\/06\/Keshilli-i-Evropes.jpg\" \/>\n\t<meta property=\"og:image:width\" content=\"900\" \/>\n\t<meta property=\"og:image:height\" content=\"492\" \/>\n\t<meta property=\"og:image:type\" content=\"image\/jpeg\" \/>\n<meta name=\"author\" content=\"US1\" \/>\n<meta name=\"twitter:card\" content=\"summary_large_image\" \/>\n<meta name=\"twitter:label1\" content=\"Written by\" \/>\n\t<meta name=\"twitter:data1\" content=\"US1\" \/>\n\t<meta name=\"twitter:label2\" content=\"Est. reading time\" \/>\n\t<meta name=\"twitter:data2\" content=\"1 minute\" \/>\n<script type=\"application\/ld+json\" class=\"yoast-schema-graph\">{\"@context\":\"https:\/\/schema.org\",\"@graph\":[{\"@type\":\"WebPage\",\"@id\":\"https:\/\/veritasinfo.org\/?p=1708\",\"url\":\"https:\/\/veritasinfo.org\/?p=1708\",\"name\":\"Ministri i Jasht\u00ebm kroat n\u00eb takimin e KE-s\u00eb: Pranimi i Kosov\u00ebs n\u00eb KE do t\u00eb p\u00ebrmbushte misionin themelor t\u00eb promovimit t\u00eb demokracis\u00eb -\",\"isPartOf\":{\"@id\":\"https:\/\/veritasinfo.org\/#website\"},\"primaryImageOfPage\":{\"@id\":\"https:\/\/veritasinfo.org\/?p=1708#primaryimage\"},\"image\":{\"@id\":\"https:\/\/veritasinfo.org\/?p=1708#primaryimage\"},\"thumbnailUrl\":\"https:\/\/veritasinfo.org\/wp-content\/uploads\/2025\/06\/Keshilli-i-Evropes.jpg\",\"datePublished\":\"2025-06-27T06:31:15+00:00\",\"author\":{\"@id\":\"https:\/\/veritasinfo.org\/#\/schema\/person\/c2b8be262ea994d0995addca692c5e98\"},\"breadcrumb\":{\"@id\":\"https:\/\/veritasinfo.org\/?p=1708#breadcrumb\"},\"inLanguage\":\"en-US\",\"potentialAction\":[{\"@type\":\"ReadAction\",\"target\":[\"https:\/\/veritasinfo.org\/?p=1708\"]}]},{\"@type\":\"ImageObject\",\"inLanguage\":\"en-US\",\"@id\":\"https:\/\/veritasinfo.org\/?p=1708#primaryimage\",\"url\":\"https:\/\/veritasinfo.org\/wp-content\/uploads\/2025\/06\/Keshilli-i-Evropes.jpg\",\"contentUrl\":\"https:\/\/veritasinfo.org\/wp-content\/uploads\/2025\/06\/Keshilli-i-Evropes.jpg\",\"width\":900,\"height\":492},{\"@type\":\"BreadcrumbList\",\"@id\":\"https:\/\/veritasinfo.org\/?p=1708#breadcrumb\",\"itemListElement\":[{\"@type\":\"ListItem\",\"position\":1,\"name\":\"Home\",\"item\":\"https:\/\/veritasinfo.org\/\"},{\"@type\":\"ListItem\",\"position\":2,\"name\":\"Ministri i Jasht\u00ebm kroat n\u00eb takimin e KE-s\u00eb: Pranimi i Kosov\u00ebs n\u00eb KE do t\u00eb p\u00ebrmbushte misionin themelor t\u00eb promovimit t\u00eb demokracis\u00eb\"}]},{\"@type\":\"WebSite\",\"@id\":\"https:\/\/veritasinfo.org\/#website\",\"url\":\"https:\/\/veritasinfo.org\/\",\"name\":\"\",\"description\":\"\",\"potentialAction\":[{\"@type\":\"SearchAction\",\"target\":{\"@type\":\"EntryPoint\",\"urlTemplate\":\"https:\/\/veritasinfo.org\/?s={search_term_string}\"},\"query-input\":{\"@type\":\"PropertyValueSpecification\",\"valueRequired\":true,\"valueName\":\"search_term_string\"}}],\"inLanguage\":\"en-US\"},{\"@type\":\"Person\",\"@id\":\"https:\/\/veritasinfo.org\/#\/schema\/person\/c2b8be262ea994d0995addca692c5e98\",\"name\":\"US1\",\"image\":{\"@type\":\"ImageObject\",\"inLanguage\":\"en-US\",\"@id\":\"https:\/\/veritasinfo.org\/#\/schema\/person\/image\/\",\"url\":\"https:\/\/secure.gravatar.com\/avatar\/4e96a59bd256abf9956eb9963ac891a47461ffb364d47b0e9aab113328fdb75b?s=96&d=mm&r=g\",\"contentUrl\":\"https:\/\/secure.gravatar.com\/avatar\/4e96a59bd256abf9956eb9963ac891a47461ffb364d47b0e9aab113328fdb75b?s=96&d=mm&r=g\",\"caption\":\"US1\"},\"url\":\"https:\/\/veritasinfo.org\/?author=2\"}]}<\/script>\n<!-- \/ Yoast SEO plugin. -->","yoast_head_json":{"title":"Ministri i Jasht\u00ebm kroat n\u00eb takimin e KE-s\u00eb: Pranimi i Kosov\u00ebs n\u00eb KE do t\u00eb p\u00ebrmbushte misionin themelor t\u00eb promovimit t\u00eb demokracis\u00eb -","robots":{"index":"index","follow":"follow","max-snippet":"max-snippet:-1","max-image-preview":"max-image-preview:large","max-video-preview":"max-video-preview:-1"},"canonical":"https:\/\/veritasinfo.org\/?p=1708","og_locale":"en_US","og_type":"article","og_title":"Ministri i Jasht\u00ebm kroat n\u00eb takimin e KE-s\u00eb: Pranimi i Kosov\u00ebs n\u00eb KE do t\u00eb p\u00ebrmbushte misionin themelor t\u00eb promovimit t\u00eb demokracis\u00eb -","og_description":"Prishtin\u00eb, 27 Qershor 2025 &#8220;Pranimi i Kosov\u00ebs n\u00eb K\u00ebshillin e Evrop\u00ebs, sipas mendimit ton\u00eb, do t\u00eb p\u00ebrmbushte misionin themelor t\u00eb promovimit t\u00eb demokracis\u00eb, t\u00eb drejtave","og_url":"https:\/\/veritasinfo.org\/?p=1708","article_published_time":"2025-06-27T06:31:15+00:00","og_image":[{"width":900,"height":492,"url":"https:\/\/veritasinfo.org\/wp-content\/uploads\/2025\/06\/Keshilli-i-Evropes.jpg","type":"image\/jpeg"}],"author":"US1","twitter_card":"summary_large_image","twitter_misc":{"Written by":"US1","Est. reading time":"1 minute"},"schema":{"@context":"https:\/\/schema.org","@graph":[{"@type":"WebPage","@id":"https:\/\/veritasinfo.org\/?p=1708","url":"https:\/\/veritasinfo.org\/?p=1708","name":"Ministri i Jasht\u00ebm kroat n\u00eb takimin e KE-s\u00eb: Pranimi i Kosov\u00ebs n\u00eb KE do t\u00eb p\u00ebrmbushte misionin themelor t\u00eb promovimit t\u00eb demokracis\u00eb -","isPartOf":{"@id":"https:\/\/veritasinfo.org\/#website"},"primaryImageOfPage":{"@id":"https:\/\/veritasinfo.org\/?p=1708#primaryimage"},"image":{"@id":"https:\/\/veritasinfo.org\/?p=1708#primaryimage"},"thumbnailUrl":"https:\/\/veritasinfo.org\/wp-content\/uploads\/2025\/06\/Keshilli-i-Evropes.jpg","datePublished":"2025-06-27T06:31:15+00:00","author":{"@id":"https:\/\/veritasinfo.org\/#\/schema\/person\/c2b8be262ea994d0995addca692c5e98"},"breadcrumb":{"@id":"https:\/\/veritasinfo.org\/?p=1708#breadcrumb"},"inLanguage":"en-US","potentialAction":[{"@type":"ReadAction","target":["https:\/\/veritasinfo.org\/?p=1708"]}]},{"@type":"ImageObject","inLanguage":"en-US","@id":"https:\/\/veritasinfo.org\/?p=1708#primaryimage","url":"https:\/\/veritasinfo.org\/wp-content\/uploads\/2025\/06\/Keshilli-i-Evropes.jpg","contentUrl":"https:\/\/veritasinfo.org\/wp-content\/uploads\/2025\/06\/Keshilli-i-Evropes.jpg","width":900,"height":492},{"@type":"BreadcrumbList","@id":"https:\/\/veritasinfo.org\/?p=1708#breadcrumb","itemListElement":[{"@type":"ListItem","position":1,"name":"Home","item":"https:\/\/veritasinfo.org\/"},{"@type":"ListItem","position":2,"name":"Ministri i Jasht\u00ebm kroat n\u00eb takimin e KE-s\u00eb: Pranimi i Kosov\u00ebs n\u00eb KE do t\u00eb p\u00ebrmbushte misionin themelor t\u00eb promovimit t\u00eb demokracis\u00eb"}]},{"@type":"WebSite","@id":"https:\/\/veritasinfo.org\/#website","url":"https:\/\/veritasinfo.org\/","name":"","description":"","potentialAction":[{"@type":"SearchAction","target":{"@type":"EntryPoint","urlTemplate":"https:\/\/veritasinfo.org\/?s={search_term_string}"},"query-input":{"@type":"PropertyValueSpecification","valueRequired":true,"valueName":"search_term_string"}}],"inLanguage":"en-US"},{"@type":"Person","@id":"https:\/\/veritasinfo.org\/#\/schema\/person\/c2b8be262ea994d0995addca692c5e98","name":"US1","image":{"@type":"ImageObject","inLanguage":"en-US","@id":"https:\/\/veritasinfo.org\/#\/schema\/person\/image\/","url":"https:\/\/secure.gravatar.com\/avatar\/4e96a59bd256abf9956eb9963ac891a47461ffb364d47b0e9aab113328fdb75b?s=96&d=mm&r=g","contentUrl":"https:\/\/secure.gravatar.com\/avatar\/4e96a59bd256abf9956eb9963ac891a47461ffb364d47b0e9aab113328fdb75b?s=96&d=mm&r=g","caption":"US1"},"url":"https:\/\/veritasinfo.org\/?author=2"}]}},"featured_image_urls":{"full":["https:\/\/veritasinfo.org\/wp-content\/uploads\/2025\/06\/Keshilli-i-Evropes.jpg",900,492,false],"thumbnail":["https:\/\/veritasinfo.org\/wp-content\/uploads\/2025\/06\/Keshilli-i-Evropes-150x150.jpg",150,150,true],"medium":["https:\/\/veritasinfo.org\/wp-content\/uploads\/2025\/06\/Keshilli-i-Evropes-300x164.jpg",300,164,true],"medium_large":["https:\/\/veritasinfo.org\/wp-content\/uploads\/2025\/06\/Keshilli-i-Evropes-768x420.jpg",640,350,true],"large":["https:\/\/veritasinfo.org\/wp-content\/uploads\/2025\/06\/Keshilli-i-Evropes.jpg",640,350,false],"1536x1536":["https:\/\/veritasinfo.org\/wp-content\/uploads\/2025\/06\/Keshilli-i-Evropes.jpg",900,492,false],"2048x2048":["https:\/\/veritasinfo.org\/wp-content\/uploads\/2025\/06\/Keshilli-i-Evropes.jpg",900,492,false],"kreeti-slider-full":["https:\/\/veritasinfo.org\/wp-content\/uploads\/2025\/06\/Keshilli-i-Evropes.jpg",900,492,false],"kreeti-featured":["https:\/\/veritasinfo.org\/wp-content\/uploads\/2025\/06\/Keshilli-i-Evropes.jpg",900,492,false],"kreeti-medium":["https:\/\/veritasinfo.org\/wp-content\/uploads\/2025\/06\/Keshilli-i-Evropes.jpg",720,394,false],"kreeti-medium-square":["https:\/\/veritasinfo.org\/wp-content\/uploads\/2025\/06\/Keshilli-i-Evropes.jpg",350,191,false]},"author_info":{"info":["US1"]},"category_info":"<a href=\"https:\/\/veritasinfo.org\/?cat=58\" rel=\"category\">Politik\u00eb<\/a>","tag_info":"Politik\u00eb","comment_count":"0","_links":{"self":[{"href":"https:\/\/veritasinfo.org\/index.php?rest_route=\/wp\/v2\/posts\/1708","targetHints":{"allow":["GET"]}}],"collection":[{"href":"https:\/\/veritasinfo.org\/index.php?rest_route=\/wp\/v2\/posts"}],"about":[{"href":"https:\/\/veritasinfo.org\/index.php?rest_route=\/wp\/v2\/types\/post"}],"author":[{"embeddable":true,"href":"https:\/\/veritasinfo.org\/index.php?rest_route=\/wp\/v2\/users\/2"}],"replies":[{"embeddable":true,"href":"https:\/\/veritasinfo.org\/index.php?rest_route=%2Fwp%2Fv2%2Fcomments&post=1708"}],"version-history":[{"count":1,"href":"https:\/\/veritasinfo.org\/index.php?rest_route=\/wp\/v2\/posts\/1708\/revisions"}],"predecessor-version":[{"id":1710,"href":"https:\/\/veritasinfo.org\/index.php?rest_route=\/wp\/v2\/posts\/1708\/revisions\/1710"}],"wp:featuredmedia":[{"embeddable":true,"href":"https:\/\/veritasinfo.org\/index.php?rest_route=\/wp\/v2\/media\/1709"}],"wp:attachment":[{"href":"https:\/\/veritasinfo.org\/index.php?rest_route=%2Fwp%2Fv2%2Fmedia&parent=1708"}],"wp:term":[{"taxonomy":"category","embeddable":true,"href":"https:\/\/veritasinfo.org\/index.php?rest_route=%2Fwp%2Fv2%2Fcategories&post=1708"},{"taxonomy":"post_tag","embeddable":true,"href":"https:\/\/veritasinfo.org\/index.php?rest_route=%2Fwp%2Fv2%2Ftags&post=1708"}],"curies":[{"name":"wp","href":"https:\/\/api.w.org\/{rel}","templated":true}]}}