{"id":17059,"date":"2025-10-21T10:43:56","date_gmt":"2025-10-21T08:43:56","guid":{"rendered":"https:\/\/veritasinfo.org\/?p=17059"},"modified":"2025-10-21T10:43:56","modified_gmt":"2025-10-21T08:43:56","slug":"osmani-uron-kryeministren-e-re-te-japonise-me-padurim-presim-te-punojme-me-takaichi","status":"publish","type":"post","link":"https:\/\/veritasinfo.org\/?p=17059","title":{"rendered":"Osmani uron kryeministren e re t\u00eb Japonis\u00eb: Me padurim presim t\u00eb punojm\u00eb me Takaichi"},"content":{"rendered":"<p>Prishtin\u00eb 21 Tetor 2025<\/p>\n<p>Presidentja e vendit, Vjosa Osmani ka uruar kryeministren e re t\u00eb zgjedhur t\u00eb Japonis\u00eb, Sanae Takaichi.<\/p>\n<p>Me an\u00eb t\u00eb nj\u00eb postimi n\u00eb X, Osmani shkroi se Kosova e vler\u00ebson miq\u00ebsin\u00eb me Japonin\u00eb, teksa ka shprehur interesimin p\u00ebr bashk\u00ebpunim me kryeministren Takaichi.<\/p>\n<p>\u201cUrime t\u00eb p\u00ebrzem\u00ebrta p\u00ebr Sanae Takaichi p\u00ebr zgjedhjen si Kryeministre e Japonis\u00eb. Kosova e vler\u00ebson thell\u00ebsisht miq\u00ebsin\u00eb e kahmotshme me Japonin\u00eb, nj\u00eb aleat i pal\u00ebkundur i popullit ton\u00eb. Me padurim presim t\u00eb punojm\u00eb me Kryeministren Takaichi p\u00ebr t\u00eb forcuar dhe avancuar m\u00eb tej bashk\u00ebpunimin ton\u00eb t\u00eb shk\u00eblqyer n\u00eb t\u00eb gjitha fushat me interes t\u00eb p\u00ebrbashk\u00ebt\u201d, ka shkruar Osmani.<\/p>\n","protected":false},"excerpt":{"rendered":"<p>Prishtin\u00eb 21 Tetor 2025 Presidentja e vendit, Vjosa Osmani ka uruar kryeministren e re t\u00eb zgjedhur t\u00eb Japonis\u00eb, Sanae Takaichi. Me an\u00eb t\u00eb nj\u00eb postimi<\/p>\n","protected":false},"author":6,"featured_media":17060,"comment_status":"open","ping_status":"open","sticky":false,"template":"","format":"standard","meta":{"footnotes":""},"categories":[60],"tags":[],"class_list":["post-17059","post","type-post","status-publish","format-standard","has-post-thumbnail","hentry","category-shoqerore-sq"],"yoast_head":"<!-- This site is optimized with the Yoast SEO plugin v25.3.1 - https:\/\/yoast.com\/wordpress\/plugins\/seo\/ -->\n<title>Osmani uron kryeministren e re t\u00eb Japonis\u00eb: Me padurim presim t\u00eb punojm\u00eb me Takaichi -<\/title>\n<meta name=\"robots\" content=\"index, follow, max-snippet:-1, max-image-preview:large, max-video-preview:-1\" \/>\n<link rel=\"canonical\" href=\"https:\/\/veritasinfo.org\/?p=17059\" \/>\n<meta property=\"og:locale\" content=\"en_US\" \/>\n<meta property=\"og:type\" content=\"article\" \/>\n<meta property=\"og:title\" content=\"Osmani uron kryeministren e re t\u00eb Japonis\u00eb: Me padurim presim t\u00eb punojm\u00eb me Takaichi -\" \/>\n<meta property=\"og:description\" content=\"Prishtin\u00eb 21 Tetor 2025 Presidentja e vendit, Vjosa Osmani ka uruar kryeministren e re t\u00eb zgjedhur t\u00eb Japonis\u00eb, Sanae Takaichi. Me an\u00eb t\u00eb nj\u00eb postimi\" \/>\n<meta property=\"og:url\" content=\"https:\/\/veritasinfo.org\/?p=17059\" \/>\n<meta property=\"article:published_time\" content=\"2025-10-21T08:43:56+00:00\" \/>\n<meta property=\"og:image\" content=\"https:\/\/veritasinfo.org\/wp-content\/uploads\/2025\/10\/IMG-20251021-WA0005.jpg\" \/>\n\t<meta property=\"og:image:width\" content=\"691\" \/>\n\t<meta property=\"og:image:height\" content=\"444\" \/>\n\t<meta property=\"og:image:type\" content=\"image\/jpeg\" \/>\n<meta name=\"author\" content=\"US5\" \/>\n<meta name=\"twitter:card\" content=\"summary_large_image\" \/>\n<meta name=\"twitter:label1\" content=\"Written by\" \/>\n\t<meta name=\"twitter:data1\" content=\"US5\" \/>\n\t<meta name=\"twitter:label2\" content=\"Est. reading time\" \/>\n\t<meta name=\"twitter:data2\" content=\"1 minute\" \/>\n<script type=\"application\/ld+json\" class=\"yoast-schema-graph\">{\"@context\":\"https:\/\/schema.org\",\"@graph\":[{\"@type\":\"WebPage\",\"@id\":\"https:\/\/veritasinfo.org\/?p=17059\",\"url\":\"https:\/\/veritasinfo.org\/?p=17059\",\"name\":\"Osmani uron kryeministren e re t\u00eb Japonis\u00eb: Me padurim presim t\u00eb punojm\u00eb me Takaichi -\",\"isPartOf\":{\"@id\":\"https:\/\/veritasinfo.org\/#website\"},\"primaryImageOfPage\":{\"@id\":\"https:\/\/veritasinfo.org\/?p=17059#primaryimage\"},\"image\":{\"@id\":\"https:\/\/veritasinfo.org\/?p=17059#primaryimage\"},\"thumbnailUrl\":\"https:\/\/veritasinfo.org\/wp-content\/uploads\/2025\/10\/IMG-20251021-WA0005.jpg\",\"datePublished\":\"2025-10-21T08:43:56+00:00\",\"author\":{\"@id\":\"https:\/\/veritasinfo.org\/#\/schema\/person\/bc442336e35414d04494ab8fb45db4c6\"},\"breadcrumb\":{\"@id\":\"https:\/\/veritasinfo.org\/?p=17059#breadcrumb\"},\"inLanguage\":\"en-US\",\"potentialAction\":[{\"@type\":\"ReadAction\",\"target\":[\"https:\/\/veritasinfo.org\/?p=17059\"]}]},{\"@type\":\"ImageObject\",\"inLanguage\":\"en-US\",\"@id\":\"https:\/\/veritasinfo.org\/?p=17059#primaryimage\",\"url\":\"https:\/\/veritasinfo.org\/wp-content\/uploads\/2025\/10\/IMG-20251021-WA0005.jpg\",\"contentUrl\":\"https:\/\/veritasinfo.org\/wp-content\/uploads\/2025\/10\/IMG-20251021-WA0005.jpg\",\"width\":691,\"height\":444},{\"@type\":\"BreadcrumbList\",\"@id\":\"https:\/\/veritasinfo.org\/?p=17059#breadcrumb\",\"itemListElement\":[{\"@type\":\"ListItem\",\"position\":1,\"name\":\"Home\",\"item\":\"https:\/\/veritasinfo.org\/\"},{\"@type\":\"ListItem\",\"position\":2,\"name\":\"Osmani uron kryeministren e re t\u00eb Japonis\u00eb: Me padurim presim t\u00eb punojm\u00eb me Takaichi\"}]},{\"@type\":\"WebSite\",\"@id\":\"https:\/\/veritasinfo.org\/#website\",\"url\":\"https:\/\/veritasinfo.org\/\",\"name\":\"\",\"description\":\"\",\"potentialAction\":[{\"@type\":\"SearchAction\",\"target\":{\"@type\":\"EntryPoint\",\"urlTemplate\":\"https:\/\/veritasinfo.org\/?s={search_term_string}\"},\"query-input\":{\"@type\":\"PropertyValueSpecification\",\"valueRequired\":true,\"valueName\":\"search_term_string\"}}],\"inLanguage\":\"en-US\"},{\"@type\":\"Person\",\"@id\":\"https:\/\/veritasinfo.org\/#\/schema\/person\/bc442336e35414d04494ab8fb45db4c6\",\"name\":\"US5\",\"image\":{\"@type\":\"ImageObject\",\"inLanguage\":\"en-US\",\"@id\":\"https:\/\/veritasinfo.org\/#\/schema\/person\/image\/\",\"url\":\"https:\/\/secure.gravatar.com\/avatar\/16a61e7272a0c5d001121ebb9e60e925d5816e4ac1e443ed3e640d9a6ae55d0c?s=96&d=mm&r=g\",\"contentUrl\":\"https:\/\/secure.gravatar.com\/avatar\/16a61e7272a0c5d001121ebb9e60e925d5816e4ac1e443ed3e640d9a6ae55d0c?s=96&d=mm&r=g\",\"caption\":\"US5\"},\"url\":\"https:\/\/veritasinfo.org\/?author=6\"}]}<\/script>\n<!-- \/ Yoast SEO plugin. -->","yoast_head_json":{"title":"Osmani uron kryeministren e re t\u00eb Japonis\u00eb: Me padurim presim t\u00eb punojm\u00eb me Takaichi -","robots":{"index":"index","follow":"follow","max-snippet":"max-snippet:-1","max-image-preview":"max-image-preview:large","max-video-preview":"max-video-preview:-1"},"canonical":"https:\/\/veritasinfo.org\/?p=17059","og_locale":"en_US","og_type":"article","og_title":"Osmani uron kryeministren e re t\u00eb Japonis\u00eb: Me padurim presim t\u00eb punojm\u00eb me Takaichi -","og_description":"Prishtin\u00eb 21 Tetor 2025 Presidentja e vendit, Vjosa Osmani ka uruar kryeministren e re t\u00eb zgjedhur t\u00eb Japonis\u00eb, Sanae Takaichi. Me an\u00eb t\u00eb nj\u00eb postimi","og_url":"https:\/\/veritasinfo.org\/?p=17059","article_published_time":"2025-10-21T08:43:56+00:00","og_image":[{"width":691,"height":444,"url":"https:\/\/veritasinfo.org\/wp-content\/uploads\/2025\/10\/IMG-20251021-WA0005.jpg","type":"image\/jpeg"}],"author":"US5","twitter_card":"summary_large_image","twitter_misc":{"Written by":"US5","Est. reading time":"1 minute"},"schema":{"@context":"https:\/\/schema.org","@graph":[{"@type":"WebPage","@id":"https:\/\/veritasinfo.org\/?p=17059","url":"https:\/\/veritasinfo.org\/?p=17059","name":"Osmani uron kryeministren e re t\u00eb Japonis\u00eb: Me padurim presim t\u00eb punojm\u00eb me Takaichi -","isPartOf":{"@id":"https:\/\/veritasinfo.org\/#website"},"primaryImageOfPage":{"@id":"https:\/\/veritasinfo.org\/?p=17059#primaryimage"},"image":{"@id":"https:\/\/veritasinfo.org\/?p=17059#primaryimage"},"thumbnailUrl":"https:\/\/veritasinfo.org\/wp-content\/uploads\/2025\/10\/IMG-20251021-WA0005.jpg","datePublished":"2025-10-21T08:43:56+00:00","author":{"@id":"https:\/\/veritasinfo.org\/#\/schema\/person\/bc442336e35414d04494ab8fb45db4c6"},"breadcrumb":{"@id":"https:\/\/veritasinfo.org\/?p=17059#breadcrumb"},"inLanguage":"en-US","potentialAction":[{"@type":"ReadAction","target":["https:\/\/veritasinfo.org\/?p=17059"]}]},{"@type":"ImageObject","inLanguage":"en-US","@id":"https:\/\/veritasinfo.org\/?p=17059#primaryimage","url":"https:\/\/veritasinfo.org\/wp-content\/uploads\/2025\/10\/IMG-20251021-WA0005.jpg","contentUrl":"https:\/\/veritasinfo.org\/wp-content\/uploads\/2025\/10\/IMG-20251021-WA0005.jpg","width":691,"height":444},{"@type":"BreadcrumbList","@id":"https:\/\/veritasinfo.org\/?p=17059#breadcrumb","itemListElement":[{"@type":"ListItem","position":1,"name":"Home","item":"https:\/\/veritasinfo.org\/"},{"@type":"ListItem","position":2,"name":"Osmani uron kryeministren e re t\u00eb Japonis\u00eb: Me padurim presim t\u00eb punojm\u00eb me Takaichi"}]},{"@type":"WebSite","@id":"https:\/\/veritasinfo.org\/#website","url":"https:\/\/veritasinfo.org\/","name":"","description":"","potentialAction":[{"@type":"SearchAction","target":{"@type":"EntryPoint","urlTemplate":"https:\/\/veritasinfo.org\/?s={search_term_string}"},"query-input":{"@type":"PropertyValueSpecification","valueRequired":true,"valueName":"search_term_string"}}],"inLanguage":"en-US"},{"@type":"Person","@id":"https:\/\/veritasinfo.org\/#\/schema\/person\/bc442336e35414d04494ab8fb45db4c6","name":"US5","image":{"@type":"ImageObject","inLanguage":"en-US","@id":"https:\/\/veritasinfo.org\/#\/schema\/person\/image\/","url":"https:\/\/secure.gravatar.com\/avatar\/16a61e7272a0c5d001121ebb9e60e925d5816e4ac1e443ed3e640d9a6ae55d0c?s=96&d=mm&r=g","contentUrl":"https:\/\/secure.gravatar.com\/avatar\/16a61e7272a0c5d001121ebb9e60e925d5816e4ac1e443ed3e640d9a6ae55d0c?s=96&d=mm&r=g","caption":"US5"},"url":"https:\/\/veritasinfo.org\/?author=6"}]}},"featured_image_urls":{"full":["https:\/\/veritasinfo.org\/wp-content\/uploads\/2025\/10\/IMG-20251021-WA0005.jpg",691,444,false],"thumbnail":["https:\/\/veritasinfo.org\/wp-content\/uploads\/2025\/10\/IMG-20251021-WA0005-150x150.jpg",150,150,true],"medium":["https:\/\/veritasinfo.org\/wp-content\/uploads\/2025\/10\/IMG-20251021-WA0005-300x193.jpg",300,193,true],"medium_large":["https:\/\/veritasinfo.org\/wp-content\/uploads\/2025\/10\/IMG-20251021-WA0005.jpg",640,411,false],"large":["https:\/\/veritasinfo.org\/wp-content\/uploads\/2025\/10\/IMG-20251021-WA0005.jpg",640,411,false],"1536x1536":["https:\/\/veritasinfo.org\/wp-content\/uploads\/2025\/10\/IMG-20251021-WA0005.jpg",691,444,false],"2048x2048":["https:\/\/veritasinfo.org\/wp-content\/uploads\/2025\/10\/IMG-20251021-WA0005.jpg",691,444,false],"kreeti-slider-full":["https:\/\/veritasinfo.org\/wp-content\/uploads\/2025\/10\/IMG-20251021-WA0005.jpg",691,444,false],"kreeti-featured":["https:\/\/veritasinfo.org\/wp-content\/uploads\/2025\/10\/IMG-20251021-WA0005.jpg",691,444,false],"kreeti-medium":["https:\/\/veritasinfo.org\/wp-content\/uploads\/2025\/10\/IMG-20251021-WA0005.jpg",691,444,false],"kreeti-medium-square":["https:\/\/veritasinfo.org\/wp-content\/uploads\/2025\/10\/IMG-20251021-WA0005.jpg",350,225,false]},"author_info":{"info":["US5"]},"category_info":"<a href=\"https:\/\/veritasinfo.org\/?cat=60\" rel=\"category\">Shoq\u00ebrore<\/a>","tag_info":"Shoq\u00ebrore","comment_count":"0","_links":{"self":[{"href":"https:\/\/veritasinfo.org\/index.php?rest_route=\/wp\/v2\/posts\/17059","targetHints":{"allow":["GET"]}}],"collection":[{"href":"https:\/\/veritasinfo.org\/index.php?rest_route=\/wp\/v2\/posts"}],"about":[{"href":"https:\/\/veritasinfo.org\/index.php?rest_route=\/wp\/v2\/types\/post"}],"author":[{"embeddable":true,"href":"https:\/\/veritasinfo.org\/index.php?rest_route=\/wp\/v2\/users\/6"}],"replies":[{"embeddable":true,"href":"https:\/\/veritasinfo.org\/index.php?rest_route=%2Fwp%2Fv2%2Fcomments&post=17059"}],"version-history":[{"count":1,"href":"https:\/\/veritasinfo.org\/index.php?rest_route=\/wp\/v2\/posts\/17059\/revisions"}],"predecessor-version":[{"id":17061,"href":"https:\/\/veritasinfo.org\/index.php?rest_route=\/wp\/v2\/posts\/17059\/revisions\/17061"}],"wp:featuredmedia":[{"embeddable":true,"href":"https:\/\/veritasinfo.org\/index.php?rest_route=\/wp\/v2\/media\/17060"}],"wp:attachment":[{"href":"https:\/\/veritasinfo.org\/index.php?rest_route=%2Fwp%2Fv2%2Fmedia&parent=17059"}],"wp:term":[{"taxonomy":"category","embeddable":true,"href":"https:\/\/veritasinfo.org\/index.php?rest_route=%2Fwp%2Fv2%2Fcategories&post=17059"},{"taxonomy":"post_tag","embeddable":true,"href":"https:\/\/veritasinfo.org\/index.php?rest_route=%2Fwp%2Fv2%2Ftags&post=17059"}],"curies":[{"name":"wp","href":"https:\/\/api.w.org\/{rel}","templated":true}]}}