{"id":1696,"date":"2025-06-27T07:42:33","date_gmt":"2025-06-27T05:42:33","guid":{"rendered":"https:\/\/veritasinfo.org\/?p=1696"},"modified":"2025-06-27T07:42:33","modified_gmt":"2025-06-27T05:42:33","slug":"njujork-tajms-otkriva-sad-su-predlozile-datum-8-maja-za-kosovo-za-prijem-migranata-kaze-da-pristina-nije-donela-odluku-lako","status":"publish","type":"post","link":"https:\/\/veritasinfo.org\/?p=1696&lang=sr","title":{"rendered":"Njujork tajms otkriva: SAD su predlo\u017eile datum 8. maja za Kosovo za prijem migranata \u2013 ka\u017ee da Pri\u0161tina nije donela odluku \u201elako\u201c"},"content":{"rendered":"<p><strong>Pri\u0161tina, 27 jun 2025<\/strong><\/p>\n<p>Prestigiozna ameri\u010dka novina \u201eNjujork tajms\u201c objavile su \u010dlanak o deportacijama iz Sjedinjenih Dr\u017eava u druge zemlje.<\/p>\n<p>Me\u0111u tim zemljama je i Kosovo, koje je vec\u0301 potvrdilo da c\u0301e prihvatiti do 50 deportovanih iz Sjedinjenih Dr\u017eava.<\/p>\n<p>Ali kako je do\u0161lo do ove odluke?<\/p>\n<p>Njujork tajms pi\u0161e da su ameri\u010dke diplomate u nekoliko misija u inostranstvu ovog prolec\u0301a dobile hitan telegram iz Va\u0161ingtona. Re\u010deno im je da pored Kosova treba da zatra\u017ee od devet zemalja u Africi i Centralnoj Aziji da prihvate ljude deportovane iz Sjedinjenih Dr\u017eava koji nisu dr\u017eavljani tih zemalja, uklju\u010dujuc\u0301i i kriminalce.<\/p>\n<p>Njujork tajms pi\u0161e da je tokom tri meseca ove godine odr\u017eano \u0161est sastanaka izme\u0111u vlada SAD i Kosova.<\/p>\n<p>Navodi se da je na Kosovo vr\u0161en pritisak, a da je postavljen rok za odgovor.<\/p>\n<p>\u201eA u martu su ameri\u010dke diplomate po\u010dele da vr\u0161e pritisak na zvani\u010dnike na Kosovu. Odr\u017eali su \u0161est sastanaka tokom tri meseca, a zatim su postavili rok za odgovor do 8. maja\u201c, navodi se u \u010dlanku Njujork tajmsa, prenosi Klankosova.tv.<\/p>\n<p>I iako je rok bio 8. maj, vr\u0161ilac du\u017enosti vlade Kosova je 12. maja objavila da c\u0301e prihvatiti 50 ljudi.<\/p>\n<p>\u201eKosovski zvani\u010dnici su 12. maja rekli da c\u0301e primiti do 50 ljudi, ali su Amerikancima rekli da &#8216;nisu olako doneli odluku&#8217; s obzirom na te\u0161koc\u0301e vlade i &#8216;potencijalne politi\u010dke posledice&#8217;, navodi se u ameri\u010dkoj depe\u0161i. Zvani\u010dnici su rekli da vi\u0161e vole \u017eene i decu\u201c, nastavlja se u \u010dlanku Njujork tajmsa.<\/p>\n<p>Zauzvrat, Njujork tajms je naveo da su kosovski zvani\u010dnici zamolili SAD da nastave da lobiraju za priznanje.<\/p>\n<p>\u201eI sugerisali su da Kosovo, koje je proglasilo nezavisnost od Srbije 2008. godine, treba ne\u0161to zauzvrat. Zvani\u010dnici su rekli da \u017eele da Sjedinjene Dr\u017eave nastave da lobiraju kod drugih zemalja da priznaju Kosovo kao suverenu dr\u017eavu, prema diplomatskoj noti koju je Tajms dobio na raspolaganje\u201c, napisao je glavni ameri\u010dki medij.<\/p>\n","protected":false},"excerpt":{"rendered":"<p>Pri\u0161tina, 27 jun 2025 Prestigiozna ameri\u010dka novina \u201eNjujork tajms\u201c objavile su \u010dlanak o deportacijama iz Sjedinjenih Dr\u017eava u druge zemlje. Me\u0111u tim zemljama je i<\/p>\n","protected":false},"author":2,"featured_media":1687,"comment_status":"open","ping_status":"open","sticky":false,"template":"","format":"standard","meta":{"footnotes":""},"categories":[28],"tags":[],"class_list":["post-1696","post","type-post","status-publish","format-standard","has-post-thumbnail","hentry","category-politika"],"yoast_head":"<!-- This site is optimized with the Yoast SEO plugin v25.3.1 - https:\/\/yoast.com\/wordpress\/plugins\/seo\/ -->\n<title>Njujork tajms otkriva: SAD su predlo\u017eile datum 8. maja za Kosovo za prijem migranata \u2013 ka\u017ee da Pri\u0161tina nije donela odluku \u201elako\u201c -<\/title>\n<meta name=\"robots\" content=\"index, follow, max-snippet:-1, max-image-preview:large, max-video-preview:-1\" \/>\n<link rel=\"canonical\" href=\"https:\/\/veritasinfo.org\/?p=1696&lang=sr\" \/>\n<meta property=\"og:locale\" content=\"en_US\" \/>\n<meta property=\"og:type\" content=\"article\" \/>\n<meta property=\"og:title\" content=\"Njujork tajms otkriva: SAD su predlo\u017eile datum 8. maja za Kosovo za prijem migranata \u2013 ka\u017ee da Pri\u0161tina nije donela odluku \u201elako\u201c -\" \/>\n<meta property=\"og:description\" content=\"Pri\u0161tina, 27 jun 2025 Prestigiozna ameri\u010dka novina \u201eNjujork tajms\u201c objavile su \u010dlanak o deportacijama iz Sjedinjenih Dr\u017eava u druge zemlje. Me\u0111u tim zemljama je i\" \/>\n<meta property=\"og:url\" content=\"https:\/\/veritasinfo.org\/?p=1696&amp;lang=sr\" \/>\n<meta property=\"article:published_time\" content=\"2025-06-27T05:42:33+00:00\" \/>\n<meta property=\"og:image\" content=\"https:\/\/veritasinfo.org\/wp-content\/uploads\/2025\/06\/IMG_1583.jpeg\" \/>\n\t<meta property=\"og:image:width\" content=\"2048\" \/>\n\t<meta property=\"og:image:height\" content=\"1456\" \/>\n\t<meta property=\"og:image:type\" content=\"image\/jpeg\" \/>\n<meta name=\"author\" content=\"US1\" \/>\n<meta name=\"twitter:card\" content=\"summary_large_image\" \/>\n<meta name=\"twitter:label1\" content=\"Written by\" \/>\n\t<meta name=\"twitter:data1\" content=\"US1\" \/>\n\t<meta name=\"twitter:label2\" content=\"Est. reading time\" \/>\n\t<meta name=\"twitter:data2\" content=\"2 minutes\" \/>\n<script type=\"application\/ld+json\" class=\"yoast-schema-graph\">{\"@context\":\"https:\/\/schema.org\",\"@graph\":[{\"@type\":\"WebPage\",\"@id\":\"https:\/\/veritasinfo.org\/?p=1696&lang=sr\",\"url\":\"https:\/\/veritasinfo.org\/?p=1696&lang=sr\",\"name\":\"Njujork tajms otkriva: SAD su predlo\u017eile datum 8. maja za Kosovo za prijem migranata \u2013 ka\u017ee da Pri\u0161tina nije donela odluku \u201elako\u201c -\",\"isPartOf\":{\"@id\":\"https:\/\/veritasinfo.org\/#website\"},\"primaryImageOfPage\":{\"@id\":\"https:\/\/veritasinfo.org\/?p=1696&lang=sr#primaryimage\"},\"image\":{\"@id\":\"https:\/\/veritasinfo.org\/?p=1696&lang=sr#primaryimage\"},\"thumbnailUrl\":\"https:\/\/veritasinfo.org\/wp-content\/uploads\/2025\/06\/IMG_1583.jpeg\",\"datePublished\":\"2025-06-27T05:42:33+00:00\",\"author\":{\"@id\":\"https:\/\/veritasinfo.org\/#\/schema\/person\/c2b8be262ea994d0995addca692c5e98\"},\"breadcrumb\":{\"@id\":\"https:\/\/veritasinfo.org\/?p=1696&lang=sr#breadcrumb\"},\"inLanguage\":\"en-US\",\"potentialAction\":[{\"@type\":\"ReadAction\",\"target\":[\"https:\/\/veritasinfo.org\/?p=1696&lang=sr\"]}]},{\"@type\":\"ImageObject\",\"inLanguage\":\"en-US\",\"@id\":\"https:\/\/veritasinfo.org\/?p=1696&lang=sr#primaryimage\",\"url\":\"https:\/\/veritasinfo.org\/wp-content\/uploads\/2025\/06\/IMG_1583.jpeg\",\"contentUrl\":\"https:\/\/veritasinfo.org\/wp-content\/uploads\/2025\/06\/IMG_1583.jpeg\",\"width\":2048,\"height\":1456},{\"@type\":\"BreadcrumbList\",\"@id\":\"https:\/\/veritasinfo.org\/?p=1696&lang=sr#breadcrumb\",\"itemListElement\":[{\"@type\":\"ListItem\",\"position\":1,\"name\":\"Home\",\"item\":\"https:\/\/veritasinfo.org\/\"},{\"@type\":\"ListItem\",\"position\":2,\"name\":\"Njujork tajms otkriva: SAD su predlo\u017eile datum 8. maja za Kosovo za prijem migranata \u2013 ka\u017ee da Pri\u0161tina nije donela odluku \u201elako\u201c\"}]},{\"@type\":\"WebSite\",\"@id\":\"https:\/\/veritasinfo.org\/#website\",\"url\":\"https:\/\/veritasinfo.org\/\",\"name\":\"\",\"description\":\"\",\"potentialAction\":[{\"@type\":\"SearchAction\",\"target\":{\"@type\":\"EntryPoint\",\"urlTemplate\":\"https:\/\/veritasinfo.org\/?s={search_term_string}\"},\"query-input\":{\"@type\":\"PropertyValueSpecification\",\"valueRequired\":true,\"valueName\":\"search_term_string\"}}],\"inLanguage\":\"en-US\"},{\"@type\":\"Person\",\"@id\":\"https:\/\/veritasinfo.org\/#\/schema\/person\/c2b8be262ea994d0995addca692c5e98\",\"name\":\"US1\",\"image\":{\"@type\":\"ImageObject\",\"inLanguage\":\"en-US\",\"@id\":\"https:\/\/veritasinfo.org\/#\/schema\/person\/image\/\",\"url\":\"https:\/\/secure.gravatar.com\/avatar\/4e96a59bd256abf9956eb9963ac891a47461ffb364d47b0e9aab113328fdb75b?s=96&d=mm&r=g\",\"contentUrl\":\"https:\/\/secure.gravatar.com\/avatar\/4e96a59bd256abf9956eb9963ac891a47461ffb364d47b0e9aab113328fdb75b?s=96&d=mm&r=g\",\"caption\":\"US1\"},\"url\":\"https:\/\/veritasinfo.org\/?author=2\"}]}<\/script>\n<!-- \/ Yoast SEO plugin. -->","yoast_head_json":{"title":"Njujork tajms otkriva: SAD su predlo\u017eile datum 8. maja za Kosovo za prijem migranata \u2013 ka\u017ee da Pri\u0161tina nije donela odluku \u201elako\u201c -","robots":{"index":"index","follow":"follow","max-snippet":"max-snippet:-1","max-image-preview":"max-image-preview:large","max-video-preview":"max-video-preview:-1"},"canonical":"https:\/\/veritasinfo.org\/?p=1696&lang=sr","og_locale":"en_US","og_type":"article","og_title":"Njujork tajms otkriva: SAD su predlo\u017eile datum 8. maja za Kosovo za prijem migranata \u2013 ka\u017ee da Pri\u0161tina nije donela odluku \u201elako\u201c -","og_description":"Pri\u0161tina, 27 jun 2025 Prestigiozna ameri\u010dka novina \u201eNjujork tajms\u201c objavile su \u010dlanak o deportacijama iz Sjedinjenih Dr\u017eava u druge zemlje. Me\u0111u tim zemljama je i","og_url":"https:\/\/veritasinfo.org\/?p=1696&lang=sr","article_published_time":"2025-06-27T05:42:33+00:00","og_image":[{"width":2048,"height":1456,"url":"https:\/\/veritasinfo.org\/wp-content\/uploads\/2025\/06\/IMG_1583.jpeg","type":"image\/jpeg"}],"author":"US1","twitter_card":"summary_large_image","twitter_misc":{"Written by":"US1","Est. reading time":"2 minutes"},"schema":{"@context":"https:\/\/schema.org","@graph":[{"@type":"WebPage","@id":"https:\/\/veritasinfo.org\/?p=1696&lang=sr","url":"https:\/\/veritasinfo.org\/?p=1696&lang=sr","name":"Njujork tajms otkriva: SAD su predlo\u017eile datum 8. maja za Kosovo za prijem migranata \u2013 ka\u017ee da Pri\u0161tina nije donela odluku \u201elako\u201c -","isPartOf":{"@id":"https:\/\/veritasinfo.org\/#website"},"primaryImageOfPage":{"@id":"https:\/\/veritasinfo.org\/?p=1696&lang=sr#primaryimage"},"image":{"@id":"https:\/\/veritasinfo.org\/?p=1696&lang=sr#primaryimage"},"thumbnailUrl":"https:\/\/veritasinfo.org\/wp-content\/uploads\/2025\/06\/IMG_1583.jpeg","datePublished":"2025-06-27T05:42:33+00:00","author":{"@id":"https:\/\/veritasinfo.org\/#\/schema\/person\/c2b8be262ea994d0995addca692c5e98"},"breadcrumb":{"@id":"https:\/\/veritasinfo.org\/?p=1696&lang=sr#breadcrumb"},"inLanguage":"en-US","potentialAction":[{"@type":"ReadAction","target":["https:\/\/veritasinfo.org\/?p=1696&lang=sr"]}]},{"@type":"ImageObject","inLanguage":"en-US","@id":"https:\/\/veritasinfo.org\/?p=1696&lang=sr#primaryimage","url":"https:\/\/veritasinfo.org\/wp-content\/uploads\/2025\/06\/IMG_1583.jpeg","contentUrl":"https:\/\/veritasinfo.org\/wp-content\/uploads\/2025\/06\/IMG_1583.jpeg","width":2048,"height":1456},{"@type":"BreadcrumbList","@id":"https:\/\/veritasinfo.org\/?p=1696&lang=sr#breadcrumb","itemListElement":[{"@type":"ListItem","position":1,"name":"Home","item":"https:\/\/veritasinfo.org\/"},{"@type":"ListItem","position":2,"name":"Njujork tajms otkriva: SAD su predlo\u017eile datum 8. maja za Kosovo za prijem migranata \u2013 ka\u017ee da Pri\u0161tina nije donela odluku \u201elako\u201c"}]},{"@type":"WebSite","@id":"https:\/\/veritasinfo.org\/#website","url":"https:\/\/veritasinfo.org\/","name":"","description":"","potentialAction":[{"@type":"SearchAction","target":{"@type":"EntryPoint","urlTemplate":"https:\/\/veritasinfo.org\/?s={search_term_string}"},"query-input":{"@type":"PropertyValueSpecification","valueRequired":true,"valueName":"search_term_string"}}],"inLanguage":"en-US"},{"@type":"Person","@id":"https:\/\/veritasinfo.org\/#\/schema\/person\/c2b8be262ea994d0995addca692c5e98","name":"US1","image":{"@type":"ImageObject","inLanguage":"en-US","@id":"https:\/\/veritasinfo.org\/#\/schema\/person\/image\/","url":"https:\/\/secure.gravatar.com\/avatar\/4e96a59bd256abf9956eb9963ac891a47461ffb364d47b0e9aab113328fdb75b?s=96&d=mm&r=g","contentUrl":"https:\/\/secure.gravatar.com\/avatar\/4e96a59bd256abf9956eb9963ac891a47461ffb364d47b0e9aab113328fdb75b?s=96&d=mm&r=g","caption":"US1"},"url":"https:\/\/veritasinfo.org\/?author=2"}]}},"featured_image_urls":{"full":["https:\/\/veritasinfo.org\/wp-content\/uploads\/2025\/06\/IMG_1583.jpeg",2048,1456,false],"thumbnail":["https:\/\/veritasinfo.org\/wp-content\/uploads\/2025\/06\/IMG_1583-150x150.jpeg",150,150,true],"medium":["https:\/\/veritasinfo.org\/wp-content\/uploads\/2025\/06\/IMG_1583-300x213.jpeg",300,213,true],"medium_large":["https:\/\/veritasinfo.org\/wp-content\/uploads\/2025\/06\/IMG_1583-768x546.jpeg",640,455,true],"large":["https:\/\/veritasinfo.org\/wp-content\/uploads\/2025\/06\/IMG_1583-1024x728.jpeg",640,455,true],"1536x1536":["https:\/\/veritasinfo.org\/wp-content\/uploads\/2025\/06\/IMG_1583-1536x1092.jpeg",1536,1092,true],"2048x2048":["https:\/\/veritasinfo.org\/wp-content\/uploads\/2025\/06\/IMG_1583.jpeg",2048,1456,false],"kreeti-slider-full":["https:\/\/veritasinfo.org\/wp-content\/uploads\/2025\/06\/IMG_1583.jpeg",1013,720,false],"kreeti-featured":["https:\/\/veritasinfo.org\/wp-content\/uploads\/2025\/06\/IMG_1583.jpeg",1024,728,false],"kreeti-medium":["https:\/\/veritasinfo.org\/wp-content\/uploads\/2025\/06\/IMG_1583.jpeg",720,512,false],"kreeti-medium-square":["https:\/\/veritasinfo.org\/wp-content\/uploads\/2025\/06\/IMG_1583.jpeg",350,249,false]},"author_info":{"info":["US1"]},"category_info":"<a href=\"https:\/\/veritasinfo.org\/?cat=28&#038;lang=sr\" rel=\"category\">Politika<\/a>","tag_info":"Politika","comment_count":"0","_links":{"self":[{"href":"https:\/\/veritasinfo.org\/index.php?rest_route=\/wp\/v2\/posts\/1696","targetHints":{"allow":["GET"]}}],"collection":[{"href":"https:\/\/veritasinfo.org\/index.php?rest_route=\/wp\/v2\/posts"}],"about":[{"href":"https:\/\/veritasinfo.org\/index.php?rest_route=\/wp\/v2\/types\/post"}],"author":[{"embeddable":true,"href":"https:\/\/veritasinfo.org\/index.php?rest_route=\/wp\/v2\/users\/2"}],"replies":[{"embeddable":true,"href":"https:\/\/veritasinfo.org\/index.php?rest_route=%2Fwp%2Fv2%2Fcomments&post=1696"}],"version-history":[{"count":1,"href":"https:\/\/veritasinfo.org\/index.php?rest_route=\/wp\/v2\/posts\/1696\/revisions"}],"predecessor-version":[{"id":1697,"href":"https:\/\/veritasinfo.org\/index.php?rest_route=\/wp\/v2\/posts\/1696\/revisions\/1697"}],"wp:featuredmedia":[{"embeddable":true,"href":"https:\/\/veritasinfo.org\/index.php?rest_route=\/wp\/v2\/media\/1687"}],"wp:attachment":[{"href":"https:\/\/veritasinfo.org\/index.php?rest_route=%2Fwp%2Fv2%2Fmedia&parent=1696"}],"wp:term":[{"taxonomy":"category","embeddable":true,"href":"https:\/\/veritasinfo.org\/index.php?rest_route=%2Fwp%2Fv2%2Fcategories&post=1696"},{"taxonomy":"post_tag","embeddable":true,"href":"https:\/\/veritasinfo.org\/index.php?rest_route=%2Fwp%2Fv2%2Ftags&post=1696"}],"curies":[{"name":"wp","href":"https:\/\/api.w.org\/{rel}","templated":true}]}}