{"id":16889,"date":"2025-10-19T16:26:41","date_gmt":"2025-10-19T14:26:41","guid":{"rendered":"https:\/\/veritasinfo.org\/?p=16889"},"modified":"2025-10-19T16:26:41","modified_gmt":"2025-10-19T14:26:41","slug":"kurti-ne-festen-e-falenderimeve-ne-kosove-pluralizmi-fetar-eshte-pasuri","status":"publish","type":"post","link":"https:\/\/veritasinfo.org\/?p=16889","title":{"rendered":"Kurti n\u00eb fest\u00ebn e Fal\u00ebnderimeve: N\u00eb Kosov\u00eb pluralizmi fetar \u00ebsht\u00eb pasuri"},"content":{"rendered":"<p>Prishtin\u00eb, 19 tetor 2025<\/p>\n<p>Kryeministri n\u00eb detyr\u00eb i Republik\u00ebs s\u00eb Kosov\u00ebs, Albin Kurti, mori pjes\u00eb n\u00eb Sh\u00ebrbes\u00ebn Qendrore t\u00eb Kish\u00ebs Protestante Ungjillore \u201cBashk\u00ebsia e Popullit t\u00eb Zotit\u201d me rastin e fest\u00ebs s\u00eb Fal\u00ebnderimeve, q\u00eb u mbajt n\u00eb Kish\u00ebn \u201cBashk\u00ebsia e Popullit t\u00eb Zotit\u201d.<\/p>\n<p>Sipas njoftimit nga Kryeministria, n\u00eb fjal\u00ebn e tij, Kurti tha se mir\u00ebnjohja \u00ebsht\u00eb kujtes\u00eb p\u00ebr pun\u00ebn, p\u00ebrkujdesjen dhe p\u00ebr bashk\u00ebsin\u00eb q\u00eb na mban af\u00ebr nj\u00ebri-tjetrit dhe na m\u00ebson t\u00eb shohim jo vet\u00ebm jasht\u00eb vetes, por edhe p\u00ebrtej vetes.<\/p>\n<p>Me k\u00ebt\u00eb rast, ai fal\u00ebnderoi stafin e Kish\u00ebs \u201cBashk\u00ebsia e Popullit t\u00eb Zotit\u201d dhe pastorin Artur Krasniqi p\u00ebr pun\u00ebn q\u00eb po b\u00ebjn\u00eb p\u00ebr komunitetin, p\u00ebr ndihm\u00ebn ndaj njer\u00ebzve n\u00eb nevoj\u00eb dhe p\u00ebr p\u00ebrfshirjen e tyre aktive n\u00eb jet\u00ebn e qytetit.<\/p>\n<p>\u201cKjo bashk\u00ebsi tregon se besimi nuk q\u00ebndron larg jet\u00ebs publike, por e ndihmon at\u00eb t\u00eb jet\u00eb m\u00eb njer\u00ebzore e m\u00eb e drejt\u00eb\u201d, tha Kurti, duke shtuar se n\u00eb Kosov\u00eb pluralizmi fetar \u00ebsht\u00eb pasuri, sepse ajo \u00ebsht\u00eb bashk\u00ebjetes\u00eb dhe bashk\u00ebveprim dhe se kjo dit\u00eb \u00ebsht\u00eb d\u00ebshmi se p\u00ebrtej dallimeve, ajo q\u00eb na bashkon \u00ebsht\u00eb vullneti p\u00ebr t\u00eb b\u00ebr\u00eb mir\u00eb dhe p\u00ebr t\u2019u kujdesur p\u00ebr nj\u00ebri-tjetrin.<\/p>\n<p>&#8220;Ashtu si bashk\u00ebsit\u00eb fetare, edhe Qeveria ka detyr\u00eb t\u00eb sh\u00ebrbej\u00eb. Prej latinishtes, fjala minist\u00ebr, do t\u00eb thot\u00eb sh\u00ebrb\u00ebtor, q\u00eb do t\u00eb thot\u00eb se z\u00ebvend\u00ebsministri \u00ebsht\u00eb z\u00ebvend\u00ebs sh\u00ebrb\u00ebtor e kryeministri \u00ebsht\u00eb kryesh\u00ebrb\u00ebtor. P\u00ebrball\u00eb sfidave t\u00eb p\u00ebrditshme, si varf\u00ebria e pabarazia, padrejt\u00ebsia dhe nevoja p\u00ebr p\u00ebrmir\u00ebsim t\u00eb kushteve t\u00eb jetes\u00ebs, secili prej nesh mban nj\u00eb pjes\u00eb t\u00eb p\u00ebrgjegj\u00ebsis\u00eb s\u00eb p\u00ebrbashk\u00ebt&#8221;, theksoi Kurti.<\/p>\n","protected":false},"excerpt":{"rendered":"<p>Prishtin\u00eb, 19 tetor 2025 Kryeministri n\u00eb detyr\u00eb i Republik\u00ebs s\u00eb Kosov\u00ebs, Albin Kurti, mori pjes\u00eb n\u00eb Sh\u00ebrbes\u00ebn Qendrore t\u00eb Kish\u00ebs Protestante Ungjillore \u201cBashk\u00ebsia e Popullit<\/p>\n","protected":false},"author":7,"featured_media":16890,"comment_status":"open","ping_status":"open","sticky":false,"template":"","format":"standard","meta":{"footnotes":""},"categories":[60],"tags":[],"class_list":["post-16889","post","type-post","status-publish","format-standard","has-post-thumbnail","hentry","category-shoqerore-sq"],"yoast_head":"<!-- This site is optimized with the Yoast SEO plugin v25.3.1 - https:\/\/yoast.com\/wordpress\/plugins\/seo\/ -->\n<title>Kurti n\u00eb fest\u00ebn e Fal\u00ebnderimeve: N\u00eb Kosov\u00eb pluralizmi fetar \u00ebsht\u00eb pasuri -<\/title>\n<meta name=\"robots\" content=\"index, follow, max-snippet:-1, max-image-preview:large, max-video-preview:-1\" \/>\n<link rel=\"canonical\" href=\"https:\/\/veritasinfo.org\/?p=16889\" \/>\n<meta property=\"og:locale\" content=\"en_US\" \/>\n<meta property=\"og:type\" content=\"article\" \/>\n<meta property=\"og:title\" content=\"Kurti n\u00eb fest\u00ebn e Fal\u00ebnderimeve: N\u00eb Kosov\u00eb pluralizmi fetar \u00ebsht\u00eb pasuri -\" \/>\n<meta property=\"og:description\" content=\"Prishtin\u00eb, 19 tetor 2025 Kryeministri n\u00eb detyr\u00eb i Republik\u00ebs s\u00eb Kosov\u00ebs, Albin Kurti, mori pjes\u00eb n\u00eb Sh\u00ebrbes\u00ebn Qendrore t\u00eb Kish\u00ebs Protestante Ungjillore \u201cBashk\u00ebsia e Popullit\" \/>\n<meta property=\"og:url\" content=\"https:\/\/veritasinfo.org\/?p=16889\" \/>\n<meta property=\"article:published_time\" content=\"2025-10-19T14:26:41+00:00\" \/>\n<meta property=\"og:image\" content=\"https:\/\/veritasinfo.org\/wp-content\/uploads\/2025\/10\/707231-mQHZzXIRjd.jpg\" \/>\n\t<meta property=\"og:image:width\" content=\"780\" \/>\n\t<meta property=\"og:image:height\" content=\"500\" \/>\n\t<meta property=\"og:image:type\" content=\"image\/jpeg\" \/>\n<meta name=\"author\" content=\"US6\" \/>\n<meta name=\"twitter:card\" content=\"summary_large_image\" \/>\n<meta name=\"twitter:label1\" content=\"Written by\" \/>\n\t<meta name=\"twitter:data1\" content=\"US6\" \/>\n\t<meta name=\"twitter:label2\" content=\"Est. reading time\" \/>\n\t<meta name=\"twitter:data2\" content=\"2 minutes\" \/>\n<script type=\"application\/ld+json\" class=\"yoast-schema-graph\">{\"@context\":\"https:\/\/schema.org\",\"@graph\":[{\"@type\":\"WebPage\",\"@id\":\"https:\/\/veritasinfo.org\/?p=16889\",\"url\":\"https:\/\/veritasinfo.org\/?p=16889\",\"name\":\"Kurti n\u00eb fest\u00ebn e Fal\u00ebnderimeve: N\u00eb Kosov\u00eb pluralizmi fetar \u00ebsht\u00eb pasuri -\",\"isPartOf\":{\"@id\":\"https:\/\/veritasinfo.org\/#website\"},\"primaryImageOfPage\":{\"@id\":\"https:\/\/veritasinfo.org\/?p=16889#primaryimage\"},\"image\":{\"@id\":\"https:\/\/veritasinfo.org\/?p=16889#primaryimage\"},\"thumbnailUrl\":\"https:\/\/veritasinfo.org\/wp-content\/uploads\/2025\/10\/707231-mQHZzXIRjd.jpg\",\"datePublished\":\"2025-10-19T14:26:41+00:00\",\"author\":{\"@id\":\"https:\/\/veritasinfo.org\/#\/schema\/person\/fe199eede04c3937362892b7444747cc\"},\"breadcrumb\":{\"@id\":\"https:\/\/veritasinfo.org\/?p=16889#breadcrumb\"},\"inLanguage\":\"en-US\",\"potentialAction\":[{\"@type\":\"ReadAction\",\"target\":[\"https:\/\/veritasinfo.org\/?p=16889\"]}]},{\"@type\":\"ImageObject\",\"inLanguage\":\"en-US\",\"@id\":\"https:\/\/veritasinfo.org\/?p=16889#primaryimage\",\"url\":\"https:\/\/veritasinfo.org\/wp-content\/uploads\/2025\/10\/707231-mQHZzXIRjd.jpg\",\"contentUrl\":\"https:\/\/veritasinfo.org\/wp-content\/uploads\/2025\/10\/707231-mQHZzXIRjd.jpg\",\"width\":780,\"height\":500},{\"@type\":\"BreadcrumbList\",\"@id\":\"https:\/\/veritasinfo.org\/?p=16889#breadcrumb\",\"itemListElement\":[{\"@type\":\"ListItem\",\"position\":1,\"name\":\"Home\",\"item\":\"https:\/\/veritasinfo.org\/\"},{\"@type\":\"ListItem\",\"position\":2,\"name\":\"Kurti n\u00eb fest\u00ebn e Fal\u00ebnderimeve: N\u00eb Kosov\u00eb pluralizmi fetar \u00ebsht\u00eb pasuri\"}]},{\"@type\":\"WebSite\",\"@id\":\"https:\/\/veritasinfo.org\/#website\",\"url\":\"https:\/\/veritasinfo.org\/\",\"name\":\"\",\"description\":\"\",\"potentialAction\":[{\"@type\":\"SearchAction\",\"target\":{\"@type\":\"EntryPoint\",\"urlTemplate\":\"https:\/\/veritasinfo.org\/?s={search_term_string}\"},\"query-input\":{\"@type\":\"PropertyValueSpecification\",\"valueRequired\":true,\"valueName\":\"search_term_string\"}}],\"inLanguage\":\"en-US\"},{\"@type\":\"Person\",\"@id\":\"https:\/\/veritasinfo.org\/#\/schema\/person\/fe199eede04c3937362892b7444747cc\",\"name\":\"US6\",\"image\":{\"@type\":\"ImageObject\",\"inLanguage\":\"en-US\",\"@id\":\"https:\/\/veritasinfo.org\/#\/schema\/person\/image\/\",\"url\":\"https:\/\/secure.gravatar.com\/avatar\/cb16c3c31c9d23b9b8c705964598220b3014e42ff51eb540ff23cefa3ae8c15f?s=96&d=mm&r=g\",\"contentUrl\":\"https:\/\/secure.gravatar.com\/avatar\/cb16c3c31c9d23b9b8c705964598220b3014e42ff51eb540ff23cefa3ae8c15f?s=96&d=mm&r=g\",\"caption\":\"US6\"},\"url\":\"https:\/\/veritasinfo.org\/?author=7\"}]}<\/script>\n<!-- \/ Yoast SEO plugin. -->","yoast_head_json":{"title":"Kurti n\u00eb fest\u00ebn e Fal\u00ebnderimeve: N\u00eb Kosov\u00eb pluralizmi fetar \u00ebsht\u00eb pasuri -","robots":{"index":"index","follow":"follow","max-snippet":"max-snippet:-1","max-image-preview":"max-image-preview:large","max-video-preview":"max-video-preview:-1"},"canonical":"https:\/\/veritasinfo.org\/?p=16889","og_locale":"en_US","og_type":"article","og_title":"Kurti n\u00eb fest\u00ebn e Fal\u00ebnderimeve: N\u00eb Kosov\u00eb pluralizmi fetar \u00ebsht\u00eb pasuri -","og_description":"Prishtin\u00eb, 19 tetor 2025 Kryeministri n\u00eb detyr\u00eb i Republik\u00ebs s\u00eb Kosov\u00ebs, Albin Kurti, mori pjes\u00eb n\u00eb Sh\u00ebrbes\u00ebn Qendrore t\u00eb Kish\u00ebs Protestante Ungjillore \u201cBashk\u00ebsia e Popullit","og_url":"https:\/\/veritasinfo.org\/?p=16889","article_published_time":"2025-10-19T14:26:41+00:00","og_image":[{"width":780,"height":500,"url":"https:\/\/veritasinfo.org\/wp-content\/uploads\/2025\/10\/707231-mQHZzXIRjd.jpg","type":"image\/jpeg"}],"author":"US6","twitter_card":"summary_large_image","twitter_misc":{"Written by":"US6","Est. reading time":"2 minutes"},"schema":{"@context":"https:\/\/schema.org","@graph":[{"@type":"WebPage","@id":"https:\/\/veritasinfo.org\/?p=16889","url":"https:\/\/veritasinfo.org\/?p=16889","name":"Kurti n\u00eb fest\u00ebn e Fal\u00ebnderimeve: N\u00eb Kosov\u00eb pluralizmi fetar \u00ebsht\u00eb pasuri -","isPartOf":{"@id":"https:\/\/veritasinfo.org\/#website"},"primaryImageOfPage":{"@id":"https:\/\/veritasinfo.org\/?p=16889#primaryimage"},"image":{"@id":"https:\/\/veritasinfo.org\/?p=16889#primaryimage"},"thumbnailUrl":"https:\/\/veritasinfo.org\/wp-content\/uploads\/2025\/10\/707231-mQHZzXIRjd.jpg","datePublished":"2025-10-19T14:26:41+00:00","author":{"@id":"https:\/\/veritasinfo.org\/#\/schema\/person\/fe199eede04c3937362892b7444747cc"},"breadcrumb":{"@id":"https:\/\/veritasinfo.org\/?p=16889#breadcrumb"},"inLanguage":"en-US","potentialAction":[{"@type":"ReadAction","target":["https:\/\/veritasinfo.org\/?p=16889"]}]},{"@type":"ImageObject","inLanguage":"en-US","@id":"https:\/\/veritasinfo.org\/?p=16889#primaryimage","url":"https:\/\/veritasinfo.org\/wp-content\/uploads\/2025\/10\/707231-mQHZzXIRjd.jpg","contentUrl":"https:\/\/veritasinfo.org\/wp-content\/uploads\/2025\/10\/707231-mQHZzXIRjd.jpg","width":780,"height":500},{"@type":"BreadcrumbList","@id":"https:\/\/veritasinfo.org\/?p=16889#breadcrumb","itemListElement":[{"@type":"ListItem","position":1,"name":"Home","item":"https:\/\/veritasinfo.org\/"},{"@type":"ListItem","position":2,"name":"Kurti n\u00eb fest\u00ebn e Fal\u00ebnderimeve: N\u00eb Kosov\u00eb pluralizmi fetar \u00ebsht\u00eb pasuri"}]},{"@type":"WebSite","@id":"https:\/\/veritasinfo.org\/#website","url":"https:\/\/veritasinfo.org\/","name":"","description":"","potentialAction":[{"@type":"SearchAction","target":{"@type":"EntryPoint","urlTemplate":"https:\/\/veritasinfo.org\/?s={search_term_string}"},"query-input":{"@type":"PropertyValueSpecification","valueRequired":true,"valueName":"search_term_string"}}],"inLanguage":"en-US"},{"@type":"Person","@id":"https:\/\/veritasinfo.org\/#\/schema\/person\/fe199eede04c3937362892b7444747cc","name":"US6","image":{"@type":"ImageObject","inLanguage":"en-US","@id":"https:\/\/veritasinfo.org\/#\/schema\/person\/image\/","url":"https:\/\/secure.gravatar.com\/avatar\/cb16c3c31c9d23b9b8c705964598220b3014e42ff51eb540ff23cefa3ae8c15f?s=96&d=mm&r=g","contentUrl":"https:\/\/secure.gravatar.com\/avatar\/cb16c3c31c9d23b9b8c705964598220b3014e42ff51eb540ff23cefa3ae8c15f?s=96&d=mm&r=g","caption":"US6"},"url":"https:\/\/veritasinfo.org\/?author=7"}]}},"featured_image_urls":{"full":["https:\/\/veritasinfo.org\/wp-content\/uploads\/2025\/10\/707231-mQHZzXIRjd.jpg",780,500,false],"thumbnail":["https:\/\/veritasinfo.org\/wp-content\/uploads\/2025\/10\/707231-mQHZzXIRjd-150x150.jpg",150,150,true],"medium":["https:\/\/veritasinfo.org\/wp-content\/uploads\/2025\/10\/707231-mQHZzXIRjd-300x192.jpg",300,192,true],"medium_large":["https:\/\/veritasinfo.org\/wp-content\/uploads\/2025\/10\/707231-mQHZzXIRjd-768x492.jpg",640,410,true],"large":["https:\/\/veritasinfo.org\/wp-content\/uploads\/2025\/10\/707231-mQHZzXIRjd.jpg",640,410,false],"1536x1536":["https:\/\/veritasinfo.org\/wp-content\/uploads\/2025\/10\/707231-mQHZzXIRjd.jpg",780,500,false],"2048x2048":["https:\/\/veritasinfo.org\/wp-content\/uploads\/2025\/10\/707231-mQHZzXIRjd.jpg",780,500,false],"kreeti-slider-full":["https:\/\/veritasinfo.org\/wp-content\/uploads\/2025\/10\/707231-mQHZzXIRjd.jpg",780,500,false],"kreeti-featured":["https:\/\/veritasinfo.org\/wp-content\/uploads\/2025\/10\/707231-mQHZzXIRjd.jpg",780,500,false],"kreeti-medium":["https:\/\/veritasinfo.org\/wp-content\/uploads\/2025\/10\/707231-mQHZzXIRjd.jpg",720,462,false],"kreeti-medium-square":["https:\/\/veritasinfo.org\/wp-content\/uploads\/2025\/10\/707231-mQHZzXIRjd.jpg",350,224,false]},"author_info":{"info":["US6"]},"category_info":"<a href=\"https:\/\/veritasinfo.org\/?cat=60\" rel=\"category\">Shoq\u00ebrore<\/a>","tag_info":"Shoq\u00ebrore","comment_count":"0","_links":{"self":[{"href":"https:\/\/veritasinfo.org\/index.php?rest_route=\/wp\/v2\/posts\/16889","targetHints":{"allow":["GET"]}}],"collection":[{"href":"https:\/\/veritasinfo.org\/index.php?rest_route=\/wp\/v2\/posts"}],"about":[{"href":"https:\/\/veritasinfo.org\/index.php?rest_route=\/wp\/v2\/types\/post"}],"author":[{"embeddable":true,"href":"https:\/\/veritasinfo.org\/index.php?rest_route=\/wp\/v2\/users\/7"}],"replies":[{"embeddable":true,"href":"https:\/\/veritasinfo.org\/index.php?rest_route=%2Fwp%2Fv2%2Fcomments&post=16889"}],"version-history":[{"count":1,"href":"https:\/\/veritasinfo.org\/index.php?rest_route=\/wp\/v2\/posts\/16889\/revisions"}],"predecessor-version":[{"id":16891,"href":"https:\/\/veritasinfo.org\/index.php?rest_route=\/wp\/v2\/posts\/16889\/revisions\/16891"}],"wp:featuredmedia":[{"embeddable":true,"href":"https:\/\/veritasinfo.org\/index.php?rest_route=\/wp\/v2\/media\/16890"}],"wp:attachment":[{"href":"https:\/\/veritasinfo.org\/index.php?rest_route=%2Fwp%2Fv2%2Fmedia&parent=16889"}],"wp:term":[{"taxonomy":"category","embeddable":true,"href":"https:\/\/veritasinfo.org\/index.php?rest_route=%2Fwp%2Fv2%2Fcategories&post=16889"},{"taxonomy":"post_tag","embeddable":true,"href":"https:\/\/veritasinfo.org\/index.php?rest_route=%2Fwp%2Fv2%2Ftags&post=16889"}],"curies":[{"name":"wp","href":"https:\/\/api.w.org\/{rel}","templated":true}]}}