{"id":1686,"date":"2025-06-27T07:21:32","date_gmt":"2025-06-27T05:21:32","guid":{"rendered":"https:\/\/veritasinfo.org\/?p=1686"},"modified":"2025-06-27T07:25:07","modified_gmt":"2025-06-27T05:25:07","slug":"nyt-zbulon-shba-i-sygjeroi-kosoves-daten-8-maj-per-pranimin-e-emigranteve-thote-se-prishtina-nuk-e-mori-lehte-vendimin","status":"publish","type":"post","link":"https:\/\/veritasinfo.org\/?p=1686","title":{"rendered":"NYT zbulon: ShBA i sygjeroi Kosov\u00ebs dat\u00ebn 8 Maj p\u00ebr pranimin e emigrant\u00ebve \u2013 thot\u00eb se Prishtina nuk e mori \u201cleht\u00eb\u201d vendimin"},"content":{"rendered":"<p>Prishtin\u00eb, 27 Qershor 2025<\/p>\n<p>Gazeta prestigjioze amerikane, \u201cThe New York Times\u201d ka publikuar nj\u00eb artikull n\u00eb lidhje me d\u00ebbimet nga ShBA-ja n\u00ebp\u00ebr vende tjera.<\/p>\n<p>N\u00eb mesin e k\u00ebtyre vendeve \u00ebsht\u00eb edhe Kosova, e cila ve\u00e7se ka konfirmuar se do t\u00eb pranoj\u00eb deri n\u00eb 50 t\u00eb d\u00ebbuar nga ShBA-ja.<\/p>\n<p>Por, si erdhi deri te ky vendim?<\/p>\n<p>NYT shkruan se diplomat\u00ebt amerikan\u00eb n\u00eb disa misione jasht\u00eb shtetit mor\u00ebn nj\u00eb telegram urgjent nga Uashingtoni k\u00ebt\u00eb pranver\u00eb. Atyre iu tha q\u00eb p\u00ebrve\u00e7 Kosov\u00ebs, t\u2019u k\u00ebrkonin n\u00ebnt\u00eb vendeve n\u00eb Afrik\u00eb dhe Azin\u00eb Qendrore t\u00eb pranonin njer\u00ebz t\u00eb d\u00ebbuar nga Shtetet e Bashkuara q\u00eb nuk ishin shtetas t\u00eb k\u00ebtyre vendeve, p\u00ebrfshir\u00eb kriminel\u00eb.<\/p>\n<p>NYT shkruan se mes qeveris\u00eb amerikane dhe asaj kosovare jan\u00eb zhvilluar gjasht\u00eb takime p\u00ebrgjat\u00eb tre muajve t\u00eb k\u00ebtij viti.<\/p>\n<p>Thuhet se \u00ebsht\u00eb b\u00ebr\u00eb presion ndaj Kosov\u00ebs, teksa i \u00ebsht\u00eb caktuar edhe nj\u00eb afat i fundit p\u00ebr p\u00ebrgjigje.<\/p>\n<p>\u201cDhe n\u00eb mars, diplomat\u00ebt amerikan\u00eb filluan t\u00eb ushtronin presion mbi zyrtar\u00ebt n\u00eb Kosov\u00eb. Ata zhvilluan gjasht\u00eb takime gjat\u00eb tre muajve, pastaj caktuan nj\u00eb afat deri m\u00eb 8 maj p\u00ebr nj\u00eb p\u00ebrgjigje\u201d, thuhet n\u00eb artikullin e NYT, raporton Klankosova.tv.<\/p>\n<p>E ndon\u00ebse afati i fundit ishte 8 maji, qeveria n\u00eb detyr\u00eb e Kosov\u00ebs m\u00eb 12 maj njoftoi se do t\u00eb pranojn\u00eb 50 persona.<\/p>\n<p>\u201cZyrtar\u00ebt kosovar\u00eb than\u00eb m\u00eb 12 maj se do t\u00eb merrnin deri n\u00eb 50 persona, por u than\u00eb amerikan\u00ebve se \u2018nuk e kishin marr\u00eb leht\u00eb\u2019 vendimin, duke pasur parasysh v\u00ebshtir\u00ebsit\u00eb qeveritare dhe \u2018pasojat e mundshme politike\u2019, tha nj\u00eb kabllogram amerikan. Zyrtar\u00ebt than\u00eb se preferonin grat\u00eb dhe f\u00ebmij\u00ebt\u201d, thot\u00eb m\u00eb tej ky artikull i \u201cNew York Times\u201d.<\/p>\n<p>Si k\u00ebmbim, NYT thot\u00eb se zyrtar\u00ebt e Kosov\u00ebs i k\u00ebrkuan ShBA-s\u00eb t\u00eb vazhdoj\u00eb lobimin p\u00ebr njohje.<\/p>\n<p>\u201cDhe ata sugjeruan q\u00eb Kosova, e cila shpalli pavar\u00ebsin\u00eb nga Serbia n\u00eb vitin 2008, kishte nevoj\u00eb p\u00ebr di\u00e7ka n\u00eb k\u00ebmbim. Zyrtar\u00ebt than\u00eb se donin q\u00eb Shtetet e Bashkuara t\u00eb vazhdonin t\u00eb lobonin te kombet e tjera p\u00ebr ta njohur Kosov\u00ebn si shtet sovran, sipas nj\u00eb note diplomatike t\u00eb siguruar nga The Times\u201d, shkroi ky medium i madh amerikan.<\/p>\n","protected":false},"excerpt":{"rendered":"<p>Prishtin\u00eb, 27 Qershor 2025 Gazeta prestigjioze amerikane, \u201cThe New York Times\u201d ka publikuar nj\u00eb artikull n\u00eb lidhje me d\u00ebbimet nga ShBA-ja n\u00ebp\u00ebr vende tjera. N\u00eb<\/p>\n","protected":false},"author":1,"featured_media":1687,"comment_status":"open","ping_status":"open","sticky":false,"template":"","format":"standard","meta":{"footnotes":""},"categories":[58],"tags":[],"class_list":["post-1686","post","type-post","status-publish","format-standard","has-post-thumbnail","hentry","category-politike-sq"],"yoast_head":"<!-- This site is optimized with the Yoast SEO plugin v25.3.1 - https:\/\/yoast.com\/wordpress\/plugins\/seo\/ -->\n<title>NYT zbulon: ShBA i sygjeroi Kosov\u00ebs dat\u00ebn 8 Maj p\u00ebr pranimin e emigrant\u00ebve \u2013 thot\u00eb se Prishtina nuk e mori \u201cleht\u00eb\u201d vendimin -<\/title>\n<meta name=\"robots\" content=\"index, follow, max-snippet:-1, max-image-preview:large, max-video-preview:-1\" \/>\n<link rel=\"canonical\" href=\"https:\/\/veritasinfo.org\/?p=1686\" \/>\n<meta property=\"og:locale\" content=\"en_US\" \/>\n<meta property=\"og:type\" content=\"article\" \/>\n<meta property=\"og:title\" content=\"NYT zbulon: ShBA i sygjeroi Kosov\u00ebs dat\u00ebn 8 Maj p\u00ebr pranimin e emigrant\u00ebve \u2013 thot\u00eb se Prishtina nuk e mori \u201cleht\u00eb\u201d vendimin -\" \/>\n<meta property=\"og:description\" content=\"Prishtin\u00eb, 27 Qershor 2025 Gazeta prestigjioze amerikane, \u201cThe New York Times\u201d ka publikuar nj\u00eb artikull n\u00eb lidhje me d\u00ebbimet nga ShBA-ja n\u00ebp\u00ebr vende tjera. N\u00eb\" \/>\n<meta property=\"og:url\" content=\"https:\/\/veritasinfo.org\/?p=1686\" \/>\n<meta property=\"article:published_time\" content=\"2025-06-27T05:21:32+00:00\" \/>\n<meta property=\"article:modified_time\" content=\"2025-06-27T05:25:07+00:00\" \/>\n<meta property=\"og:image\" content=\"https:\/\/veritasinfo.org\/wp-content\/uploads\/2025\/06\/IMG_1583.jpeg\" \/>\n\t<meta property=\"og:image:width\" content=\"2048\" \/>\n\t<meta property=\"og:image:height\" content=\"1456\" \/>\n\t<meta property=\"og:image:type\" content=\"image\/jpeg\" \/>\n<meta name=\"author\" content=\"admin\" \/>\n<meta name=\"twitter:card\" content=\"summary_large_image\" \/>\n<meta name=\"twitter:label1\" content=\"Written by\" \/>\n\t<meta name=\"twitter:data1\" content=\"admin\" \/>\n\t<meta name=\"twitter:label2\" content=\"Est. reading time\" \/>\n\t<meta name=\"twitter:data2\" content=\"2 minutes\" \/>\n<script type=\"application\/ld+json\" class=\"yoast-schema-graph\">{\"@context\":\"https:\/\/schema.org\",\"@graph\":[{\"@type\":\"WebPage\",\"@id\":\"https:\/\/veritasinfo.org\/?p=1686\",\"url\":\"https:\/\/veritasinfo.org\/?p=1686\",\"name\":\"NYT zbulon: ShBA i sygjeroi Kosov\u00ebs dat\u00ebn 8 Maj p\u00ebr pranimin e emigrant\u00ebve \u2013 thot\u00eb se Prishtina nuk e mori \u201cleht\u00eb\u201d vendimin -\",\"isPartOf\":{\"@id\":\"https:\/\/veritasinfo.org\/#website\"},\"primaryImageOfPage\":{\"@id\":\"https:\/\/veritasinfo.org\/?p=1686#primaryimage\"},\"image\":{\"@id\":\"https:\/\/veritasinfo.org\/?p=1686#primaryimage\"},\"thumbnailUrl\":\"https:\/\/veritasinfo.org\/wp-content\/uploads\/2025\/06\/IMG_1583.jpeg\",\"datePublished\":\"2025-06-27T05:21:32+00:00\",\"dateModified\":\"2025-06-27T05:25:07+00:00\",\"author\":{\"@id\":\"https:\/\/veritasinfo.org\/#\/schema\/person\/7701f8c088bece422266b100a712374f\"},\"breadcrumb\":{\"@id\":\"https:\/\/veritasinfo.org\/?p=1686#breadcrumb\"},\"inLanguage\":\"en-US\",\"potentialAction\":[{\"@type\":\"ReadAction\",\"target\":[\"https:\/\/veritasinfo.org\/?p=1686\"]}]},{\"@type\":\"ImageObject\",\"inLanguage\":\"en-US\",\"@id\":\"https:\/\/veritasinfo.org\/?p=1686#primaryimage\",\"url\":\"https:\/\/veritasinfo.org\/wp-content\/uploads\/2025\/06\/IMG_1583.jpeg\",\"contentUrl\":\"https:\/\/veritasinfo.org\/wp-content\/uploads\/2025\/06\/IMG_1583.jpeg\",\"width\":2048,\"height\":1456},{\"@type\":\"BreadcrumbList\",\"@id\":\"https:\/\/veritasinfo.org\/?p=1686#breadcrumb\",\"itemListElement\":[{\"@type\":\"ListItem\",\"position\":1,\"name\":\"Home\",\"item\":\"https:\/\/veritasinfo.org\/\"},{\"@type\":\"ListItem\",\"position\":2,\"name\":\"NYT zbulon: ShBA i sygjeroi Kosov\u00ebs dat\u00ebn 8 Maj p\u00ebr pranimin e emigrant\u00ebve \u2013 thot\u00eb se Prishtina nuk e mori \u201cleht\u00eb\u201d vendimin\"}]},{\"@type\":\"WebSite\",\"@id\":\"https:\/\/veritasinfo.org\/#website\",\"url\":\"https:\/\/veritasinfo.org\/\",\"name\":\"\",\"description\":\"\",\"potentialAction\":[{\"@type\":\"SearchAction\",\"target\":{\"@type\":\"EntryPoint\",\"urlTemplate\":\"https:\/\/veritasinfo.org\/?s={search_term_string}\"},\"query-input\":{\"@type\":\"PropertyValueSpecification\",\"valueRequired\":true,\"valueName\":\"search_term_string\"}}],\"inLanguage\":\"en-US\"},{\"@type\":\"Person\",\"@id\":\"https:\/\/veritasinfo.org\/#\/schema\/person\/7701f8c088bece422266b100a712374f\",\"name\":\"admin\",\"image\":{\"@type\":\"ImageObject\",\"inLanguage\":\"en-US\",\"@id\":\"https:\/\/veritasinfo.org\/#\/schema\/person\/image\/\",\"url\":\"https:\/\/secure.gravatar.com\/avatar\/ea53aa3bf6c9a12d5fde8ce4deff43fef3885ae33cf60184161a50d6987cfd2f?s=96&d=mm&r=g\",\"contentUrl\":\"https:\/\/secure.gravatar.com\/avatar\/ea53aa3bf6c9a12d5fde8ce4deff43fef3885ae33cf60184161a50d6987cfd2f?s=96&d=mm&r=g\",\"caption\":\"admin\"},\"sameAs\":[\"https:\/\/veritasinfo.org\"],\"url\":\"https:\/\/veritasinfo.org\/?author=1\"}]}<\/script>\n<!-- \/ Yoast SEO plugin. -->","yoast_head_json":{"title":"NYT zbulon: ShBA i sygjeroi Kosov\u00ebs dat\u00ebn 8 Maj p\u00ebr pranimin e emigrant\u00ebve \u2013 thot\u00eb se Prishtina nuk e mori \u201cleht\u00eb\u201d vendimin -","robots":{"index":"index","follow":"follow","max-snippet":"max-snippet:-1","max-image-preview":"max-image-preview:large","max-video-preview":"max-video-preview:-1"},"canonical":"https:\/\/veritasinfo.org\/?p=1686","og_locale":"en_US","og_type":"article","og_title":"NYT zbulon: ShBA i sygjeroi Kosov\u00ebs dat\u00ebn 8 Maj p\u00ebr pranimin e emigrant\u00ebve \u2013 thot\u00eb se Prishtina nuk e mori \u201cleht\u00eb\u201d vendimin -","og_description":"Prishtin\u00eb, 27 Qershor 2025 Gazeta prestigjioze amerikane, \u201cThe New York Times\u201d ka publikuar nj\u00eb artikull n\u00eb lidhje me d\u00ebbimet nga ShBA-ja n\u00ebp\u00ebr vende tjera. N\u00eb","og_url":"https:\/\/veritasinfo.org\/?p=1686","article_published_time":"2025-06-27T05:21:32+00:00","article_modified_time":"2025-06-27T05:25:07+00:00","og_image":[{"width":2048,"height":1456,"url":"https:\/\/veritasinfo.org\/wp-content\/uploads\/2025\/06\/IMG_1583.jpeg","type":"image\/jpeg"}],"author":"admin","twitter_card":"summary_large_image","twitter_misc":{"Written by":"admin","Est. reading time":"2 minutes"},"schema":{"@context":"https:\/\/schema.org","@graph":[{"@type":"WebPage","@id":"https:\/\/veritasinfo.org\/?p=1686","url":"https:\/\/veritasinfo.org\/?p=1686","name":"NYT zbulon: ShBA i sygjeroi Kosov\u00ebs dat\u00ebn 8 Maj p\u00ebr pranimin e emigrant\u00ebve \u2013 thot\u00eb se Prishtina nuk e mori \u201cleht\u00eb\u201d vendimin -","isPartOf":{"@id":"https:\/\/veritasinfo.org\/#website"},"primaryImageOfPage":{"@id":"https:\/\/veritasinfo.org\/?p=1686#primaryimage"},"image":{"@id":"https:\/\/veritasinfo.org\/?p=1686#primaryimage"},"thumbnailUrl":"https:\/\/veritasinfo.org\/wp-content\/uploads\/2025\/06\/IMG_1583.jpeg","datePublished":"2025-06-27T05:21:32+00:00","dateModified":"2025-06-27T05:25:07+00:00","author":{"@id":"https:\/\/veritasinfo.org\/#\/schema\/person\/7701f8c088bece422266b100a712374f"},"breadcrumb":{"@id":"https:\/\/veritasinfo.org\/?p=1686#breadcrumb"},"inLanguage":"en-US","potentialAction":[{"@type":"ReadAction","target":["https:\/\/veritasinfo.org\/?p=1686"]}]},{"@type":"ImageObject","inLanguage":"en-US","@id":"https:\/\/veritasinfo.org\/?p=1686#primaryimage","url":"https:\/\/veritasinfo.org\/wp-content\/uploads\/2025\/06\/IMG_1583.jpeg","contentUrl":"https:\/\/veritasinfo.org\/wp-content\/uploads\/2025\/06\/IMG_1583.jpeg","width":2048,"height":1456},{"@type":"BreadcrumbList","@id":"https:\/\/veritasinfo.org\/?p=1686#breadcrumb","itemListElement":[{"@type":"ListItem","position":1,"name":"Home","item":"https:\/\/veritasinfo.org\/"},{"@type":"ListItem","position":2,"name":"NYT zbulon: ShBA i sygjeroi Kosov\u00ebs dat\u00ebn 8 Maj p\u00ebr pranimin e emigrant\u00ebve \u2013 thot\u00eb se Prishtina nuk e mori \u201cleht\u00eb\u201d vendimin"}]},{"@type":"WebSite","@id":"https:\/\/veritasinfo.org\/#website","url":"https:\/\/veritasinfo.org\/","name":"","description":"","potentialAction":[{"@type":"SearchAction","target":{"@type":"EntryPoint","urlTemplate":"https:\/\/veritasinfo.org\/?s={search_term_string}"},"query-input":{"@type":"PropertyValueSpecification","valueRequired":true,"valueName":"search_term_string"}}],"inLanguage":"en-US"},{"@type":"Person","@id":"https:\/\/veritasinfo.org\/#\/schema\/person\/7701f8c088bece422266b100a712374f","name":"admin","image":{"@type":"ImageObject","inLanguage":"en-US","@id":"https:\/\/veritasinfo.org\/#\/schema\/person\/image\/","url":"https:\/\/secure.gravatar.com\/avatar\/ea53aa3bf6c9a12d5fde8ce4deff43fef3885ae33cf60184161a50d6987cfd2f?s=96&d=mm&r=g","contentUrl":"https:\/\/secure.gravatar.com\/avatar\/ea53aa3bf6c9a12d5fde8ce4deff43fef3885ae33cf60184161a50d6987cfd2f?s=96&d=mm&r=g","caption":"admin"},"sameAs":["https:\/\/veritasinfo.org"],"url":"https:\/\/veritasinfo.org\/?author=1"}]}},"featured_image_urls":{"full":["https:\/\/veritasinfo.org\/wp-content\/uploads\/2025\/06\/IMG_1583.jpeg",2048,1456,false],"thumbnail":["https:\/\/veritasinfo.org\/wp-content\/uploads\/2025\/06\/IMG_1583-150x150.jpeg",150,150,true],"medium":["https:\/\/veritasinfo.org\/wp-content\/uploads\/2025\/06\/IMG_1583-300x213.jpeg",300,213,true],"medium_large":["https:\/\/veritasinfo.org\/wp-content\/uploads\/2025\/06\/IMG_1583-768x546.jpeg",640,455,true],"large":["https:\/\/veritasinfo.org\/wp-content\/uploads\/2025\/06\/IMG_1583-1024x728.jpeg",640,455,true],"1536x1536":["https:\/\/veritasinfo.org\/wp-content\/uploads\/2025\/06\/IMG_1583-1536x1092.jpeg",1536,1092,true],"2048x2048":["https:\/\/veritasinfo.org\/wp-content\/uploads\/2025\/06\/IMG_1583.jpeg",2048,1456,false],"kreeti-slider-full":["https:\/\/veritasinfo.org\/wp-content\/uploads\/2025\/06\/IMG_1583.jpeg",1013,720,false],"kreeti-featured":["https:\/\/veritasinfo.org\/wp-content\/uploads\/2025\/06\/IMG_1583.jpeg",1024,728,false],"kreeti-medium":["https:\/\/veritasinfo.org\/wp-content\/uploads\/2025\/06\/IMG_1583.jpeg",720,512,false],"kreeti-medium-square":["https:\/\/veritasinfo.org\/wp-content\/uploads\/2025\/06\/IMG_1583.jpeg",350,249,false]},"author_info":{"info":["admin"]},"category_info":"<a href=\"https:\/\/veritasinfo.org\/?cat=58\" rel=\"category\">Politik\u00eb<\/a>","tag_info":"Politik\u00eb","comment_count":"0","_links":{"self":[{"href":"https:\/\/veritasinfo.org\/index.php?rest_route=\/wp\/v2\/posts\/1686","targetHints":{"allow":["GET"]}}],"collection":[{"href":"https:\/\/veritasinfo.org\/index.php?rest_route=\/wp\/v2\/posts"}],"about":[{"href":"https:\/\/veritasinfo.org\/index.php?rest_route=\/wp\/v2\/types\/post"}],"author":[{"embeddable":true,"href":"https:\/\/veritasinfo.org\/index.php?rest_route=\/wp\/v2\/users\/1"}],"replies":[{"embeddable":true,"href":"https:\/\/veritasinfo.org\/index.php?rest_route=%2Fwp%2Fv2%2Fcomments&post=1686"}],"version-history":[{"count":1,"href":"https:\/\/veritasinfo.org\/index.php?rest_route=\/wp\/v2\/posts\/1686\/revisions"}],"predecessor-version":[{"id":1688,"href":"https:\/\/veritasinfo.org\/index.php?rest_route=\/wp\/v2\/posts\/1686\/revisions\/1688"}],"wp:featuredmedia":[{"embeddable":true,"href":"https:\/\/veritasinfo.org\/index.php?rest_route=\/wp\/v2\/media\/1687"}],"wp:attachment":[{"href":"https:\/\/veritasinfo.org\/index.php?rest_route=%2Fwp%2Fv2%2Fmedia&parent=1686"}],"wp:term":[{"taxonomy":"category","embeddable":true,"href":"https:\/\/veritasinfo.org\/index.php?rest_route=%2Fwp%2Fv2%2Fcategories&post=1686"},{"taxonomy":"post_tag","embeddable":true,"href":"https:\/\/veritasinfo.org\/index.php?rest_route=%2Fwp%2Fv2%2Ftags&post=1686"}],"curies":[{"name":"wp","href":"https:\/\/api.w.org\/{rel}","templated":true}]}}