{"id":16850,"date":"2025-10-19T07:07:52","date_gmt":"2025-10-19T05:07:52","guid":{"rendered":"https:\/\/veritasinfo.org\/?p=16850"},"modified":"2025-10-19T07:07:52","modified_gmt":"2025-10-19T05:07:52","slug":"ismaili-kosova-po-deshmon-qendrueshmeri-ekonomike-dhe-financiare","status":"publish","type":"post","link":"https:\/\/veritasinfo.org\/?p=16850","title":{"rendered":"Ismaili: Kosova po d\u00ebshmon q\u00ebndrueshm\u00ebri ekonomike dhe financiare"},"content":{"rendered":"<p>Prishtin\u00eb, 19 tetor 2025<\/p>\n<p>Guvernatori i Bank\u00ebs Qendrore t\u00eb Republik\u00ebs s\u00eb Kosov\u00ebs (BQK), Ahmet Ismaili, deklaroi se Kosova po d\u00ebshmon q\u00ebndrueshm\u00ebri ekonomike dhe stabilitet financiar, fal\u00eb koordinimit t\u00eb suksessh\u00ebm t\u00eb politikave fiskale dhe makroprudenciale.<\/p>\n<p>K\u00ebt\u00eb deklarat\u00eb Ismaili e b\u00ebri gjat\u00eb fjal\u00ebs s\u00eb tij n\u00eb Forumin e FMN-s\u00eb p\u00ebr Perspektiv\u00ebn Ekonomike Rajonale p\u00ebr Evrop\u00ebn (REO), i mbajtur n\u00eb kuad\u00ebr t\u00eb Takimeve Vjetore 2025 t\u00eb Fondit Monetar Nd\u00ebrkomb\u00ebtar (FMN) dhe Bank\u00ebs Bot\u00ebrore n\u00eb Washington D.C,<\/p>\n<p>Guvernatori Ismaili theksoi se Kosova renditet me norm\u00ebn m\u00eb t\u00eb lart\u00eb t\u00eb rritjes ekonomike n\u00eb Ballkanin Per\u00ebndimor, sipas projeksioneve t\u00eb fundit t\u00eb FMN-s\u00eb.<\/p>\n<p>\u201cSuksesi yn\u00eb ekonomik \u00ebsht\u00eb rezultat i politikave t\u00eb koordinuara mir\u00eb, p\u00ebrkushtimit institucional dhe bashk\u00ebpunimit t\u00eb ngusht\u00eb me partner\u00ebt nd\u00ebrkomb\u00ebtar\u00eb, p\u00ebrfshir\u00eb FMN-n\u00eb\u201d, u shpreh Guvernatori Ismaili, duke shtuar se Kosova mbetet e p\u00ebrkushtuar ndaj reformave q\u00eb sigurojn\u00eb rritje t\u00eb q\u00ebndrueshme dhe stabilitet afatgjat\u00eb.<\/p>\n<p>Ai paralajm\u00ebroi se pasigurit\u00eb globale dhe sfidat strukturore k\u00ebrkojn\u00eb kujdes t\u00eb vazhduesh\u00ebm, nd\u00ebrsa theksoi r\u00ebnd\u00ebsin\u00eb e bashk\u00ebpunimit rajonal dhe koordinimit t\u00eb politikave ekonomike p\u00ebr p\u00ebrballimin me sukses t\u00eb tyre.<\/p>\n<p>N\u00eb diskutim u vler\u00ebsua mb\u00ebshtetja e Bashkimit Evropian p\u00ebr Ballkanin Per\u00ebndimor, p\u00ebrmes Planit t\u00eb Rritjes, p\u00ebrfshirjes n\u00eb procesin SEPA dhe investimeve infrastrukturore n\u00eb sistemin e pagesave, t\u00eb cilat, sipas Guvernatorit, \u201cjan\u00eb thelb\u00ebsore p\u00ebr konvergjenc\u00ebn rajonale dhe integrimin evropian t\u00eb tregjeve financiare.\u201d<\/p>\n<p>N\u00eb p\u00ebrmbyllje, Guvernatori Ismaili tha se bashk\u00ebpunimi dhe qasja kolektive ndaj sfidave jan\u00eb ky\u00e7e p\u00ebr zbatimin e suksessh\u00ebm t\u00eb politikave t\u00eb rekomanduara nga FMN-ja, duke rikonfirmuar p\u00ebrkushtimin e BQK-s\u00eb p\u00ebr t\u00eb kontribuar n\u00eb forumet nd\u00ebrkomb\u00ebtare dhe p\u00ebr t\u00eb promovuar arritjet e Kosov\u00ebs n\u00eb aren\u00ebn globale.<\/p>\n<p>&nbsp;<\/p>\n","protected":false},"excerpt":{"rendered":"<p>Prishtin\u00eb, 19 tetor 2025 Guvernatori i Bank\u00ebs Qendrore t\u00eb Republik\u00ebs s\u00eb Kosov\u00ebs (BQK), Ahmet Ismaili, deklaroi se Kosova po d\u00ebshmon q\u00ebndrueshm\u00ebri ekonomike dhe stabilitet financiar,<\/p>\n","protected":false},"author":7,"featured_media":16851,"comment_status":"open","ping_status":"open","sticky":false,"template":"","format":"standard","meta":{"footnotes":""},"categories":[60],"tags":[],"class_list":["post-16850","post","type-post","status-publish","format-standard","has-post-thumbnail","hentry","category-shoqerore-sq"],"yoast_head":"<!-- This site is optimized with the Yoast SEO plugin v25.3.1 - https:\/\/yoast.com\/wordpress\/plugins\/seo\/ -->\n<title>Ismaili: Kosova po d\u00ebshmon q\u00ebndrueshm\u00ebri ekonomike dhe financiare -<\/title>\n<meta name=\"robots\" content=\"index, follow, max-snippet:-1, max-image-preview:large, max-video-preview:-1\" \/>\n<link rel=\"canonical\" href=\"https:\/\/veritasinfo.org\/?p=16850\" \/>\n<meta property=\"og:locale\" content=\"en_US\" \/>\n<meta property=\"og:type\" content=\"article\" \/>\n<meta property=\"og:title\" content=\"Ismaili: Kosova po d\u00ebshmon q\u00ebndrueshm\u00ebri ekonomike dhe financiare -\" \/>\n<meta property=\"og:description\" content=\"Prishtin\u00eb, 19 tetor 2025 Guvernatori i Bank\u00ebs Qendrore t\u00eb Republik\u00ebs s\u00eb Kosov\u00ebs (BQK), Ahmet Ismaili, deklaroi se Kosova po d\u00ebshmon q\u00ebndrueshm\u00ebri ekonomike dhe stabilitet financiar,\" \/>\n<meta property=\"og:url\" content=\"https:\/\/veritasinfo.org\/?p=16850\" \/>\n<meta property=\"article:published_time\" content=\"2025-10-19T05:07:52+00:00\" \/>\n<meta property=\"og:image\" content=\"https:\/\/veritasinfo.org\/wp-content\/uploads\/2025\/10\/707192-nnyf37gnQj.jpg\" \/>\n\t<meta property=\"og:image:width\" content=\"780\" \/>\n\t<meta property=\"og:image:height\" content=\"500\" \/>\n\t<meta property=\"og:image:type\" content=\"image\/jpeg\" \/>\n<meta name=\"author\" content=\"US6\" \/>\n<meta name=\"twitter:card\" content=\"summary_large_image\" \/>\n<meta name=\"twitter:label1\" content=\"Written by\" \/>\n\t<meta name=\"twitter:data1\" content=\"US6\" \/>\n\t<meta name=\"twitter:label2\" content=\"Est. reading time\" \/>\n\t<meta name=\"twitter:data2\" content=\"2 minutes\" \/>\n<script type=\"application\/ld+json\" class=\"yoast-schema-graph\">{\"@context\":\"https:\/\/schema.org\",\"@graph\":[{\"@type\":\"WebPage\",\"@id\":\"https:\/\/veritasinfo.org\/?p=16850\",\"url\":\"https:\/\/veritasinfo.org\/?p=16850\",\"name\":\"Ismaili: Kosova po d\u00ebshmon q\u00ebndrueshm\u00ebri ekonomike dhe financiare -\",\"isPartOf\":{\"@id\":\"https:\/\/veritasinfo.org\/#website\"},\"primaryImageOfPage\":{\"@id\":\"https:\/\/veritasinfo.org\/?p=16850#primaryimage\"},\"image\":{\"@id\":\"https:\/\/veritasinfo.org\/?p=16850#primaryimage\"},\"thumbnailUrl\":\"https:\/\/veritasinfo.org\/wp-content\/uploads\/2025\/10\/707192-nnyf37gnQj.jpg\",\"datePublished\":\"2025-10-19T05:07:52+00:00\",\"author\":{\"@id\":\"https:\/\/veritasinfo.org\/#\/schema\/person\/fe199eede04c3937362892b7444747cc\"},\"breadcrumb\":{\"@id\":\"https:\/\/veritasinfo.org\/?p=16850#breadcrumb\"},\"inLanguage\":\"en-US\",\"potentialAction\":[{\"@type\":\"ReadAction\",\"target\":[\"https:\/\/veritasinfo.org\/?p=16850\"]}]},{\"@type\":\"ImageObject\",\"inLanguage\":\"en-US\",\"@id\":\"https:\/\/veritasinfo.org\/?p=16850#primaryimage\",\"url\":\"https:\/\/veritasinfo.org\/wp-content\/uploads\/2025\/10\/707192-nnyf37gnQj.jpg\",\"contentUrl\":\"https:\/\/veritasinfo.org\/wp-content\/uploads\/2025\/10\/707192-nnyf37gnQj.jpg\",\"width\":780,\"height\":500},{\"@type\":\"BreadcrumbList\",\"@id\":\"https:\/\/veritasinfo.org\/?p=16850#breadcrumb\",\"itemListElement\":[{\"@type\":\"ListItem\",\"position\":1,\"name\":\"Home\",\"item\":\"https:\/\/veritasinfo.org\/\"},{\"@type\":\"ListItem\",\"position\":2,\"name\":\"Ismaili: Kosova po d\u00ebshmon q\u00ebndrueshm\u00ebri ekonomike dhe financiare\"}]},{\"@type\":\"WebSite\",\"@id\":\"https:\/\/veritasinfo.org\/#website\",\"url\":\"https:\/\/veritasinfo.org\/\",\"name\":\"\",\"description\":\"\",\"potentialAction\":[{\"@type\":\"SearchAction\",\"target\":{\"@type\":\"EntryPoint\",\"urlTemplate\":\"https:\/\/veritasinfo.org\/?s={search_term_string}\"},\"query-input\":{\"@type\":\"PropertyValueSpecification\",\"valueRequired\":true,\"valueName\":\"search_term_string\"}}],\"inLanguage\":\"en-US\"},{\"@type\":\"Person\",\"@id\":\"https:\/\/veritasinfo.org\/#\/schema\/person\/fe199eede04c3937362892b7444747cc\",\"name\":\"US6\",\"image\":{\"@type\":\"ImageObject\",\"inLanguage\":\"en-US\",\"@id\":\"https:\/\/veritasinfo.org\/#\/schema\/person\/image\/\",\"url\":\"https:\/\/secure.gravatar.com\/avatar\/cb16c3c31c9d23b9b8c705964598220b3014e42ff51eb540ff23cefa3ae8c15f?s=96&d=mm&r=g\",\"contentUrl\":\"https:\/\/secure.gravatar.com\/avatar\/cb16c3c31c9d23b9b8c705964598220b3014e42ff51eb540ff23cefa3ae8c15f?s=96&d=mm&r=g\",\"caption\":\"US6\"},\"url\":\"https:\/\/veritasinfo.org\/?author=7\"}]}<\/script>\n<!-- \/ Yoast SEO plugin. -->","yoast_head_json":{"title":"Ismaili: Kosova po d\u00ebshmon q\u00ebndrueshm\u00ebri ekonomike dhe financiare -","robots":{"index":"index","follow":"follow","max-snippet":"max-snippet:-1","max-image-preview":"max-image-preview:large","max-video-preview":"max-video-preview:-1"},"canonical":"https:\/\/veritasinfo.org\/?p=16850","og_locale":"en_US","og_type":"article","og_title":"Ismaili: Kosova po d\u00ebshmon q\u00ebndrueshm\u00ebri ekonomike dhe financiare -","og_description":"Prishtin\u00eb, 19 tetor 2025 Guvernatori i Bank\u00ebs Qendrore t\u00eb Republik\u00ebs s\u00eb Kosov\u00ebs (BQK), Ahmet Ismaili, deklaroi se Kosova po d\u00ebshmon q\u00ebndrueshm\u00ebri ekonomike dhe stabilitet financiar,","og_url":"https:\/\/veritasinfo.org\/?p=16850","article_published_time":"2025-10-19T05:07:52+00:00","og_image":[{"width":780,"height":500,"url":"https:\/\/veritasinfo.org\/wp-content\/uploads\/2025\/10\/707192-nnyf37gnQj.jpg","type":"image\/jpeg"}],"author":"US6","twitter_card":"summary_large_image","twitter_misc":{"Written by":"US6","Est. reading time":"2 minutes"},"schema":{"@context":"https:\/\/schema.org","@graph":[{"@type":"WebPage","@id":"https:\/\/veritasinfo.org\/?p=16850","url":"https:\/\/veritasinfo.org\/?p=16850","name":"Ismaili: Kosova po d\u00ebshmon q\u00ebndrueshm\u00ebri ekonomike dhe financiare -","isPartOf":{"@id":"https:\/\/veritasinfo.org\/#website"},"primaryImageOfPage":{"@id":"https:\/\/veritasinfo.org\/?p=16850#primaryimage"},"image":{"@id":"https:\/\/veritasinfo.org\/?p=16850#primaryimage"},"thumbnailUrl":"https:\/\/veritasinfo.org\/wp-content\/uploads\/2025\/10\/707192-nnyf37gnQj.jpg","datePublished":"2025-10-19T05:07:52+00:00","author":{"@id":"https:\/\/veritasinfo.org\/#\/schema\/person\/fe199eede04c3937362892b7444747cc"},"breadcrumb":{"@id":"https:\/\/veritasinfo.org\/?p=16850#breadcrumb"},"inLanguage":"en-US","potentialAction":[{"@type":"ReadAction","target":["https:\/\/veritasinfo.org\/?p=16850"]}]},{"@type":"ImageObject","inLanguage":"en-US","@id":"https:\/\/veritasinfo.org\/?p=16850#primaryimage","url":"https:\/\/veritasinfo.org\/wp-content\/uploads\/2025\/10\/707192-nnyf37gnQj.jpg","contentUrl":"https:\/\/veritasinfo.org\/wp-content\/uploads\/2025\/10\/707192-nnyf37gnQj.jpg","width":780,"height":500},{"@type":"BreadcrumbList","@id":"https:\/\/veritasinfo.org\/?p=16850#breadcrumb","itemListElement":[{"@type":"ListItem","position":1,"name":"Home","item":"https:\/\/veritasinfo.org\/"},{"@type":"ListItem","position":2,"name":"Ismaili: Kosova po d\u00ebshmon q\u00ebndrueshm\u00ebri ekonomike dhe financiare"}]},{"@type":"WebSite","@id":"https:\/\/veritasinfo.org\/#website","url":"https:\/\/veritasinfo.org\/","name":"","description":"","potentialAction":[{"@type":"SearchAction","target":{"@type":"EntryPoint","urlTemplate":"https:\/\/veritasinfo.org\/?s={search_term_string}"},"query-input":{"@type":"PropertyValueSpecification","valueRequired":true,"valueName":"search_term_string"}}],"inLanguage":"en-US"},{"@type":"Person","@id":"https:\/\/veritasinfo.org\/#\/schema\/person\/fe199eede04c3937362892b7444747cc","name":"US6","image":{"@type":"ImageObject","inLanguage":"en-US","@id":"https:\/\/veritasinfo.org\/#\/schema\/person\/image\/","url":"https:\/\/secure.gravatar.com\/avatar\/cb16c3c31c9d23b9b8c705964598220b3014e42ff51eb540ff23cefa3ae8c15f?s=96&d=mm&r=g","contentUrl":"https:\/\/secure.gravatar.com\/avatar\/cb16c3c31c9d23b9b8c705964598220b3014e42ff51eb540ff23cefa3ae8c15f?s=96&d=mm&r=g","caption":"US6"},"url":"https:\/\/veritasinfo.org\/?author=7"}]}},"featured_image_urls":{"full":["https:\/\/veritasinfo.org\/wp-content\/uploads\/2025\/10\/707192-nnyf37gnQj.jpg",780,500,false],"thumbnail":["https:\/\/veritasinfo.org\/wp-content\/uploads\/2025\/10\/707192-nnyf37gnQj-150x150.jpg",150,150,true],"medium":["https:\/\/veritasinfo.org\/wp-content\/uploads\/2025\/10\/707192-nnyf37gnQj-300x192.jpg",300,192,true],"medium_large":["https:\/\/veritasinfo.org\/wp-content\/uploads\/2025\/10\/707192-nnyf37gnQj-768x492.jpg",640,410,true],"large":["https:\/\/veritasinfo.org\/wp-content\/uploads\/2025\/10\/707192-nnyf37gnQj.jpg",640,410,false],"1536x1536":["https:\/\/veritasinfo.org\/wp-content\/uploads\/2025\/10\/707192-nnyf37gnQj.jpg",780,500,false],"2048x2048":["https:\/\/veritasinfo.org\/wp-content\/uploads\/2025\/10\/707192-nnyf37gnQj.jpg",780,500,false],"kreeti-slider-full":["https:\/\/veritasinfo.org\/wp-content\/uploads\/2025\/10\/707192-nnyf37gnQj.jpg",780,500,false],"kreeti-featured":["https:\/\/veritasinfo.org\/wp-content\/uploads\/2025\/10\/707192-nnyf37gnQj.jpg",780,500,false],"kreeti-medium":["https:\/\/veritasinfo.org\/wp-content\/uploads\/2025\/10\/707192-nnyf37gnQj.jpg",720,462,false],"kreeti-medium-square":["https:\/\/veritasinfo.org\/wp-content\/uploads\/2025\/10\/707192-nnyf37gnQj.jpg",350,224,false]},"author_info":{"info":["US6"]},"category_info":"<a href=\"https:\/\/veritasinfo.org\/?cat=60\" rel=\"category\">Shoq\u00ebrore<\/a>","tag_info":"Shoq\u00ebrore","comment_count":"0","_links":{"self":[{"href":"https:\/\/veritasinfo.org\/index.php?rest_route=\/wp\/v2\/posts\/16850","targetHints":{"allow":["GET"]}}],"collection":[{"href":"https:\/\/veritasinfo.org\/index.php?rest_route=\/wp\/v2\/posts"}],"about":[{"href":"https:\/\/veritasinfo.org\/index.php?rest_route=\/wp\/v2\/types\/post"}],"author":[{"embeddable":true,"href":"https:\/\/veritasinfo.org\/index.php?rest_route=\/wp\/v2\/users\/7"}],"replies":[{"embeddable":true,"href":"https:\/\/veritasinfo.org\/index.php?rest_route=%2Fwp%2Fv2%2Fcomments&post=16850"}],"version-history":[{"count":1,"href":"https:\/\/veritasinfo.org\/index.php?rest_route=\/wp\/v2\/posts\/16850\/revisions"}],"predecessor-version":[{"id":16852,"href":"https:\/\/veritasinfo.org\/index.php?rest_route=\/wp\/v2\/posts\/16850\/revisions\/16852"}],"wp:featuredmedia":[{"embeddable":true,"href":"https:\/\/veritasinfo.org\/index.php?rest_route=\/wp\/v2\/media\/16851"}],"wp:attachment":[{"href":"https:\/\/veritasinfo.org\/index.php?rest_route=%2Fwp%2Fv2%2Fmedia&parent=16850"}],"wp:term":[{"taxonomy":"category","embeddable":true,"href":"https:\/\/veritasinfo.org\/index.php?rest_route=%2Fwp%2Fv2%2Fcategories&post=16850"},{"taxonomy":"post_tag","embeddable":true,"href":"https:\/\/veritasinfo.org\/index.php?rest_route=%2Fwp%2Fv2%2Ftags&post=16850"}],"curies":[{"name":"wp","href":"https:\/\/api.w.org\/{rel}","templated":true}]}}