{"id":16845,"date":"2025-10-18T21:00:41","date_gmt":"2025-10-18T19:00:41","guid":{"rendered":"https:\/\/veritasinfo.org\/?p=16845"},"modified":"2025-10-18T21:00:41","modified_gmt":"2025-10-18T19:00:41","slug":"fermeret-kane-nisur-mbjelljet-vjeshtore","status":"publish","type":"post","link":"https:\/\/veritasinfo.org\/?p=16845","title":{"rendered":"Fermer\u00ebt kan\u00eb nisur mbjelljet vjeshtore\u00a0"},"content":{"rendered":"<p>Prishtin\u00eb, 18 tetor 2025<\/p>\n<p>Mbjelljet vjeshtore tanim\u00eb jan\u00eb n\u00eb faz\u00ebn optimale kalendarike, megjithat\u00eb kushtet klimatike dhe temperaturat e lejueshme p\u00ebr mbjellje jan\u00eb duke u shfryt\u00ebzuar nga fermer\u00ebt.<\/p>\n<p>Fermeri\u00a0Valon Vehapi \u00ebsht\u00eb n\u00eb vlugun e pun\u00ebs n\u00eb procesin e mbjelljes s\u00eb arave me grur\u00eb. Ai tani ka mbjell\u00eb rreth 30 p\u00ebr qind t\u00eb sip\u00ebrfaqes, duke synuar q\u00eb sivjet t&#8217;i mbjell\u00eb 150 hektar\u00eb tok\u00eb me grur\u00eb. Sipas planifikimeve, p\u00ebr disa dit\u00eb planifikimi i fermerit pritet t\u00eb p\u00ebrmbyllet me sukses.<\/p>\n<p>\u201cKushtet k\u00ebt\u00eb vjesht\u00eb i kemi shum\u00eb t\u00eb favorshme, p\u00ebr arsye se ma her\u00ebt kishte shi, edhe tash ka shi mbas k\u00ebtij shiu vet\u00ebm fillojm\u00eb mbjelljen q\u00eb brenda afatit optimal mendoj me bo p\u00ebrfundimin e mbjelljes, ka th\u00ebn\u00eb Vehapi.<\/p>\n<p>\u201cPrej 15 tetorit, thuhet se \u00ebsht\u00eb afat optimal, mir\u00ebpo, ndryshimet e klim\u00ebs tashm\u00eb q\u00eb po v\u00ebrehen, i kemi edhe 15 dit\u00eb pa asnj\u00eb problem, bujqit munden me vazhduar, edhe pas 15 n\u00ebntorit me bo mbjelljen, deri me 1 dhjetor pa problem b\u00ebhet mbjellja e grurit\u201d, ka shtuar ai.<\/p>\n<p>Tetori shihet si afat i favorsh\u00ebm p\u00ebr mbjelljen e grurit. P\u00ebr t\u00eb arritur rendimente m\u00eb t\u00eb larta t\u00eb grurit vjeshtor n\u00eb Kosov\u00eb, profesori universitar i fush\u00ebs s\u00eb bujq\u00ebsis\u00eb n\u00ebnvizoi se duhet pasur parasysh, zbatimin e praktikave t\u00eb mira agroteknika, si p\u00ebrdorimi i far\u00ebrave sa m\u00eb cil\u00ebsore dhe t\u00eb certifikuara nga autoritetet kompetente dhe harmonizim t\u00eb drejt\u00eb t\u00eb l\u00ebnd\u00ebve ushqyese sipas fazave t\u00eb rritjes dhe zhvillimit, n\u00eb baz\u00eb t\u00eb planifikimit p\u00ebr rendiment t\u00eb pritsh\u00ebm, si dhe bazuar n\u00eb k\u00ebrkesat var\u00ebsisht nga tipi i tok\u00ebs ku realizohen mbjelljet.<\/p>\n<p>\u201cNe e konsiderojm\u00eb si afat optimal agroteknik t\u00eb mbjelljes s\u00eb grurit p\u00ebr konditat tona agroekologjike tetorin. Kemi pas, raste, rrethana, vite t\u00eb jasht\u00ebzakonshme, kur p\u00ebr arsye, qoft\u00eb organizative, teknike, nuk \u00ebsht\u00eb realizu mbjellja n\u00eb tetor dhe t\u00eb gjitha mbjelljet q\u00eb vonohen dhe q\u00eb kryhen n\u00eb dekad\u00ebn e par\u00eb, ose n\u00eb 15 ditshin e par\u00eb t\u00eb muajit n\u00ebntor, rekomandojm\u00eb q\u00eb t\u00eb shtohet sasia edhe e farave edhe e plehrave, por p\u00ebr fermer\u00eb rekomandoi q\u00eb t\u00eb ken\u00eb nj\u00eb shkall\u00eb t\u00eb caktuar t\u00eb moblilitetit n\u00eb k\u00ebt\u00eb muaj t\u00eb p\u00ebrgatiten\u201d, ka th\u00ebn\u00eb Imer Rusinovci, profesor i bujq\u00ebsis\u00eb.<\/p>\n<p>Ekspert\u00eb t\u00eb fush\u00ebs e konsiderojn\u00eb t\u00eb r\u00ebnd\u00ebsish\u00ebm shtimin e hap\u00ebsirave t\u00eb mbjella me grur\u00eb, e cila krijon mund\u00ebsi m\u00eb shum\u00eb p\u00ebr m\u00eb pak import drith\u00ebrave.<\/p>\n<p>Profesor Rusinovci v\u00eb n\u00eb pah se pavar\u00ebsisht atyre q\u00eb rekomandojn\u00eb p\u00ebr mbjelljet e tetorit, fal\u00eb kushteve klimatike q\u00eb po mbret\u00ebrojn\u00eb edhe java e par\u00eb e n\u00ebntorit p\u00ebrkon me mbylljen t\u00eb mas\u00ebs s\u00eb fundit agroteknike me mbjelljen e k\u00ebsaj kulture q\u00eb e ka karakterin prodhues dhe strategjik.<\/p>\n<p>&nbsp;<\/p>\n","protected":false},"excerpt":{"rendered":"<p>Prishtin\u00eb, 18 tetor 2025 Mbjelljet vjeshtore tanim\u00eb jan\u00eb n\u00eb faz\u00ebn optimale kalendarike, megjithat\u00eb kushtet klimatike dhe temperaturat e lejueshme p\u00ebr mbjellje jan\u00eb duke u shfryt\u00ebzuar<\/p>\n","protected":false},"author":7,"featured_media":16846,"comment_status":"open","ping_status":"open","sticky":false,"template":"","format":"standard","meta":{"footnotes":""},"categories":[60],"tags":[],"class_list":["post-16845","post","type-post","status-publish","format-standard","has-post-thumbnail","hentry","category-shoqerore-sq"],"yoast_head":"<!-- This site is optimized with the Yoast SEO plugin v25.3.1 - https:\/\/yoast.com\/wordpress\/plugins\/seo\/ -->\n<title>Fermer\u00ebt kan\u00eb nisur mbjelljet vjeshtore\u00a0 -<\/title>\n<meta name=\"robots\" content=\"index, follow, max-snippet:-1, max-image-preview:large, max-video-preview:-1\" \/>\n<link rel=\"canonical\" href=\"https:\/\/veritasinfo.org\/?p=16845\" \/>\n<meta property=\"og:locale\" content=\"en_US\" \/>\n<meta property=\"og:type\" content=\"article\" \/>\n<meta property=\"og:title\" content=\"Fermer\u00ebt kan\u00eb nisur mbjelljet vjeshtore\u00a0 -\" \/>\n<meta property=\"og:description\" content=\"Prishtin\u00eb, 18 tetor 2025 Mbjelljet vjeshtore tanim\u00eb jan\u00eb n\u00eb faz\u00ebn optimale kalendarike, megjithat\u00eb kushtet klimatike dhe temperaturat e lejueshme p\u00ebr mbjellje jan\u00eb duke u shfryt\u00ebzuar\" \/>\n<meta property=\"og:url\" content=\"https:\/\/veritasinfo.org\/?p=16845\" \/>\n<meta property=\"article:published_time\" content=\"2025-10-18T19:00:41+00:00\" \/>\n<meta property=\"og:image\" content=\"https:\/\/veritasinfo.org\/wp-content\/uploads\/2025\/10\/707197-Gjg88kTF1c.jpg\" \/>\n\t<meta property=\"og:image:width\" content=\"780\" \/>\n\t<meta property=\"og:image:height\" content=\"500\" \/>\n\t<meta property=\"og:image:type\" content=\"image\/jpeg\" \/>\n<meta name=\"author\" content=\"US6\" \/>\n<meta name=\"twitter:card\" content=\"summary_large_image\" \/>\n<meta name=\"twitter:label1\" content=\"Written by\" \/>\n\t<meta name=\"twitter:data1\" content=\"US6\" \/>\n\t<meta name=\"twitter:label2\" content=\"Est. reading time\" \/>\n\t<meta name=\"twitter:data2\" content=\"3 minutes\" \/>\n<script type=\"application\/ld+json\" class=\"yoast-schema-graph\">{\"@context\":\"https:\/\/schema.org\",\"@graph\":[{\"@type\":\"WebPage\",\"@id\":\"https:\/\/veritasinfo.org\/?p=16845\",\"url\":\"https:\/\/veritasinfo.org\/?p=16845\",\"name\":\"Fermer\u00ebt kan\u00eb nisur mbjelljet vjeshtore\u00a0 -\",\"isPartOf\":{\"@id\":\"https:\/\/veritasinfo.org\/#website\"},\"primaryImageOfPage\":{\"@id\":\"https:\/\/veritasinfo.org\/?p=16845#primaryimage\"},\"image\":{\"@id\":\"https:\/\/veritasinfo.org\/?p=16845#primaryimage\"},\"thumbnailUrl\":\"https:\/\/veritasinfo.org\/wp-content\/uploads\/2025\/10\/707197-Gjg88kTF1c.jpg\",\"datePublished\":\"2025-10-18T19:00:41+00:00\",\"author\":{\"@id\":\"https:\/\/veritasinfo.org\/#\/schema\/person\/fe199eede04c3937362892b7444747cc\"},\"breadcrumb\":{\"@id\":\"https:\/\/veritasinfo.org\/?p=16845#breadcrumb\"},\"inLanguage\":\"en-US\",\"potentialAction\":[{\"@type\":\"ReadAction\",\"target\":[\"https:\/\/veritasinfo.org\/?p=16845\"]}]},{\"@type\":\"ImageObject\",\"inLanguage\":\"en-US\",\"@id\":\"https:\/\/veritasinfo.org\/?p=16845#primaryimage\",\"url\":\"https:\/\/veritasinfo.org\/wp-content\/uploads\/2025\/10\/707197-Gjg88kTF1c.jpg\",\"contentUrl\":\"https:\/\/veritasinfo.org\/wp-content\/uploads\/2025\/10\/707197-Gjg88kTF1c.jpg\",\"width\":780,\"height\":500},{\"@type\":\"BreadcrumbList\",\"@id\":\"https:\/\/veritasinfo.org\/?p=16845#breadcrumb\",\"itemListElement\":[{\"@type\":\"ListItem\",\"position\":1,\"name\":\"Home\",\"item\":\"https:\/\/veritasinfo.org\/\"},{\"@type\":\"ListItem\",\"position\":2,\"name\":\"Fermer\u00ebt kan\u00eb nisur mbjelljet vjeshtore\u00a0\"}]},{\"@type\":\"WebSite\",\"@id\":\"https:\/\/veritasinfo.org\/#website\",\"url\":\"https:\/\/veritasinfo.org\/\",\"name\":\"\",\"description\":\"\",\"potentialAction\":[{\"@type\":\"SearchAction\",\"target\":{\"@type\":\"EntryPoint\",\"urlTemplate\":\"https:\/\/veritasinfo.org\/?s={search_term_string}\"},\"query-input\":{\"@type\":\"PropertyValueSpecification\",\"valueRequired\":true,\"valueName\":\"search_term_string\"}}],\"inLanguage\":\"en-US\"},{\"@type\":\"Person\",\"@id\":\"https:\/\/veritasinfo.org\/#\/schema\/person\/fe199eede04c3937362892b7444747cc\",\"name\":\"US6\",\"image\":{\"@type\":\"ImageObject\",\"inLanguage\":\"en-US\",\"@id\":\"https:\/\/veritasinfo.org\/#\/schema\/person\/image\/\",\"url\":\"https:\/\/secure.gravatar.com\/avatar\/cb16c3c31c9d23b9b8c705964598220b3014e42ff51eb540ff23cefa3ae8c15f?s=96&d=mm&r=g\",\"contentUrl\":\"https:\/\/secure.gravatar.com\/avatar\/cb16c3c31c9d23b9b8c705964598220b3014e42ff51eb540ff23cefa3ae8c15f?s=96&d=mm&r=g\",\"caption\":\"US6\"},\"url\":\"https:\/\/veritasinfo.org\/?author=7\"}]}<\/script>\n<!-- \/ Yoast SEO plugin. -->","yoast_head_json":{"title":"Fermer\u00ebt kan\u00eb nisur mbjelljet vjeshtore\u00a0 -","robots":{"index":"index","follow":"follow","max-snippet":"max-snippet:-1","max-image-preview":"max-image-preview:large","max-video-preview":"max-video-preview:-1"},"canonical":"https:\/\/veritasinfo.org\/?p=16845","og_locale":"en_US","og_type":"article","og_title":"Fermer\u00ebt kan\u00eb nisur mbjelljet vjeshtore\u00a0 -","og_description":"Prishtin\u00eb, 18 tetor 2025 Mbjelljet vjeshtore tanim\u00eb jan\u00eb n\u00eb faz\u00ebn optimale kalendarike, megjithat\u00eb kushtet klimatike dhe temperaturat e lejueshme p\u00ebr mbjellje jan\u00eb duke u shfryt\u00ebzuar","og_url":"https:\/\/veritasinfo.org\/?p=16845","article_published_time":"2025-10-18T19:00:41+00:00","og_image":[{"width":780,"height":500,"url":"https:\/\/veritasinfo.org\/wp-content\/uploads\/2025\/10\/707197-Gjg88kTF1c.jpg","type":"image\/jpeg"}],"author":"US6","twitter_card":"summary_large_image","twitter_misc":{"Written by":"US6","Est. reading time":"3 minutes"},"schema":{"@context":"https:\/\/schema.org","@graph":[{"@type":"WebPage","@id":"https:\/\/veritasinfo.org\/?p=16845","url":"https:\/\/veritasinfo.org\/?p=16845","name":"Fermer\u00ebt kan\u00eb nisur mbjelljet vjeshtore\u00a0 -","isPartOf":{"@id":"https:\/\/veritasinfo.org\/#website"},"primaryImageOfPage":{"@id":"https:\/\/veritasinfo.org\/?p=16845#primaryimage"},"image":{"@id":"https:\/\/veritasinfo.org\/?p=16845#primaryimage"},"thumbnailUrl":"https:\/\/veritasinfo.org\/wp-content\/uploads\/2025\/10\/707197-Gjg88kTF1c.jpg","datePublished":"2025-10-18T19:00:41+00:00","author":{"@id":"https:\/\/veritasinfo.org\/#\/schema\/person\/fe199eede04c3937362892b7444747cc"},"breadcrumb":{"@id":"https:\/\/veritasinfo.org\/?p=16845#breadcrumb"},"inLanguage":"en-US","potentialAction":[{"@type":"ReadAction","target":["https:\/\/veritasinfo.org\/?p=16845"]}]},{"@type":"ImageObject","inLanguage":"en-US","@id":"https:\/\/veritasinfo.org\/?p=16845#primaryimage","url":"https:\/\/veritasinfo.org\/wp-content\/uploads\/2025\/10\/707197-Gjg88kTF1c.jpg","contentUrl":"https:\/\/veritasinfo.org\/wp-content\/uploads\/2025\/10\/707197-Gjg88kTF1c.jpg","width":780,"height":500},{"@type":"BreadcrumbList","@id":"https:\/\/veritasinfo.org\/?p=16845#breadcrumb","itemListElement":[{"@type":"ListItem","position":1,"name":"Home","item":"https:\/\/veritasinfo.org\/"},{"@type":"ListItem","position":2,"name":"Fermer\u00ebt kan\u00eb nisur mbjelljet vjeshtore\u00a0"}]},{"@type":"WebSite","@id":"https:\/\/veritasinfo.org\/#website","url":"https:\/\/veritasinfo.org\/","name":"","description":"","potentialAction":[{"@type":"SearchAction","target":{"@type":"EntryPoint","urlTemplate":"https:\/\/veritasinfo.org\/?s={search_term_string}"},"query-input":{"@type":"PropertyValueSpecification","valueRequired":true,"valueName":"search_term_string"}}],"inLanguage":"en-US"},{"@type":"Person","@id":"https:\/\/veritasinfo.org\/#\/schema\/person\/fe199eede04c3937362892b7444747cc","name":"US6","image":{"@type":"ImageObject","inLanguage":"en-US","@id":"https:\/\/veritasinfo.org\/#\/schema\/person\/image\/","url":"https:\/\/secure.gravatar.com\/avatar\/cb16c3c31c9d23b9b8c705964598220b3014e42ff51eb540ff23cefa3ae8c15f?s=96&d=mm&r=g","contentUrl":"https:\/\/secure.gravatar.com\/avatar\/cb16c3c31c9d23b9b8c705964598220b3014e42ff51eb540ff23cefa3ae8c15f?s=96&d=mm&r=g","caption":"US6"},"url":"https:\/\/veritasinfo.org\/?author=7"}]}},"featured_image_urls":{"full":["https:\/\/veritasinfo.org\/wp-content\/uploads\/2025\/10\/707197-Gjg88kTF1c.jpg",780,500,false],"thumbnail":["https:\/\/veritasinfo.org\/wp-content\/uploads\/2025\/10\/707197-Gjg88kTF1c-150x150.jpg",150,150,true],"medium":["https:\/\/veritasinfo.org\/wp-content\/uploads\/2025\/10\/707197-Gjg88kTF1c-300x192.jpg",300,192,true],"medium_large":["https:\/\/veritasinfo.org\/wp-content\/uploads\/2025\/10\/707197-Gjg88kTF1c-768x492.jpg",640,410,true],"large":["https:\/\/veritasinfo.org\/wp-content\/uploads\/2025\/10\/707197-Gjg88kTF1c.jpg",640,410,false],"1536x1536":["https:\/\/veritasinfo.org\/wp-content\/uploads\/2025\/10\/707197-Gjg88kTF1c.jpg",780,500,false],"2048x2048":["https:\/\/veritasinfo.org\/wp-content\/uploads\/2025\/10\/707197-Gjg88kTF1c.jpg",780,500,false],"kreeti-slider-full":["https:\/\/veritasinfo.org\/wp-content\/uploads\/2025\/10\/707197-Gjg88kTF1c.jpg",780,500,false],"kreeti-featured":["https:\/\/veritasinfo.org\/wp-content\/uploads\/2025\/10\/707197-Gjg88kTF1c.jpg",780,500,false],"kreeti-medium":["https:\/\/veritasinfo.org\/wp-content\/uploads\/2025\/10\/707197-Gjg88kTF1c.jpg",720,462,false],"kreeti-medium-square":["https:\/\/veritasinfo.org\/wp-content\/uploads\/2025\/10\/707197-Gjg88kTF1c.jpg",350,224,false]},"author_info":{"info":["US6"]},"category_info":"<a href=\"https:\/\/veritasinfo.org\/?cat=60\" rel=\"category\">Shoq\u00ebrore<\/a>","tag_info":"Shoq\u00ebrore","comment_count":"0","_links":{"self":[{"href":"https:\/\/veritasinfo.org\/index.php?rest_route=\/wp\/v2\/posts\/16845","targetHints":{"allow":["GET"]}}],"collection":[{"href":"https:\/\/veritasinfo.org\/index.php?rest_route=\/wp\/v2\/posts"}],"about":[{"href":"https:\/\/veritasinfo.org\/index.php?rest_route=\/wp\/v2\/types\/post"}],"author":[{"embeddable":true,"href":"https:\/\/veritasinfo.org\/index.php?rest_route=\/wp\/v2\/users\/7"}],"replies":[{"embeddable":true,"href":"https:\/\/veritasinfo.org\/index.php?rest_route=%2Fwp%2Fv2%2Fcomments&post=16845"}],"version-history":[{"count":1,"href":"https:\/\/veritasinfo.org\/index.php?rest_route=\/wp\/v2\/posts\/16845\/revisions"}],"predecessor-version":[{"id":16847,"href":"https:\/\/veritasinfo.org\/index.php?rest_route=\/wp\/v2\/posts\/16845\/revisions\/16847"}],"wp:featuredmedia":[{"embeddable":true,"href":"https:\/\/veritasinfo.org\/index.php?rest_route=\/wp\/v2\/media\/16846"}],"wp:attachment":[{"href":"https:\/\/veritasinfo.org\/index.php?rest_route=%2Fwp%2Fv2%2Fmedia&parent=16845"}],"wp:term":[{"taxonomy":"category","embeddable":true,"href":"https:\/\/veritasinfo.org\/index.php?rest_route=%2Fwp%2Fv2%2Fcategories&post=16845"},{"taxonomy":"post_tag","embeddable":true,"href":"https:\/\/veritasinfo.org\/index.php?rest_route=%2Fwp%2Fv2%2Ftags&post=16845"}],"curies":[{"name":"wp","href":"https:\/\/api.w.org\/{rel}","templated":true}]}}