{"id":1680,"date":"2025-06-26T20:29:27","date_gmt":"2025-06-26T18:29:27","guid":{"rendered":"https:\/\/veritasinfo.org\/?p=1680"},"modified":"2025-06-26T20:30:06","modified_gmt":"2025-06-26T18:30:06","slug":"kushtetuesja-merr-vendimin-cakton-afat-per-konstituimin-e-kuvendit","status":"publish","type":"post","link":"https:\/\/veritasinfo.org\/?p=1680","title":{"rendered":"Kushtetuesja merr vendimin, cakton afat p\u00ebr konstituimin e Kuvendit"},"content":{"rendered":"<p>Prishtin\u00eb\u00a0 26.06.2025<\/p>\n<p>Gjykata Kushtetuese ka vendosur q\u00eb p\u00ebr 30 dit\u00eb duhet t\u00eb p\u00ebrfundoj\u00eb seanca konstituive e Kuvendit.<\/p>\n<p>Gjykata ka vendosur nj\u00ebz\u00ebri:<\/p>\n<ol>\n<li>T\u00eb deklaroj\u00eb k\u00ebrkes\u00ebn t\u00eb pranueshme;<\/li>\n<li>T\u00eb konstatoj\u00eb q\u00eb:<\/li>\n<li>Seanca e konstituimit t\u00eb Kuvendit t\u00eb Republik\u00ebs s\u00eb Kosov\u00ebs, e filluar m\u00eb 15 prill 2025, nuk ka p\u00ebrfunduar dhe si rezultat i moszgjedhjes s\u00eb Kryetarit\/es dhe n\u00ebnkryetar\u00ebve t\u00eb Kuvendit t\u00eb Republik\u00ebs s\u00eb Kosov\u00ebs e nj\u00ebjta nuk \u00ebsht\u00eb zhvilluar n\u00eb pajtim me p\u00ebrcaktimet dhe k\u00ebrkesat e paragrafit 1 t\u00eb nenit 66 [Zgjedhja dhe Mandati] t\u00eb Kushtetut\u00ebs s\u00eb Republik\u00ebs s\u00eb Kosov\u00ebs; dhe<\/li>\n<li>Deputet\u00ebt e zgjedhur t\u00eb Kuvendit t\u00eb Republik\u00ebs s\u00eb Kosov\u00ebs, n\u00eb zbatim t\u00eb paragrafit 1 t\u00eb nenit 66 [Zgjedhja dhe Mandati] n\u00eb nd\u00ebrlidhje me nenin 67 [Zgjedhja e Kryetarit dhe N\u00ebnkryetar\u00ebve], nenin 70 [Mandati i Deputet\u00ebve] dhe nenin 74 [Ushtrimi i Funksionit] t\u00eb Kushtetut\u00ebs s\u00eb Republik\u00ebs s\u00eb Kosov\u00ebs, Kreun IV t\u00eb Rregullores s\u00eb Kuvendit t\u00eb Republik\u00ebs s\u00eb Kosov\u00ebs dhe n\u00eb pajtim me k\u00ebt\u00eb Aktgjykim duhet q\u00eb sa m\u00eb shpejt dhe jo m\u00eb von\u00eb se tridhjet\u00eb (30) dit\u00eb t\u00eb p\u00ebrfundojn\u00eb seanc\u00ebn konstituive t\u00eb Kuvendit duke zgjedhur Kryetarin dhe n\u00ebnkryetar\u00ebt e tij.<\/li>\n<\/ol>\n<p>Gjykata p\u00ebrfundimisht ka konstatuar se deputet\u00ebt e zgjedhur t\u00eb Kuvendit t\u00eb Republik\u00ebs s\u00eb Kosov\u00ebs, n\u00eb zbatim t\u00eb paragrafit 1 t\u00eb nenit 66, n\u00eb nd\u00ebrlidhje me paragraf\u00ebt 1, 2,\u00a0 3 dhe 4 t\u00eb nenit 67, si dhe nenet 70 dhe 74 t\u00eb Kushtetut\u00ebs, n\u00eb pajtim me Kreun IV t\u00eb Rregullores s\u00eb Kuvendit dhe praktikat e deritanishme parlamentare p\u00ebr konstituimin e Kuvendit, si dhe n\u00eb p\u00ebrputhje me konstatimet e dh\u00ebna n\u00eb k\u00ebt\u00eb Aktgjykim, jan\u00eb t\u00eb obliguar q\u00eb, dhe jo m\u00eb von\u00eb se tridhjet\u00eb (30) dit\u00eb nga hyrja n\u00eb fuqi e k\u00ebtij Aktgjykimi, t\u00eb p\u00ebrmbushin detyrimin kushtetues p\u00ebr konstituimin e Kuvendit t\u00eb Republik\u00ebs s\u00eb Kosov\u00ebs p\u00ebrmes zgjedhjes s\u00eb Kryetarit\/es dhe t\u00eb n\u00ebnkryetar\u00ebve t\u00eb tij.<\/p>\n","protected":false},"excerpt":{"rendered":"<p>Prishtin\u00eb\u00a0 26.06.2025 Gjykata Kushtetuese ka vendosur q\u00eb p\u00ebr 30 dit\u00eb duhet t\u00eb p\u00ebrfundoj\u00eb seanca konstituive e Kuvendit. Gjykata ka vendosur nj\u00ebz\u00ebri: T\u00eb deklaroj\u00eb k\u00ebrkes\u00ebn t\u00eb<\/p>\n","protected":false},"author":1,"featured_media":1681,"comment_status":"open","ping_status":"open","sticky":false,"template":"","format":"standard","meta":{"footnotes":""},"categories":[58],"tags":[],"class_list":["post-1680","post","type-post","status-publish","format-standard","has-post-thumbnail","hentry","category-politike-sq"],"yoast_head":"<!-- This site is optimized with the Yoast SEO plugin v25.3.1 - https:\/\/yoast.com\/wordpress\/plugins\/seo\/ -->\n<title>Kushtetuesja merr vendimin, cakton afat p\u00ebr konstituimin e Kuvendit -<\/title>\n<meta name=\"robots\" content=\"index, follow, max-snippet:-1, max-image-preview:large, max-video-preview:-1\" \/>\n<link rel=\"canonical\" href=\"https:\/\/veritasinfo.org\/?p=1680\" \/>\n<meta property=\"og:locale\" content=\"en_US\" \/>\n<meta property=\"og:type\" content=\"article\" \/>\n<meta property=\"og:title\" content=\"Kushtetuesja merr vendimin, cakton afat p\u00ebr konstituimin e Kuvendit -\" \/>\n<meta property=\"og:description\" content=\"Prishtin\u00eb\u00a0 26.06.2025 Gjykata Kushtetuese ka vendosur q\u00eb p\u00ebr 30 dit\u00eb duhet t\u00eb p\u00ebrfundoj\u00eb seanca konstituive e Kuvendit. Gjykata ka vendosur nj\u00ebz\u00ebri: T\u00eb deklaroj\u00eb k\u00ebrkes\u00ebn t\u00eb\" \/>\n<meta property=\"og:url\" content=\"https:\/\/veritasinfo.org\/?p=1680\" \/>\n<meta property=\"article:published_time\" content=\"2025-06-26T18:29:27+00:00\" \/>\n<meta property=\"article:modified_time\" content=\"2025-06-26T18:30:06+00:00\" \/>\n<meta property=\"og:image\" content=\"https:\/\/veritasinfo.org\/wp-content\/uploads\/2025\/06\/KUVENDI.jpg\" \/>\n\t<meta property=\"og:image:width\" content=\"640\" \/>\n\t<meta property=\"og:image:height\" content=\"480\" \/>\n\t<meta property=\"og:image:type\" content=\"image\/jpeg\" \/>\n<meta name=\"author\" content=\"admin\" \/>\n<meta name=\"twitter:card\" content=\"summary_large_image\" \/>\n<meta name=\"twitter:label1\" content=\"Written by\" \/>\n\t<meta name=\"twitter:data1\" content=\"admin\" \/>\n\t<meta name=\"twitter:label2\" content=\"Est. reading time\" \/>\n\t<meta name=\"twitter:data2\" content=\"2 minutes\" \/>\n<script type=\"application\/ld+json\" class=\"yoast-schema-graph\">{\"@context\":\"https:\/\/schema.org\",\"@graph\":[{\"@type\":\"WebPage\",\"@id\":\"https:\/\/veritasinfo.org\/?p=1680\",\"url\":\"https:\/\/veritasinfo.org\/?p=1680\",\"name\":\"Kushtetuesja merr vendimin, cakton afat p\u00ebr konstituimin e Kuvendit -\",\"isPartOf\":{\"@id\":\"https:\/\/veritasinfo.org\/#website\"},\"primaryImageOfPage\":{\"@id\":\"https:\/\/veritasinfo.org\/?p=1680#primaryimage\"},\"image\":{\"@id\":\"https:\/\/veritasinfo.org\/?p=1680#primaryimage\"},\"thumbnailUrl\":\"https:\/\/veritasinfo.org\/wp-content\/uploads\/2025\/06\/KUVENDI.jpg\",\"datePublished\":\"2025-06-26T18:29:27+00:00\",\"dateModified\":\"2025-06-26T18:30:06+00:00\",\"author\":{\"@id\":\"https:\/\/veritasinfo.org\/#\/schema\/person\/7701f8c088bece422266b100a712374f\"},\"breadcrumb\":{\"@id\":\"https:\/\/veritasinfo.org\/?p=1680#breadcrumb\"},\"inLanguage\":\"en-US\",\"potentialAction\":[{\"@type\":\"ReadAction\",\"target\":[\"https:\/\/veritasinfo.org\/?p=1680\"]}]},{\"@type\":\"ImageObject\",\"inLanguage\":\"en-US\",\"@id\":\"https:\/\/veritasinfo.org\/?p=1680#primaryimage\",\"url\":\"https:\/\/veritasinfo.org\/wp-content\/uploads\/2025\/06\/KUVENDI.jpg\",\"contentUrl\":\"https:\/\/veritasinfo.org\/wp-content\/uploads\/2025\/06\/KUVENDI.jpg\",\"width\":640,\"height\":480},{\"@type\":\"BreadcrumbList\",\"@id\":\"https:\/\/veritasinfo.org\/?p=1680#breadcrumb\",\"itemListElement\":[{\"@type\":\"ListItem\",\"position\":1,\"name\":\"Home\",\"item\":\"https:\/\/veritasinfo.org\/\"},{\"@type\":\"ListItem\",\"position\":2,\"name\":\"Kushtetuesja merr vendimin, cakton afat p\u00ebr konstituimin e Kuvendit\"}]},{\"@type\":\"WebSite\",\"@id\":\"https:\/\/veritasinfo.org\/#website\",\"url\":\"https:\/\/veritasinfo.org\/\",\"name\":\"\",\"description\":\"\",\"potentialAction\":[{\"@type\":\"SearchAction\",\"target\":{\"@type\":\"EntryPoint\",\"urlTemplate\":\"https:\/\/veritasinfo.org\/?s={search_term_string}\"},\"query-input\":{\"@type\":\"PropertyValueSpecification\",\"valueRequired\":true,\"valueName\":\"search_term_string\"}}],\"inLanguage\":\"en-US\"},{\"@type\":\"Person\",\"@id\":\"https:\/\/veritasinfo.org\/#\/schema\/person\/7701f8c088bece422266b100a712374f\",\"name\":\"admin\",\"image\":{\"@type\":\"ImageObject\",\"inLanguage\":\"en-US\",\"@id\":\"https:\/\/veritasinfo.org\/#\/schema\/person\/image\/\",\"url\":\"https:\/\/secure.gravatar.com\/avatar\/ea53aa3bf6c9a12d5fde8ce4deff43fef3885ae33cf60184161a50d6987cfd2f?s=96&d=mm&r=g\",\"contentUrl\":\"https:\/\/secure.gravatar.com\/avatar\/ea53aa3bf6c9a12d5fde8ce4deff43fef3885ae33cf60184161a50d6987cfd2f?s=96&d=mm&r=g\",\"caption\":\"admin\"},\"sameAs\":[\"https:\/\/veritasinfo.org\"],\"url\":\"https:\/\/veritasinfo.org\/?author=1\"}]}<\/script>\n<!-- \/ Yoast SEO plugin. -->","yoast_head_json":{"title":"Kushtetuesja merr vendimin, cakton afat p\u00ebr konstituimin e Kuvendit -","robots":{"index":"index","follow":"follow","max-snippet":"max-snippet:-1","max-image-preview":"max-image-preview:large","max-video-preview":"max-video-preview:-1"},"canonical":"https:\/\/veritasinfo.org\/?p=1680","og_locale":"en_US","og_type":"article","og_title":"Kushtetuesja merr vendimin, cakton afat p\u00ebr konstituimin e Kuvendit -","og_description":"Prishtin\u00eb\u00a0 26.06.2025 Gjykata Kushtetuese ka vendosur q\u00eb p\u00ebr 30 dit\u00eb duhet t\u00eb p\u00ebrfundoj\u00eb seanca konstituive e Kuvendit. Gjykata ka vendosur nj\u00ebz\u00ebri: T\u00eb deklaroj\u00eb k\u00ebrkes\u00ebn t\u00eb","og_url":"https:\/\/veritasinfo.org\/?p=1680","article_published_time":"2025-06-26T18:29:27+00:00","article_modified_time":"2025-06-26T18:30:06+00:00","og_image":[{"width":640,"height":480,"url":"https:\/\/veritasinfo.org\/wp-content\/uploads\/2025\/06\/KUVENDI.jpg","type":"image\/jpeg"}],"author":"admin","twitter_card":"summary_large_image","twitter_misc":{"Written by":"admin","Est. reading time":"2 minutes"},"schema":{"@context":"https:\/\/schema.org","@graph":[{"@type":"WebPage","@id":"https:\/\/veritasinfo.org\/?p=1680","url":"https:\/\/veritasinfo.org\/?p=1680","name":"Kushtetuesja merr vendimin, cakton afat p\u00ebr konstituimin e Kuvendit -","isPartOf":{"@id":"https:\/\/veritasinfo.org\/#website"},"primaryImageOfPage":{"@id":"https:\/\/veritasinfo.org\/?p=1680#primaryimage"},"image":{"@id":"https:\/\/veritasinfo.org\/?p=1680#primaryimage"},"thumbnailUrl":"https:\/\/veritasinfo.org\/wp-content\/uploads\/2025\/06\/KUVENDI.jpg","datePublished":"2025-06-26T18:29:27+00:00","dateModified":"2025-06-26T18:30:06+00:00","author":{"@id":"https:\/\/veritasinfo.org\/#\/schema\/person\/7701f8c088bece422266b100a712374f"},"breadcrumb":{"@id":"https:\/\/veritasinfo.org\/?p=1680#breadcrumb"},"inLanguage":"en-US","potentialAction":[{"@type":"ReadAction","target":["https:\/\/veritasinfo.org\/?p=1680"]}]},{"@type":"ImageObject","inLanguage":"en-US","@id":"https:\/\/veritasinfo.org\/?p=1680#primaryimage","url":"https:\/\/veritasinfo.org\/wp-content\/uploads\/2025\/06\/KUVENDI.jpg","contentUrl":"https:\/\/veritasinfo.org\/wp-content\/uploads\/2025\/06\/KUVENDI.jpg","width":640,"height":480},{"@type":"BreadcrumbList","@id":"https:\/\/veritasinfo.org\/?p=1680#breadcrumb","itemListElement":[{"@type":"ListItem","position":1,"name":"Home","item":"https:\/\/veritasinfo.org\/"},{"@type":"ListItem","position":2,"name":"Kushtetuesja merr vendimin, cakton afat p\u00ebr konstituimin e Kuvendit"}]},{"@type":"WebSite","@id":"https:\/\/veritasinfo.org\/#website","url":"https:\/\/veritasinfo.org\/","name":"","description":"","potentialAction":[{"@type":"SearchAction","target":{"@type":"EntryPoint","urlTemplate":"https:\/\/veritasinfo.org\/?s={search_term_string}"},"query-input":{"@type":"PropertyValueSpecification","valueRequired":true,"valueName":"search_term_string"}}],"inLanguage":"en-US"},{"@type":"Person","@id":"https:\/\/veritasinfo.org\/#\/schema\/person\/7701f8c088bece422266b100a712374f","name":"admin","image":{"@type":"ImageObject","inLanguage":"en-US","@id":"https:\/\/veritasinfo.org\/#\/schema\/person\/image\/","url":"https:\/\/secure.gravatar.com\/avatar\/ea53aa3bf6c9a12d5fde8ce4deff43fef3885ae33cf60184161a50d6987cfd2f?s=96&d=mm&r=g","contentUrl":"https:\/\/secure.gravatar.com\/avatar\/ea53aa3bf6c9a12d5fde8ce4deff43fef3885ae33cf60184161a50d6987cfd2f?s=96&d=mm&r=g","caption":"admin"},"sameAs":["https:\/\/veritasinfo.org"],"url":"https:\/\/veritasinfo.org\/?author=1"}]}},"featured_image_urls":{"full":["https:\/\/veritasinfo.org\/wp-content\/uploads\/2025\/06\/KUVENDI.jpg",640,480,false],"thumbnail":["https:\/\/veritasinfo.org\/wp-content\/uploads\/2025\/06\/KUVENDI-150x150.jpg",150,150,true],"medium":["https:\/\/veritasinfo.org\/wp-content\/uploads\/2025\/06\/KUVENDI-300x225.jpg",300,225,true],"medium_large":["https:\/\/veritasinfo.org\/wp-content\/uploads\/2025\/06\/KUVENDI.jpg",640,480,false],"large":["https:\/\/veritasinfo.org\/wp-content\/uploads\/2025\/06\/KUVENDI.jpg",640,480,false],"1536x1536":["https:\/\/veritasinfo.org\/wp-content\/uploads\/2025\/06\/KUVENDI.jpg",640,480,false],"2048x2048":["https:\/\/veritasinfo.org\/wp-content\/uploads\/2025\/06\/KUVENDI.jpg",640,480,false],"kreeti-slider-full":["https:\/\/veritasinfo.org\/wp-content\/uploads\/2025\/06\/KUVENDI.jpg",640,480,false],"kreeti-featured":["https:\/\/veritasinfo.org\/wp-content\/uploads\/2025\/06\/KUVENDI.jpg",640,480,false],"kreeti-medium":["https:\/\/veritasinfo.org\/wp-content\/uploads\/2025\/06\/KUVENDI.jpg",640,480,false],"kreeti-medium-square":["https:\/\/veritasinfo.org\/wp-content\/uploads\/2025\/06\/KUVENDI.jpg",350,263,false]},"author_info":{"info":["admin"]},"category_info":"<a href=\"https:\/\/veritasinfo.org\/?cat=58\" rel=\"category\">Politik\u00eb<\/a>","tag_info":"Politik\u00eb","comment_count":"0","_links":{"self":[{"href":"https:\/\/veritasinfo.org\/index.php?rest_route=\/wp\/v2\/posts\/1680","targetHints":{"allow":["GET"]}}],"collection":[{"href":"https:\/\/veritasinfo.org\/index.php?rest_route=\/wp\/v2\/posts"}],"about":[{"href":"https:\/\/veritasinfo.org\/index.php?rest_route=\/wp\/v2\/types\/post"}],"author":[{"embeddable":true,"href":"https:\/\/veritasinfo.org\/index.php?rest_route=\/wp\/v2\/users\/1"}],"replies":[{"embeddable":true,"href":"https:\/\/veritasinfo.org\/index.php?rest_route=%2Fwp%2Fv2%2Fcomments&post=1680"}],"version-history":[{"count":2,"href":"https:\/\/veritasinfo.org\/index.php?rest_route=\/wp\/v2\/posts\/1680\/revisions"}],"predecessor-version":[{"id":1683,"href":"https:\/\/veritasinfo.org\/index.php?rest_route=\/wp\/v2\/posts\/1680\/revisions\/1683"}],"wp:featuredmedia":[{"embeddable":true,"href":"https:\/\/veritasinfo.org\/index.php?rest_route=\/wp\/v2\/media\/1681"}],"wp:attachment":[{"href":"https:\/\/veritasinfo.org\/index.php?rest_route=%2Fwp%2Fv2%2Fmedia&parent=1680"}],"wp:term":[{"taxonomy":"category","embeddable":true,"href":"https:\/\/veritasinfo.org\/index.php?rest_route=%2Fwp%2Fv2%2Fcategories&post=1680"},{"taxonomy":"post_tag","embeddable":true,"href":"https:\/\/veritasinfo.org\/index.php?rest_route=%2Fwp%2Fv2%2Ftags&post=1680"}],"curies":[{"name":"wp","href":"https:\/\/api.w.org\/{rel}","templated":true}]}}