{"id":16782,"date":"2025-10-18T12:04:10","date_gmt":"2025-10-18T10:04:10","guid":{"rendered":"https:\/\/veritasinfo.org\/?p=16782"},"modified":"2025-10-18T12:04:19","modified_gmt":"2025-10-18T10:04:19","slug":"kosova-pranohet-ne-komitetin-ekonomik-dhe-social-evropian","status":"publish","type":"post","link":"https:\/\/veritasinfo.org\/?p=16782","title":{"rendered":"Kosova pranohet ne Komitetin Ekonomik dhe Social Evropian"},"content":{"rendered":"<p>Prishtin\u00eb 18 Tetor 2025<\/p>\n<p><strong>Komiteti Ekonomik dhe Social Evropian \u00ebsht\u00eb organi i par\u00eb evropian i cili pranon si an\u00ebtare edhe Kosov\u00ebn, pavar\u00ebsisht se nuk ka status kandidati p\u00ebr an\u00ebtar\u00ebsim n\u00eb Bashkimin Evropian.<\/strong><\/p>\n<p>Ky institucion kishte nisur vitin e kaluar faz\u00ebn pilot t\u00eb projektit me vendet kandidate, por Kosova at\u00ebher\u00eb nuk ishte p\u00ebrfshir\u00eb, pasi ende nuk kishte status kandidati.<\/p>\n<p>\u201cPas konsultimeve me Komisionin Evropian dhe me pal\u00eb t\u00eb tjera t\u00eb r\u00ebnd\u00ebsishme e t\u00eb interesuara, \u00ebsht\u00eb vendosur q\u00eb faza e dyt\u00eb e iniciativ\u00ebs t\u00eb hapet edhe p\u00ebr Kosov\u00ebn, si nj\u00eb kandidate potenciale p\u00ebr an\u00ebtar\u00ebsim\u201d, u konfirmua nga ky institucion.<\/p>\n<p>Thirrja p\u00ebr kandidat\u00ebt e interesuar nga Kosova tashm\u00eb \u00ebsht\u00eb e hapur. Pas p\u00ebrfundimit t\u00eb procedur\u00ebs s\u00eb p\u00ebrzgjedhjes, Kosova do t\u00eb ket\u00eb status t\u00eb barabart\u00eb me vendet e tjera t\u00eb p\u00ebrfshira n\u00eb procesin e zgjerimit.<\/p>\n<p>Si\u00e7 sqaroi Komiteti Ekonomik dhe Social Evropian, kjo thirrje u drejtohet organizatave t\u00eb shoq\u00ebris\u00eb civile, sindikatave dhe partner\u00ebve t\u00eb tjer\u00eb ekonomik\u00eb e social\u00eb.<\/p>\n<p>Komiteti Ekonomik dhe Social Evropian \u00ebsht\u00eb nj\u00eb organ konsultativ i Bashkimit Evropian, q\u00eb p\u00ebrb\u00ebhet nga p\u00ebrfaq\u00ebsues t\u00eb shoqatave t\u00eb pun\u00ebdh\u00ebn\u00ebsve, sindikatave t\u00eb pun\u00ebtor\u00ebve dhe organizatave t\u00eb shoq\u00ebris\u00eb civile. Ai ka p\u00ebr q\u00ebllim t\u00eb bashkoj\u00eb grupet e ndryshme t\u00eb interesit ekonomik e social p\u00ebr t\u00eb kontribuar n\u00eb zhvillimin e tregut t\u00eb p\u00ebrbashk\u00ebt evropian.<\/p>\n","protected":false},"excerpt":{"rendered":"<p>Prishtin\u00eb 18 Tetor 2025 Komiteti Ekonomik dhe Social Evropian \u00ebsht\u00eb organi i par\u00eb evropian i cili pranon si an\u00ebtare edhe Kosov\u00ebn, pavar\u00ebsisht se nuk ka<\/p>\n","protected":false},"author":6,"featured_media":16783,"comment_status":"open","ping_status":"open","sticky":false,"template":"","format":"standard","meta":{"footnotes":""},"categories":[60],"tags":[],"class_list":["post-16782","post","type-post","status-publish","format-standard","has-post-thumbnail","hentry","category-shoqerore-sq"],"yoast_head":"<!-- This site is optimized with the Yoast SEO plugin v25.3.1 - https:\/\/yoast.com\/wordpress\/plugins\/seo\/ -->\n<title>Kosova pranohet ne Komitetin Ekonomik dhe Social Evropian -<\/title>\n<meta name=\"robots\" content=\"index, follow, max-snippet:-1, max-image-preview:large, max-video-preview:-1\" \/>\n<link rel=\"canonical\" href=\"https:\/\/veritasinfo.org\/?p=16782\" \/>\n<meta property=\"og:locale\" content=\"en_US\" \/>\n<meta property=\"og:type\" content=\"article\" \/>\n<meta property=\"og:title\" content=\"Kosova pranohet ne Komitetin Ekonomik dhe Social Evropian -\" \/>\n<meta property=\"og:description\" content=\"Prishtin\u00eb 18 Tetor 2025 Komiteti Ekonomik dhe Social Evropian \u00ebsht\u00eb organi i par\u00eb evropian i cili pranon si an\u00ebtare edhe Kosov\u00ebn, pavar\u00ebsisht se nuk ka\" \/>\n<meta property=\"og:url\" content=\"https:\/\/veritasinfo.org\/?p=16782\" \/>\n<meta property=\"article:published_time\" content=\"2025-10-18T10:04:10+00:00\" \/>\n<meta property=\"article:modified_time\" content=\"2025-10-18T10:04:19+00:00\" \/>\n<meta property=\"og:image\" content=\"https:\/\/veritasinfo.org\/wp-content\/uploads\/2025\/10\/707171-tXEZPS4UGr.jpg\" \/>\n\t<meta property=\"og:image:width\" content=\"780\" \/>\n\t<meta property=\"og:image:height\" content=\"500\" \/>\n\t<meta property=\"og:image:type\" content=\"image\/jpeg\" \/>\n<meta name=\"author\" content=\"US5\" \/>\n<meta name=\"twitter:card\" content=\"summary_large_image\" \/>\n<meta name=\"twitter:label1\" content=\"Written by\" \/>\n\t<meta name=\"twitter:data1\" content=\"US5\" \/>\n\t<meta name=\"twitter:label2\" content=\"Est. reading time\" \/>\n\t<meta name=\"twitter:data2\" content=\"2 minutes\" \/>\n<script type=\"application\/ld+json\" class=\"yoast-schema-graph\">{\"@context\":\"https:\/\/schema.org\",\"@graph\":[{\"@type\":\"WebPage\",\"@id\":\"https:\/\/veritasinfo.org\/?p=16782\",\"url\":\"https:\/\/veritasinfo.org\/?p=16782\",\"name\":\"Kosova pranohet ne Komitetin Ekonomik dhe Social Evropian -\",\"isPartOf\":{\"@id\":\"https:\/\/veritasinfo.org\/#website\"},\"primaryImageOfPage\":{\"@id\":\"https:\/\/veritasinfo.org\/?p=16782#primaryimage\"},\"image\":{\"@id\":\"https:\/\/veritasinfo.org\/?p=16782#primaryimage\"},\"thumbnailUrl\":\"https:\/\/veritasinfo.org\/wp-content\/uploads\/2025\/10\/707171-tXEZPS4UGr.jpg\",\"datePublished\":\"2025-10-18T10:04:10+00:00\",\"dateModified\":\"2025-10-18T10:04:19+00:00\",\"author\":{\"@id\":\"https:\/\/veritasinfo.org\/#\/schema\/person\/bc442336e35414d04494ab8fb45db4c6\"},\"breadcrumb\":{\"@id\":\"https:\/\/veritasinfo.org\/?p=16782#breadcrumb\"},\"inLanguage\":\"en-US\",\"potentialAction\":[{\"@type\":\"ReadAction\",\"target\":[\"https:\/\/veritasinfo.org\/?p=16782\"]}]},{\"@type\":\"ImageObject\",\"inLanguage\":\"en-US\",\"@id\":\"https:\/\/veritasinfo.org\/?p=16782#primaryimage\",\"url\":\"https:\/\/veritasinfo.org\/wp-content\/uploads\/2025\/10\/707171-tXEZPS4UGr.jpg\",\"contentUrl\":\"https:\/\/veritasinfo.org\/wp-content\/uploads\/2025\/10\/707171-tXEZPS4UGr.jpg\",\"width\":780,\"height\":500},{\"@type\":\"BreadcrumbList\",\"@id\":\"https:\/\/veritasinfo.org\/?p=16782#breadcrumb\",\"itemListElement\":[{\"@type\":\"ListItem\",\"position\":1,\"name\":\"Home\",\"item\":\"https:\/\/veritasinfo.org\/\"},{\"@type\":\"ListItem\",\"position\":2,\"name\":\"Kosova pranohet ne Komitetin Ekonomik dhe Social Evropian\"}]},{\"@type\":\"WebSite\",\"@id\":\"https:\/\/veritasinfo.org\/#website\",\"url\":\"https:\/\/veritasinfo.org\/\",\"name\":\"\",\"description\":\"\",\"potentialAction\":[{\"@type\":\"SearchAction\",\"target\":{\"@type\":\"EntryPoint\",\"urlTemplate\":\"https:\/\/veritasinfo.org\/?s={search_term_string}\"},\"query-input\":{\"@type\":\"PropertyValueSpecification\",\"valueRequired\":true,\"valueName\":\"search_term_string\"}}],\"inLanguage\":\"en-US\"},{\"@type\":\"Person\",\"@id\":\"https:\/\/veritasinfo.org\/#\/schema\/person\/bc442336e35414d04494ab8fb45db4c6\",\"name\":\"US5\",\"image\":{\"@type\":\"ImageObject\",\"inLanguage\":\"en-US\",\"@id\":\"https:\/\/veritasinfo.org\/#\/schema\/person\/image\/\",\"url\":\"https:\/\/secure.gravatar.com\/avatar\/16a61e7272a0c5d001121ebb9e60e925d5816e4ac1e443ed3e640d9a6ae55d0c?s=96&d=mm&r=g\",\"contentUrl\":\"https:\/\/secure.gravatar.com\/avatar\/16a61e7272a0c5d001121ebb9e60e925d5816e4ac1e443ed3e640d9a6ae55d0c?s=96&d=mm&r=g\",\"caption\":\"US5\"},\"url\":\"https:\/\/veritasinfo.org\/?author=6\"}]}<\/script>\n<!-- \/ Yoast SEO plugin. -->","yoast_head_json":{"title":"Kosova pranohet ne Komitetin Ekonomik dhe Social Evropian -","robots":{"index":"index","follow":"follow","max-snippet":"max-snippet:-1","max-image-preview":"max-image-preview:large","max-video-preview":"max-video-preview:-1"},"canonical":"https:\/\/veritasinfo.org\/?p=16782","og_locale":"en_US","og_type":"article","og_title":"Kosova pranohet ne Komitetin Ekonomik dhe Social Evropian -","og_description":"Prishtin\u00eb 18 Tetor 2025 Komiteti Ekonomik dhe Social Evropian \u00ebsht\u00eb organi i par\u00eb evropian i cili pranon si an\u00ebtare edhe Kosov\u00ebn, pavar\u00ebsisht se nuk ka","og_url":"https:\/\/veritasinfo.org\/?p=16782","article_published_time":"2025-10-18T10:04:10+00:00","article_modified_time":"2025-10-18T10:04:19+00:00","og_image":[{"width":780,"height":500,"url":"https:\/\/veritasinfo.org\/wp-content\/uploads\/2025\/10\/707171-tXEZPS4UGr.jpg","type":"image\/jpeg"}],"author":"US5","twitter_card":"summary_large_image","twitter_misc":{"Written by":"US5","Est. reading time":"2 minutes"},"schema":{"@context":"https:\/\/schema.org","@graph":[{"@type":"WebPage","@id":"https:\/\/veritasinfo.org\/?p=16782","url":"https:\/\/veritasinfo.org\/?p=16782","name":"Kosova pranohet ne Komitetin Ekonomik dhe Social Evropian -","isPartOf":{"@id":"https:\/\/veritasinfo.org\/#website"},"primaryImageOfPage":{"@id":"https:\/\/veritasinfo.org\/?p=16782#primaryimage"},"image":{"@id":"https:\/\/veritasinfo.org\/?p=16782#primaryimage"},"thumbnailUrl":"https:\/\/veritasinfo.org\/wp-content\/uploads\/2025\/10\/707171-tXEZPS4UGr.jpg","datePublished":"2025-10-18T10:04:10+00:00","dateModified":"2025-10-18T10:04:19+00:00","author":{"@id":"https:\/\/veritasinfo.org\/#\/schema\/person\/bc442336e35414d04494ab8fb45db4c6"},"breadcrumb":{"@id":"https:\/\/veritasinfo.org\/?p=16782#breadcrumb"},"inLanguage":"en-US","potentialAction":[{"@type":"ReadAction","target":["https:\/\/veritasinfo.org\/?p=16782"]}]},{"@type":"ImageObject","inLanguage":"en-US","@id":"https:\/\/veritasinfo.org\/?p=16782#primaryimage","url":"https:\/\/veritasinfo.org\/wp-content\/uploads\/2025\/10\/707171-tXEZPS4UGr.jpg","contentUrl":"https:\/\/veritasinfo.org\/wp-content\/uploads\/2025\/10\/707171-tXEZPS4UGr.jpg","width":780,"height":500},{"@type":"BreadcrumbList","@id":"https:\/\/veritasinfo.org\/?p=16782#breadcrumb","itemListElement":[{"@type":"ListItem","position":1,"name":"Home","item":"https:\/\/veritasinfo.org\/"},{"@type":"ListItem","position":2,"name":"Kosova pranohet ne Komitetin Ekonomik dhe Social Evropian"}]},{"@type":"WebSite","@id":"https:\/\/veritasinfo.org\/#website","url":"https:\/\/veritasinfo.org\/","name":"","description":"","potentialAction":[{"@type":"SearchAction","target":{"@type":"EntryPoint","urlTemplate":"https:\/\/veritasinfo.org\/?s={search_term_string}"},"query-input":{"@type":"PropertyValueSpecification","valueRequired":true,"valueName":"search_term_string"}}],"inLanguage":"en-US"},{"@type":"Person","@id":"https:\/\/veritasinfo.org\/#\/schema\/person\/bc442336e35414d04494ab8fb45db4c6","name":"US5","image":{"@type":"ImageObject","inLanguage":"en-US","@id":"https:\/\/veritasinfo.org\/#\/schema\/person\/image\/","url":"https:\/\/secure.gravatar.com\/avatar\/16a61e7272a0c5d001121ebb9e60e925d5816e4ac1e443ed3e640d9a6ae55d0c?s=96&d=mm&r=g","contentUrl":"https:\/\/secure.gravatar.com\/avatar\/16a61e7272a0c5d001121ebb9e60e925d5816e4ac1e443ed3e640d9a6ae55d0c?s=96&d=mm&r=g","caption":"US5"},"url":"https:\/\/veritasinfo.org\/?author=6"}]}},"featured_image_urls":{"full":["https:\/\/veritasinfo.org\/wp-content\/uploads\/2025\/10\/707171-tXEZPS4UGr.jpg",780,500,false],"thumbnail":["https:\/\/veritasinfo.org\/wp-content\/uploads\/2025\/10\/707171-tXEZPS4UGr-150x150.jpg",150,150,true],"medium":["https:\/\/veritasinfo.org\/wp-content\/uploads\/2025\/10\/707171-tXEZPS4UGr-300x192.jpg",300,192,true],"medium_large":["https:\/\/veritasinfo.org\/wp-content\/uploads\/2025\/10\/707171-tXEZPS4UGr-768x492.jpg",640,410,true],"large":["https:\/\/veritasinfo.org\/wp-content\/uploads\/2025\/10\/707171-tXEZPS4UGr.jpg",640,410,false],"1536x1536":["https:\/\/veritasinfo.org\/wp-content\/uploads\/2025\/10\/707171-tXEZPS4UGr.jpg",780,500,false],"2048x2048":["https:\/\/veritasinfo.org\/wp-content\/uploads\/2025\/10\/707171-tXEZPS4UGr.jpg",780,500,false],"kreeti-slider-full":["https:\/\/veritasinfo.org\/wp-content\/uploads\/2025\/10\/707171-tXEZPS4UGr.jpg",780,500,false],"kreeti-featured":["https:\/\/veritasinfo.org\/wp-content\/uploads\/2025\/10\/707171-tXEZPS4UGr.jpg",780,500,false],"kreeti-medium":["https:\/\/veritasinfo.org\/wp-content\/uploads\/2025\/10\/707171-tXEZPS4UGr.jpg",720,462,false],"kreeti-medium-square":["https:\/\/veritasinfo.org\/wp-content\/uploads\/2025\/10\/707171-tXEZPS4UGr.jpg",350,224,false]},"author_info":{"info":["US5"]},"category_info":"<a href=\"https:\/\/veritasinfo.org\/?cat=60\" rel=\"category\">Shoq\u00ebrore<\/a>","tag_info":"Shoq\u00ebrore","comment_count":"0","_links":{"self":[{"href":"https:\/\/veritasinfo.org\/index.php?rest_route=\/wp\/v2\/posts\/16782","targetHints":{"allow":["GET"]}}],"collection":[{"href":"https:\/\/veritasinfo.org\/index.php?rest_route=\/wp\/v2\/posts"}],"about":[{"href":"https:\/\/veritasinfo.org\/index.php?rest_route=\/wp\/v2\/types\/post"}],"author":[{"embeddable":true,"href":"https:\/\/veritasinfo.org\/index.php?rest_route=\/wp\/v2\/users\/6"}],"replies":[{"embeddable":true,"href":"https:\/\/veritasinfo.org\/index.php?rest_route=%2Fwp%2Fv2%2Fcomments&post=16782"}],"version-history":[{"count":2,"href":"https:\/\/veritasinfo.org\/index.php?rest_route=\/wp\/v2\/posts\/16782\/revisions"}],"predecessor-version":[{"id":16785,"href":"https:\/\/veritasinfo.org\/index.php?rest_route=\/wp\/v2\/posts\/16782\/revisions\/16785"}],"wp:featuredmedia":[{"embeddable":true,"href":"https:\/\/veritasinfo.org\/index.php?rest_route=\/wp\/v2\/media\/16783"}],"wp:attachment":[{"href":"https:\/\/veritasinfo.org\/index.php?rest_route=%2Fwp%2Fv2%2Fmedia&parent=16782"}],"wp:term":[{"taxonomy":"category","embeddable":true,"href":"https:\/\/veritasinfo.org\/index.php?rest_route=%2Fwp%2Fv2%2Fcategories&post=16782"},{"taxonomy":"post_tag","embeddable":true,"href":"https:\/\/veritasinfo.org\/index.php?rest_route=%2Fwp%2Fv2%2Ftags&post=16782"}],"curies":[{"name":"wp","href":"https:\/\/api.w.org\/{rel}","templated":true}]}}