{"id":1676,"date":"2025-06-26T19:40:47","date_gmt":"2025-06-26T17:40:47","guid":{"rendered":"https:\/\/veritasinfo.org\/?p=1676"},"modified":"2025-06-26T19:40:47","modified_gmt":"2025-06-26T17:40:47","slug":"vucic-preti-demonstrantima-intervencijom-i-masovnim-hapsenjima","status":"publish","type":"post","link":"https:\/\/veritasinfo.org\/?p=1676&lang=sr","title":{"rendered":"Vu\u010dic\u0301 preti demonstrantima intervencijom i masovnim hap\u0161enjima"},"content":{"rendered":"<p><strong>Beograd, 26. jun 2025.<\/strong><\/p>\n<p>Samo dva dana pre velikog protestnog skupa u Beogradu, tamo\u0161nje vlasti upozoravaju na nastavak poku\u0161aja, kako ka\u017eu, nasilnog ru\u0161enja ustavnog poretka.<\/p>\n<p>Dok predsednik Srbije Aleksandar Vu\u010dic\u0301 nije isklju\u010dio moguc\u0301nost upotrebe sile kada je u \u010detvrtak izjavio da c\u0301e \u201edr\u017eava intervenisati ako bude primorana\u201c, Agencija za informativnu bezbednost (BIA) je, u svojoj najnovijoj proceni situacije, zaklju\u010dila da \u201epostoji visok rizik od poku\u0161aja ru\u0161enja vlade i ustavnog poretka silom od strane demonstranata\u201c.<\/p>\n<p><img fetchpriority=\"high\" decoding=\"async\" class=\"alignnone size-medium wp-image-1673\" src=\"https:\/\/veritasinfo.org\/wp-content\/uploads\/2025\/06\/vuqiq-brnabiq-300x169.jpg\" alt=\"\" width=\"300\" height=\"169\" srcset=\"https:\/\/veritasinfo.org\/wp-content\/uploads\/2025\/06\/vuqiq-brnabiq-300x169.jpg 300w, https:\/\/veritasinfo.org\/wp-content\/uploads\/2025\/06\/vuqiq-brnabiq-768x434.jpg 768w, https:\/\/veritasinfo.org\/wp-content\/uploads\/2025\/06\/vuqiq-brnabiq.jpg 930w\" sizes=\"(max-width: 300px) 100vw, 300px\" \/>S druge strane, predsednica Skup\u0161tine Srbije Ana Brnabic\u0301 i lider vladajuc\u0301e Napredne stranke Milo\u0161 Vu\u010devic\u0301 upozorili su da c\u0301e biti novih hap\u0161enja demonstranata.<\/p>\n<p>\u201eApsolutno c\u0301e biti nastavljene akcije identifikacije i hap\u0161enja onih koji, po oceni bezbednosnih slu\u017ebi, planiraju nasilno ru\u0161enje ustavnog poretka&#8221;, rekla je Brnabic\u0301eva.<\/p>\n<p>\u201e\u010cestitam BIA, VBA i policiji na ozbiljnom poslu. Snimci razgovora uhap\u0161enih pokazuju da su planirali teroristi\u010dke akcije \u2013 od napada na predsednika dr\u017eave do upada u institucije. To nije napad na partiju, ve\u0107 na dr\u017eavu Srbiju\u201c, rekao je na drugoj strani, Milo\u0161 Vu\u010devi\u0107 i pozvao bezbednosne organe da \u201eidentifikuju sve sa takozvanih teroristi\u010dkih plenuma\u201c.<\/p>\n","protected":false},"excerpt":{"rendered":"<p>Beograd, 26. jun 2025. Samo dva dana pre velikog protestnog skupa u Beogradu, tamo\u0161nje vlasti upozoravaju na nastavak poku\u0161aja, kako ka\u017eu, nasilnog ru\u0161enja ustavnog poretka.<\/p>\n","protected":false},"author":2,"featured_media":1677,"comment_status":"open","ping_status":"open","sticky":false,"template":"","format":"standard","meta":{"footnotes":""},"categories":[28],"tags":[],"class_list":["post-1676","post","type-post","status-publish","format-standard","has-post-thumbnail","hentry","category-politika"],"yoast_head":"<!-- This site is optimized with the Yoast SEO plugin v25.3.1 - https:\/\/yoast.com\/wordpress\/plugins\/seo\/ -->\n<title>Vu\u010dic\u0301 preti demonstrantima intervencijom i masovnim hap\u0161enjima -<\/title>\n<meta name=\"robots\" content=\"index, follow, max-snippet:-1, max-image-preview:large, max-video-preview:-1\" \/>\n<link rel=\"canonical\" href=\"https:\/\/veritasinfo.org\/?p=1676&lang=sr\" \/>\n<meta property=\"og:locale\" content=\"en_US\" \/>\n<meta property=\"og:type\" content=\"article\" \/>\n<meta property=\"og:title\" content=\"Vu\u010dic\u0301 preti demonstrantima intervencijom i masovnim hap\u0161enjima -\" \/>\n<meta property=\"og:description\" content=\"Beograd, 26. jun 2025. Samo dva dana pre velikog protestnog skupa u Beogradu, tamo\u0161nje vlasti upozoravaju na nastavak poku\u0161aja, kako ka\u017eu, nasilnog ru\u0161enja ustavnog poretka.\" \/>\n<meta property=\"og:url\" content=\"https:\/\/veritasinfo.org\/?p=1676&amp;lang=sr\" \/>\n<meta property=\"article:published_time\" content=\"2025-06-26T17:40:47+00:00\" \/>\n<meta property=\"og:image\" content=\"https:\/\/veritasinfo.org\/wp-content\/uploads\/2025\/06\/arrestime.webp\" \/>\n\t<meta property=\"og:image:width\" content=\"640\" \/>\n\t<meta property=\"og:image:height\" content=\"360\" \/>\n\t<meta property=\"og:image:type\" content=\"image\/webp\" \/>\n<meta name=\"author\" content=\"US1\" \/>\n<meta name=\"twitter:card\" content=\"summary_large_image\" \/>\n<meta name=\"twitter:label1\" content=\"Written by\" \/>\n\t<meta name=\"twitter:data1\" content=\"US1\" \/>\n\t<meta name=\"twitter:label2\" content=\"Est. reading time\" \/>\n\t<meta name=\"twitter:data2\" content=\"2 minutes\" \/>\n<script type=\"application\/ld+json\" class=\"yoast-schema-graph\">{\"@context\":\"https:\/\/schema.org\",\"@graph\":[{\"@type\":\"WebPage\",\"@id\":\"https:\/\/veritasinfo.org\/?p=1676&lang=sr\",\"url\":\"https:\/\/veritasinfo.org\/?p=1676&lang=sr\",\"name\":\"Vu\u010dic\u0301 preti demonstrantima intervencijom i masovnim hap\u0161enjima -\",\"isPartOf\":{\"@id\":\"https:\/\/veritasinfo.org\/#website\"},\"primaryImageOfPage\":{\"@id\":\"https:\/\/veritasinfo.org\/?p=1676&lang=sr#primaryimage\"},\"image\":{\"@id\":\"https:\/\/veritasinfo.org\/?p=1676&lang=sr#primaryimage\"},\"thumbnailUrl\":\"https:\/\/veritasinfo.org\/wp-content\/uploads\/2025\/06\/arrestime.webp\",\"datePublished\":\"2025-06-26T17:40:47+00:00\",\"author\":{\"@id\":\"https:\/\/veritasinfo.org\/#\/schema\/person\/c2b8be262ea994d0995addca692c5e98\"},\"breadcrumb\":{\"@id\":\"https:\/\/veritasinfo.org\/?p=1676&lang=sr#breadcrumb\"},\"inLanguage\":\"en-US\",\"potentialAction\":[{\"@type\":\"ReadAction\",\"target\":[\"https:\/\/veritasinfo.org\/?p=1676&lang=sr\"]}]},{\"@type\":\"ImageObject\",\"inLanguage\":\"en-US\",\"@id\":\"https:\/\/veritasinfo.org\/?p=1676&lang=sr#primaryimage\",\"url\":\"https:\/\/veritasinfo.org\/wp-content\/uploads\/2025\/06\/arrestime.webp\",\"contentUrl\":\"https:\/\/veritasinfo.org\/wp-content\/uploads\/2025\/06\/arrestime.webp\",\"width\":640,\"height\":360},{\"@type\":\"BreadcrumbList\",\"@id\":\"https:\/\/veritasinfo.org\/?p=1676&lang=sr#breadcrumb\",\"itemListElement\":[{\"@type\":\"ListItem\",\"position\":1,\"name\":\"Home\",\"item\":\"https:\/\/veritasinfo.org\/\"},{\"@type\":\"ListItem\",\"position\":2,\"name\":\"Vu\u010dic\u0301 preti demonstrantima intervencijom i masovnim hap\u0161enjima\"}]},{\"@type\":\"WebSite\",\"@id\":\"https:\/\/veritasinfo.org\/#website\",\"url\":\"https:\/\/veritasinfo.org\/\",\"name\":\"\",\"description\":\"\",\"potentialAction\":[{\"@type\":\"SearchAction\",\"target\":{\"@type\":\"EntryPoint\",\"urlTemplate\":\"https:\/\/veritasinfo.org\/?s={search_term_string}\"},\"query-input\":{\"@type\":\"PropertyValueSpecification\",\"valueRequired\":true,\"valueName\":\"search_term_string\"}}],\"inLanguage\":\"en-US\"},{\"@type\":\"Person\",\"@id\":\"https:\/\/veritasinfo.org\/#\/schema\/person\/c2b8be262ea994d0995addca692c5e98\",\"name\":\"US1\",\"image\":{\"@type\":\"ImageObject\",\"inLanguage\":\"en-US\",\"@id\":\"https:\/\/veritasinfo.org\/#\/schema\/person\/image\/\",\"url\":\"https:\/\/secure.gravatar.com\/avatar\/4e96a59bd256abf9956eb9963ac891a47461ffb364d47b0e9aab113328fdb75b?s=96&d=mm&r=g\",\"contentUrl\":\"https:\/\/secure.gravatar.com\/avatar\/4e96a59bd256abf9956eb9963ac891a47461ffb364d47b0e9aab113328fdb75b?s=96&d=mm&r=g\",\"caption\":\"US1\"},\"url\":\"https:\/\/veritasinfo.org\/?author=2\"}]}<\/script>\n<!-- \/ Yoast SEO plugin. -->","yoast_head_json":{"title":"Vu\u010dic\u0301 preti demonstrantima intervencijom i masovnim hap\u0161enjima -","robots":{"index":"index","follow":"follow","max-snippet":"max-snippet:-1","max-image-preview":"max-image-preview:large","max-video-preview":"max-video-preview:-1"},"canonical":"https:\/\/veritasinfo.org\/?p=1676&lang=sr","og_locale":"en_US","og_type":"article","og_title":"Vu\u010dic\u0301 preti demonstrantima intervencijom i masovnim hap\u0161enjima -","og_description":"Beograd, 26. jun 2025. Samo dva dana pre velikog protestnog skupa u Beogradu, tamo\u0161nje vlasti upozoravaju na nastavak poku\u0161aja, kako ka\u017eu, nasilnog ru\u0161enja ustavnog poretka.","og_url":"https:\/\/veritasinfo.org\/?p=1676&lang=sr","article_published_time":"2025-06-26T17:40:47+00:00","og_image":[{"width":640,"height":360,"url":"https:\/\/veritasinfo.org\/wp-content\/uploads\/2025\/06\/arrestime.webp","type":"image\/webp"}],"author":"US1","twitter_card":"summary_large_image","twitter_misc":{"Written by":"US1","Est. reading time":"2 minutes"},"schema":{"@context":"https:\/\/schema.org","@graph":[{"@type":"WebPage","@id":"https:\/\/veritasinfo.org\/?p=1676&lang=sr","url":"https:\/\/veritasinfo.org\/?p=1676&lang=sr","name":"Vu\u010dic\u0301 preti demonstrantima intervencijom i masovnim hap\u0161enjima -","isPartOf":{"@id":"https:\/\/veritasinfo.org\/#website"},"primaryImageOfPage":{"@id":"https:\/\/veritasinfo.org\/?p=1676&lang=sr#primaryimage"},"image":{"@id":"https:\/\/veritasinfo.org\/?p=1676&lang=sr#primaryimage"},"thumbnailUrl":"https:\/\/veritasinfo.org\/wp-content\/uploads\/2025\/06\/arrestime.webp","datePublished":"2025-06-26T17:40:47+00:00","author":{"@id":"https:\/\/veritasinfo.org\/#\/schema\/person\/c2b8be262ea994d0995addca692c5e98"},"breadcrumb":{"@id":"https:\/\/veritasinfo.org\/?p=1676&lang=sr#breadcrumb"},"inLanguage":"en-US","potentialAction":[{"@type":"ReadAction","target":["https:\/\/veritasinfo.org\/?p=1676&lang=sr"]}]},{"@type":"ImageObject","inLanguage":"en-US","@id":"https:\/\/veritasinfo.org\/?p=1676&lang=sr#primaryimage","url":"https:\/\/veritasinfo.org\/wp-content\/uploads\/2025\/06\/arrestime.webp","contentUrl":"https:\/\/veritasinfo.org\/wp-content\/uploads\/2025\/06\/arrestime.webp","width":640,"height":360},{"@type":"BreadcrumbList","@id":"https:\/\/veritasinfo.org\/?p=1676&lang=sr#breadcrumb","itemListElement":[{"@type":"ListItem","position":1,"name":"Home","item":"https:\/\/veritasinfo.org\/"},{"@type":"ListItem","position":2,"name":"Vu\u010dic\u0301 preti demonstrantima intervencijom i masovnim hap\u0161enjima"}]},{"@type":"WebSite","@id":"https:\/\/veritasinfo.org\/#website","url":"https:\/\/veritasinfo.org\/","name":"","description":"","potentialAction":[{"@type":"SearchAction","target":{"@type":"EntryPoint","urlTemplate":"https:\/\/veritasinfo.org\/?s={search_term_string}"},"query-input":{"@type":"PropertyValueSpecification","valueRequired":true,"valueName":"search_term_string"}}],"inLanguage":"en-US"},{"@type":"Person","@id":"https:\/\/veritasinfo.org\/#\/schema\/person\/c2b8be262ea994d0995addca692c5e98","name":"US1","image":{"@type":"ImageObject","inLanguage":"en-US","@id":"https:\/\/veritasinfo.org\/#\/schema\/person\/image\/","url":"https:\/\/secure.gravatar.com\/avatar\/4e96a59bd256abf9956eb9963ac891a47461ffb364d47b0e9aab113328fdb75b?s=96&d=mm&r=g","contentUrl":"https:\/\/secure.gravatar.com\/avatar\/4e96a59bd256abf9956eb9963ac891a47461ffb364d47b0e9aab113328fdb75b?s=96&d=mm&r=g","caption":"US1"},"url":"https:\/\/veritasinfo.org\/?author=2"}]}},"featured_image_urls":{"full":["https:\/\/veritasinfo.org\/wp-content\/uploads\/2025\/06\/arrestime.webp",640,360,false],"thumbnail":["https:\/\/veritasinfo.org\/wp-content\/uploads\/2025\/06\/arrestime-150x150.webp",150,150,true],"medium":["https:\/\/veritasinfo.org\/wp-content\/uploads\/2025\/06\/arrestime-300x169.webp",300,169,true],"medium_large":["https:\/\/veritasinfo.org\/wp-content\/uploads\/2025\/06\/arrestime.webp",640,360,false],"large":["https:\/\/veritasinfo.org\/wp-content\/uploads\/2025\/06\/arrestime.webp",640,360,false],"1536x1536":["https:\/\/veritasinfo.org\/wp-content\/uploads\/2025\/06\/arrestime.webp",640,360,false],"2048x2048":["https:\/\/veritasinfo.org\/wp-content\/uploads\/2025\/06\/arrestime.webp",640,360,false],"kreeti-slider-full":["https:\/\/veritasinfo.org\/wp-content\/uploads\/2025\/06\/arrestime.webp",640,360,false],"kreeti-featured":["https:\/\/veritasinfo.org\/wp-content\/uploads\/2025\/06\/arrestime.webp",640,360,false],"kreeti-medium":["https:\/\/veritasinfo.org\/wp-content\/uploads\/2025\/06\/arrestime.webp",640,360,false],"kreeti-medium-square":["https:\/\/veritasinfo.org\/wp-content\/uploads\/2025\/06\/arrestime.webp",350,197,false]},"author_info":{"info":["US1"]},"category_info":"<a href=\"https:\/\/veritasinfo.org\/?cat=28&#038;lang=sr\" rel=\"category\">Politika<\/a>","tag_info":"Politika","comment_count":"0","_links":{"self":[{"href":"https:\/\/veritasinfo.org\/index.php?rest_route=\/wp\/v2\/posts\/1676","targetHints":{"allow":["GET"]}}],"collection":[{"href":"https:\/\/veritasinfo.org\/index.php?rest_route=\/wp\/v2\/posts"}],"about":[{"href":"https:\/\/veritasinfo.org\/index.php?rest_route=\/wp\/v2\/types\/post"}],"author":[{"embeddable":true,"href":"https:\/\/veritasinfo.org\/index.php?rest_route=\/wp\/v2\/users\/2"}],"replies":[{"embeddable":true,"href":"https:\/\/veritasinfo.org\/index.php?rest_route=%2Fwp%2Fv2%2Fcomments&post=1676"}],"version-history":[{"count":1,"href":"https:\/\/veritasinfo.org\/index.php?rest_route=\/wp\/v2\/posts\/1676\/revisions"}],"predecessor-version":[{"id":1678,"href":"https:\/\/veritasinfo.org\/index.php?rest_route=\/wp\/v2\/posts\/1676\/revisions\/1678"}],"wp:featuredmedia":[{"embeddable":true,"href":"https:\/\/veritasinfo.org\/index.php?rest_route=\/wp\/v2\/media\/1677"}],"wp:attachment":[{"href":"https:\/\/veritasinfo.org\/index.php?rest_route=%2Fwp%2Fv2%2Fmedia&parent=1676"}],"wp:term":[{"taxonomy":"category","embeddable":true,"href":"https:\/\/veritasinfo.org\/index.php?rest_route=%2Fwp%2Fv2%2Fcategories&post=1676"},{"taxonomy":"post_tag","embeddable":true,"href":"https:\/\/veritasinfo.org\/index.php?rest_route=%2Fwp%2Fv2%2Ftags&post=1676"}],"curies":[{"name":"wp","href":"https:\/\/api.w.org\/{rel}","templated":true}]}}