{"id":16717,"date":"2025-10-18T07:18:04","date_gmt":"2025-10-18T05:18:04","guid":{"rendered":"https:\/\/veritasinfo.org\/?p=16717"},"modified":"2025-10-18T07:18:04","modified_gmt":"2025-10-18T05:18:04","slug":"kosova-akuzon-serbine-per-zvarritje-ne-hetimin-e-varrezes-masive","status":"publish","type":"post","link":"https:\/\/veritasinfo.org\/?p=16717","title":{"rendered":"Kosova akuzon Serbin\u00eb p\u00ebr zvarritje n\u00eb hetimin e varrez\u00ebs masive"},"content":{"rendered":"<p>Prishtin\u00eba, 18 tetor 2025<\/p>\n<p>Pun\u00ebt p\u00ebr zbardhjen e fatit t\u00eb t\u00eb pagjeturve n\u00eb nj\u00eb deponi n\u00eb fshatin Kozhlje, af\u00ebr Novi Pazarit, q\u00eb kan\u00eb filluar tash e nj\u00eb muaj, po zhvillohen me intensitet t\u00eb ul\u00ebt dhe nd\u00ebrprerje t\u00eb shpeshta, gj\u00eb q\u00eb sipas pal\u00ebs kosovare p\u00ebrb\u00ebn nj\u00eb strategji t\u00eb q\u00ebllimshme t\u00eb autoriteteve serbe p\u00ebr t\u00eb penguar zbardhjen e fatit t\u00eb personave t\u00eb zhdukur gjat\u00eb luft\u00ebs n\u00eb Kosov\u00eb.<\/p>\n<p>G\u00ebrmimet p\u00ebr gjetjen e t\u00eb pagjeturve, t\u00eb cilat kishin filluar n\u00eb fillim t\u00eb muajit shtator n\u00eb nj\u00eb deponi n\u00eb fshatin Kozhle, af\u00ebr Novi Pazarit, aktualisht po zhvillohen me intensitet t\u00eb ul\u00ebt.\u00a0Ato shpeshher\u00eb nd\u00ebrpriten dhe rifillojn\u00eb.<\/p>\n<p>Sipas pal\u00ebs kosovare, kjo qasje zvarrit\u00ebse duket se synon t\u00eb pengoj\u00eb procesin e identifikimit dhe gjetjes s\u00eb mbetjeve mortore n\u00eb k\u00ebt\u00eb lokacion, ku dyshohet se ndodhet nj\u00eb varrez\u00eb masive.<\/p>\n<p>Kryesuesi i Komisionit Qeveritar p\u00ebr Personat e Zhdukur, Andin Hoti, ka deklaruar se pala serbe po tregohet jo bashk\u00ebpunuese.<\/p>\n<p>Ai ka theksuar se Serbia po vazhdon ta zvarris pun\u00ebn n\u00eb terren p\u00ebr zbardhjen e fatit t\u00eb t\u00eb zhdukurve gjat\u00eb luft\u00ebs n\u00eb Kosov\u00eb.<\/p>\n<p>&#8220;Po don\u00eb me bo Kozhlen nj\u00eb praktik\u00eb q\u00eb e kan\u00eb pasur n\u00eb Rudnic\u00eb dhe Kizhevak, dy lokacione tjera q\u00eb i kan\u00eb trajtuar q\u00eb i kan\u00eb marr\u00eb ka pese vite t\u00eb dyja. T\u00eb shtyjm\u00eb kinse pun\u00ebt edhe nja pes\u00eb vite n\u00eb Kozhle dhe pas pes\u00eb viteve t\u00eb shikojm\u00eb, ndryshon situata dhe harrohen k\u00ebto pun\u00eb. Ky \u00ebsht\u00eb q\u00ebllimi i tyre, sepse me qen\u00eb n\u00eb an\u00ebn e tyre ata po don\u00eb me i ik\u00eb p\u00ebrgjegj\u00ebsis\u00eb s\u00eb krimit&#8221;, theksoi Hoti.<\/p>\n<p>P\u00ebr shkak t\u00eb k\u00ebsaj, Hoti ka th\u00ebn\u00eb se brenda k\u00ebtij viti nuk pritet madje as terreni t\u00eb b\u00ebhet gati p\u00ebr g\u00ebrmime.<\/p>\n<p>&#8220;Me qen\u00eb i drejtp\u00ebrdrejt\u00eb, mos me mbajt\u00eb shpres\u00eb familjet, un\u00eb nuk besoj\u00eb q\u00eb brenda k\u00ebtij viti do t\u00eb shkojm\u00eb tek lokacioni q\u00eb \u00ebsht\u00eb 15 metra n\u00ebn mbeturina ku dyshohet varreza masive k\u00ebshtu q\u00eb dyshoj se do t\u00eb shtyhet p\u00ebr vitin e ardhsh\u00ebm&#8221;, tha Hoti.<\/p>\n<p>Haki Kasumi, nga Shoqata p\u00ebr Hulumtimin e Fatit t\u00eb Personave t\u00eb Pagjetur, thekson se shtyrja e p\u00ebrditshme e zbardhjes s\u00eb fatit t\u00eb t\u00eb zhdukurve \u00ebsht\u00eb nj\u00eb politik\u00eb e vazhdueshme serbe, e cila sipas tij njeh\u00eb vet\u00ebm presionin.<\/p>\n<p>\u201cInformatat p\u00ebr k\u00ebta t\u00eb gjitha i ka n\u00eb dosje t\u00eb veta Serbia po s\u2019po kem fuqi force e miq te duhur ne bashk\u00ebsin\u00eb nd\u00ebrkomb\u00ebtare, sepse ata vet\u00ebm me presion mund te japin dhe ti hapin arkivat e tyre\u201d, theksoi Kasumi.<\/p>\n<p>N\u00eb takimin e fundit t\u00eb shtatorit n\u00eb Bruksel mes negociator\u00ebve kosovar\u00eb dhe serb\u00eb, me nd\u00ebrmjet\u00ebsimin e emisarit evropian Sorensen, Serbia zyrtarisht ka refuzuar zbatimin e Komisionit t\u00eb P\u00ebrbashk\u00ebt p\u00ebr Personat e Zhdukur, duke k\u00ebrkuar ndryshimin e termave t\u00eb referenc\u00ebs, terma k\u00ebto t\u00eb miratuar n\u00eb dhjetor t\u00eb 2024 t\u00eb Komisionit t\u00eb P\u00ebrbashk\u00ebt p\u00ebr Personat e zhdukur nd\u00ebrmjet t\u00eb dy pal\u00ebve n\u00eb Bruksel<\/p>\n<p>&nbsp;<\/p>\n<p>&nbsp;<\/p>\n","protected":false},"excerpt":{"rendered":"<p>Prishtin\u00eba, 18 tetor 2025 Pun\u00ebt p\u00ebr zbardhjen e fatit t\u00eb t\u00eb pagjeturve n\u00eb nj\u00eb deponi n\u00eb fshatin Kozhlje, af\u00ebr Novi Pazarit, q\u00eb kan\u00eb filluar tash<\/p>\n","protected":false},"author":7,"featured_media":16718,"comment_status":"open","ping_status":"open","sticky":false,"template":"","format":"standard","meta":{"footnotes":""},"categories":[60],"tags":[],"class_list":["post-16717","post","type-post","status-publish","format-standard","has-post-thumbnail","hentry","category-shoqerore-sq"],"yoast_head":"<!-- This site is optimized with the Yoast SEO plugin v25.3.1 - https:\/\/yoast.com\/wordpress\/plugins\/seo\/ -->\n<title>Kosova akuzon Serbin\u00eb p\u00ebr zvarritje n\u00eb hetimin e varrez\u00ebs masive -<\/title>\n<meta name=\"robots\" content=\"index, follow, max-snippet:-1, max-image-preview:large, max-video-preview:-1\" \/>\n<link rel=\"canonical\" href=\"https:\/\/veritasinfo.org\/?p=16717\" \/>\n<meta property=\"og:locale\" content=\"en_US\" \/>\n<meta property=\"og:type\" content=\"article\" \/>\n<meta property=\"og:title\" content=\"Kosova akuzon Serbin\u00eb p\u00ebr zvarritje n\u00eb hetimin e varrez\u00ebs masive -\" \/>\n<meta property=\"og:description\" content=\"Prishtin\u00eba, 18 tetor 2025 Pun\u00ebt p\u00ebr zbardhjen e fatit t\u00eb t\u00eb pagjeturve n\u00eb nj\u00eb deponi n\u00eb fshatin Kozhlje, af\u00ebr Novi Pazarit, q\u00eb kan\u00eb filluar tash\" \/>\n<meta property=\"og:url\" content=\"https:\/\/veritasinfo.org\/?p=16717\" \/>\n<meta property=\"article:published_time\" content=\"2025-10-18T05:18:04+00:00\" \/>\n<meta property=\"og:image\" content=\"https:\/\/veritasinfo.org\/wp-content\/uploads\/2025\/10\/707140-vWhIPoR5LV.png\" \/>\n\t<meta property=\"og:image:width\" content=\"699\" \/>\n\t<meta property=\"og:image:height\" content=\"500\" \/>\n\t<meta property=\"og:image:type\" content=\"image\/png\" \/>\n<meta name=\"author\" content=\"US6\" \/>\n<meta name=\"twitter:card\" content=\"summary_large_image\" \/>\n<meta name=\"twitter:label1\" content=\"Written by\" \/>\n\t<meta name=\"twitter:data1\" content=\"US6\" \/>\n\t<meta name=\"twitter:label2\" content=\"Est. reading time\" \/>\n\t<meta name=\"twitter:data2\" content=\"3 minutes\" \/>\n<script type=\"application\/ld+json\" class=\"yoast-schema-graph\">{\"@context\":\"https:\/\/schema.org\",\"@graph\":[{\"@type\":\"WebPage\",\"@id\":\"https:\/\/veritasinfo.org\/?p=16717\",\"url\":\"https:\/\/veritasinfo.org\/?p=16717\",\"name\":\"Kosova akuzon Serbin\u00eb p\u00ebr zvarritje n\u00eb hetimin e varrez\u00ebs masive -\",\"isPartOf\":{\"@id\":\"https:\/\/veritasinfo.org\/#website\"},\"primaryImageOfPage\":{\"@id\":\"https:\/\/veritasinfo.org\/?p=16717#primaryimage\"},\"image\":{\"@id\":\"https:\/\/veritasinfo.org\/?p=16717#primaryimage\"},\"thumbnailUrl\":\"https:\/\/veritasinfo.org\/wp-content\/uploads\/2025\/10\/707140-vWhIPoR5LV.png\",\"datePublished\":\"2025-10-18T05:18:04+00:00\",\"author\":{\"@id\":\"https:\/\/veritasinfo.org\/#\/schema\/person\/fe199eede04c3937362892b7444747cc\"},\"breadcrumb\":{\"@id\":\"https:\/\/veritasinfo.org\/?p=16717#breadcrumb\"},\"inLanguage\":\"en-US\",\"potentialAction\":[{\"@type\":\"ReadAction\",\"target\":[\"https:\/\/veritasinfo.org\/?p=16717\"]}]},{\"@type\":\"ImageObject\",\"inLanguage\":\"en-US\",\"@id\":\"https:\/\/veritasinfo.org\/?p=16717#primaryimage\",\"url\":\"https:\/\/veritasinfo.org\/wp-content\/uploads\/2025\/10\/707140-vWhIPoR5LV.png\",\"contentUrl\":\"https:\/\/veritasinfo.org\/wp-content\/uploads\/2025\/10\/707140-vWhIPoR5LV.png\",\"width\":699,\"height\":500},{\"@type\":\"BreadcrumbList\",\"@id\":\"https:\/\/veritasinfo.org\/?p=16717#breadcrumb\",\"itemListElement\":[{\"@type\":\"ListItem\",\"position\":1,\"name\":\"Home\",\"item\":\"https:\/\/veritasinfo.org\/\"},{\"@type\":\"ListItem\",\"position\":2,\"name\":\"Kosova akuzon Serbin\u00eb p\u00ebr zvarritje n\u00eb hetimin e varrez\u00ebs masive\"}]},{\"@type\":\"WebSite\",\"@id\":\"https:\/\/veritasinfo.org\/#website\",\"url\":\"https:\/\/veritasinfo.org\/\",\"name\":\"\",\"description\":\"\",\"potentialAction\":[{\"@type\":\"SearchAction\",\"target\":{\"@type\":\"EntryPoint\",\"urlTemplate\":\"https:\/\/veritasinfo.org\/?s={search_term_string}\"},\"query-input\":{\"@type\":\"PropertyValueSpecification\",\"valueRequired\":true,\"valueName\":\"search_term_string\"}}],\"inLanguage\":\"en-US\"},{\"@type\":\"Person\",\"@id\":\"https:\/\/veritasinfo.org\/#\/schema\/person\/fe199eede04c3937362892b7444747cc\",\"name\":\"US6\",\"image\":{\"@type\":\"ImageObject\",\"inLanguage\":\"en-US\",\"@id\":\"https:\/\/veritasinfo.org\/#\/schema\/person\/image\/\",\"url\":\"https:\/\/secure.gravatar.com\/avatar\/cb16c3c31c9d23b9b8c705964598220b3014e42ff51eb540ff23cefa3ae8c15f?s=96&d=mm&r=g\",\"contentUrl\":\"https:\/\/secure.gravatar.com\/avatar\/cb16c3c31c9d23b9b8c705964598220b3014e42ff51eb540ff23cefa3ae8c15f?s=96&d=mm&r=g\",\"caption\":\"US6\"},\"url\":\"https:\/\/veritasinfo.org\/?author=7\"}]}<\/script>\n<!-- \/ Yoast SEO plugin. -->","yoast_head_json":{"title":"Kosova akuzon Serbin\u00eb p\u00ebr zvarritje n\u00eb hetimin e varrez\u00ebs masive -","robots":{"index":"index","follow":"follow","max-snippet":"max-snippet:-1","max-image-preview":"max-image-preview:large","max-video-preview":"max-video-preview:-1"},"canonical":"https:\/\/veritasinfo.org\/?p=16717","og_locale":"en_US","og_type":"article","og_title":"Kosova akuzon Serbin\u00eb p\u00ebr zvarritje n\u00eb hetimin e varrez\u00ebs masive -","og_description":"Prishtin\u00eba, 18 tetor 2025 Pun\u00ebt p\u00ebr zbardhjen e fatit t\u00eb t\u00eb pagjeturve n\u00eb nj\u00eb deponi n\u00eb fshatin Kozhlje, af\u00ebr Novi Pazarit, q\u00eb kan\u00eb filluar tash","og_url":"https:\/\/veritasinfo.org\/?p=16717","article_published_time":"2025-10-18T05:18:04+00:00","og_image":[{"width":699,"height":500,"url":"https:\/\/veritasinfo.org\/wp-content\/uploads\/2025\/10\/707140-vWhIPoR5LV.png","type":"image\/png"}],"author":"US6","twitter_card":"summary_large_image","twitter_misc":{"Written by":"US6","Est. reading time":"3 minutes"},"schema":{"@context":"https:\/\/schema.org","@graph":[{"@type":"WebPage","@id":"https:\/\/veritasinfo.org\/?p=16717","url":"https:\/\/veritasinfo.org\/?p=16717","name":"Kosova akuzon Serbin\u00eb p\u00ebr zvarritje n\u00eb hetimin e varrez\u00ebs masive -","isPartOf":{"@id":"https:\/\/veritasinfo.org\/#website"},"primaryImageOfPage":{"@id":"https:\/\/veritasinfo.org\/?p=16717#primaryimage"},"image":{"@id":"https:\/\/veritasinfo.org\/?p=16717#primaryimage"},"thumbnailUrl":"https:\/\/veritasinfo.org\/wp-content\/uploads\/2025\/10\/707140-vWhIPoR5LV.png","datePublished":"2025-10-18T05:18:04+00:00","author":{"@id":"https:\/\/veritasinfo.org\/#\/schema\/person\/fe199eede04c3937362892b7444747cc"},"breadcrumb":{"@id":"https:\/\/veritasinfo.org\/?p=16717#breadcrumb"},"inLanguage":"en-US","potentialAction":[{"@type":"ReadAction","target":["https:\/\/veritasinfo.org\/?p=16717"]}]},{"@type":"ImageObject","inLanguage":"en-US","@id":"https:\/\/veritasinfo.org\/?p=16717#primaryimage","url":"https:\/\/veritasinfo.org\/wp-content\/uploads\/2025\/10\/707140-vWhIPoR5LV.png","contentUrl":"https:\/\/veritasinfo.org\/wp-content\/uploads\/2025\/10\/707140-vWhIPoR5LV.png","width":699,"height":500},{"@type":"BreadcrumbList","@id":"https:\/\/veritasinfo.org\/?p=16717#breadcrumb","itemListElement":[{"@type":"ListItem","position":1,"name":"Home","item":"https:\/\/veritasinfo.org\/"},{"@type":"ListItem","position":2,"name":"Kosova akuzon Serbin\u00eb p\u00ebr zvarritje n\u00eb hetimin e varrez\u00ebs masive"}]},{"@type":"WebSite","@id":"https:\/\/veritasinfo.org\/#website","url":"https:\/\/veritasinfo.org\/","name":"","description":"","potentialAction":[{"@type":"SearchAction","target":{"@type":"EntryPoint","urlTemplate":"https:\/\/veritasinfo.org\/?s={search_term_string}"},"query-input":{"@type":"PropertyValueSpecification","valueRequired":true,"valueName":"search_term_string"}}],"inLanguage":"en-US"},{"@type":"Person","@id":"https:\/\/veritasinfo.org\/#\/schema\/person\/fe199eede04c3937362892b7444747cc","name":"US6","image":{"@type":"ImageObject","inLanguage":"en-US","@id":"https:\/\/veritasinfo.org\/#\/schema\/person\/image\/","url":"https:\/\/secure.gravatar.com\/avatar\/cb16c3c31c9d23b9b8c705964598220b3014e42ff51eb540ff23cefa3ae8c15f?s=96&d=mm&r=g","contentUrl":"https:\/\/secure.gravatar.com\/avatar\/cb16c3c31c9d23b9b8c705964598220b3014e42ff51eb540ff23cefa3ae8c15f?s=96&d=mm&r=g","caption":"US6"},"url":"https:\/\/veritasinfo.org\/?author=7"}]}},"featured_image_urls":{"full":["https:\/\/veritasinfo.org\/wp-content\/uploads\/2025\/10\/707140-vWhIPoR5LV.png",699,500,false],"thumbnail":["https:\/\/veritasinfo.org\/wp-content\/uploads\/2025\/10\/707140-vWhIPoR5LV-150x150.png",150,150,true],"medium":["https:\/\/veritasinfo.org\/wp-content\/uploads\/2025\/10\/707140-vWhIPoR5LV-300x215.png",300,215,true],"medium_large":["https:\/\/veritasinfo.org\/wp-content\/uploads\/2025\/10\/707140-vWhIPoR5LV.png",640,458,false],"large":["https:\/\/veritasinfo.org\/wp-content\/uploads\/2025\/10\/707140-vWhIPoR5LV.png",640,458,false],"1536x1536":["https:\/\/veritasinfo.org\/wp-content\/uploads\/2025\/10\/707140-vWhIPoR5LV.png",699,500,false],"2048x2048":["https:\/\/veritasinfo.org\/wp-content\/uploads\/2025\/10\/707140-vWhIPoR5LV.png",699,500,false],"kreeti-slider-full":["https:\/\/veritasinfo.org\/wp-content\/uploads\/2025\/10\/707140-vWhIPoR5LV.png",699,500,false],"kreeti-featured":["https:\/\/veritasinfo.org\/wp-content\/uploads\/2025\/10\/707140-vWhIPoR5LV.png",699,500,false],"kreeti-medium":["https:\/\/veritasinfo.org\/wp-content\/uploads\/2025\/10\/707140-vWhIPoR5LV.png",699,500,false],"kreeti-medium-square":["https:\/\/veritasinfo.org\/wp-content\/uploads\/2025\/10\/707140-vWhIPoR5LV.png",350,250,false]},"author_info":{"info":["US6"]},"category_info":"<a href=\"https:\/\/veritasinfo.org\/?cat=60\" rel=\"category\">Shoq\u00ebrore<\/a>","tag_info":"Shoq\u00ebrore","comment_count":"0","_links":{"self":[{"href":"https:\/\/veritasinfo.org\/index.php?rest_route=\/wp\/v2\/posts\/16717","targetHints":{"allow":["GET"]}}],"collection":[{"href":"https:\/\/veritasinfo.org\/index.php?rest_route=\/wp\/v2\/posts"}],"about":[{"href":"https:\/\/veritasinfo.org\/index.php?rest_route=\/wp\/v2\/types\/post"}],"author":[{"embeddable":true,"href":"https:\/\/veritasinfo.org\/index.php?rest_route=\/wp\/v2\/users\/7"}],"replies":[{"embeddable":true,"href":"https:\/\/veritasinfo.org\/index.php?rest_route=%2Fwp%2Fv2%2Fcomments&post=16717"}],"version-history":[{"count":1,"href":"https:\/\/veritasinfo.org\/index.php?rest_route=\/wp\/v2\/posts\/16717\/revisions"}],"predecessor-version":[{"id":16719,"href":"https:\/\/veritasinfo.org\/index.php?rest_route=\/wp\/v2\/posts\/16717\/revisions\/16719"}],"wp:featuredmedia":[{"embeddable":true,"href":"https:\/\/veritasinfo.org\/index.php?rest_route=\/wp\/v2\/media\/16718"}],"wp:attachment":[{"href":"https:\/\/veritasinfo.org\/index.php?rest_route=%2Fwp%2Fv2%2Fmedia&parent=16717"}],"wp:term":[{"taxonomy":"category","embeddable":true,"href":"https:\/\/veritasinfo.org\/index.php?rest_route=%2Fwp%2Fv2%2Fcategories&post=16717"},{"taxonomy":"post_tag","embeddable":true,"href":"https:\/\/veritasinfo.org\/index.php?rest_route=%2Fwp%2Fv2%2Ftags&post=16717"}],"curies":[{"name":"wp","href":"https:\/\/api.w.org\/{rel}","templated":true}]}}