{"id":16700,"date":"2025-10-17T18:55:57","date_gmt":"2025-10-17T16:55:57","guid":{"rendered":"https:\/\/veritasinfo.org\/?p=16700"},"modified":"2025-10-17T18:55:57","modified_gmt":"2025-10-17T16:55:57","slug":"uck-ja-bashkoi-shqiptaret-ne-tirane-permbyllet-protesta-me-kengen-jam-kosova-e-shqiptarise","status":"publish","type":"post","link":"https:\/\/veritasinfo.org\/?p=16700","title":{"rendered":"U\u00c7K-ja bashkoi shqiptar\u00ebt n\u00eb Tiran\u00eb \u2013 P\u00ebrmbyllet protesta me k\u00ebng\u00ebn \u201cJam Kosova e Shqiptaris\u00eb\u201d"},"content":{"rendered":"<p>Tiran\u00eb, 17 tetor 2025<\/p>\n<p>Ka p\u00ebrfunduar tubimi n\u00eb sheshin \u201cSk\u00ebnderbej\u201d n\u00eb Tiran\u00eb, ku mij\u00ebra qytetar\u00eb nga Kosova dhe Shqip\u00ebria dol\u00ebn p\u00ebr t\u00eb shprehur mb\u00ebshtetjen ndaj ish-udh\u00ebheq\u00ebsve t\u00eb U\u00c7K-s\u00eb q\u00eb po gjykohen n\u00eb Gjykat\u00ebn Speciale.<\/p>\n<p>Tubimi, i organizuar n\u00ebn moton \u201cDrejt\u00ebsi p\u00ebr \u00e7lirimtar\u00ebt\u201d, u shoq\u00ebrua me fjalime nga p\u00ebrfaq\u00ebsues t\u00eb shoqatave t\u00eb veteran\u00ebve dhe personalitete politike, t\u00eb cil\u00ebt k\u00ebrkuan drejt\u00ebsi, njohje dhe respekt p\u00ebr luft\u00ebn e drejt\u00eb t\u00eb U\u00c7K-s\u00eb.<\/p>\n<p>Pjes\u00ebmarr\u00ebsit u larguan pa incidente, nd\u00ebrsa organizator\u00ebt than\u00eb se protesta ka p\u00ebr q\u00ebllim t\u00eb ngrej\u00eb z\u00ebrin p\u00ebr drejt\u00ebsi dhe t\u00eb theksoj\u00eb bashkimin e shqiptar\u00ebve nga t\u00eb gjitha trojet.<\/p>\n","protected":false},"excerpt":{"rendered":"<p>Tiran\u00eb, 17 tetor 2025 Ka p\u00ebrfunduar tubimi n\u00eb sheshin \u201cSk\u00ebnderbej\u201d n\u00eb Tiran\u00eb, ku mij\u00ebra qytetar\u00eb nga Kosova dhe Shqip\u00ebria dol\u00ebn p\u00ebr t\u00eb shprehur mb\u00ebshtetjen ndaj<\/p>\n","protected":false},"author":7,"featured_media":16701,"comment_status":"open","ping_status":"open","sticky":false,"template":"","format":"standard","meta":{"footnotes":""},"categories":[60],"tags":[],"class_list":["post-16700","post","type-post","status-publish","format-standard","has-post-thumbnail","hentry","category-shoqerore-sq"],"yoast_head":"<!-- This site is optimized with the Yoast SEO plugin v25.3.1 - https:\/\/yoast.com\/wordpress\/plugins\/seo\/ -->\n<title>U\u00c7K-ja bashkoi shqiptar\u00ebt n\u00eb Tiran\u00eb \u2013 P\u00ebrmbyllet protesta me k\u00ebng\u00ebn \u201cJam Kosova e Shqiptaris\u00eb\u201d -<\/title>\n<meta name=\"robots\" content=\"index, follow, max-snippet:-1, max-image-preview:large, max-video-preview:-1\" \/>\n<link rel=\"canonical\" href=\"https:\/\/veritasinfo.org\/?p=16700\" \/>\n<meta property=\"og:locale\" content=\"en_US\" \/>\n<meta property=\"og:type\" content=\"article\" \/>\n<meta property=\"og:title\" content=\"U\u00c7K-ja bashkoi shqiptar\u00ebt n\u00eb Tiran\u00eb \u2013 P\u00ebrmbyllet protesta me k\u00ebng\u00ebn \u201cJam Kosova e Shqiptaris\u00eb\u201d -\" \/>\n<meta property=\"og:description\" content=\"Tiran\u00eb, 17 tetor 2025 Ka p\u00ebrfunduar tubimi n\u00eb sheshin \u201cSk\u00ebnderbej\u201d n\u00eb Tiran\u00eb, ku mij\u00ebra qytetar\u00eb nga Kosova dhe Shqip\u00ebria dol\u00ebn p\u00ebr t\u00eb shprehur mb\u00ebshtetjen ndaj\" \/>\n<meta property=\"og:url\" content=\"https:\/\/veritasinfo.org\/?p=16700\" \/>\n<meta property=\"article:published_time\" content=\"2025-10-17T16:55:57+00:00\" \/>\n<meta property=\"og:image\" content=\"https:\/\/veritasinfo.org\/wp-content\/uploads\/2025\/10\/Screenshot-2025-10-17-185515.jpg\" \/>\n\t<meta property=\"og:image:width\" content=\"1000\" \/>\n\t<meta property=\"og:image:height\" content=\"529\" \/>\n\t<meta property=\"og:image:type\" content=\"image\/jpeg\" \/>\n<meta name=\"author\" content=\"US6\" \/>\n<meta name=\"twitter:card\" content=\"summary_large_image\" \/>\n<meta name=\"twitter:label1\" content=\"Written by\" \/>\n\t<meta name=\"twitter:data1\" content=\"US6\" \/>\n\t<meta name=\"twitter:label2\" content=\"Est. reading time\" \/>\n\t<meta name=\"twitter:data2\" content=\"1 minute\" \/>\n<script type=\"application\/ld+json\" class=\"yoast-schema-graph\">{\"@context\":\"https:\/\/schema.org\",\"@graph\":[{\"@type\":\"WebPage\",\"@id\":\"https:\/\/veritasinfo.org\/?p=16700\",\"url\":\"https:\/\/veritasinfo.org\/?p=16700\",\"name\":\"U\u00c7K-ja bashkoi shqiptar\u00ebt n\u00eb Tiran\u00eb \u2013 P\u00ebrmbyllet protesta me k\u00ebng\u00ebn \u201cJam Kosova e Shqiptaris\u00eb\u201d -\",\"isPartOf\":{\"@id\":\"https:\/\/veritasinfo.org\/#website\"},\"primaryImageOfPage\":{\"@id\":\"https:\/\/veritasinfo.org\/?p=16700#primaryimage\"},\"image\":{\"@id\":\"https:\/\/veritasinfo.org\/?p=16700#primaryimage\"},\"thumbnailUrl\":\"https:\/\/veritasinfo.org\/wp-content\/uploads\/2025\/10\/Screenshot-2025-10-17-185515.jpg\",\"datePublished\":\"2025-10-17T16:55:57+00:00\",\"author\":{\"@id\":\"https:\/\/veritasinfo.org\/#\/schema\/person\/fe199eede04c3937362892b7444747cc\"},\"breadcrumb\":{\"@id\":\"https:\/\/veritasinfo.org\/?p=16700#breadcrumb\"},\"inLanguage\":\"en-US\",\"potentialAction\":[{\"@type\":\"ReadAction\",\"target\":[\"https:\/\/veritasinfo.org\/?p=16700\"]}]},{\"@type\":\"ImageObject\",\"inLanguage\":\"en-US\",\"@id\":\"https:\/\/veritasinfo.org\/?p=16700#primaryimage\",\"url\":\"https:\/\/veritasinfo.org\/wp-content\/uploads\/2025\/10\/Screenshot-2025-10-17-185515.jpg\",\"contentUrl\":\"https:\/\/veritasinfo.org\/wp-content\/uploads\/2025\/10\/Screenshot-2025-10-17-185515.jpg\",\"width\":1000,\"height\":529},{\"@type\":\"BreadcrumbList\",\"@id\":\"https:\/\/veritasinfo.org\/?p=16700#breadcrumb\",\"itemListElement\":[{\"@type\":\"ListItem\",\"position\":1,\"name\":\"Home\",\"item\":\"https:\/\/veritasinfo.org\/\"},{\"@type\":\"ListItem\",\"position\":2,\"name\":\"U\u00c7K-ja bashkoi shqiptar\u00ebt n\u00eb Tiran\u00eb \u2013 P\u00ebrmbyllet protesta me k\u00ebng\u00ebn \u201cJam Kosova e Shqiptaris\u00eb\u201d\"}]},{\"@type\":\"WebSite\",\"@id\":\"https:\/\/veritasinfo.org\/#website\",\"url\":\"https:\/\/veritasinfo.org\/\",\"name\":\"\",\"description\":\"\",\"potentialAction\":[{\"@type\":\"SearchAction\",\"target\":{\"@type\":\"EntryPoint\",\"urlTemplate\":\"https:\/\/veritasinfo.org\/?s={search_term_string}\"},\"query-input\":{\"@type\":\"PropertyValueSpecification\",\"valueRequired\":true,\"valueName\":\"search_term_string\"}}],\"inLanguage\":\"en-US\"},{\"@type\":\"Person\",\"@id\":\"https:\/\/veritasinfo.org\/#\/schema\/person\/fe199eede04c3937362892b7444747cc\",\"name\":\"US6\",\"image\":{\"@type\":\"ImageObject\",\"inLanguage\":\"en-US\",\"@id\":\"https:\/\/veritasinfo.org\/#\/schema\/person\/image\/\",\"url\":\"https:\/\/secure.gravatar.com\/avatar\/cb16c3c31c9d23b9b8c705964598220b3014e42ff51eb540ff23cefa3ae8c15f?s=96&d=mm&r=g\",\"contentUrl\":\"https:\/\/secure.gravatar.com\/avatar\/cb16c3c31c9d23b9b8c705964598220b3014e42ff51eb540ff23cefa3ae8c15f?s=96&d=mm&r=g\",\"caption\":\"US6\"},\"url\":\"https:\/\/veritasinfo.org\/?author=7\"}]}<\/script>\n<!-- \/ Yoast SEO plugin. -->","yoast_head_json":{"title":"U\u00c7K-ja bashkoi shqiptar\u00ebt n\u00eb Tiran\u00eb \u2013 P\u00ebrmbyllet protesta me k\u00ebng\u00ebn \u201cJam Kosova e Shqiptaris\u00eb\u201d -","robots":{"index":"index","follow":"follow","max-snippet":"max-snippet:-1","max-image-preview":"max-image-preview:large","max-video-preview":"max-video-preview:-1"},"canonical":"https:\/\/veritasinfo.org\/?p=16700","og_locale":"en_US","og_type":"article","og_title":"U\u00c7K-ja bashkoi shqiptar\u00ebt n\u00eb Tiran\u00eb \u2013 P\u00ebrmbyllet protesta me k\u00ebng\u00ebn \u201cJam Kosova e Shqiptaris\u00eb\u201d -","og_description":"Tiran\u00eb, 17 tetor 2025 Ka p\u00ebrfunduar tubimi n\u00eb sheshin \u201cSk\u00ebnderbej\u201d n\u00eb Tiran\u00eb, ku mij\u00ebra qytetar\u00eb nga Kosova dhe Shqip\u00ebria dol\u00ebn p\u00ebr t\u00eb shprehur mb\u00ebshtetjen ndaj","og_url":"https:\/\/veritasinfo.org\/?p=16700","article_published_time":"2025-10-17T16:55:57+00:00","og_image":[{"width":1000,"height":529,"url":"https:\/\/veritasinfo.org\/wp-content\/uploads\/2025\/10\/Screenshot-2025-10-17-185515.jpg","type":"image\/jpeg"}],"author":"US6","twitter_card":"summary_large_image","twitter_misc":{"Written by":"US6","Est. reading time":"1 minute"},"schema":{"@context":"https:\/\/schema.org","@graph":[{"@type":"WebPage","@id":"https:\/\/veritasinfo.org\/?p=16700","url":"https:\/\/veritasinfo.org\/?p=16700","name":"U\u00c7K-ja bashkoi shqiptar\u00ebt n\u00eb Tiran\u00eb \u2013 P\u00ebrmbyllet protesta me k\u00ebng\u00ebn \u201cJam Kosova e Shqiptaris\u00eb\u201d -","isPartOf":{"@id":"https:\/\/veritasinfo.org\/#website"},"primaryImageOfPage":{"@id":"https:\/\/veritasinfo.org\/?p=16700#primaryimage"},"image":{"@id":"https:\/\/veritasinfo.org\/?p=16700#primaryimage"},"thumbnailUrl":"https:\/\/veritasinfo.org\/wp-content\/uploads\/2025\/10\/Screenshot-2025-10-17-185515.jpg","datePublished":"2025-10-17T16:55:57+00:00","author":{"@id":"https:\/\/veritasinfo.org\/#\/schema\/person\/fe199eede04c3937362892b7444747cc"},"breadcrumb":{"@id":"https:\/\/veritasinfo.org\/?p=16700#breadcrumb"},"inLanguage":"en-US","potentialAction":[{"@type":"ReadAction","target":["https:\/\/veritasinfo.org\/?p=16700"]}]},{"@type":"ImageObject","inLanguage":"en-US","@id":"https:\/\/veritasinfo.org\/?p=16700#primaryimage","url":"https:\/\/veritasinfo.org\/wp-content\/uploads\/2025\/10\/Screenshot-2025-10-17-185515.jpg","contentUrl":"https:\/\/veritasinfo.org\/wp-content\/uploads\/2025\/10\/Screenshot-2025-10-17-185515.jpg","width":1000,"height":529},{"@type":"BreadcrumbList","@id":"https:\/\/veritasinfo.org\/?p=16700#breadcrumb","itemListElement":[{"@type":"ListItem","position":1,"name":"Home","item":"https:\/\/veritasinfo.org\/"},{"@type":"ListItem","position":2,"name":"U\u00c7K-ja bashkoi shqiptar\u00ebt n\u00eb Tiran\u00eb \u2013 P\u00ebrmbyllet protesta me k\u00ebng\u00ebn \u201cJam Kosova e Shqiptaris\u00eb\u201d"}]},{"@type":"WebSite","@id":"https:\/\/veritasinfo.org\/#website","url":"https:\/\/veritasinfo.org\/","name":"","description":"","potentialAction":[{"@type":"SearchAction","target":{"@type":"EntryPoint","urlTemplate":"https:\/\/veritasinfo.org\/?s={search_term_string}"},"query-input":{"@type":"PropertyValueSpecification","valueRequired":true,"valueName":"search_term_string"}}],"inLanguage":"en-US"},{"@type":"Person","@id":"https:\/\/veritasinfo.org\/#\/schema\/person\/fe199eede04c3937362892b7444747cc","name":"US6","image":{"@type":"ImageObject","inLanguage":"en-US","@id":"https:\/\/veritasinfo.org\/#\/schema\/person\/image\/","url":"https:\/\/secure.gravatar.com\/avatar\/cb16c3c31c9d23b9b8c705964598220b3014e42ff51eb540ff23cefa3ae8c15f?s=96&d=mm&r=g","contentUrl":"https:\/\/secure.gravatar.com\/avatar\/cb16c3c31c9d23b9b8c705964598220b3014e42ff51eb540ff23cefa3ae8c15f?s=96&d=mm&r=g","caption":"US6"},"url":"https:\/\/veritasinfo.org\/?author=7"}]}},"featured_image_urls":{"full":["https:\/\/veritasinfo.org\/wp-content\/uploads\/2025\/10\/Screenshot-2025-10-17-185515.jpg",1000,529,false],"thumbnail":["https:\/\/veritasinfo.org\/wp-content\/uploads\/2025\/10\/Screenshot-2025-10-17-185515-150x150.jpg",150,150,true],"medium":["https:\/\/veritasinfo.org\/wp-content\/uploads\/2025\/10\/Screenshot-2025-10-17-185515-300x159.jpg",300,159,true],"medium_large":["https:\/\/veritasinfo.org\/wp-content\/uploads\/2025\/10\/Screenshot-2025-10-17-185515-768x406.jpg",640,338,true],"large":["https:\/\/veritasinfo.org\/wp-content\/uploads\/2025\/10\/Screenshot-2025-10-17-185515.jpg",640,339,false],"1536x1536":["https:\/\/veritasinfo.org\/wp-content\/uploads\/2025\/10\/Screenshot-2025-10-17-185515.jpg",1000,529,false],"2048x2048":["https:\/\/veritasinfo.org\/wp-content\/uploads\/2025\/10\/Screenshot-2025-10-17-185515.jpg",1000,529,false],"kreeti-slider-full":["https:\/\/veritasinfo.org\/wp-content\/uploads\/2025\/10\/Screenshot-2025-10-17-185515.jpg",1000,529,false],"kreeti-featured":["https:\/\/veritasinfo.org\/wp-content\/uploads\/2025\/10\/Screenshot-2025-10-17-185515.jpg",1000,529,false],"kreeti-medium":["https:\/\/veritasinfo.org\/wp-content\/uploads\/2025\/10\/Screenshot-2025-10-17-185515.jpg",720,381,false],"kreeti-medium-square":["https:\/\/veritasinfo.org\/wp-content\/uploads\/2025\/10\/Screenshot-2025-10-17-185515.jpg",350,185,false]},"author_info":{"info":["US6"]},"category_info":"<a href=\"https:\/\/veritasinfo.org\/?cat=60\" rel=\"category\">Shoq\u00ebrore<\/a>","tag_info":"Shoq\u00ebrore","comment_count":"0","_links":{"self":[{"href":"https:\/\/veritasinfo.org\/index.php?rest_route=\/wp\/v2\/posts\/16700","targetHints":{"allow":["GET"]}}],"collection":[{"href":"https:\/\/veritasinfo.org\/index.php?rest_route=\/wp\/v2\/posts"}],"about":[{"href":"https:\/\/veritasinfo.org\/index.php?rest_route=\/wp\/v2\/types\/post"}],"author":[{"embeddable":true,"href":"https:\/\/veritasinfo.org\/index.php?rest_route=\/wp\/v2\/users\/7"}],"replies":[{"embeddable":true,"href":"https:\/\/veritasinfo.org\/index.php?rest_route=%2Fwp%2Fv2%2Fcomments&post=16700"}],"version-history":[{"count":1,"href":"https:\/\/veritasinfo.org\/index.php?rest_route=\/wp\/v2\/posts\/16700\/revisions"}],"predecessor-version":[{"id":16702,"href":"https:\/\/veritasinfo.org\/index.php?rest_route=\/wp\/v2\/posts\/16700\/revisions\/16702"}],"wp:featuredmedia":[{"embeddable":true,"href":"https:\/\/veritasinfo.org\/index.php?rest_route=\/wp\/v2\/media\/16701"}],"wp:attachment":[{"href":"https:\/\/veritasinfo.org\/index.php?rest_route=%2Fwp%2Fv2%2Fmedia&parent=16700"}],"wp:term":[{"taxonomy":"category","embeddable":true,"href":"https:\/\/veritasinfo.org\/index.php?rest_route=%2Fwp%2Fv2%2Fcategories&post=16700"},{"taxonomy":"post_tag","embeddable":true,"href":"https:\/\/veritasinfo.org\/index.php?rest_route=%2Fwp%2Fv2%2Ftags&post=16700"}],"curies":[{"name":"wp","href":"https:\/\/api.w.org\/{rel}","templated":true}]}}