{"id":1669,"date":"2025-06-26T19:33:06","date_gmt":"2025-06-26T17:33:06","guid":{"rendered":"https:\/\/veritasinfo.org\/?p=1669"},"modified":"2025-06-26T19:33:06","modified_gmt":"2025-06-26T17:33:06","slug":"nemacka-nastavlja-svoj-stav-prema-kfor-u-vidi-potencijal-za-sukob-i-eskalaciju","status":"publish","type":"post","link":"https:\/\/veritasinfo.org\/?p=1669&lang=sr","title":{"rendered":"Nema\u010dka nastavlja svoj stav prema KFOR-u, vidi potencijal za sukob i eskalaciju"},"content":{"rendered":"<div class=\"x_elementToProof\" data-olk-copy-source=\"MessageBody\">Nema\u010dki savezni parlament (Bundestag) je u drugom \u010ditanju odlu\u010dio da nastavi u\u010de\u0161c\u0301e Bundesvera (nema\u010dke vojske) u misiji NATO-a na Kosovu, KFOR. Ovo je saop\u0161tilo nema\u010dko savezno ministarstvo odbrane, koje je naglasilo da KFOR vojno obezbe\u0111uje mir za zemlju. Nema\u010dko ministarstvo unutra\u0161njih poslova ka\u017ee da se od po\u010detka misije KFOR situacija na Kosovu i u regionu Zapadnog Balkana stabilizovala, uz pominjanje dijaloga izme\u0111u Republike Kosovo i Srbije u Briselu radi normalizacije odnosa. Me\u0111utim, ovo ministarstvo ka\u017ee da odnose izme\u0111u dve zemlje karakteri\u0161u usponi i padovi, uz pominjanje postojec\u0301eg potencijala za sukob i eskalaciju.<\/p>\n<\/div>\n<div id=\"x_tw-container\" class=\"x_elementToProof\">\n<div id=\"x_tw-ob\" class=\"x_elementToProof\">\n<div id=\"x_tw-target\" class=\"x_elementToProof\">\n<div id=\"x_kAz1tf\" class=\"x_elementToProof\">\n<div id=\"x_tw-target-rmn-container\" class=\"x_elementToProof\">\n<div class=\"x_elementToProof\">\u201eI dalje postoji potencijal za sukob i eskalaciju. Na primer, 2023. godine bilo je nasilnih incidenata u kojima su vojnici i civili KFOR-a povre\u0111eni, neki od njih te\u0161ko. Krajem novembra 2024. godine izvr\u0161en je eksplozivni napad na centralno vodosnabdevanje i snabdevanje elektri\u010dnom energijom u zemlji. To pokazuje da bi stare tenzije mogle ponovo da se rasplamsaju u bilo kom trenutku na Kosovu, posebno na severu Kosova, koji je prete\u017eno naseljen etni\u010dkim Srbima\u201c, ka\u017ee nema\u010dki MUP. Nema\u010dko ministarstvo odbrane tako\u0111e ka\u017ee da je \u201ezbog postojec\u0301ih tenzija, stabilizacija od strane KFOR-a i samim tim prisustvo Bundesvera u regionu i dalje neophodna\u201c. \u201eBundesver se tamo vidi kao garant bezbednosti i kao dopuna bezbednosnim strukturama. Zato Nema\u010dka podr\u017eava ovu misiju u okviru NATO-a\/Severnoatlantskog saveza za vojno odr\u017eavanje mira u regionu Balkana.\u201c<\/div>\n<\/div>\n<div id=\"x_tw-tmenu\" class=\"x_elementToProof\">\n<div id=\"x_tw-cpy-btn\" class=\"x_elementToProof\">\n<div class=\"x_elementToProof\"><\/div>\n<\/div>\n<div id=\"x__EjZdaPiBLqPvi-gP77_hyQs_51\" class=\"x_elementToProof\"><\/div>\n<div id=\"x_tw-spkr-button\" class=\"x_elementToProof\">\n<div id=\"x_tw-container\" class=\"x_elementToProof\">\n<div id=\"x_tw-ob\" class=\"x_elementToProof\">\n<div id=\"x_tw-target\" class=\"x_elementToProof\">\n<div id=\"x_kAz1tf\" class=\"x_elementToProof\">\n<div id=\"x_tw-target-rmn-container\" class=\"x_elementToProof\">\n<div class=\"x_elementToProof\">\u201eOvo je preduslov za dalji politi\u010dki, dru\u0161tveni i ekonomski razvoj u Republici Kosovo \u2013 uklju\u010dujuc\u0301i i normalizaciju odnosa sa Srbijom. Obe zemlje tako mogu pobolj\u0161ati svoje izglede za \u010dlanstvo u EU. Generalno, stabilnost i trajni mir na Kosovu i Zapadnom Balkanu su od velikog interesa za Nema\u010dku, za NATO i za Evropu u celini\u201c, saop\u0161tilo je nema\u010dko ministarstvo spoljnih poslova. Ako je raspore\u0111ivanje nema\u010dkih snaga na Kosovu i dalje neophodno, \u201esavezna vlada c\u0301e sledec\u0301e godine ponovo podneti mandat parlamentu na odlu\u010divanje\u201c. Nema\u010dko ministarstvo spoljnih poslova naglasilo je da c\u0301e ograni\u010denje broja vojnika do 400 ostati nepromenjeno.<\/div>\n<\/div>\n<\/div>\n<\/div>\n<\/div>\n<\/div>\n<\/div>\n<\/div>\n<\/div>\n<\/div>\n<\/div>\n<\/div>\n","protected":false},"excerpt":{"rendered":"<p>Nema\u010dki savezni parlament (Bundestag) je u drugom \u010ditanju odlu\u010dio da nastavi u\u010de\u0161c\u0301e Bundesvera (nema\u010dke vojske) u misiji NATO-a na Kosovu, KFOR. Ovo je saop\u0161tilo nema\u010dko<\/p>\n","protected":false},"author":1,"featured_media":1667,"comment_status":"open","ping_status":"open","sticky":false,"template":"","format":"standard","meta":{"footnotes":""},"categories":[28],"tags":[],"class_list":["post-1669","post","type-post","status-publish","format-standard","has-post-thumbnail","hentry","category-politika"],"yoast_head":"<!-- This site is optimized with the Yoast SEO plugin v25.3.1 - https:\/\/yoast.com\/wordpress\/plugins\/seo\/ -->\n<title>Nema\u010dka nastavlja svoj stav prema KFOR-u, vidi potencijal za sukob i eskalaciju -<\/title>\n<meta name=\"robots\" content=\"index, follow, max-snippet:-1, max-image-preview:large, max-video-preview:-1\" \/>\n<link rel=\"canonical\" href=\"https:\/\/veritasinfo.org\/?p=1669&lang=sr\" \/>\n<meta property=\"og:locale\" content=\"en_US\" \/>\n<meta property=\"og:type\" content=\"article\" \/>\n<meta property=\"og:title\" content=\"Nema\u010dka nastavlja svoj stav prema KFOR-u, vidi potencijal za sukob i eskalaciju -\" \/>\n<meta property=\"og:description\" content=\"Nema\u010dki savezni parlament (Bundestag) je u drugom \u010ditanju odlu\u010dio da nastavi u\u010de\u0161c\u0301e Bundesvera (nema\u010dke vojske) u misiji NATO-a na Kosovu, KFOR. Ovo je saop\u0161tilo nema\u010dko\" \/>\n<meta property=\"og:url\" content=\"https:\/\/veritasinfo.org\/?p=1669&amp;lang=sr\" \/>\n<meta property=\"article:published_time\" content=\"2025-06-26T17:33:06+00:00\" \/>\n<meta property=\"og:image\" content=\"https:\/\/veritasinfo.org\/wp-content\/uploads\/2025\/06\/KFOR-i-Gjermman-750x375-1.jpg\" \/>\n\t<meta property=\"og:image:width\" content=\"750\" \/>\n\t<meta property=\"og:image:height\" content=\"375\" \/>\n\t<meta property=\"og:image:type\" content=\"image\/jpeg\" \/>\n<meta name=\"author\" content=\"admin\" \/>\n<meta name=\"twitter:card\" content=\"summary_large_image\" \/>\n<meta name=\"twitter:label1\" content=\"Written by\" \/>\n\t<meta name=\"twitter:data1\" content=\"admin\" \/>\n\t<meta name=\"twitter:label2\" content=\"Est. reading time\" \/>\n\t<meta name=\"twitter:data2\" content=\"2 minutes\" \/>\n<script type=\"application\/ld+json\" class=\"yoast-schema-graph\">{\"@context\":\"https:\/\/schema.org\",\"@graph\":[{\"@type\":\"WebPage\",\"@id\":\"https:\/\/veritasinfo.org\/?p=1669&lang=sr\",\"url\":\"https:\/\/veritasinfo.org\/?p=1669&lang=sr\",\"name\":\"Nema\u010dka nastavlja svoj stav prema KFOR-u, vidi potencijal za sukob i eskalaciju -\",\"isPartOf\":{\"@id\":\"https:\/\/veritasinfo.org\/#website\"},\"primaryImageOfPage\":{\"@id\":\"https:\/\/veritasinfo.org\/?p=1669&lang=sr#primaryimage\"},\"image\":{\"@id\":\"https:\/\/veritasinfo.org\/?p=1669&lang=sr#primaryimage\"},\"thumbnailUrl\":\"https:\/\/veritasinfo.org\/wp-content\/uploads\/2025\/06\/KFOR-i-Gjermman-750x375-1.jpg\",\"datePublished\":\"2025-06-26T17:33:06+00:00\",\"author\":{\"@id\":\"https:\/\/veritasinfo.org\/#\/schema\/person\/7701f8c088bece422266b100a712374f\"},\"breadcrumb\":{\"@id\":\"https:\/\/veritasinfo.org\/?p=1669&lang=sr#breadcrumb\"},\"inLanguage\":\"en-US\",\"potentialAction\":[{\"@type\":\"ReadAction\",\"target\":[\"https:\/\/veritasinfo.org\/?p=1669&lang=sr\"]}]},{\"@type\":\"ImageObject\",\"inLanguage\":\"en-US\",\"@id\":\"https:\/\/veritasinfo.org\/?p=1669&lang=sr#primaryimage\",\"url\":\"https:\/\/veritasinfo.org\/wp-content\/uploads\/2025\/06\/KFOR-i-Gjermman-750x375-1.jpg\",\"contentUrl\":\"https:\/\/veritasinfo.org\/wp-content\/uploads\/2025\/06\/KFOR-i-Gjermman-750x375-1.jpg\",\"width\":750,\"height\":375},{\"@type\":\"BreadcrumbList\",\"@id\":\"https:\/\/veritasinfo.org\/?p=1669&lang=sr#breadcrumb\",\"itemListElement\":[{\"@type\":\"ListItem\",\"position\":1,\"name\":\"Home\",\"item\":\"https:\/\/veritasinfo.org\/\"},{\"@type\":\"ListItem\",\"position\":2,\"name\":\"Nema\u010dka nastavlja svoj stav prema KFOR-u, vidi potencijal za sukob i eskalaciju\"}]},{\"@type\":\"WebSite\",\"@id\":\"https:\/\/veritasinfo.org\/#website\",\"url\":\"https:\/\/veritasinfo.org\/\",\"name\":\"\",\"description\":\"\",\"potentialAction\":[{\"@type\":\"SearchAction\",\"target\":{\"@type\":\"EntryPoint\",\"urlTemplate\":\"https:\/\/veritasinfo.org\/?s={search_term_string}\"},\"query-input\":{\"@type\":\"PropertyValueSpecification\",\"valueRequired\":true,\"valueName\":\"search_term_string\"}}],\"inLanguage\":\"en-US\"},{\"@type\":\"Person\",\"@id\":\"https:\/\/veritasinfo.org\/#\/schema\/person\/7701f8c088bece422266b100a712374f\",\"name\":\"admin\",\"image\":{\"@type\":\"ImageObject\",\"inLanguage\":\"en-US\",\"@id\":\"https:\/\/veritasinfo.org\/#\/schema\/person\/image\/\",\"url\":\"https:\/\/secure.gravatar.com\/avatar\/ea53aa3bf6c9a12d5fde8ce4deff43fef3885ae33cf60184161a50d6987cfd2f?s=96&d=mm&r=g\",\"contentUrl\":\"https:\/\/secure.gravatar.com\/avatar\/ea53aa3bf6c9a12d5fde8ce4deff43fef3885ae33cf60184161a50d6987cfd2f?s=96&d=mm&r=g\",\"caption\":\"admin\"},\"sameAs\":[\"https:\/\/veritasinfo.org\"],\"url\":\"https:\/\/veritasinfo.org\/?author=1\"}]}<\/script>\n<!-- \/ Yoast SEO plugin. -->","yoast_head_json":{"title":"Nema\u010dka nastavlja svoj stav prema KFOR-u, vidi potencijal za sukob i eskalaciju -","robots":{"index":"index","follow":"follow","max-snippet":"max-snippet:-1","max-image-preview":"max-image-preview:large","max-video-preview":"max-video-preview:-1"},"canonical":"https:\/\/veritasinfo.org\/?p=1669&lang=sr","og_locale":"en_US","og_type":"article","og_title":"Nema\u010dka nastavlja svoj stav prema KFOR-u, vidi potencijal za sukob i eskalaciju -","og_description":"Nema\u010dki savezni parlament (Bundestag) je u drugom \u010ditanju odlu\u010dio da nastavi u\u010de\u0161c\u0301e Bundesvera (nema\u010dke vojske) u misiji NATO-a na Kosovu, KFOR. Ovo je saop\u0161tilo nema\u010dko","og_url":"https:\/\/veritasinfo.org\/?p=1669&lang=sr","article_published_time":"2025-06-26T17:33:06+00:00","og_image":[{"width":750,"height":375,"url":"https:\/\/veritasinfo.org\/wp-content\/uploads\/2025\/06\/KFOR-i-Gjermman-750x375-1.jpg","type":"image\/jpeg"}],"author":"admin","twitter_card":"summary_large_image","twitter_misc":{"Written by":"admin","Est. reading time":"2 minutes"},"schema":{"@context":"https:\/\/schema.org","@graph":[{"@type":"WebPage","@id":"https:\/\/veritasinfo.org\/?p=1669&lang=sr","url":"https:\/\/veritasinfo.org\/?p=1669&lang=sr","name":"Nema\u010dka nastavlja svoj stav prema KFOR-u, vidi potencijal za sukob i eskalaciju -","isPartOf":{"@id":"https:\/\/veritasinfo.org\/#website"},"primaryImageOfPage":{"@id":"https:\/\/veritasinfo.org\/?p=1669&lang=sr#primaryimage"},"image":{"@id":"https:\/\/veritasinfo.org\/?p=1669&lang=sr#primaryimage"},"thumbnailUrl":"https:\/\/veritasinfo.org\/wp-content\/uploads\/2025\/06\/KFOR-i-Gjermman-750x375-1.jpg","datePublished":"2025-06-26T17:33:06+00:00","author":{"@id":"https:\/\/veritasinfo.org\/#\/schema\/person\/7701f8c088bece422266b100a712374f"},"breadcrumb":{"@id":"https:\/\/veritasinfo.org\/?p=1669&lang=sr#breadcrumb"},"inLanguage":"en-US","potentialAction":[{"@type":"ReadAction","target":["https:\/\/veritasinfo.org\/?p=1669&lang=sr"]}]},{"@type":"ImageObject","inLanguage":"en-US","@id":"https:\/\/veritasinfo.org\/?p=1669&lang=sr#primaryimage","url":"https:\/\/veritasinfo.org\/wp-content\/uploads\/2025\/06\/KFOR-i-Gjermman-750x375-1.jpg","contentUrl":"https:\/\/veritasinfo.org\/wp-content\/uploads\/2025\/06\/KFOR-i-Gjermman-750x375-1.jpg","width":750,"height":375},{"@type":"BreadcrumbList","@id":"https:\/\/veritasinfo.org\/?p=1669&lang=sr#breadcrumb","itemListElement":[{"@type":"ListItem","position":1,"name":"Home","item":"https:\/\/veritasinfo.org\/"},{"@type":"ListItem","position":2,"name":"Nema\u010dka nastavlja svoj stav prema KFOR-u, vidi potencijal za sukob i eskalaciju"}]},{"@type":"WebSite","@id":"https:\/\/veritasinfo.org\/#website","url":"https:\/\/veritasinfo.org\/","name":"","description":"","potentialAction":[{"@type":"SearchAction","target":{"@type":"EntryPoint","urlTemplate":"https:\/\/veritasinfo.org\/?s={search_term_string}"},"query-input":{"@type":"PropertyValueSpecification","valueRequired":true,"valueName":"search_term_string"}}],"inLanguage":"en-US"},{"@type":"Person","@id":"https:\/\/veritasinfo.org\/#\/schema\/person\/7701f8c088bece422266b100a712374f","name":"admin","image":{"@type":"ImageObject","inLanguage":"en-US","@id":"https:\/\/veritasinfo.org\/#\/schema\/person\/image\/","url":"https:\/\/secure.gravatar.com\/avatar\/ea53aa3bf6c9a12d5fde8ce4deff43fef3885ae33cf60184161a50d6987cfd2f?s=96&d=mm&r=g","contentUrl":"https:\/\/secure.gravatar.com\/avatar\/ea53aa3bf6c9a12d5fde8ce4deff43fef3885ae33cf60184161a50d6987cfd2f?s=96&d=mm&r=g","caption":"admin"},"sameAs":["https:\/\/veritasinfo.org"],"url":"https:\/\/veritasinfo.org\/?author=1"}]}},"featured_image_urls":{"full":["https:\/\/veritasinfo.org\/wp-content\/uploads\/2025\/06\/KFOR-i-Gjermman-750x375-1.jpg",750,375,false],"thumbnail":["https:\/\/veritasinfo.org\/wp-content\/uploads\/2025\/06\/KFOR-i-Gjermman-750x375-1-150x150.jpg",150,150,true],"medium":["https:\/\/veritasinfo.org\/wp-content\/uploads\/2025\/06\/KFOR-i-Gjermman-750x375-1-300x150.jpg",300,150,true],"medium_large":["https:\/\/veritasinfo.org\/wp-content\/uploads\/2025\/06\/KFOR-i-Gjermman-750x375-1.jpg",640,320,false],"large":["https:\/\/veritasinfo.org\/wp-content\/uploads\/2025\/06\/KFOR-i-Gjermman-750x375-1.jpg",640,320,false],"1536x1536":["https:\/\/veritasinfo.org\/wp-content\/uploads\/2025\/06\/KFOR-i-Gjermman-750x375-1.jpg",750,375,false],"2048x2048":["https:\/\/veritasinfo.org\/wp-content\/uploads\/2025\/06\/KFOR-i-Gjermman-750x375-1.jpg",750,375,false],"kreeti-slider-full":["https:\/\/veritasinfo.org\/wp-content\/uploads\/2025\/06\/KFOR-i-Gjermman-750x375-1.jpg",750,375,false],"kreeti-featured":["https:\/\/veritasinfo.org\/wp-content\/uploads\/2025\/06\/KFOR-i-Gjermman-750x375-1.jpg",750,375,false],"kreeti-medium":["https:\/\/veritasinfo.org\/wp-content\/uploads\/2025\/06\/KFOR-i-Gjermman-750x375-1.jpg",720,360,false],"kreeti-medium-square":["https:\/\/veritasinfo.org\/wp-content\/uploads\/2025\/06\/KFOR-i-Gjermman-750x375-1.jpg",350,175,false]},"author_info":{"info":["admin"]},"category_info":"<a href=\"https:\/\/veritasinfo.org\/?cat=28&#038;lang=sr\" rel=\"category\">Politika<\/a>","tag_info":"Politika","comment_count":"0","_links":{"self":[{"href":"https:\/\/veritasinfo.org\/index.php?rest_route=\/wp\/v2\/posts\/1669","targetHints":{"allow":["GET"]}}],"collection":[{"href":"https:\/\/veritasinfo.org\/index.php?rest_route=\/wp\/v2\/posts"}],"about":[{"href":"https:\/\/veritasinfo.org\/index.php?rest_route=\/wp\/v2\/types\/post"}],"author":[{"embeddable":true,"href":"https:\/\/veritasinfo.org\/index.php?rest_route=\/wp\/v2\/users\/1"}],"replies":[{"embeddable":true,"href":"https:\/\/veritasinfo.org\/index.php?rest_route=%2Fwp%2Fv2%2Fcomments&post=1669"}],"version-history":[{"count":1,"href":"https:\/\/veritasinfo.org\/index.php?rest_route=\/wp\/v2\/posts\/1669\/revisions"}],"predecessor-version":[{"id":1670,"href":"https:\/\/veritasinfo.org\/index.php?rest_route=\/wp\/v2\/posts\/1669\/revisions\/1670"}],"wp:featuredmedia":[{"embeddable":true,"href":"https:\/\/veritasinfo.org\/index.php?rest_route=\/wp\/v2\/media\/1667"}],"wp:attachment":[{"href":"https:\/\/veritasinfo.org\/index.php?rest_route=%2Fwp%2Fv2%2Fmedia&parent=1669"}],"wp:term":[{"taxonomy":"category","embeddable":true,"href":"https:\/\/veritasinfo.org\/index.php?rest_route=%2Fwp%2Fv2%2Fcategories&post=1669"},{"taxonomy":"post_tag","embeddable":true,"href":"https:\/\/veritasinfo.org\/index.php?rest_route=%2Fwp%2Fv2%2Ftags&post=1669"}],"curies":[{"name":"wp","href":"https:\/\/api.w.org\/{rel}","templated":true}]}}