{"id":16685,"date":"2025-10-17T16:25:39","date_gmt":"2025-10-17T14:25:39","guid":{"rendered":"https:\/\/veritasinfo.org\/?p=16685"},"modified":"2025-10-17T16:25:39","modified_gmt":"2025-10-17T14:25:39","slug":"sot-fillon-numerimi-i-votave-jashte-vendit-per-zgjedhjet-lokale","status":"publish","type":"post","link":"https:\/\/veritasinfo.org\/?p=16685","title":{"rendered":"Sot fillon num\u00ebrimi i votave jasht\u00eb vendit p\u00ebr zgjedhjet lokale"},"content":{"rendered":"<p>Prishtin\u00eb, 17 tetor 2025<\/p>\n<p>Sot fillon num\u00ebrimi i votave jasht\u00eb vendit p\u00ebr zgjedhjet lokale.<\/p>\n<p>Komisioni Qendror i Zgjedhjeve ka njoftuar se sot (e premte, 17 tetor 2025) n\u00eb ora 18:00, n\u00eb Qendr\u00ebn e Num\u00ebrimit dhe Rezultateve do t\u00eb nis\u00eb num\u00ebrimi i flet\u00ebvotimeve q\u00eb i takojn\u00eb votimit jasht\u00eb Kosov\u00ebs p\u00ebr Zgjedhjet Lokale p\u00ebr Kryetar\u00eb t\u00eb Komunave dhe p\u00ebr Kuvendet Komunale.<\/p>\n<p>K\u00ebshtu ka njoftuar z\u00ebdh\u00ebn\u00ebsi i KQZ-s\u00eb, Valmir Elezi p\u00ebr mediat.<\/p>\n<p>&nbsp;<\/p>\n","protected":false},"excerpt":{"rendered":"<p>Prishtin\u00eb, 17 tetor 2025 Sot fillon num\u00ebrimi i votave jasht\u00eb vendit p\u00ebr zgjedhjet lokale. Komisioni Qendror i Zgjedhjeve ka njoftuar se sot (e premte, 17<\/p>\n","protected":false},"author":7,"featured_media":16686,"comment_status":"open","ping_status":"open","sticky":false,"template":"","format":"standard","meta":{"footnotes":""},"categories":[8],"tags":[],"class_list":["post-16685","post","type-post","status-publish","format-standard","has-post-thumbnail","hentry","category-blog-sq"],"yoast_head":"<!-- This site is optimized with the Yoast SEO plugin v25.3.1 - https:\/\/yoast.com\/wordpress\/plugins\/seo\/ -->\n<title>Sot fillon num\u00ebrimi i votave jasht\u00eb vendit p\u00ebr zgjedhjet lokale -<\/title>\n<meta name=\"robots\" content=\"index, follow, max-snippet:-1, max-image-preview:large, max-video-preview:-1\" \/>\n<link rel=\"canonical\" href=\"https:\/\/veritasinfo.org\/?p=16685\" \/>\n<meta property=\"og:locale\" content=\"en_US\" \/>\n<meta property=\"og:type\" content=\"article\" \/>\n<meta property=\"og:title\" content=\"Sot fillon num\u00ebrimi i votave jasht\u00eb vendit p\u00ebr zgjedhjet lokale -\" \/>\n<meta property=\"og:description\" content=\"Prishtin\u00eb, 17 tetor 2025 Sot fillon num\u00ebrimi i votave jasht\u00eb vendit p\u00ebr zgjedhjet lokale. Komisioni Qendror i Zgjedhjeve ka njoftuar se sot (e premte, 17\" \/>\n<meta property=\"og:url\" content=\"https:\/\/veritasinfo.org\/?p=16685\" \/>\n<meta property=\"article:published_time\" content=\"2025-10-17T14:25:39+00:00\" \/>\n<meta property=\"og:image\" content=\"https:\/\/veritasinfo.org\/wp-content\/uploads\/2025\/10\/Votimi.jpg\" \/>\n\t<meta property=\"og:image:width\" content=\"773\" \/>\n\t<meta property=\"og:image:height\" content=\"478\" \/>\n\t<meta property=\"og:image:type\" content=\"image\/jpeg\" \/>\n<meta name=\"author\" content=\"US6\" \/>\n<meta name=\"twitter:card\" content=\"summary_large_image\" \/>\n<meta name=\"twitter:label1\" content=\"Written by\" \/>\n\t<meta name=\"twitter:data1\" content=\"US6\" \/>\n\t<meta name=\"twitter:label2\" content=\"Est. reading time\" \/>\n\t<meta name=\"twitter:data2\" content=\"1 minute\" \/>\n<script type=\"application\/ld+json\" class=\"yoast-schema-graph\">{\"@context\":\"https:\/\/schema.org\",\"@graph\":[{\"@type\":\"WebPage\",\"@id\":\"https:\/\/veritasinfo.org\/?p=16685\",\"url\":\"https:\/\/veritasinfo.org\/?p=16685\",\"name\":\"Sot fillon num\u00ebrimi i votave jasht\u00eb vendit p\u00ebr zgjedhjet lokale -\",\"isPartOf\":{\"@id\":\"https:\/\/veritasinfo.org\/#website\"},\"primaryImageOfPage\":{\"@id\":\"https:\/\/veritasinfo.org\/?p=16685#primaryimage\"},\"image\":{\"@id\":\"https:\/\/veritasinfo.org\/?p=16685#primaryimage\"},\"thumbnailUrl\":\"https:\/\/veritasinfo.org\/wp-content\/uploads\/2025\/10\/Votimi.jpg\",\"datePublished\":\"2025-10-17T14:25:39+00:00\",\"author\":{\"@id\":\"https:\/\/veritasinfo.org\/#\/schema\/person\/fe199eede04c3937362892b7444747cc\"},\"breadcrumb\":{\"@id\":\"https:\/\/veritasinfo.org\/?p=16685#breadcrumb\"},\"inLanguage\":\"en-US\",\"potentialAction\":[{\"@type\":\"ReadAction\",\"target\":[\"https:\/\/veritasinfo.org\/?p=16685\"]}]},{\"@type\":\"ImageObject\",\"inLanguage\":\"en-US\",\"@id\":\"https:\/\/veritasinfo.org\/?p=16685#primaryimage\",\"url\":\"https:\/\/veritasinfo.org\/wp-content\/uploads\/2025\/10\/Votimi.jpg\",\"contentUrl\":\"https:\/\/veritasinfo.org\/wp-content\/uploads\/2025\/10\/Votimi.jpg\",\"width\":773,\"height\":478},{\"@type\":\"BreadcrumbList\",\"@id\":\"https:\/\/veritasinfo.org\/?p=16685#breadcrumb\",\"itemListElement\":[{\"@type\":\"ListItem\",\"position\":1,\"name\":\"Home\",\"item\":\"https:\/\/veritasinfo.org\/\"},{\"@type\":\"ListItem\",\"position\":2,\"name\":\"Sot fillon num\u00ebrimi i votave jasht\u00eb vendit p\u00ebr zgjedhjet lokale\"}]},{\"@type\":\"WebSite\",\"@id\":\"https:\/\/veritasinfo.org\/#website\",\"url\":\"https:\/\/veritasinfo.org\/\",\"name\":\"\",\"description\":\"\",\"potentialAction\":[{\"@type\":\"SearchAction\",\"target\":{\"@type\":\"EntryPoint\",\"urlTemplate\":\"https:\/\/veritasinfo.org\/?s={search_term_string}\"},\"query-input\":{\"@type\":\"PropertyValueSpecification\",\"valueRequired\":true,\"valueName\":\"search_term_string\"}}],\"inLanguage\":\"en-US\"},{\"@type\":\"Person\",\"@id\":\"https:\/\/veritasinfo.org\/#\/schema\/person\/fe199eede04c3937362892b7444747cc\",\"name\":\"US6\",\"image\":{\"@type\":\"ImageObject\",\"inLanguage\":\"en-US\",\"@id\":\"https:\/\/veritasinfo.org\/#\/schema\/person\/image\/\",\"url\":\"https:\/\/secure.gravatar.com\/avatar\/cb16c3c31c9d23b9b8c705964598220b3014e42ff51eb540ff23cefa3ae8c15f?s=96&d=mm&r=g\",\"contentUrl\":\"https:\/\/secure.gravatar.com\/avatar\/cb16c3c31c9d23b9b8c705964598220b3014e42ff51eb540ff23cefa3ae8c15f?s=96&d=mm&r=g\",\"caption\":\"US6\"},\"url\":\"https:\/\/veritasinfo.org\/?author=7\"}]}<\/script>\n<!-- \/ Yoast SEO plugin. -->","yoast_head_json":{"title":"Sot fillon num\u00ebrimi i votave jasht\u00eb vendit p\u00ebr zgjedhjet lokale -","robots":{"index":"index","follow":"follow","max-snippet":"max-snippet:-1","max-image-preview":"max-image-preview:large","max-video-preview":"max-video-preview:-1"},"canonical":"https:\/\/veritasinfo.org\/?p=16685","og_locale":"en_US","og_type":"article","og_title":"Sot fillon num\u00ebrimi i votave jasht\u00eb vendit p\u00ebr zgjedhjet lokale -","og_description":"Prishtin\u00eb, 17 tetor 2025 Sot fillon num\u00ebrimi i votave jasht\u00eb vendit p\u00ebr zgjedhjet lokale. Komisioni Qendror i Zgjedhjeve ka njoftuar se sot (e premte, 17","og_url":"https:\/\/veritasinfo.org\/?p=16685","article_published_time":"2025-10-17T14:25:39+00:00","og_image":[{"width":773,"height":478,"url":"https:\/\/veritasinfo.org\/wp-content\/uploads\/2025\/10\/Votimi.jpg","type":"image\/jpeg"}],"author":"US6","twitter_card":"summary_large_image","twitter_misc":{"Written by":"US6","Est. reading time":"1 minute"},"schema":{"@context":"https:\/\/schema.org","@graph":[{"@type":"WebPage","@id":"https:\/\/veritasinfo.org\/?p=16685","url":"https:\/\/veritasinfo.org\/?p=16685","name":"Sot fillon num\u00ebrimi i votave jasht\u00eb vendit p\u00ebr zgjedhjet lokale -","isPartOf":{"@id":"https:\/\/veritasinfo.org\/#website"},"primaryImageOfPage":{"@id":"https:\/\/veritasinfo.org\/?p=16685#primaryimage"},"image":{"@id":"https:\/\/veritasinfo.org\/?p=16685#primaryimage"},"thumbnailUrl":"https:\/\/veritasinfo.org\/wp-content\/uploads\/2025\/10\/Votimi.jpg","datePublished":"2025-10-17T14:25:39+00:00","author":{"@id":"https:\/\/veritasinfo.org\/#\/schema\/person\/fe199eede04c3937362892b7444747cc"},"breadcrumb":{"@id":"https:\/\/veritasinfo.org\/?p=16685#breadcrumb"},"inLanguage":"en-US","potentialAction":[{"@type":"ReadAction","target":["https:\/\/veritasinfo.org\/?p=16685"]}]},{"@type":"ImageObject","inLanguage":"en-US","@id":"https:\/\/veritasinfo.org\/?p=16685#primaryimage","url":"https:\/\/veritasinfo.org\/wp-content\/uploads\/2025\/10\/Votimi.jpg","contentUrl":"https:\/\/veritasinfo.org\/wp-content\/uploads\/2025\/10\/Votimi.jpg","width":773,"height":478},{"@type":"BreadcrumbList","@id":"https:\/\/veritasinfo.org\/?p=16685#breadcrumb","itemListElement":[{"@type":"ListItem","position":1,"name":"Home","item":"https:\/\/veritasinfo.org\/"},{"@type":"ListItem","position":2,"name":"Sot fillon num\u00ebrimi i votave jasht\u00eb vendit p\u00ebr zgjedhjet lokale"}]},{"@type":"WebSite","@id":"https:\/\/veritasinfo.org\/#website","url":"https:\/\/veritasinfo.org\/","name":"","description":"","potentialAction":[{"@type":"SearchAction","target":{"@type":"EntryPoint","urlTemplate":"https:\/\/veritasinfo.org\/?s={search_term_string}"},"query-input":{"@type":"PropertyValueSpecification","valueRequired":true,"valueName":"search_term_string"}}],"inLanguage":"en-US"},{"@type":"Person","@id":"https:\/\/veritasinfo.org\/#\/schema\/person\/fe199eede04c3937362892b7444747cc","name":"US6","image":{"@type":"ImageObject","inLanguage":"en-US","@id":"https:\/\/veritasinfo.org\/#\/schema\/person\/image\/","url":"https:\/\/secure.gravatar.com\/avatar\/cb16c3c31c9d23b9b8c705964598220b3014e42ff51eb540ff23cefa3ae8c15f?s=96&d=mm&r=g","contentUrl":"https:\/\/secure.gravatar.com\/avatar\/cb16c3c31c9d23b9b8c705964598220b3014e42ff51eb540ff23cefa3ae8c15f?s=96&d=mm&r=g","caption":"US6"},"url":"https:\/\/veritasinfo.org\/?author=7"}]}},"featured_image_urls":{"full":["https:\/\/veritasinfo.org\/wp-content\/uploads\/2025\/10\/Votimi.jpg",773,478,false],"thumbnail":["https:\/\/veritasinfo.org\/wp-content\/uploads\/2025\/10\/Votimi-150x150.jpg",150,150,true],"medium":["https:\/\/veritasinfo.org\/wp-content\/uploads\/2025\/10\/Votimi-300x186.jpg",300,186,true],"medium_large":["https:\/\/veritasinfo.org\/wp-content\/uploads\/2025\/10\/Votimi-768x475.jpg",640,396,true],"large":["https:\/\/veritasinfo.org\/wp-content\/uploads\/2025\/10\/Votimi.jpg",640,396,false],"1536x1536":["https:\/\/veritasinfo.org\/wp-content\/uploads\/2025\/10\/Votimi.jpg",773,478,false],"2048x2048":["https:\/\/veritasinfo.org\/wp-content\/uploads\/2025\/10\/Votimi.jpg",773,478,false],"kreeti-slider-full":["https:\/\/veritasinfo.org\/wp-content\/uploads\/2025\/10\/Votimi.jpg",773,478,false],"kreeti-featured":["https:\/\/veritasinfo.org\/wp-content\/uploads\/2025\/10\/Votimi.jpg",773,478,false],"kreeti-medium":["https:\/\/veritasinfo.org\/wp-content\/uploads\/2025\/10\/Votimi.jpg",720,445,false],"kreeti-medium-square":["https:\/\/veritasinfo.org\/wp-content\/uploads\/2025\/10\/Votimi.jpg",350,216,false]},"author_info":{"info":["US6"]},"category_info":"<a href=\"https:\/\/veritasinfo.org\/?cat=8\" rel=\"category\">Zgjedhjet parlamentare 2025<\/a>","tag_info":"Zgjedhjet parlamentare 2025","comment_count":"0","_links":{"self":[{"href":"https:\/\/veritasinfo.org\/index.php?rest_route=\/wp\/v2\/posts\/16685","targetHints":{"allow":["GET"]}}],"collection":[{"href":"https:\/\/veritasinfo.org\/index.php?rest_route=\/wp\/v2\/posts"}],"about":[{"href":"https:\/\/veritasinfo.org\/index.php?rest_route=\/wp\/v2\/types\/post"}],"author":[{"embeddable":true,"href":"https:\/\/veritasinfo.org\/index.php?rest_route=\/wp\/v2\/users\/7"}],"replies":[{"embeddable":true,"href":"https:\/\/veritasinfo.org\/index.php?rest_route=%2Fwp%2Fv2%2Fcomments&post=16685"}],"version-history":[{"count":1,"href":"https:\/\/veritasinfo.org\/index.php?rest_route=\/wp\/v2\/posts\/16685\/revisions"}],"predecessor-version":[{"id":16687,"href":"https:\/\/veritasinfo.org\/index.php?rest_route=\/wp\/v2\/posts\/16685\/revisions\/16687"}],"wp:featuredmedia":[{"embeddable":true,"href":"https:\/\/veritasinfo.org\/index.php?rest_route=\/wp\/v2\/media\/16686"}],"wp:attachment":[{"href":"https:\/\/veritasinfo.org\/index.php?rest_route=%2Fwp%2Fv2%2Fmedia&parent=16685"}],"wp:term":[{"taxonomy":"category","embeddable":true,"href":"https:\/\/veritasinfo.org\/index.php?rest_route=%2Fwp%2Fv2%2Fcategories&post=16685"},{"taxonomy":"post_tag","embeddable":true,"href":"https:\/\/veritasinfo.org\/index.php?rest_route=%2Fwp%2Fv2%2Ftags&post=16685"}],"curies":[{"name":"wp","href":"https:\/\/api.w.org\/{rel}","templated":true}]}}