{"id":16670,"date":"2025-10-17T14:15:08","date_gmt":"2025-10-17T12:15:08","guid":{"rendered":"https:\/\/veritasinfo.org\/?p=16670"},"modified":"2025-10-17T14:15:08","modified_gmt":"2025-10-17T12:15:08","slug":"basha-mirepret-deputet-finlandeze-kosova-e-perkushtuar-ndaj-integrimit-evropian-dhe-sundimit-te-ligjit","status":"publish","type":"post","link":"https:\/\/veritasinfo.org\/?p=16670","title":{"rendered":"Basha mir\u00ebpret deputet finlandez\u00eb: Kosova e p\u00ebrkushtuar ndaj integrimit evropian dhe sundimit t\u00eb ligjit"},"content":{"rendered":"<p>Prishtin\u00eb 17 Tetor 2025<\/p>\n<p>Kryetari i Kuvendit t\u00eb Kosov\u00ebs, Dimal Basha ka mir\u00ebpritur nj\u00eb delegacion t\u00eb gjer\u00eb prej dhjet\u00eb deputet\u00ebsh nga grupe dhe komisione t\u00eb ndryshme parlamentare t\u00eb Finland\u00ebs, t\u00eb shoq\u00ebruar nga Ambasadorja e Finland\u00ebs n\u00eb Kosov\u00eb, Eevamari Laaksonen.<\/p>\n<p>Deputet\u00ebve finlandez\u00eb Basha u shprehu mir\u00ebnjohjen e thell\u00eb shtet\u00ebrore p\u00ebr mb\u00ebshtetjen e vazhdueshme q\u00eb vendi mik e partner i Finland\u00ebs dhe populli finlandez i kan\u00eb dh\u00ebn\u00eb Kosov\u00ebs nd\u00ebr vite, mb\u00ebshtetje kjo jasht\u00ebzakonisht e \u00e7muar n\u00eb rrug\u00ebtimin e konsolidimit demokratik dhe shtetnd\u00ebrtues t\u00eb vendit ton\u00eb.<\/p>\n<p>N\u00eb diskutimet e zhvilluara, n\u00eb p\u00ebrgjigje t\u00eb interesimit t\u00eb lart\u00eb t\u00eb deputet\u00ebve, kryetari ritheksoi perspektiv\u00ebn evropiane t\u00eb Kosov\u00ebs dhe aspiratat e saj t\u00eb fuqishme p\u00ebr an\u00ebtar\u00ebsim n\u00eb organizatat nd\u00ebrkomb\u00ebtare.<\/p>\n<p>\u201cNe jemi popull q\u00eb besojm\u00eb n\u00eb vlerat per\u00ebndimore t\u00eb demokracis\u00eb, t\u00eb drejt\u00ebs, t\u00eb mir\u00ebqenies, barazis\u00eb dhe t\u00eb liris\u00eb, mbi t\u00eb cilat \u00ebsht\u00eb ngritur shteti yn\u00eb. P\u00ebrkund\u00ebr sjelljeve t\u00eb vazhdueshme penguese, agresive dhe destruktive t\u00eb Serbis\u00eb, angazhimi yn\u00eb mbetet garantimi i integritetit territorial, sigurimi i mir\u00ebqenies p\u00ebr t\u00eb gjith\u00eb qytetar\u00ebt tan\u00eb dhe avancimi n\u00eb rrug\u00ebn ton\u00eb t\u00eb integrimit evropian\u201d, theksoi Basha.<\/p>\n<p>Kreu i Kuvendit potencoi gjithashtu se Kosova \u00ebsht\u00eb e d\u00ebshmuar p\u00ebr nga p\u00ebrkushtimi n\u00eb respektimin e t\u00eb drejtave t\u00eb t\u00eb gjitha komuniteteve si shoq\u00ebri gjith\u00ebp\u00ebrfshir\u00ebse, ku secili qytetar, pa asnj\u00eb dallim, ka vend t\u00eb barabart\u00eb n\u00eb jet\u00ebn publike dhe politike t\u00eb vendit, me t\u00eb gjitha t\u00eb drejtat e garantuara kushtetuese dhe ligjore.<\/p>\n<p>Ai po ashtu potencoi faktin se shteti yn\u00eb ka nd\u00ebrmarr\u00eb reforma t\u00eb thella institucionale, duke forcuar sundimin e ligjit dhe duke e luftuar me vendosm\u00ebri korrupsionin dhe krimin e organizuar.<\/p>\n<p>\u201cKjo v\u00ebrtetohet edhe me matjet e indekseve kredibile nd\u00ebrkomb\u00ebtare, q\u00eb Kosov\u00ebn e vler\u00ebsojn\u00eb si vend q\u00eb garanton lirin\u00eb e shprehjes dhe q\u00eb po sh\u00ebnon progres t\u00eb gjith\u00ebmbarsh\u00ebm ekonomik, duke d\u00ebshmuar k\u00ebshtu orientimin ton\u00eb t\u00eb qart\u00eb drejt t\u00eb ardhmes n\u00eb familjen evropiane\u201d, tha kryetari Basha.<\/p>\n<p><strong>\u00a0<\/strong><\/p>\n","protected":false},"excerpt":{"rendered":"<p>Prishtin\u00eb 17 Tetor 2025 Kryetari i Kuvendit t\u00eb Kosov\u00ebs, Dimal Basha ka mir\u00ebpritur nj\u00eb delegacion t\u00eb gjer\u00eb prej dhjet\u00eb deputet\u00ebsh nga grupe dhe komisione t\u00eb<\/p>\n","protected":false},"author":6,"featured_media":16671,"comment_status":"open","ping_status":"open","sticky":false,"template":"","format":"standard","meta":{"footnotes":""},"categories":[60],"tags":[],"class_list":["post-16670","post","type-post","status-publish","format-standard","has-post-thumbnail","hentry","category-shoqerore-sq"],"yoast_head":"<!-- This site is optimized with the Yoast SEO plugin v25.3.1 - https:\/\/yoast.com\/wordpress\/plugins\/seo\/ -->\n<title>Basha mir\u00ebpret deputet finlandez\u00eb: Kosova e p\u00ebrkushtuar ndaj integrimit evropian dhe sundimit t\u00eb ligjit -<\/title>\n<meta name=\"robots\" content=\"index, follow, max-snippet:-1, max-image-preview:large, max-video-preview:-1\" \/>\n<link rel=\"canonical\" href=\"https:\/\/veritasinfo.org\/?p=16670\" \/>\n<meta property=\"og:locale\" content=\"en_US\" \/>\n<meta property=\"og:type\" content=\"article\" \/>\n<meta property=\"og:title\" content=\"Basha mir\u00ebpret deputet finlandez\u00eb: Kosova e p\u00ebrkushtuar ndaj integrimit evropian dhe sundimit t\u00eb ligjit -\" \/>\n<meta property=\"og:description\" content=\"Prishtin\u00eb 17 Tetor 2025 Kryetari i Kuvendit t\u00eb Kosov\u00ebs, Dimal Basha ka mir\u00ebpritur nj\u00eb delegacion t\u00eb gjer\u00eb prej dhjet\u00eb deputet\u00ebsh nga grupe dhe komisione t\u00eb\" \/>\n<meta property=\"og:url\" content=\"https:\/\/veritasinfo.org\/?p=16670\" \/>\n<meta property=\"article:published_time\" content=\"2025-10-17T12:15:08+00:00\" \/>\n<meta property=\"og:image\" content=\"https:\/\/veritasinfo.org\/wp-content\/uploads\/2025\/10\/Imazh-i-WhatsApp-2025-10-17-ne-13.35.40_df3cec73.jpg\" \/>\n\t<meta property=\"og:image:width\" content=\"1140\" \/>\n\t<meta property=\"og:image:height\" content=\"570\" \/>\n\t<meta property=\"og:image:type\" content=\"image\/jpeg\" \/>\n<meta name=\"author\" content=\"US5\" \/>\n<meta name=\"twitter:card\" content=\"summary_large_image\" \/>\n<meta name=\"twitter:label1\" content=\"Written by\" \/>\n\t<meta name=\"twitter:data1\" content=\"US5\" \/>\n\t<meta name=\"twitter:label2\" content=\"Est. reading time\" \/>\n\t<meta name=\"twitter:data2\" content=\"2 minutes\" \/>\n<script type=\"application\/ld+json\" class=\"yoast-schema-graph\">{\"@context\":\"https:\/\/schema.org\",\"@graph\":[{\"@type\":\"WebPage\",\"@id\":\"https:\/\/veritasinfo.org\/?p=16670\",\"url\":\"https:\/\/veritasinfo.org\/?p=16670\",\"name\":\"Basha mir\u00ebpret deputet finlandez\u00eb: Kosova e p\u00ebrkushtuar ndaj integrimit evropian dhe sundimit t\u00eb ligjit -\",\"isPartOf\":{\"@id\":\"https:\/\/veritasinfo.org\/#website\"},\"primaryImageOfPage\":{\"@id\":\"https:\/\/veritasinfo.org\/?p=16670#primaryimage\"},\"image\":{\"@id\":\"https:\/\/veritasinfo.org\/?p=16670#primaryimage\"},\"thumbnailUrl\":\"https:\/\/veritasinfo.org\/wp-content\/uploads\/2025\/10\/Imazh-i-WhatsApp-2025-10-17-ne-13.35.40_df3cec73.jpg\",\"datePublished\":\"2025-10-17T12:15:08+00:00\",\"author\":{\"@id\":\"https:\/\/veritasinfo.org\/#\/schema\/person\/bc442336e35414d04494ab8fb45db4c6\"},\"breadcrumb\":{\"@id\":\"https:\/\/veritasinfo.org\/?p=16670#breadcrumb\"},\"inLanguage\":\"en-US\",\"potentialAction\":[{\"@type\":\"ReadAction\",\"target\":[\"https:\/\/veritasinfo.org\/?p=16670\"]}]},{\"@type\":\"ImageObject\",\"inLanguage\":\"en-US\",\"@id\":\"https:\/\/veritasinfo.org\/?p=16670#primaryimage\",\"url\":\"https:\/\/veritasinfo.org\/wp-content\/uploads\/2025\/10\/Imazh-i-WhatsApp-2025-10-17-ne-13.35.40_df3cec73.jpg\",\"contentUrl\":\"https:\/\/veritasinfo.org\/wp-content\/uploads\/2025\/10\/Imazh-i-WhatsApp-2025-10-17-ne-13.35.40_df3cec73.jpg\",\"width\":1140,\"height\":570},{\"@type\":\"BreadcrumbList\",\"@id\":\"https:\/\/veritasinfo.org\/?p=16670#breadcrumb\",\"itemListElement\":[{\"@type\":\"ListItem\",\"position\":1,\"name\":\"Home\",\"item\":\"https:\/\/veritasinfo.org\/\"},{\"@type\":\"ListItem\",\"position\":2,\"name\":\"Basha mir\u00ebpret deputet finlandez\u00eb: Kosova e p\u00ebrkushtuar ndaj integrimit evropian dhe sundimit t\u00eb ligjit\"}]},{\"@type\":\"WebSite\",\"@id\":\"https:\/\/veritasinfo.org\/#website\",\"url\":\"https:\/\/veritasinfo.org\/\",\"name\":\"\",\"description\":\"\",\"potentialAction\":[{\"@type\":\"SearchAction\",\"target\":{\"@type\":\"EntryPoint\",\"urlTemplate\":\"https:\/\/veritasinfo.org\/?s={search_term_string}\"},\"query-input\":{\"@type\":\"PropertyValueSpecification\",\"valueRequired\":true,\"valueName\":\"search_term_string\"}}],\"inLanguage\":\"en-US\"},{\"@type\":\"Person\",\"@id\":\"https:\/\/veritasinfo.org\/#\/schema\/person\/bc442336e35414d04494ab8fb45db4c6\",\"name\":\"US5\",\"image\":{\"@type\":\"ImageObject\",\"inLanguage\":\"en-US\",\"@id\":\"https:\/\/veritasinfo.org\/#\/schema\/person\/image\/\",\"url\":\"https:\/\/secure.gravatar.com\/avatar\/16a61e7272a0c5d001121ebb9e60e925d5816e4ac1e443ed3e640d9a6ae55d0c?s=96&d=mm&r=g\",\"contentUrl\":\"https:\/\/secure.gravatar.com\/avatar\/16a61e7272a0c5d001121ebb9e60e925d5816e4ac1e443ed3e640d9a6ae55d0c?s=96&d=mm&r=g\",\"caption\":\"US5\"},\"url\":\"https:\/\/veritasinfo.org\/?author=6\"}]}<\/script>\n<!-- \/ Yoast SEO plugin. -->","yoast_head_json":{"title":"Basha mir\u00ebpret deputet finlandez\u00eb: Kosova e p\u00ebrkushtuar ndaj integrimit evropian dhe sundimit t\u00eb ligjit -","robots":{"index":"index","follow":"follow","max-snippet":"max-snippet:-1","max-image-preview":"max-image-preview:large","max-video-preview":"max-video-preview:-1"},"canonical":"https:\/\/veritasinfo.org\/?p=16670","og_locale":"en_US","og_type":"article","og_title":"Basha mir\u00ebpret deputet finlandez\u00eb: Kosova e p\u00ebrkushtuar ndaj integrimit evropian dhe sundimit t\u00eb ligjit -","og_description":"Prishtin\u00eb 17 Tetor 2025 Kryetari i Kuvendit t\u00eb Kosov\u00ebs, Dimal Basha ka mir\u00ebpritur nj\u00eb delegacion t\u00eb gjer\u00eb prej dhjet\u00eb deputet\u00ebsh nga grupe dhe komisione t\u00eb","og_url":"https:\/\/veritasinfo.org\/?p=16670","article_published_time":"2025-10-17T12:15:08+00:00","og_image":[{"width":1140,"height":570,"url":"https:\/\/veritasinfo.org\/wp-content\/uploads\/2025\/10\/Imazh-i-WhatsApp-2025-10-17-ne-13.35.40_df3cec73.jpg","type":"image\/jpeg"}],"author":"US5","twitter_card":"summary_large_image","twitter_misc":{"Written by":"US5","Est. reading time":"2 minutes"},"schema":{"@context":"https:\/\/schema.org","@graph":[{"@type":"WebPage","@id":"https:\/\/veritasinfo.org\/?p=16670","url":"https:\/\/veritasinfo.org\/?p=16670","name":"Basha mir\u00ebpret deputet finlandez\u00eb: Kosova e p\u00ebrkushtuar ndaj integrimit evropian dhe sundimit t\u00eb ligjit -","isPartOf":{"@id":"https:\/\/veritasinfo.org\/#website"},"primaryImageOfPage":{"@id":"https:\/\/veritasinfo.org\/?p=16670#primaryimage"},"image":{"@id":"https:\/\/veritasinfo.org\/?p=16670#primaryimage"},"thumbnailUrl":"https:\/\/veritasinfo.org\/wp-content\/uploads\/2025\/10\/Imazh-i-WhatsApp-2025-10-17-ne-13.35.40_df3cec73.jpg","datePublished":"2025-10-17T12:15:08+00:00","author":{"@id":"https:\/\/veritasinfo.org\/#\/schema\/person\/bc442336e35414d04494ab8fb45db4c6"},"breadcrumb":{"@id":"https:\/\/veritasinfo.org\/?p=16670#breadcrumb"},"inLanguage":"en-US","potentialAction":[{"@type":"ReadAction","target":["https:\/\/veritasinfo.org\/?p=16670"]}]},{"@type":"ImageObject","inLanguage":"en-US","@id":"https:\/\/veritasinfo.org\/?p=16670#primaryimage","url":"https:\/\/veritasinfo.org\/wp-content\/uploads\/2025\/10\/Imazh-i-WhatsApp-2025-10-17-ne-13.35.40_df3cec73.jpg","contentUrl":"https:\/\/veritasinfo.org\/wp-content\/uploads\/2025\/10\/Imazh-i-WhatsApp-2025-10-17-ne-13.35.40_df3cec73.jpg","width":1140,"height":570},{"@type":"BreadcrumbList","@id":"https:\/\/veritasinfo.org\/?p=16670#breadcrumb","itemListElement":[{"@type":"ListItem","position":1,"name":"Home","item":"https:\/\/veritasinfo.org\/"},{"@type":"ListItem","position":2,"name":"Basha mir\u00ebpret deputet finlandez\u00eb: Kosova e p\u00ebrkushtuar ndaj integrimit evropian dhe sundimit t\u00eb ligjit"}]},{"@type":"WebSite","@id":"https:\/\/veritasinfo.org\/#website","url":"https:\/\/veritasinfo.org\/","name":"","description":"","potentialAction":[{"@type":"SearchAction","target":{"@type":"EntryPoint","urlTemplate":"https:\/\/veritasinfo.org\/?s={search_term_string}"},"query-input":{"@type":"PropertyValueSpecification","valueRequired":true,"valueName":"search_term_string"}}],"inLanguage":"en-US"},{"@type":"Person","@id":"https:\/\/veritasinfo.org\/#\/schema\/person\/bc442336e35414d04494ab8fb45db4c6","name":"US5","image":{"@type":"ImageObject","inLanguage":"en-US","@id":"https:\/\/veritasinfo.org\/#\/schema\/person\/image\/","url":"https:\/\/secure.gravatar.com\/avatar\/16a61e7272a0c5d001121ebb9e60e925d5816e4ac1e443ed3e640d9a6ae55d0c?s=96&d=mm&r=g","contentUrl":"https:\/\/secure.gravatar.com\/avatar\/16a61e7272a0c5d001121ebb9e60e925d5816e4ac1e443ed3e640d9a6ae55d0c?s=96&d=mm&r=g","caption":"US5"},"url":"https:\/\/veritasinfo.org\/?author=6"}]}},"featured_image_urls":{"full":["https:\/\/veritasinfo.org\/wp-content\/uploads\/2025\/10\/Imazh-i-WhatsApp-2025-10-17-ne-13.35.40_df3cec73.jpg",1140,570,false],"thumbnail":["https:\/\/veritasinfo.org\/wp-content\/uploads\/2025\/10\/Imazh-i-WhatsApp-2025-10-17-ne-13.35.40_df3cec73-150x150.jpg",150,150,true],"medium":["https:\/\/veritasinfo.org\/wp-content\/uploads\/2025\/10\/Imazh-i-WhatsApp-2025-10-17-ne-13.35.40_df3cec73-300x150.jpg",300,150,true],"medium_large":["https:\/\/veritasinfo.org\/wp-content\/uploads\/2025\/10\/Imazh-i-WhatsApp-2025-10-17-ne-13.35.40_df3cec73-768x384.jpg",640,320,true],"large":["https:\/\/veritasinfo.org\/wp-content\/uploads\/2025\/10\/Imazh-i-WhatsApp-2025-10-17-ne-13.35.40_df3cec73-1024x512.jpg",640,320,true],"1536x1536":["https:\/\/veritasinfo.org\/wp-content\/uploads\/2025\/10\/Imazh-i-WhatsApp-2025-10-17-ne-13.35.40_df3cec73.jpg",1140,570,false],"2048x2048":["https:\/\/veritasinfo.org\/wp-content\/uploads\/2025\/10\/Imazh-i-WhatsApp-2025-10-17-ne-13.35.40_df3cec73.jpg",1140,570,false],"kreeti-slider-full":["https:\/\/veritasinfo.org\/wp-content\/uploads\/2025\/10\/Imazh-i-WhatsApp-2025-10-17-ne-13.35.40_df3cec73.jpg",1140,570,false],"kreeti-featured":["https:\/\/veritasinfo.org\/wp-content\/uploads\/2025\/10\/Imazh-i-WhatsApp-2025-10-17-ne-13.35.40_df3cec73.jpg",1024,512,false],"kreeti-medium":["https:\/\/veritasinfo.org\/wp-content\/uploads\/2025\/10\/Imazh-i-WhatsApp-2025-10-17-ne-13.35.40_df3cec73.jpg",720,360,false],"kreeti-medium-square":["https:\/\/veritasinfo.org\/wp-content\/uploads\/2025\/10\/Imazh-i-WhatsApp-2025-10-17-ne-13.35.40_df3cec73.jpg",350,175,false]},"author_info":{"info":["US5"]},"category_info":"<a href=\"https:\/\/veritasinfo.org\/?cat=60\" rel=\"category\">Shoq\u00ebrore<\/a>","tag_info":"Shoq\u00ebrore","comment_count":"0","_links":{"self":[{"href":"https:\/\/veritasinfo.org\/index.php?rest_route=\/wp\/v2\/posts\/16670","targetHints":{"allow":["GET"]}}],"collection":[{"href":"https:\/\/veritasinfo.org\/index.php?rest_route=\/wp\/v2\/posts"}],"about":[{"href":"https:\/\/veritasinfo.org\/index.php?rest_route=\/wp\/v2\/types\/post"}],"author":[{"embeddable":true,"href":"https:\/\/veritasinfo.org\/index.php?rest_route=\/wp\/v2\/users\/6"}],"replies":[{"embeddable":true,"href":"https:\/\/veritasinfo.org\/index.php?rest_route=%2Fwp%2Fv2%2Fcomments&post=16670"}],"version-history":[{"count":1,"href":"https:\/\/veritasinfo.org\/index.php?rest_route=\/wp\/v2\/posts\/16670\/revisions"}],"predecessor-version":[{"id":16672,"href":"https:\/\/veritasinfo.org\/index.php?rest_route=\/wp\/v2\/posts\/16670\/revisions\/16672"}],"wp:featuredmedia":[{"embeddable":true,"href":"https:\/\/veritasinfo.org\/index.php?rest_route=\/wp\/v2\/media\/16671"}],"wp:attachment":[{"href":"https:\/\/veritasinfo.org\/index.php?rest_route=%2Fwp%2Fv2%2Fmedia&parent=16670"}],"wp:term":[{"taxonomy":"category","embeddable":true,"href":"https:\/\/veritasinfo.org\/index.php?rest_route=%2Fwp%2Fv2%2Fcategories&post=16670"},{"taxonomy":"post_tag","embeddable":true,"href":"https:\/\/veritasinfo.org\/index.php?rest_route=%2Fwp%2Fv2%2Ftags&post=16670"}],"curies":[{"name":"wp","href":"https:\/\/api.w.org\/{rel}","templated":true}]}}