{"id":16664,"date":"2025-10-17T13:12:01","date_gmt":"2025-10-17T11:12:01","guid":{"rendered":"https:\/\/veritasinfo.org\/?p=16664"},"modified":"2025-10-17T13:12:01","modified_gmt":"2025-10-17T11:12:01","slug":"presidenti-i-fiba-evropes-jorge-garbajosa-ne-kosove-takohet-me-ministrin-ceku-dhe-drejtuesit-e-fbk-se","status":"publish","type":"post","link":"https:\/\/veritasinfo.org\/?p=16664","title":{"rendered":"Presidenti i FIBA Evrop\u00ebs Jorge Garbajosa n\u00eb Kosov\u00eb \u2013 takohet me Ministrin \u00c7eku dhe drejtuesit e FBK-s\u00eb"},"content":{"rendered":"<p>Prishtin\u00eb 17 Tetor 2025<\/p>\n<p>Presidenti i FIBA Evrop\u00ebs, Jorge Garbajosa, s\u00eb bashku me Drejtorin Ekzekutiv t\u00eb FIBA Evrop\u00ebs Kamil Novak, si dhe drejtuesit e FBK-s\u00eb, Kryetari Arben Fetahu dhe Sekretarja e P\u00ebrgjithshme, Elvira Dushku u prit\u00ebn sot nga Ministri i Kultur\u00ebs, Rinis\u00eb dhe Sportit, Hajrulla \u00c7eku, z\u00ebvend\u00ebsministrja Daulina Osmani, Sekretari i P\u00ebrgjithsh\u00ebm Bislim Bislimi dhe Fidan Shatri, Kryeshef i Agjencis\u00eb s\u00eb Sportit t\u00eb Kosov\u00ebs.<\/p>\n<p>N\u00eb takim u theksua bashk\u00ebpunimi i ngusht\u00eb nd\u00ebrmjet MKRS-s\u00eb dhe FBK-s\u00eb, si dhe mb\u00ebshtetja institucionale p\u00ebr zhvillimin e basketbollit n\u00eb Kosov\u00eb.<\/p>\n<p>Nga FBK u theksua se tema ishte organizimi i Loj\u00ebrave Mesdhetare 2030, ku sporti do t\u00eb jet\u00eb n\u00eb qend\u00ebr t\u00eb v\u00ebmendjes, me investime t\u00eb r\u00ebnd\u00ebsishme n\u00eb infrastruktur\u00eb.<\/p>\n<p>Jorge Garbajosa fal\u00ebnderoi MKRS-n\u00eb p\u00ebr p\u00ebrkrahjen ndaj FBK-s\u00eb dhe sportit ton\u00eb komb\u00ebtar, duke theksuar r\u00ebnd\u00ebsin\u00eb e partneritetit p\u00ebr organizime t\u00eb suksesshme nd\u00ebrkomb\u00ebtare.<\/p>\n","protected":false},"excerpt":{"rendered":"<p>Prishtin\u00eb 17 Tetor 2025 Presidenti i FIBA Evrop\u00ebs, Jorge Garbajosa, s\u00eb bashku me Drejtorin Ekzekutiv t\u00eb FIBA Evrop\u00ebs Kamil Novak, si dhe drejtuesit e FBK-s\u00eb,<\/p>\n","protected":false},"author":6,"featured_media":16665,"comment_status":"open","ping_status":"open","sticky":false,"template":"","format":"standard","meta":{"footnotes":""},"categories":[15],"tags":[],"class_list":["post-16664","post","type-post","status-publish","format-standard","has-post-thumbnail","hentry","category-uncategorized-sq"],"yoast_head":"<!-- This site is optimized with the Yoast SEO plugin v25.3.1 - https:\/\/yoast.com\/wordpress\/plugins\/seo\/ -->\n<title>Presidenti i FIBA Evrop\u00ebs Jorge Garbajosa n\u00eb Kosov\u00eb \u2013 takohet me Ministrin \u00c7eku dhe drejtuesit e FBK-s\u00eb -<\/title>\n<meta name=\"robots\" content=\"index, follow, max-snippet:-1, max-image-preview:large, max-video-preview:-1\" \/>\n<link rel=\"canonical\" href=\"https:\/\/veritasinfo.org\/?p=16664\" \/>\n<meta property=\"og:locale\" content=\"en_US\" \/>\n<meta property=\"og:type\" content=\"article\" \/>\n<meta property=\"og:title\" content=\"Presidenti i FIBA Evrop\u00ebs Jorge Garbajosa n\u00eb Kosov\u00eb \u2013 takohet me Ministrin \u00c7eku dhe drejtuesit e FBK-s\u00eb -\" \/>\n<meta property=\"og:description\" content=\"Prishtin\u00eb 17 Tetor 2025 Presidenti i FIBA Evrop\u00ebs, Jorge Garbajosa, s\u00eb bashku me Drejtorin Ekzekutiv t\u00eb FIBA Evrop\u00ebs Kamil Novak, si dhe drejtuesit e FBK-s\u00eb,\" \/>\n<meta property=\"og:url\" content=\"https:\/\/veritasinfo.org\/?p=16664\" \/>\n<meta property=\"article:published_time\" content=\"2025-10-17T11:12:01+00:00\" \/>\n<meta property=\"og:image\" content=\"https:\/\/veritasinfo.org\/wp-content\/uploads\/2025\/10\/Imazh-i-WhatsApp-2025-10-17-ne-13.11.32_97e57358.jpg\" \/>\n\t<meta property=\"og:image:width\" content=\"1068\" \/>\n\t<meta property=\"og:image:height\" content=\"570\" \/>\n\t<meta property=\"og:image:type\" content=\"image\/jpeg\" \/>\n<meta name=\"author\" content=\"US5\" \/>\n<meta name=\"twitter:card\" content=\"summary_large_image\" \/>\n<meta name=\"twitter:label1\" content=\"Written by\" \/>\n\t<meta name=\"twitter:data1\" content=\"US5\" \/>\n\t<meta name=\"twitter:label2\" content=\"Est. reading time\" \/>\n\t<meta name=\"twitter:data2\" content=\"1 minute\" \/>\n<script type=\"application\/ld+json\" class=\"yoast-schema-graph\">{\"@context\":\"https:\/\/schema.org\",\"@graph\":[{\"@type\":\"WebPage\",\"@id\":\"https:\/\/veritasinfo.org\/?p=16664\",\"url\":\"https:\/\/veritasinfo.org\/?p=16664\",\"name\":\"Presidenti i FIBA Evrop\u00ebs Jorge Garbajosa n\u00eb Kosov\u00eb \u2013 takohet me Ministrin \u00c7eku dhe drejtuesit e FBK-s\u00eb -\",\"isPartOf\":{\"@id\":\"https:\/\/veritasinfo.org\/#website\"},\"primaryImageOfPage\":{\"@id\":\"https:\/\/veritasinfo.org\/?p=16664#primaryimage\"},\"image\":{\"@id\":\"https:\/\/veritasinfo.org\/?p=16664#primaryimage\"},\"thumbnailUrl\":\"https:\/\/veritasinfo.org\/wp-content\/uploads\/2025\/10\/Imazh-i-WhatsApp-2025-10-17-ne-13.11.32_97e57358.jpg\",\"datePublished\":\"2025-10-17T11:12:01+00:00\",\"author\":{\"@id\":\"https:\/\/veritasinfo.org\/#\/schema\/person\/bc442336e35414d04494ab8fb45db4c6\"},\"breadcrumb\":{\"@id\":\"https:\/\/veritasinfo.org\/?p=16664#breadcrumb\"},\"inLanguage\":\"en-US\",\"potentialAction\":[{\"@type\":\"ReadAction\",\"target\":[\"https:\/\/veritasinfo.org\/?p=16664\"]}]},{\"@type\":\"ImageObject\",\"inLanguage\":\"en-US\",\"@id\":\"https:\/\/veritasinfo.org\/?p=16664#primaryimage\",\"url\":\"https:\/\/veritasinfo.org\/wp-content\/uploads\/2025\/10\/Imazh-i-WhatsApp-2025-10-17-ne-13.11.32_97e57358.jpg\",\"contentUrl\":\"https:\/\/veritasinfo.org\/wp-content\/uploads\/2025\/10\/Imazh-i-WhatsApp-2025-10-17-ne-13.11.32_97e57358.jpg\",\"width\":1068,\"height\":570},{\"@type\":\"BreadcrumbList\",\"@id\":\"https:\/\/veritasinfo.org\/?p=16664#breadcrumb\",\"itemListElement\":[{\"@type\":\"ListItem\",\"position\":1,\"name\":\"Home\",\"item\":\"https:\/\/veritasinfo.org\/\"},{\"@type\":\"ListItem\",\"position\":2,\"name\":\"Presidenti i FIBA Evrop\u00ebs Jorge Garbajosa n\u00eb Kosov\u00eb \u2013 takohet me Ministrin \u00c7eku dhe drejtuesit e FBK-s\u00eb\"}]},{\"@type\":\"WebSite\",\"@id\":\"https:\/\/veritasinfo.org\/#website\",\"url\":\"https:\/\/veritasinfo.org\/\",\"name\":\"\",\"description\":\"\",\"potentialAction\":[{\"@type\":\"SearchAction\",\"target\":{\"@type\":\"EntryPoint\",\"urlTemplate\":\"https:\/\/veritasinfo.org\/?s={search_term_string}\"},\"query-input\":{\"@type\":\"PropertyValueSpecification\",\"valueRequired\":true,\"valueName\":\"search_term_string\"}}],\"inLanguage\":\"en-US\"},{\"@type\":\"Person\",\"@id\":\"https:\/\/veritasinfo.org\/#\/schema\/person\/bc442336e35414d04494ab8fb45db4c6\",\"name\":\"US5\",\"image\":{\"@type\":\"ImageObject\",\"inLanguage\":\"en-US\",\"@id\":\"https:\/\/veritasinfo.org\/#\/schema\/person\/image\/\",\"url\":\"https:\/\/secure.gravatar.com\/avatar\/16a61e7272a0c5d001121ebb9e60e925d5816e4ac1e443ed3e640d9a6ae55d0c?s=96&d=mm&r=g\",\"contentUrl\":\"https:\/\/secure.gravatar.com\/avatar\/16a61e7272a0c5d001121ebb9e60e925d5816e4ac1e443ed3e640d9a6ae55d0c?s=96&d=mm&r=g\",\"caption\":\"US5\"},\"url\":\"https:\/\/veritasinfo.org\/?author=6\"}]}<\/script>\n<!-- \/ Yoast SEO plugin. -->","yoast_head_json":{"title":"Presidenti i FIBA Evrop\u00ebs Jorge Garbajosa n\u00eb Kosov\u00eb \u2013 takohet me Ministrin \u00c7eku dhe drejtuesit e FBK-s\u00eb -","robots":{"index":"index","follow":"follow","max-snippet":"max-snippet:-1","max-image-preview":"max-image-preview:large","max-video-preview":"max-video-preview:-1"},"canonical":"https:\/\/veritasinfo.org\/?p=16664","og_locale":"en_US","og_type":"article","og_title":"Presidenti i FIBA Evrop\u00ebs Jorge Garbajosa n\u00eb Kosov\u00eb \u2013 takohet me Ministrin \u00c7eku dhe drejtuesit e FBK-s\u00eb -","og_description":"Prishtin\u00eb 17 Tetor 2025 Presidenti i FIBA Evrop\u00ebs, Jorge Garbajosa, s\u00eb bashku me Drejtorin Ekzekutiv t\u00eb FIBA Evrop\u00ebs Kamil Novak, si dhe drejtuesit e FBK-s\u00eb,","og_url":"https:\/\/veritasinfo.org\/?p=16664","article_published_time":"2025-10-17T11:12:01+00:00","og_image":[{"width":1068,"height":570,"url":"https:\/\/veritasinfo.org\/wp-content\/uploads\/2025\/10\/Imazh-i-WhatsApp-2025-10-17-ne-13.11.32_97e57358.jpg","type":"image\/jpeg"}],"author":"US5","twitter_card":"summary_large_image","twitter_misc":{"Written by":"US5","Est. reading time":"1 minute"},"schema":{"@context":"https:\/\/schema.org","@graph":[{"@type":"WebPage","@id":"https:\/\/veritasinfo.org\/?p=16664","url":"https:\/\/veritasinfo.org\/?p=16664","name":"Presidenti i FIBA Evrop\u00ebs Jorge Garbajosa n\u00eb Kosov\u00eb \u2013 takohet me Ministrin \u00c7eku dhe drejtuesit e FBK-s\u00eb -","isPartOf":{"@id":"https:\/\/veritasinfo.org\/#website"},"primaryImageOfPage":{"@id":"https:\/\/veritasinfo.org\/?p=16664#primaryimage"},"image":{"@id":"https:\/\/veritasinfo.org\/?p=16664#primaryimage"},"thumbnailUrl":"https:\/\/veritasinfo.org\/wp-content\/uploads\/2025\/10\/Imazh-i-WhatsApp-2025-10-17-ne-13.11.32_97e57358.jpg","datePublished":"2025-10-17T11:12:01+00:00","author":{"@id":"https:\/\/veritasinfo.org\/#\/schema\/person\/bc442336e35414d04494ab8fb45db4c6"},"breadcrumb":{"@id":"https:\/\/veritasinfo.org\/?p=16664#breadcrumb"},"inLanguage":"en-US","potentialAction":[{"@type":"ReadAction","target":["https:\/\/veritasinfo.org\/?p=16664"]}]},{"@type":"ImageObject","inLanguage":"en-US","@id":"https:\/\/veritasinfo.org\/?p=16664#primaryimage","url":"https:\/\/veritasinfo.org\/wp-content\/uploads\/2025\/10\/Imazh-i-WhatsApp-2025-10-17-ne-13.11.32_97e57358.jpg","contentUrl":"https:\/\/veritasinfo.org\/wp-content\/uploads\/2025\/10\/Imazh-i-WhatsApp-2025-10-17-ne-13.11.32_97e57358.jpg","width":1068,"height":570},{"@type":"BreadcrumbList","@id":"https:\/\/veritasinfo.org\/?p=16664#breadcrumb","itemListElement":[{"@type":"ListItem","position":1,"name":"Home","item":"https:\/\/veritasinfo.org\/"},{"@type":"ListItem","position":2,"name":"Presidenti i FIBA Evrop\u00ebs Jorge Garbajosa n\u00eb Kosov\u00eb \u2013 takohet me Ministrin \u00c7eku dhe drejtuesit e FBK-s\u00eb"}]},{"@type":"WebSite","@id":"https:\/\/veritasinfo.org\/#website","url":"https:\/\/veritasinfo.org\/","name":"","description":"","potentialAction":[{"@type":"SearchAction","target":{"@type":"EntryPoint","urlTemplate":"https:\/\/veritasinfo.org\/?s={search_term_string}"},"query-input":{"@type":"PropertyValueSpecification","valueRequired":true,"valueName":"search_term_string"}}],"inLanguage":"en-US"},{"@type":"Person","@id":"https:\/\/veritasinfo.org\/#\/schema\/person\/bc442336e35414d04494ab8fb45db4c6","name":"US5","image":{"@type":"ImageObject","inLanguage":"en-US","@id":"https:\/\/veritasinfo.org\/#\/schema\/person\/image\/","url":"https:\/\/secure.gravatar.com\/avatar\/16a61e7272a0c5d001121ebb9e60e925d5816e4ac1e443ed3e640d9a6ae55d0c?s=96&d=mm&r=g","contentUrl":"https:\/\/secure.gravatar.com\/avatar\/16a61e7272a0c5d001121ebb9e60e925d5816e4ac1e443ed3e640d9a6ae55d0c?s=96&d=mm&r=g","caption":"US5"},"url":"https:\/\/veritasinfo.org\/?author=6"}]}},"featured_image_urls":{"full":["https:\/\/veritasinfo.org\/wp-content\/uploads\/2025\/10\/Imazh-i-WhatsApp-2025-10-17-ne-13.11.32_97e57358.jpg",1068,570,false],"thumbnail":["https:\/\/veritasinfo.org\/wp-content\/uploads\/2025\/10\/Imazh-i-WhatsApp-2025-10-17-ne-13.11.32_97e57358-150x150.jpg",150,150,true],"medium":["https:\/\/veritasinfo.org\/wp-content\/uploads\/2025\/10\/Imazh-i-WhatsApp-2025-10-17-ne-13.11.32_97e57358-300x160.jpg",300,160,true],"medium_large":["https:\/\/veritasinfo.org\/wp-content\/uploads\/2025\/10\/Imazh-i-WhatsApp-2025-10-17-ne-13.11.32_97e57358-768x410.jpg",640,342,true],"large":["https:\/\/veritasinfo.org\/wp-content\/uploads\/2025\/10\/Imazh-i-WhatsApp-2025-10-17-ne-13.11.32_97e57358-1024x547.jpg",640,342,true],"1536x1536":["https:\/\/veritasinfo.org\/wp-content\/uploads\/2025\/10\/Imazh-i-WhatsApp-2025-10-17-ne-13.11.32_97e57358.jpg",1068,570,false],"2048x2048":["https:\/\/veritasinfo.org\/wp-content\/uploads\/2025\/10\/Imazh-i-WhatsApp-2025-10-17-ne-13.11.32_97e57358.jpg",1068,570,false],"kreeti-slider-full":["https:\/\/veritasinfo.org\/wp-content\/uploads\/2025\/10\/Imazh-i-WhatsApp-2025-10-17-ne-13.11.32_97e57358.jpg",1068,570,false],"kreeti-featured":["https:\/\/veritasinfo.org\/wp-content\/uploads\/2025\/10\/Imazh-i-WhatsApp-2025-10-17-ne-13.11.32_97e57358.jpg",1024,547,false],"kreeti-medium":["https:\/\/veritasinfo.org\/wp-content\/uploads\/2025\/10\/Imazh-i-WhatsApp-2025-10-17-ne-13.11.32_97e57358.jpg",720,384,false],"kreeti-medium-square":["https:\/\/veritasinfo.org\/wp-content\/uploads\/2025\/10\/Imazh-i-WhatsApp-2025-10-17-ne-13.11.32_97e57358.jpg",350,187,false]},"author_info":{"info":["US5"]},"category_info":"<a href=\"https:\/\/veritasinfo.org\/?cat=15\" rel=\"category\">Uncategorized<\/a>","tag_info":"Uncategorized","comment_count":"0","_links":{"self":[{"href":"https:\/\/veritasinfo.org\/index.php?rest_route=\/wp\/v2\/posts\/16664","targetHints":{"allow":["GET"]}}],"collection":[{"href":"https:\/\/veritasinfo.org\/index.php?rest_route=\/wp\/v2\/posts"}],"about":[{"href":"https:\/\/veritasinfo.org\/index.php?rest_route=\/wp\/v2\/types\/post"}],"author":[{"embeddable":true,"href":"https:\/\/veritasinfo.org\/index.php?rest_route=\/wp\/v2\/users\/6"}],"replies":[{"embeddable":true,"href":"https:\/\/veritasinfo.org\/index.php?rest_route=%2Fwp%2Fv2%2Fcomments&post=16664"}],"version-history":[{"count":1,"href":"https:\/\/veritasinfo.org\/index.php?rest_route=\/wp\/v2\/posts\/16664\/revisions"}],"predecessor-version":[{"id":16666,"href":"https:\/\/veritasinfo.org\/index.php?rest_route=\/wp\/v2\/posts\/16664\/revisions\/16666"}],"wp:featuredmedia":[{"embeddable":true,"href":"https:\/\/veritasinfo.org\/index.php?rest_route=\/wp\/v2\/media\/16665"}],"wp:attachment":[{"href":"https:\/\/veritasinfo.org\/index.php?rest_route=%2Fwp%2Fv2%2Fmedia&parent=16664"}],"wp:term":[{"taxonomy":"category","embeddable":true,"href":"https:\/\/veritasinfo.org\/index.php?rest_route=%2Fwp%2Fv2%2Fcategories&post=16664"},{"taxonomy":"post_tag","embeddable":true,"href":"https:\/\/veritasinfo.org\/index.php?rest_route=%2Fwp%2Fv2%2Ftags&post=16664"}],"curies":[{"name":"wp","href":"https:\/\/api.w.org\/{rel}","templated":true}]}}