{"id":1665,"date":"2025-06-26T19:19:14","date_gmt":"2025-06-26T17:19:14","guid":{"rendered":"https:\/\/veritasinfo.org\/?p=1665"},"modified":"2025-06-26T19:19:14","modified_gmt":"2025-06-26T17:19:14","slug":"gjermania-e-vazhdon-qendrimin-ne-kfor-sheh-potencial-per-konflikt-dhe-pershkallezim","status":"publish","type":"post","link":"https:\/\/veritasinfo.org\/?p=1665","title":{"rendered":"Gjermania e vazhdon q\u00ebndrimin n\u00eb KFOR, sheh potencial p\u00ebr konflikt dhe p\u00ebrshkall\u00ebzim"},"content":{"rendered":"<p><span style=\"font-size: 16px;\">Parlamenti Federal gjerman (Bundestag) n\u00eb lexim t\u00eb dyt\u00eb ka vendosur p\u00ebr vazhdimin e pjes\u00ebmarrjes s\u00eb Bundeswehrit (Ushtris\u00eb Gjermane) n\u00eb misionin e NATO-s n\u00eb Kosov\u00eb, KFOR.<\/span><\/p>\n<p><span style=\"font-size: 16px;\">K\u00ebshtu ka njoftuar ministria Federale e Mbrojtjes e Gjermanis\u00eb, e cila theksoi se KFOR-i po siguron ushtarakisht paqe p\u00ebr vendin.<\/span><\/p>\n<p>MPB-ja gjermane thot\u00eb se q\u00eb nga fillimi i misionit t\u00eb KFOR-it, situata n\u00eb Kosov\u00eb dhe n\u00eb rajonin e Ballkanit Per\u00ebndimor \u00ebsht\u00eb stabilizuar, teksa p\u00ebrmendin edhe dialogun midis Republik\u00ebs s\u00eb Kosov\u00ebs dhe asaj t\u00eb Serbis\u00eb n\u00eb Bruksel p\u00ebr t\u00eb normalizuar marr\u00ebdh\u00ebniet.<\/p>\n<p>Por, kjo ministri thot\u00eb se raportet mes dy vendeve karakterizohen nga ulje-ngritje, teksa p\u00ebrmendin edhe potencialin ekzistues p\u00ebr konflikt e p\u00ebrshkall\u00ebzim.<\/p>\n<p>\u201cEnde ekziston potencial p\u00ebr konflikt dhe p\u00ebrshkall\u00ebzim. N\u00eb vitin 2023, p\u00ebr shembull, pati incidente t\u00eb dhunshme n\u00eb t\u00eb cilat ushtar\u00eb dhe civil\u00eb t\u00eb KFOR-it u plagos\u00ebn, disa prej tyre r\u00ebnd\u00eb. N\u00eb fund t\u00eb n\u00ebntorit 2024, nj\u00eb sulm me eksploziv u krye n\u00eb furnizimin qendror me uj\u00eb dhe energji elektrike t\u00eb vendit. Kjo tregon se tensionet e vjetra mund t\u00eb shp\u00ebrthejn\u00eb p\u00ebrs\u00ebri n\u00eb \u00e7do koh\u00eb n\u00eb Kosov\u00eb, ve\u00e7an\u00ebrisht n\u00eb veri t\u00eb Kosov\u00ebs, e cila \u00ebsht\u00eb kryesisht e banuar nga serb\u00eb etnik\u00eb\u201d, thot\u00eb MPB-ja gjermane.<\/p>\n<p>Ministria gjermane e mbrojtjes thot\u00eb po ashtu se \u201cp\u00ebr shkak t\u00eb tensioneve ekzistuese, stabilizimi nga KFOR-i dhe k\u00ebshtu prania e Bundeswehrit n\u00eb rajon \u00ebsht\u00eb ende i nevojsh\u00ebm\u201d.<\/p>\n<p>\u201cBundeswehri shihet atje si garantues sigurie dhe si nj\u00eb plot\u00ebsues i strukturave t\u00eb siguris\u00eb. Kjo \u00ebsht\u00eb arsyeja pse Gjermania po e mb\u00ebshtet k\u00ebt\u00eb mision brenda korniz\u00ebs s\u00eb NATO-s\/Organizat\u00ebs s\u00eb Traktatit t\u00eb Atlantikut t\u00eb Veriut p\u00ebr ruajtjen ushtarake t\u00eb paqes n\u00eb rajonin e Ballkanit\u201d.<\/p>\n<p>\u201cKy \u00ebsht\u00eb parakushti p\u00ebr zhvillime t\u00eb m\u00ebtejshme politike, sociale dhe ekonomike n\u00eb Republik\u00ebn e Kosov\u00ebs \u2013 deri n\u00eb dhe duke p\u00ebrfshir\u00eb normalizimin e marr\u00ebdh\u00ebnieve me Serbin\u00eb. T\u00eb dy vendet mund t\u00eb p\u00ebrmir\u00ebsojn\u00eb k\u00ebshtu edhe perspektivat e tyre t\u00eb an\u00ebtar\u00ebsimit n\u00eb BE. N\u00eb p\u00ebrgjith\u00ebsi, stabiliteti dhe paqja e q\u00ebndrueshme n\u00eb Kosov\u00eb dhe n\u00eb Ballkanin Per\u00ebndimor jan\u00eb me interes t\u00eb madh p\u00ebr Gjermanin\u00eb, p\u00ebr NATO-n dhe p\u00ebr Evrop\u00ebn n\u00eb t\u00ebr\u00ebsi\u201d, tha MPB-ja gjermane.<\/p>\n<p>N\u00ebse angazhimi i forcave gjermane n\u00eb Kosov\u00eb \u00ebsht\u00eb ende e nevojshme, \u201cqeveria federale do t\u2019ia paraqes\u00eb mandatin p\u00ebrs\u00ebri parlamentit vitin e ardhsh\u00ebm p\u00ebr nj\u00eb vendim\u201d.<\/p>\n<p>MPB-ja gjermane theksoi se tavani i personelit deri n\u00eb 400 ushtar\u00eb do t\u00eb mbahet i pandryshuar.<\/p>\n","protected":false},"excerpt":{"rendered":"<p>Parlamenti Federal gjerman (Bundestag) n\u00eb lexim t\u00eb dyt\u00eb ka vendosur p\u00ebr vazhdimin e pjes\u00ebmarrjes s\u00eb Bundeswehrit (Ushtris\u00eb Gjermane) n\u00eb misionin e NATO-s n\u00eb Kosov\u00eb, KFOR.<\/p>\n","protected":false},"author":1,"featured_media":1667,"comment_status":"open","ping_status":"open","sticky":false,"template":"","format":"standard","meta":{"footnotes":""},"categories":[58],"tags":[],"class_list":["post-1665","post","type-post","status-publish","format-standard","has-post-thumbnail","hentry","category-politike-sq"],"yoast_head":"<!-- This site is optimized with the Yoast SEO plugin v25.3.1 - https:\/\/yoast.com\/wordpress\/plugins\/seo\/ -->\n<title>Gjermania e vazhdon q\u00ebndrimin n\u00eb KFOR, sheh potencial p\u00ebr konflikt dhe p\u00ebrshkall\u00ebzim -<\/title>\n<meta name=\"robots\" content=\"index, follow, max-snippet:-1, max-image-preview:large, max-video-preview:-1\" \/>\n<link rel=\"canonical\" href=\"https:\/\/veritasinfo.org\/?p=1665\" \/>\n<meta property=\"og:locale\" content=\"en_US\" \/>\n<meta property=\"og:type\" content=\"article\" \/>\n<meta property=\"og:title\" content=\"Gjermania e vazhdon q\u00ebndrimin n\u00eb KFOR, sheh potencial p\u00ebr konflikt dhe p\u00ebrshkall\u00ebzim -\" \/>\n<meta property=\"og:description\" content=\"Parlamenti Federal gjerman (Bundestag) n\u00eb lexim t\u00eb dyt\u00eb ka vendosur p\u00ebr vazhdimin e pjes\u00ebmarrjes s\u00eb Bundeswehrit (Ushtris\u00eb Gjermane) n\u00eb misionin e NATO-s n\u00eb Kosov\u00eb, KFOR.\" \/>\n<meta property=\"og:url\" content=\"https:\/\/veritasinfo.org\/?p=1665\" \/>\n<meta property=\"article:published_time\" content=\"2025-06-26T17:19:14+00:00\" \/>\n<meta property=\"og:image\" content=\"https:\/\/veritasinfo.org\/wp-content\/uploads\/2025\/06\/KFOR-i-Gjermman-750x375-1.jpg\" \/>\n\t<meta property=\"og:image:width\" content=\"750\" \/>\n\t<meta property=\"og:image:height\" content=\"375\" \/>\n\t<meta property=\"og:image:type\" content=\"image\/jpeg\" \/>\n<meta name=\"author\" content=\"admin\" \/>\n<meta name=\"twitter:card\" content=\"summary_large_image\" \/>\n<meta name=\"twitter:label1\" content=\"Written by\" \/>\n\t<meta name=\"twitter:data1\" content=\"admin\" \/>\n\t<meta name=\"twitter:label2\" content=\"Est. reading time\" \/>\n\t<meta name=\"twitter:data2\" content=\"2 minutes\" \/>\n<script type=\"application\/ld+json\" class=\"yoast-schema-graph\">{\"@context\":\"https:\/\/schema.org\",\"@graph\":[{\"@type\":\"WebPage\",\"@id\":\"https:\/\/veritasinfo.org\/?p=1665\",\"url\":\"https:\/\/veritasinfo.org\/?p=1665\",\"name\":\"Gjermania e vazhdon q\u00ebndrimin n\u00eb KFOR, sheh potencial p\u00ebr konflikt dhe p\u00ebrshkall\u00ebzim -\",\"isPartOf\":{\"@id\":\"https:\/\/veritasinfo.org\/#website\"},\"primaryImageOfPage\":{\"@id\":\"https:\/\/veritasinfo.org\/?p=1665#primaryimage\"},\"image\":{\"@id\":\"https:\/\/veritasinfo.org\/?p=1665#primaryimage\"},\"thumbnailUrl\":\"https:\/\/veritasinfo.org\/wp-content\/uploads\/2025\/06\/KFOR-i-Gjermman-750x375-1.jpg\",\"datePublished\":\"2025-06-26T17:19:14+00:00\",\"author\":{\"@id\":\"https:\/\/veritasinfo.org\/#\/schema\/person\/7701f8c088bece422266b100a712374f\"},\"breadcrumb\":{\"@id\":\"https:\/\/veritasinfo.org\/?p=1665#breadcrumb\"},\"inLanguage\":\"en-US\",\"potentialAction\":[{\"@type\":\"ReadAction\",\"target\":[\"https:\/\/veritasinfo.org\/?p=1665\"]}]},{\"@type\":\"ImageObject\",\"inLanguage\":\"en-US\",\"@id\":\"https:\/\/veritasinfo.org\/?p=1665#primaryimage\",\"url\":\"https:\/\/veritasinfo.org\/wp-content\/uploads\/2025\/06\/KFOR-i-Gjermman-750x375-1.jpg\",\"contentUrl\":\"https:\/\/veritasinfo.org\/wp-content\/uploads\/2025\/06\/KFOR-i-Gjermman-750x375-1.jpg\",\"width\":750,\"height\":375},{\"@type\":\"BreadcrumbList\",\"@id\":\"https:\/\/veritasinfo.org\/?p=1665#breadcrumb\",\"itemListElement\":[{\"@type\":\"ListItem\",\"position\":1,\"name\":\"Home\",\"item\":\"https:\/\/veritasinfo.org\/\"},{\"@type\":\"ListItem\",\"position\":2,\"name\":\"Gjermania e vazhdon q\u00ebndrimin n\u00eb KFOR, sheh potencial p\u00ebr konflikt dhe p\u00ebrshkall\u00ebzim\"}]},{\"@type\":\"WebSite\",\"@id\":\"https:\/\/veritasinfo.org\/#website\",\"url\":\"https:\/\/veritasinfo.org\/\",\"name\":\"\",\"description\":\"\",\"potentialAction\":[{\"@type\":\"SearchAction\",\"target\":{\"@type\":\"EntryPoint\",\"urlTemplate\":\"https:\/\/veritasinfo.org\/?s={search_term_string}\"},\"query-input\":{\"@type\":\"PropertyValueSpecification\",\"valueRequired\":true,\"valueName\":\"search_term_string\"}}],\"inLanguage\":\"en-US\"},{\"@type\":\"Person\",\"@id\":\"https:\/\/veritasinfo.org\/#\/schema\/person\/7701f8c088bece422266b100a712374f\",\"name\":\"admin\",\"image\":{\"@type\":\"ImageObject\",\"inLanguage\":\"en-US\",\"@id\":\"https:\/\/veritasinfo.org\/#\/schema\/person\/image\/\",\"url\":\"https:\/\/secure.gravatar.com\/avatar\/ea53aa3bf6c9a12d5fde8ce4deff43fef3885ae33cf60184161a50d6987cfd2f?s=96&d=mm&r=g\",\"contentUrl\":\"https:\/\/secure.gravatar.com\/avatar\/ea53aa3bf6c9a12d5fde8ce4deff43fef3885ae33cf60184161a50d6987cfd2f?s=96&d=mm&r=g\",\"caption\":\"admin\"},\"sameAs\":[\"https:\/\/veritasinfo.org\"],\"url\":\"https:\/\/veritasinfo.org\/?author=1\"}]}<\/script>\n<!-- \/ Yoast SEO plugin. -->","yoast_head_json":{"title":"Gjermania e vazhdon q\u00ebndrimin n\u00eb KFOR, sheh potencial p\u00ebr konflikt dhe p\u00ebrshkall\u00ebzim -","robots":{"index":"index","follow":"follow","max-snippet":"max-snippet:-1","max-image-preview":"max-image-preview:large","max-video-preview":"max-video-preview:-1"},"canonical":"https:\/\/veritasinfo.org\/?p=1665","og_locale":"en_US","og_type":"article","og_title":"Gjermania e vazhdon q\u00ebndrimin n\u00eb KFOR, sheh potencial p\u00ebr konflikt dhe p\u00ebrshkall\u00ebzim -","og_description":"Parlamenti Federal gjerman (Bundestag) n\u00eb lexim t\u00eb dyt\u00eb ka vendosur p\u00ebr vazhdimin e pjes\u00ebmarrjes s\u00eb Bundeswehrit (Ushtris\u00eb Gjermane) n\u00eb misionin e NATO-s n\u00eb Kosov\u00eb, KFOR.","og_url":"https:\/\/veritasinfo.org\/?p=1665","article_published_time":"2025-06-26T17:19:14+00:00","og_image":[{"width":750,"height":375,"url":"https:\/\/veritasinfo.org\/wp-content\/uploads\/2025\/06\/KFOR-i-Gjermman-750x375-1.jpg","type":"image\/jpeg"}],"author":"admin","twitter_card":"summary_large_image","twitter_misc":{"Written by":"admin","Est. reading time":"2 minutes"},"schema":{"@context":"https:\/\/schema.org","@graph":[{"@type":"WebPage","@id":"https:\/\/veritasinfo.org\/?p=1665","url":"https:\/\/veritasinfo.org\/?p=1665","name":"Gjermania e vazhdon q\u00ebndrimin n\u00eb KFOR, sheh potencial p\u00ebr konflikt dhe p\u00ebrshkall\u00ebzim -","isPartOf":{"@id":"https:\/\/veritasinfo.org\/#website"},"primaryImageOfPage":{"@id":"https:\/\/veritasinfo.org\/?p=1665#primaryimage"},"image":{"@id":"https:\/\/veritasinfo.org\/?p=1665#primaryimage"},"thumbnailUrl":"https:\/\/veritasinfo.org\/wp-content\/uploads\/2025\/06\/KFOR-i-Gjermman-750x375-1.jpg","datePublished":"2025-06-26T17:19:14+00:00","author":{"@id":"https:\/\/veritasinfo.org\/#\/schema\/person\/7701f8c088bece422266b100a712374f"},"breadcrumb":{"@id":"https:\/\/veritasinfo.org\/?p=1665#breadcrumb"},"inLanguage":"en-US","potentialAction":[{"@type":"ReadAction","target":["https:\/\/veritasinfo.org\/?p=1665"]}]},{"@type":"ImageObject","inLanguage":"en-US","@id":"https:\/\/veritasinfo.org\/?p=1665#primaryimage","url":"https:\/\/veritasinfo.org\/wp-content\/uploads\/2025\/06\/KFOR-i-Gjermman-750x375-1.jpg","contentUrl":"https:\/\/veritasinfo.org\/wp-content\/uploads\/2025\/06\/KFOR-i-Gjermman-750x375-1.jpg","width":750,"height":375},{"@type":"BreadcrumbList","@id":"https:\/\/veritasinfo.org\/?p=1665#breadcrumb","itemListElement":[{"@type":"ListItem","position":1,"name":"Home","item":"https:\/\/veritasinfo.org\/"},{"@type":"ListItem","position":2,"name":"Gjermania e vazhdon q\u00ebndrimin n\u00eb KFOR, sheh potencial p\u00ebr konflikt dhe p\u00ebrshkall\u00ebzim"}]},{"@type":"WebSite","@id":"https:\/\/veritasinfo.org\/#website","url":"https:\/\/veritasinfo.org\/","name":"","description":"","potentialAction":[{"@type":"SearchAction","target":{"@type":"EntryPoint","urlTemplate":"https:\/\/veritasinfo.org\/?s={search_term_string}"},"query-input":{"@type":"PropertyValueSpecification","valueRequired":true,"valueName":"search_term_string"}}],"inLanguage":"en-US"},{"@type":"Person","@id":"https:\/\/veritasinfo.org\/#\/schema\/person\/7701f8c088bece422266b100a712374f","name":"admin","image":{"@type":"ImageObject","inLanguage":"en-US","@id":"https:\/\/veritasinfo.org\/#\/schema\/person\/image\/","url":"https:\/\/secure.gravatar.com\/avatar\/ea53aa3bf6c9a12d5fde8ce4deff43fef3885ae33cf60184161a50d6987cfd2f?s=96&d=mm&r=g","contentUrl":"https:\/\/secure.gravatar.com\/avatar\/ea53aa3bf6c9a12d5fde8ce4deff43fef3885ae33cf60184161a50d6987cfd2f?s=96&d=mm&r=g","caption":"admin"},"sameAs":["https:\/\/veritasinfo.org"],"url":"https:\/\/veritasinfo.org\/?author=1"}]}},"featured_image_urls":{"full":["https:\/\/veritasinfo.org\/wp-content\/uploads\/2025\/06\/KFOR-i-Gjermman-750x375-1.jpg",750,375,false],"thumbnail":["https:\/\/veritasinfo.org\/wp-content\/uploads\/2025\/06\/KFOR-i-Gjermman-750x375-1-150x150.jpg",150,150,true],"medium":["https:\/\/veritasinfo.org\/wp-content\/uploads\/2025\/06\/KFOR-i-Gjermman-750x375-1-300x150.jpg",300,150,true],"medium_large":["https:\/\/veritasinfo.org\/wp-content\/uploads\/2025\/06\/KFOR-i-Gjermman-750x375-1.jpg",640,320,false],"large":["https:\/\/veritasinfo.org\/wp-content\/uploads\/2025\/06\/KFOR-i-Gjermman-750x375-1.jpg",640,320,false],"1536x1536":["https:\/\/veritasinfo.org\/wp-content\/uploads\/2025\/06\/KFOR-i-Gjermman-750x375-1.jpg",750,375,false],"2048x2048":["https:\/\/veritasinfo.org\/wp-content\/uploads\/2025\/06\/KFOR-i-Gjermman-750x375-1.jpg",750,375,false],"kreeti-slider-full":["https:\/\/veritasinfo.org\/wp-content\/uploads\/2025\/06\/KFOR-i-Gjermman-750x375-1.jpg",750,375,false],"kreeti-featured":["https:\/\/veritasinfo.org\/wp-content\/uploads\/2025\/06\/KFOR-i-Gjermman-750x375-1.jpg",750,375,false],"kreeti-medium":["https:\/\/veritasinfo.org\/wp-content\/uploads\/2025\/06\/KFOR-i-Gjermman-750x375-1.jpg",720,360,false],"kreeti-medium-square":["https:\/\/veritasinfo.org\/wp-content\/uploads\/2025\/06\/KFOR-i-Gjermman-750x375-1.jpg",350,175,false]},"author_info":{"info":["admin"]},"category_info":"<a href=\"https:\/\/veritasinfo.org\/?cat=58\" rel=\"category\">Politik\u00eb<\/a>","tag_info":"Politik\u00eb","comment_count":"0","_links":{"self":[{"href":"https:\/\/veritasinfo.org\/index.php?rest_route=\/wp\/v2\/posts\/1665","targetHints":{"allow":["GET"]}}],"collection":[{"href":"https:\/\/veritasinfo.org\/index.php?rest_route=\/wp\/v2\/posts"}],"about":[{"href":"https:\/\/veritasinfo.org\/index.php?rest_route=\/wp\/v2\/types\/post"}],"author":[{"embeddable":true,"href":"https:\/\/veritasinfo.org\/index.php?rest_route=\/wp\/v2\/users\/1"}],"replies":[{"embeddable":true,"href":"https:\/\/veritasinfo.org\/index.php?rest_route=%2Fwp%2Fv2%2Fcomments&post=1665"}],"version-history":[{"count":1,"href":"https:\/\/veritasinfo.org\/index.php?rest_route=\/wp\/v2\/posts\/1665\/revisions"}],"predecessor-version":[{"id":1668,"href":"https:\/\/veritasinfo.org\/index.php?rest_route=\/wp\/v2\/posts\/1665\/revisions\/1668"}],"wp:featuredmedia":[{"embeddable":true,"href":"https:\/\/veritasinfo.org\/index.php?rest_route=\/wp\/v2\/media\/1667"}],"wp:attachment":[{"href":"https:\/\/veritasinfo.org\/index.php?rest_route=%2Fwp%2Fv2%2Fmedia&parent=1665"}],"wp:term":[{"taxonomy":"category","embeddable":true,"href":"https:\/\/veritasinfo.org\/index.php?rest_route=%2Fwp%2Fv2%2Fcategories&post=1665"},{"taxonomy":"post_tag","embeddable":true,"href":"https:\/\/veritasinfo.org\/index.php?rest_route=%2Fwp%2Fv2%2Ftags&post=1665"}],"curies":[{"name":"wp","href":"https:\/\/api.w.org\/{rel}","templated":true}]}}