{"id":16635,"date":"2025-10-17T08:25:33","date_gmt":"2025-10-17T06:25:33","guid":{"rendered":"https:\/\/veritasinfo.org\/?p=16635"},"modified":"2025-10-17T08:25:33","modified_gmt":"2025-10-17T06:25:33","slug":"sot-protestohet-ne-tirane-ne-perkrahje-te-ish-krereve-te-uck-se-nga-kosova-pritet-te-nisen-rreth-60-autobuse-me-qytetare","status":"publish","type":"post","link":"https:\/\/veritasinfo.org\/?p=16635","title":{"rendered":"Sot protestohet n\u00eb Tiran\u00eb n\u00eb p\u00ebrkrahje t\u00eb ish-krer\u00ebve t\u00eb U\u00c7K-s\u00eb, nga Kosova pritet t\u00eb nisen rreth 60 autobus\u00eb me qytetar\u00eb"},"content":{"rendered":"<p>Tiran\u00eb, 17 tetor 2025<\/p>\n<p>Sot n\u00eb Tiran\u00eb pritet t\u00eb mblidhen qindra protestues n\u00eb p\u00ebrkrahje t\u00eb ish krer\u00ebve t\u00eb Ushtris\u00eb \u00c7lirimtare t\u00eb Kosov\u00ebs, t\u00eb cil\u00ebt mbahen n\u00eb paraburgim n\u00eb Hag\u00eb.<\/p>\n<p>Protesta do t\u00eb mbahet nga ora 17:00 sheshi \u201cSk\u00ebnderbej\u201d n\u00eb Tiran\u00eb.<\/p>\n<p>Protesta n\u00eb Tiran\u00eb me moton \u201cLiria ka em\u00ebr, drejt\u00ebsi p\u00ebr \u00e7lirimtar\u00ebt\u201d pritet t\u00eb jet\u00eb nd\u00ebr m\u00eb m\u00ebdhat\u00eb ndonj\u00ebher\u00eb n\u00eb p\u00ebrkrahje t\u00eb krer\u00ebve t\u00eb U\u00c7K-s\u00eb, me pjes\u00ebmarrje t\u00eb qytetar\u00ebve, shoq\u00ebris\u00eb civile dhe figurave t\u00eb njohura politike nga trojet shqiptare.<\/p>\n<p>Qytetar\u00ebt nga t\u00eb gjitha trevat shqiptare po mobilizohen p\u00ebr t\u00eb marr\u00eb pjes\u00eb n\u00eb k\u00ebt\u00eb tubim t\u00eb cilin e shohin si detyrim moral dhe komb\u00ebtar ndaj atyre q\u00eb udh\u00ebhoq\u00ebn luft\u00ebn p\u00ebr liri e sot po mbahen padrejt\u00ebsisht n\u00eb Hag\u00eb.<\/p>\n<p>P\u00ebrkrahje p\u00ebr protest\u00eb kan\u00eb deklaruar politikan\u00eb t\u00eb ndrysh\u00ebm shqiptar\u00eb nga Kosova dhe Shqip\u00ebria, teksa nga Kosova pritet t\u00eb nisen rreth 60 autobus\u00eb me qytetar\u00eb q\u00eb do t&#8217;i bashkohen protest\u00ebs n\u00eb Tiran\u00eb.<\/p>\n<p>Nd\u00ebrkaq, autoritetet n\u00eb Shqip\u00ebri t\u00eb enjten kan\u00eb deklaruar se &#8216;Rruga e Kombit&#8217; do t\u00eb jet\u00eb pa pages\u00eb p\u00ebr qarkullim sot m\u00eb 17 tetor p\u00ebr t\u00eb gjith\u00eb qytetar\u00ebt n\u00eb shenj\u00eb solidarizimi me protest\u00ebn.<\/p>\n<p>Para k\u00ebsaj n\u00eb Tiran\u00eb, protest\u00eb n\u00eb p\u00ebrkrahje t\u00eb ish krer\u00ebve t\u00eb U\u00c7K-s\u00eb \u00ebsht\u00eb organizuar edhe n\u00eb Prishtin\u00eb dhe n\u00eb Hag\u00eb.<\/p>\n","protected":false},"excerpt":{"rendered":"<p>Tiran\u00eb, 17 tetor 2025 Sot n\u00eb Tiran\u00eb pritet t\u00eb mblidhen qindra protestues n\u00eb p\u00ebrkrahje t\u00eb ish krer\u00ebve t\u00eb Ushtris\u00eb \u00c7lirimtare t\u00eb Kosov\u00ebs, t\u00eb cil\u00ebt mbahen<\/p>\n","protected":false},"author":7,"featured_media":16636,"comment_status":"open","ping_status":"open","sticky":false,"template":"","format":"standard","meta":{"footnotes":""},"categories":[60],"tags":[],"class_list":["post-16635","post","type-post","status-publish","format-standard","has-post-thumbnail","hentry","category-shoqerore-sq"],"yoast_head":"<!-- This site is optimized with the Yoast SEO plugin v25.3.1 - https:\/\/yoast.com\/wordpress\/plugins\/seo\/ -->\n<title>Sot protestohet n\u00eb Tiran\u00eb n\u00eb p\u00ebrkrahje t\u00eb ish-krer\u00ebve t\u00eb U\u00c7K-s\u00eb, nga Kosova pritet t\u00eb nisen rreth 60 autobus\u00eb me qytetar\u00eb -<\/title>\n<meta name=\"robots\" content=\"index, follow, max-snippet:-1, max-image-preview:large, max-video-preview:-1\" \/>\n<link rel=\"canonical\" href=\"https:\/\/veritasinfo.org\/?p=16635\" \/>\n<meta property=\"og:locale\" content=\"en_US\" \/>\n<meta property=\"og:type\" content=\"article\" \/>\n<meta property=\"og:title\" content=\"Sot protestohet n\u00eb Tiran\u00eb n\u00eb p\u00ebrkrahje t\u00eb ish-krer\u00ebve t\u00eb U\u00c7K-s\u00eb, nga Kosova pritet t\u00eb nisen rreth 60 autobus\u00eb me qytetar\u00eb -\" \/>\n<meta property=\"og:description\" content=\"Tiran\u00eb, 17 tetor 2025 Sot n\u00eb Tiran\u00eb pritet t\u00eb mblidhen qindra protestues n\u00eb p\u00ebrkrahje t\u00eb ish krer\u00ebve t\u00eb Ushtris\u00eb \u00c7lirimtare t\u00eb Kosov\u00ebs, t\u00eb cil\u00ebt mbahen\" \/>\n<meta property=\"og:url\" content=\"https:\/\/veritasinfo.org\/?p=16635\" \/>\n<meta property=\"article:published_time\" content=\"2025-10-17T06:25:33+00:00\" \/>\n<meta property=\"og:image\" content=\"https:\/\/veritasinfo.org\/wp-content\/uploads\/2025\/10\/PROTESTE.jpg\" \/>\n\t<meta property=\"og:image:width\" content=\"800\" \/>\n\t<meta property=\"og:image:height\" content=\"450\" \/>\n\t<meta property=\"og:image:type\" content=\"image\/jpeg\" \/>\n<meta name=\"author\" content=\"US6\" \/>\n<meta name=\"twitter:card\" content=\"summary_large_image\" \/>\n<meta name=\"twitter:label1\" content=\"Written by\" \/>\n\t<meta name=\"twitter:data1\" content=\"US6\" \/>\n\t<meta name=\"twitter:label2\" content=\"Est. reading time\" \/>\n\t<meta name=\"twitter:data2\" content=\"2 minutes\" \/>\n<script type=\"application\/ld+json\" class=\"yoast-schema-graph\">{\"@context\":\"https:\/\/schema.org\",\"@graph\":[{\"@type\":\"WebPage\",\"@id\":\"https:\/\/veritasinfo.org\/?p=16635\",\"url\":\"https:\/\/veritasinfo.org\/?p=16635\",\"name\":\"Sot protestohet n\u00eb Tiran\u00eb n\u00eb p\u00ebrkrahje t\u00eb ish-krer\u00ebve t\u00eb U\u00c7K-s\u00eb, nga Kosova pritet t\u00eb nisen rreth 60 autobus\u00eb me qytetar\u00eb -\",\"isPartOf\":{\"@id\":\"https:\/\/veritasinfo.org\/#website\"},\"primaryImageOfPage\":{\"@id\":\"https:\/\/veritasinfo.org\/?p=16635#primaryimage\"},\"image\":{\"@id\":\"https:\/\/veritasinfo.org\/?p=16635#primaryimage\"},\"thumbnailUrl\":\"https:\/\/veritasinfo.org\/wp-content\/uploads\/2025\/10\/PROTESTE.jpg\",\"datePublished\":\"2025-10-17T06:25:33+00:00\",\"author\":{\"@id\":\"https:\/\/veritasinfo.org\/#\/schema\/person\/fe199eede04c3937362892b7444747cc\"},\"breadcrumb\":{\"@id\":\"https:\/\/veritasinfo.org\/?p=16635#breadcrumb\"},\"inLanguage\":\"en-US\",\"potentialAction\":[{\"@type\":\"ReadAction\",\"target\":[\"https:\/\/veritasinfo.org\/?p=16635\"]}]},{\"@type\":\"ImageObject\",\"inLanguage\":\"en-US\",\"@id\":\"https:\/\/veritasinfo.org\/?p=16635#primaryimage\",\"url\":\"https:\/\/veritasinfo.org\/wp-content\/uploads\/2025\/10\/PROTESTE.jpg\",\"contentUrl\":\"https:\/\/veritasinfo.org\/wp-content\/uploads\/2025\/10\/PROTESTE.jpg\",\"width\":800,\"height\":450},{\"@type\":\"BreadcrumbList\",\"@id\":\"https:\/\/veritasinfo.org\/?p=16635#breadcrumb\",\"itemListElement\":[{\"@type\":\"ListItem\",\"position\":1,\"name\":\"Home\",\"item\":\"https:\/\/veritasinfo.org\/\"},{\"@type\":\"ListItem\",\"position\":2,\"name\":\"Sot protestohet n\u00eb Tiran\u00eb n\u00eb p\u00ebrkrahje t\u00eb ish-krer\u00ebve t\u00eb U\u00c7K-s\u00eb, nga Kosova pritet t\u00eb nisen rreth 60 autobus\u00eb me qytetar\u00eb\"}]},{\"@type\":\"WebSite\",\"@id\":\"https:\/\/veritasinfo.org\/#website\",\"url\":\"https:\/\/veritasinfo.org\/\",\"name\":\"\",\"description\":\"\",\"potentialAction\":[{\"@type\":\"SearchAction\",\"target\":{\"@type\":\"EntryPoint\",\"urlTemplate\":\"https:\/\/veritasinfo.org\/?s={search_term_string}\"},\"query-input\":{\"@type\":\"PropertyValueSpecification\",\"valueRequired\":true,\"valueName\":\"search_term_string\"}}],\"inLanguage\":\"en-US\"},{\"@type\":\"Person\",\"@id\":\"https:\/\/veritasinfo.org\/#\/schema\/person\/fe199eede04c3937362892b7444747cc\",\"name\":\"US6\",\"image\":{\"@type\":\"ImageObject\",\"inLanguage\":\"en-US\",\"@id\":\"https:\/\/veritasinfo.org\/#\/schema\/person\/image\/\",\"url\":\"https:\/\/secure.gravatar.com\/avatar\/cb16c3c31c9d23b9b8c705964598220b3014e42ff51eb540ff23cefa3ae8c15f?s=96&d=mm&r=g\",\"contentUrl\":\"https:\/\/secure.gravatar.com\/avatar\/cb16c3c31c9d23b9b8c705964598220b3014e42ff51eb540ff23cefa3ae8c15f?s=96&d=mm&r=g\",\"caption\":\"US6\"},\"url\":\"https:\/\/veritasinfo.org\/?author=7\"}]}<\/script>\n<!-- \/ Yoast SEO plugin. -->","yoast_head_json":{"title":"Sot protestohet n\u00eb Tiran\u00eb n\u00eb p\u00ebrkrahje t\u00eb ish-krer\u00ebve t\u00eb U\u00c7K-s\u00eb, nga Kosova pritet t\u00eb nisen rreth 60 autobus\u00eb me qytetar\u00eb -","robots":{"index":"index","follow":"follow","max-snippet":"max-snippet:-1","max-image-preview":"max-image-preview:large","max-video-preview":"max-video-preview:-1"},"canonical":"https:\/\/veritasinfo.org\/?p=16635","og_locale":"en_US","og_type":"article","og_title":"Sot protestohet n\u00eb Tiran\u00eb n\u00eb p\u00ebrkrahje t\u00eb ish-krer\u00ebve t\u00eb U\u00c7K-s\u00eb, nga Kosova pritet t\u00eb nisen rreth 60 autobus\u00eb me qytetar\u00eb -","og_description":"Tiran\u00eb, 17 tetor 2025 Sot n\u00eb Tiran\u00eb pritet t\u00eb mblidhen qindra protestues n\u00eb p\u00ebrkrahje t\u00eb ish krer\u00ebve t\u00eb Ushtris\u00eb \u00c7lirimtare t\u00eb Kosov\u00ebs, t\u00eb cil\u00ebt mbahen","og_url":"https:\/\/veritasinfo.org\/?p=16635","article_published_time":"2025-10-17T06:25:33+00:00","og_image":[{"width":800,"height":450,"url":"https:\/\/veritasinfo.org\/wp-content\/uploads\/2025\/10\/PROTESTE.jpg","type":"image\/jpeg"}],"author":"US6","twitter_card":"summary_large_image","twitter_misc":{"Written by":"US6","Est. reading time":"2 minutes"},"schema":{"@context":"https:\/\/schema.org","@graph":[{"@type":"WebPage","@id":"https:\/\/veritasinfo.org\/?p=16635","url":"https:\/\/veritasinfo.org\/?p=16635","name":"Sot protestohet n\u00eb Tiran\u00eb n\u00eb p\u00ebrkrahje t\u00eb ish-krer\u00ebve t\u00eb U\u00c7K-s\u00eb, nga Kosova pritet t\u00eb nisen rreth 60 autobus\u00eb me qytetar\u00eb -","isPartOf":{"@id":"https:\/\/veritasinfo.org\/#website"},"primaryImageOfPage":{"@id":"https:\/\/veritasinfo.org\/?p=16635#primaryimage"},"image":{"@id":"https:\/\/veritasinfo.org\/?p=16635#primaryimage"},"thumbnailUrl":"https:\/\/veritasinfo.org\/wp-content\/uploads\/2025\/10\/PROTESTE.jpg","datePublished":"2025-10-17T06:25:33+00:00","author":{"@id":"https:\/\/veritasinfo.org\/#\/schema\/person\/fe199eede04c3937362892b7444747cc"},"breadcrumb":{"@id":"https:\/\/veritasinfo.org\/?p=16635#breadcrumb"},"inLanguage":"en-US","potentialAction":[{"@type":"ReadAction","target":["https:\/\/veritasinfo.org\/?p=16635"]}]},{"@type":"ImageObject","inLanguage":"en-US","@id":"https:\/\/veritasinfo.org\/?p=16635#primaryimage","url":"https:\/\/veritasinfo.org\/wp-content\/uploads\/2025\/10\/PROTESTE.jpg","contentUrl":"https:\/\/veritasinfo.org\/wp-content\/uploads\/2025\/10\/PROTESTE.jpg","width":800,"height":450},{"@type":"BreadcrumbList","@id":"https:\/\/veritasinfo.org\/?p=16635#breadcrumb","itemListElement":[{"@type":"ListItem","position":1,"name":"Home","item":"https:\/\/veritasinfo.org\/"},{"@type":"ListItem","position":2,"name":"Sot protestohet n\u00eb Tiran\u00eb n\u00eb p\u00ebrkrahje t\u00eb ish-krer\u00ebve t\u00eb U\u00c7K-s\u00eb, nga Kosova pritet t\u00eb nisen rreth 60 autobus\u00eb me qytetar\u00eb"}]},{"@type":"WebSite","@id":"https:\/\/veritasinfo.org\/#website","url":"https:\/\/veritasinfo.org\/","name":"","description":"","potentialAction":[{"@type":"SearchAction","target":{"@type":"EntryPoint","urlTemplate":"https:\/\/veritasinfo.org\/?s={search_term_string}"},"query-input":{"@type":"PropertyValueSpecification","valueRequired":true,"valueName":"search_term_string"}}],"inLanguage":"en-US"},{"@type":"Person","@id":"https:\/\/veritasinfo.org\/#\/schema\/person\/fe199eede04c3937362892b7444747cc","name":"US6","image":{"@type":"ImageObject","inLanguage":"en-US","@id":"https:\/\/veritasinfo.org\/#\/schema\/person\/image\/","url":"https:\/\/secure.gravatar.com\/avatar\/cb16c3c31c9d23b9b8c705964598220b3014e42ff51eb540ff23cefa3ae8c15f?s=96&d=mm&r=g","contentUrl":"https:\/\/secure.gravatar.com\/avatar\/cb16c3c31c9d23b9b8c705964598220b3014e42ff51eb540ff23cefa3ae8c15f?s=96&d=mm&r=g","caption":"US6"},"url":"https:\/\/veritasinfo.org\/?author=7"}]}},"featured_image_urls":{"full":["https:\/\/veritasinfo.org\/wp-content\/uploads\/2025\/10\/PROTESTE.jpg",800,450,false],"thumbnail":["https:\/\/veritasinfo.org\/wp-content\/uploads\/2025\/10\/PROTESTE-150x150.jpg",150,150,true],"medium":["https:\/\/veritasinfo.org\/wp-content\/uploads\/2025\/10\/PROTESTE-300x169.jpg",300,169,true],"medium_large":["https:\/\/veritasinfo.org\/wp-content\/uploads\/2025\/10\/PROTESTE-768x432.jpg",640,360,true],"large":["https:\/\/veritasinfo.org\/wp-content\/uploads\/2025\/10\/PROTESTE.jpg",640,360,false],"1536x1536":["https:\/\/veritasinfo.org\/wp-content\/uploads\/2025\/10\/PROTESTE.jpg",800,450,false],"2048x2048":["https:\/\/veritasinfo.org\/wp-content\/uploads\/2025\/10\/PROTESTE.jpg",800,450,false],"kreeti-slider-full":["https:\/\/veritasinfo.org\/wp-content\/uploads\/2025\/10\/PROTESTE.jpg",800,450,false],"kreeti-featured":["https:\/\/veritasinfo.org\/wp-content\/uploads\/2025\/10\/PROTESTE.jpg",800,450,false],"kreeti-medium":["https:\/\/veritasinfo.org\/wp-content\/uploads\/2025\/10\/PROTESTE.jpg",720,405,false],"kreeti-medium-square":["https:\/\/veritasinfo.org\/wp-content\/uploads\/2025\/10\/PROTESTE.jpg",350,197,false]},"author_info":{"info":["US6"]},"category_info":"<a href=\"https:\/\/veritasinfo.org\/?cat=60\" rel=\"category\">Shoq\u00ebrore<\/a>","tag_info":"Shoq\u00ebrore","comment_count":"0","_links":{"self":[{"href":"https:\/\/veritasinfo.org\/index.php?rest_route=\/wp\/v2\/posts\/16635","targetHints":{"allow":["GET"]}}],"collection":[{"href":"https:\/\/veritasinfo.org\/index.php?rest_route=\/wp\/v2\/posts"}],"about":[{"href":"https:\/\/veritasinfo.org\/index.php?rest_route=\/wp\/v2\/types\/post"}],"author":[{"embeddable":true,"href":"https:\/\/veritasinfo.org\/index.php?rest_route=\/wp\/v2\/users\/7"}],"replies":[{"embeddable":true,"href":"https:\/\/veritasinfo.org\/index.php?rest_route=%2Fwp%2Fv2%2Fcomments&post=16635"}],"version-history":[{"count":1,"href":"https:\/\/veritasinfo.org\/index.php?rest_route=\/wp\/v2\/posts\/16635\/revisions"}],"predecessor-version":[{"id":16637,"href":"https:\/\/veritasinfo.org\/index.php?rest_route=\/wp\/v2\/posts\/16635\/revisions\/16637"}],"wp:featuredmedia":[{"embeddable":true,"href":"https:\/\/veritasinfo.org\/index.php?rest_route=\/wp\/v2\/media\/16636"}],"wp:attachment":[{"href":"https:\/\/veritasinfo.org\/index.php?rest_route=%2Fwp%2Fv2%2Fmedia&parent=16635"}],"wp:term":[{"taxonomy":"category","embeddable":true,"href":"https:\/\/veritasinfo.org\/index.php?rest_route=%2Fwp%2Fv2%2Fcategories&post=16635"},{"taxonomy":"post_tag","embeddable":true,"href":"https:\/\/veritasinfo.org\/index.php?rest_route=%2Fwp%2Fv2%2Ftags&post=16635"}],"curies":[{"name":"wp","href":"https:\/\/api.w.org\/{rel}","templated":true}]}}