{"id":1656,"date":"2025-06-26T18:51:17","date_gmt":"2025-06-26T16:51:17","guid":{"rendered":"https:\/\/veritasinfo.org\/?p=1656"},"modified":"2025-06-26T18:51:17","modified_gmt":"2025-06-26T16:51:17","slug":"tensione-ne-kuvendin-e-shqiperise-balla-akuza-berishes-ke-bashkepunuar-me-millosheviqin-kunder-kosoves","status":"publish","type":"post","link":"https:\/\/veritasinfo.org\/?p=1656","title":{"rendered":"Tensione n\u00eb Kuvendin e Shqip\u00ebris\u00eb, Balla akuza Berish\u00ebs: Ke bashk\u00ebpunuar me Millosheviqin kund\u00ebr Kosov\u00ebs"},"content":{"rendered":"<p>Tiran\u00eb, 26 Qershor 2025<\/p>\n<p>Ministri Taulant Balla u p\u00ebrfshi n\u00eb nj\u00eb debat me kreun e PD, Sali Berisha k\u00ebt\u00eb t\u00eb enjte n\u00eb seanc\u00ebn plenare.<\/p>\n<p>\u201cQ\u00eb nga 1997, ti je nj\u00eb njeri ndaj t\u00eb cilit r\u00ebndojn\u00eb t\u00eb gjitha djall\u00ebzit\u00eb m\u00eb t\u00eb m\u00ebdha ndaj k\u00ebtij vendi. Ke bashk\u00ebpunuar me Millosheviqin p\u00ebr ta furnizuar me naft\u00eb makinerin\u00eb e tij ushtarake kundra Kosov\u00ebs\u201d, tha Balla.<\/p>\n<p>Ministri i Shtetit, Taulant Balla, n\u00eb p\u00ebrgjigje t\u00eb akuzave t\u00eb opozit\u00ebs p\u00ebr manipulim zgjedhor, n\u00eb nj\u00eb replik\u00eb t\u00eb drejtp\u00ebrdrejt\u00eb n\u00eb Kuvend, tha se nuk ka asnj\u00eb surpriz\u00eb n\u00eb q\u00ebndrimet e opozit\u00ebs, t\u00eb cilat sipas tij p\u00ebrs\u00ebriten prej vitesh, pa asnj\u00eb fakt konkret.<\/p>\n<p>\u201cNuk kam asnj\u00eb surpriz\u00eb. As un\u00eb, as koleg\u00ebt e mi, as gazetar\u00ebt atje lart, as publiku q\u00eb ndjek k\u00ebt\u00eb seanc\u00eb. Sepse gjith\u00e7ka q\u00eb d\u00ebgjojm\u00eb \u00ebsht\u00eb nj\u00eb p\u00ebrs\u00ebritje prej shum\u00eb vitesh. Para zgjedhjeve ua kemi th\u00ebn\u00eb q\u00eb do vini p\u00ebrs\u00ebri me t\u00eb nj\u00ebjtin refren: \u2018U vodh vullneti i shqiptar\u00ebve, u manipulua\u2019,\u201d deklaroi Balla.<\/p>\n<p>Ministri theksoi se ende po b\u00ebhen shpenzime nga buxheti i shtetit p\u00ebr rinum\u00ebrime.<\/p>\n<p>\u201cEdhe pse po b\u00ebhet nj\u00eb muaj e gjysm\u00eb nga zgjedhjet, p\u00ebr shkak t\u00eb dakord\u00ebsis\u00eb q\u00eb kemi pasur bashk\u00eb prej 2012-s, mund t\u00eb ndodh\u00eb rinum\u00ebrimi. Po harxhohen para nga buxheti i shtetit, deri tani 200 milion\u00eb lek\u00eb e kusur. T\u00eb shpresojm\u00eb si ogur i mir\u00eb q\u00eb n\u00eb shtator t\u00eb p\u00ebrcaktojm\u00eb qartazi edhe adresimin e ndoshta nj\u00eb prej rekomandimeve m\u00eb kryesore t\u00eb raportit t\u00eb OSBE\/ODIHR-it \u2013 t\u00eb depolitizojm\u00eb komisioner\u00ebt.\u201d<\/p>\n<p>Duke komentuar q\u00ebndrimet e p\u00ebrs\u00ebritura t\u00eb opozit\u00ebs p\u00ebr \u201cvjedhje votash\u201d, Balla shtroi pyetjen:<\/p>\n<p>\u201cSi ka mund\u00ebsi q\u00eb ndodh gjithnj\u00eb e nj\u00ebjta gj\u00eb? Edhe n\u00eb 2017, edhe n\u00eb 2021 doli Luli. N\u00eb 2025, tani po kuptojm\u00eb q\u00eb Luli s\u2019i paska pasur nga vetja\u2026\u201d<\/p>\n<p>Ministri solli n\u00eb v\u00ebmendje edhe p\u00ebrvoj\u00ebn e tij personale me dhun\u00ebn politike n\u00eb t\u00eb shkuar\u00ebn:<\/p>\n<p>\u201cKam qen\u00eb n\u00eb selin\u00eb e PS-s\u00eb n\u00eb Librazhd kur e rrah\u00ebn kreun e PS-s\u00eb. K\u00ebshtu trajtohej opozita.\u201d<\/p>\n<p>M\u00eb tej, Balla akuzoi Sali Berish\u00ebn p\u00ebr histori t\u00eb err\u00ebta q\u00eb nga vitet \u201990, duke p\u00ebrmendur edhe marr\u00ebdh\u00ebnien e tij me Millosheviqin:<\/p>\n<p>\u201cQ\u00eb nga 1997, ti je nj\u00eb njeri ndaj t\u00eb cilit r\u00ebndojn\u00eb t\u00eb gjitha djall\u00ebzit\u00eb m\u00eb t\u00eb m\u00ebdha ndaj k\u00ebtij vendi. Nga bashk\u00ebpunimi me Slobodan Milloshevi\u00e7in p\u00ebr ta furnizuar me naft\u00eb makinerin\u00eb e tij ushtarake\u2026 Citoj Tha\u00e7in q\u00eb tha: marr\u00ebveshje Berisha\u2013Milloshevi\u00e7, solli Arkanin n\u00eb Shqip\u00ebri. Apo edhe akuzat p\u00ebr vrasjen e Ilir Konushevcit, ushtar i U\u00c7K-s\u00eb. Ka d\u00ebshmitar\u00eb, dy pilot\u00eb q\u00eb thon\u00eb se ti u dhe urdh\u00ebr p\u00ebr t\u00eb bombarduar jugun.\u201d<\/p>\n<p>Ai kujtoi deklaratat fyese t\u00eb Berish\u00ebs ndaj figurave t\u00eb ndryshme nd\u00ebr vite:<\/p>\n<p>\u201cMban mend \u00e7\u2019i ke th\u00ebn\u00eb Ilir Met\u00ebs k\u00ebtu? Ngrije kok\u00ebn, ngrije. Hoqe Dash Sul\u00ebn, vure Ilir Met\u00ebn. U turre kund\u00ebr drejt\u00ebsis\u00eb. Mban mend \u00e7\u2019i ke th\u00ebn\u00eb Maks Haxhis\u00eb, Arben Rakipit, Sollakut, Olsi \u00c7el\u00ebs, Altin Dumanit?\u201d<\/p>\n<p>M\u00eb tej, ai iu drejtua opozit\u00ebs me thirrjen p\u00ebr t\u00eb depozituar kall\u00ebzime zyrtare n\u00ebse kan\u00eb prova:<\/p>\n<p>\u201cKeni disa dit\u00eb q\u00eb b\u00ebni konferenca p\u00ebr shtyp. Merrini dhe \u00e7ojini n\u00eb prokurori. Si ka mund\u00ebsi q\u00eb kan\u00eb mbaruar zgjedhjet dhe ju s\u2019b\u00ebni nj\u00eb kall\u00ebzim? Se e dini shum\u00eb mir\u00eb q\u00eb s\u2019ka asgj\u00eb q\u00eb q\u00ebndron.\u201d<\/p>\n<p>N\u00eb fund, ai ironizoi deklaratat p\u00ebr vot\u00ebn e diaspor\u00ebs dhe akuza t\u00eb pabaza:<\/p>\n<p>\u201cQershia mbi tort\u00eb ishte vota e diaspor\u00ebs. \u2018Vendos\u00ebn GPS te fleta e votimit\u2019 \u2013 tha nj\u00ebri k\u00ebtu (Noka).\u201d<\/p>\n<p>Duke p\u00ebrmbyllur replik\u00ebn e tij, Balla tha:<\/p>\n<p>\u201cJu p\u00ebr ne jeni fat i madh. Por p\u00ebr Shqip\u00ebrin\u00eb, jeni fat i zi.\u201d<\/p>\n<p>Berisha i quajti shpifje akuzat e Ball\u00ebs.<\/p>\n<p>\u201cNatyrisht nj\u00eb p\u00ebrfaq\u00ebsuesi t\u00eb shpifur dhe t\u00eb neveritsh\u00ebm t\u00eb krimit n\u00eb parlament nuk ia vlen t\u2019i p\u00ebrgjigjesh, por detyrimi ndaj qytetar\u00ebve m\u00eb detyron t\u00eb rikujtoj k\u00ebtu se personi q\u00eb foli k\u00ebtu \u00ebsht\u00eb nj\u00eb person i akuzuar p\u00ebr trafiqe t\u00eb t\u00eb gjitha llojeve, filluar me trafiqet e prostitucionit e p\u00ebrfunduar tek droga.<br \/>\n\u00cbsht\u00eb nj\u00eb njeri i akuzuar me dokumente zyrtare n\u00eb sall\u00eb gjyqi se ka porositur vrasje.<br \/>\n\u00cbsht\u00eb nj\u00eb person, i cili segmentet e drejt\u00ebsis\u00eb, kriminale, kan\u00eb djegur me vendim regjistrimet q\u00eb faktonin personin si nj\u00eb porosit\u00ebs s\u00eb vrasjeve.<\/p>\n<p>\u00cbsht\u00eb i faktuar, \u00ebsht\u00eb njeriu q\u00eb ka porositur band\u00ebn e Elbasanit p\u00ebr t\u00eb burgosur nj\u00eb familje t\u00eb t\u00ebr\u00eb, kund\u00ebrshtare t\u00eb band\u00ebs s\u00eb Elbasanit dhe merret m\u00eb von\u00eb n\u00eb mbrojtje nga Nuredin Dumani.<br \/>\nKy person rezulton se me dat\u00ebn 10.12.2020 ka r\u00ebn\u00eb dakord, Targeti informon PIN-in aq e kaq, se kishin r\u00ebn\u00eb dakord mes tyre q\u00eb t\u00eb mos i k\u00ebrkonin Taos, k\u00ebtij krimineli q\u00eb \u00ebsht\u00eb k\u00ebtu, asnj\u00eb tender publik apo favore t\u00eb tjera p\u00ebrve\u00e7 atyre q\u00eb kishin r\u00ebn\u00eb dakord. Ky mesazh iu p\u00ebrcoll kriminelit k\u00ebtu\u2026\u201d, tha ai.<\/p>\n<p>&nbsp;<\/p>\n<div class=\"qidjlpzau qidjlpzau-post-inline qidjlpzau-float-center qidjlpzau-align-center qidjlpzau-column-1 qidjlpzau-clearfix no-bg-box-model\">\n<div id=\"qidjlpzau-1653211-990611190\" class=\"qidjlpzau-container qidjlpzau-type-custom_code \" data-adid=\"1653211\" data-type=\"custom_code\"><ins><\/p>\n<div id=\"beacon_ef0071266b\"><img decoding=\"async\" src=\"https:\/\/ads.tetovasot.com\/www\/delivery\/lg.php?bannerid=0&amp;campaignid=0&amp;zoneid=218&amp;loc=https%3A%2F%2Ftetovasot.com%2F2025%2F06%2Ftensione-ne-kuvendin-e-shqiperise-balla-akuza-berishes-ke-bashkepunuar-me-millosheviqin-kunder-kosoves%2F&amp;cb=ef0071266b\" alt=\"\" width=\"0\" height=\"0\" \/><\/div>\n<p><\/ins><\/div>\n<\/div>\n<p>&nbsp;<\/p>\n<p>&nbsp;<\/p>\n","protected":false},"excerpt":{"rendered":"<p>Tiran\u00eb, 26 Qershor 2025 Ministri Taulant Balla u p\u00ebrfshi n\u00eb nj\u00eb debat me kreun e PD, Sali Berisha k\u00ebt\u00eb t\u00eb enjte n\u00eb seanc\u00ebn plenare. \u201cQ\u00eb<\/p>\n","protected":false},"author":1,"featured_media":1657,"comment_status":"open","ping_status":"open","sticky":false,"template":"","format":"standard","meta":{"footnotes":""},"categories":[58],"tags":[],"class_list":["post-1656","post","type-post","status-publish","format-standard","has-post-thumbnail","hentry","category-politike-sq"],"yoast_head":"<!-- This site is optimized with the Yoast SEO plugin v25.3.1 - https:\/\/yoast.com\/wordpress\/plugins\/seo\/ -->\n<title>Tensione n\u00eb Kuvendin e Shqip\u00ebris\u00eb, Balla akuza Berish\u00ebs: Ke bashk\u00ebpunuar me Millosheviqin kund\u00ebr Kosov\u00ebs -<\/title>\n<meta name=\"robots\" content=\"index, follow, max-snippet:-1, max-image-preview:large, max-video-preview:-1\" \/>\n<link rel=\"canonical\" href=\"https:\/\/veritasinfo.org\/?p=1656\" \/>\n<meta property=\"og:locale\" content=\"en_US\" \/>\n<meta property=\"og:type\" content=\"article\" \/>\n<meta property=\"og:title\" content=\"Tensione n\u00eb Kuvendin e Shqip\u00ebris\u00eb, Balla akuza Berish\u00ebs: Ke bashk\u00ebpunuar me Millosheviqin kund\u00ebr Kosov\u00ebs -\" \/>\n<meta property=\"og:description\" content=\"Tiran\u00eb, 26 Qershor 2025 Ministri Taulant Balla u p\u00ebrfshi n\u00eb nj\u00eb debat me kreun e PD, Sali Berisha k\u00ebt\u00eb t\u00eb enjte n\u00eb seanc\u00ebn plenare. \u201cQ\u00eb\" \/>\n<meta property=\"og:url\" content=\"https:\/\/veritasinfo.org\/?p=1656\" \/>\n<meta property=\"article:published_time\" content=\"2025-06-26T16:51:17+00:00\" \/>\n<meta property=\"og:image\" content=\"https:\/\/veritasinfo.org\/wp-content\/uploads\/2025\/06\/IMG_1579.png\" \/>\n\t<meta property=\"og:image:width\" content=\"750\" \/>\n\t<meta property=\"og:image:height\" content=\"430\" \/>\n\t<meta property=\"og:image:type\" content=\"image\/png\" \/>\n<meta name=\"author\" content=\"admin\" \/>\n<meta name=\"twitter:card\" content=\"summary_large_image\" \/>\n<meta name=\"twitter:label1\" content=\"Written by\" \/>\n\t<meta name=\"twitter:data1\" content=\"admin\" \/>\n\t<meta name=\"twitter:label2\" content=\"Est. reading time\" \/>\n\t<meta name=\"twitter:data2\" content=\"4 minutes\" \/>\n<script type=\"application\/ld+json\" class=\"yoast-schema-graph\">{\"@context\":\"https:\/\/schema.org\",\"@graph\":[{\"@type\":\"WebPage\",\"@id\":\"https:\/\/veritasinfo.org\/?p=1656\",\"url\":\"https:\/\/veritasinfo.org\/?p=1656\",\"name\":\"Tensione n\u00eb Kuvendin e Shqip\u00ebris\u00eb, Balla akuza Berish\u00ebs: Ke bashk\u00ebpunuar me Millosheviqin kund\u00ebr Kosov\u00ebs -\",\"isPartOf\":{\"@id\":\"https:\/\/veritasinfo.org\/#website\"},\"primaryImageOfPage\":{\"@id\":\"https:\/\/veritasinfo.org\/?p=1656#primaryimage\"},\"image\":{\"@id\":\"https:\/\/veritasinfo.org\/?p=1656#primaryimage\"},\"thumbnailUrl\":\"https:\/\/veritasinfo.org\/wp-content\/uploads\/2025\/06\/IMG_1579.png\",\"datePublished\":\"2025-06-26T16:51:17+00:00\",\"author\":{\"@id\":\"https:\/\/veritasinfo.org\/#\/schema\/person\/7701f8c088bece422266b100a712374f\"},\"breadcrumb\":{\"@id\":\"https:\/\/veritasinfo.org\/?p=1656#breadcrumb\"},\"inLanguage\":\"en-US\",\"potentialAction\":[{\"@type\":\"ReadAction\",\"target\":[\"https:\/\/veritasinfo.org\/?p=1656\"]}]},{\"@type\":\"ImageObject\",\"inLanguage\":\"en-US\",\"@id\":\"https:\/\/veritasinfo.org\/?p=1656#primaryimage\",\"url\":\"https:\/\/veritasinfo.org\/wp-content\/uploads\/2025\/06\/IMG_1579.png\",\"contentUrl\":\"https:\/\/veritasinfo.org\/wp-content\/uploads\/2025\/06\/IMG_1579.png\",\"width\":750,\"height\":430},{\"@type\":\"BreadcrumbList\",\"@id\":\"https:\/\/veritasinfo.org\/?p=1656#breadcrumb\",\"itemListElement\":[{\"@type\":\"ListItem\",\"position\":1,\"name\":\"Home\",\"item\":\"https:\/\/veritasinfo.org\/\"},{\"@type\":\"ListItem\",\"position\":2,\"name\":\"Tensione n\u00eb Kuvendin e Shqip\u00ebris\u00eb, Balla akuza Berish\u00ebs: Ke bashk\u00ebpunuar me Millosheviqin kund\u00ebr Kosov\u00ebs\"}]},{\"@type\":\"WebSite\",\"@id\":\"https:\/\/veritasinfo.org\/#website\",\"url\":\"https:\/\/veritasinfo.org\/\",\"name\":\"\",\"description\":\"\",\"potentialAction\":[{\"@type\":\"SearchAction\",\"target\":{\"@type\":\"EntryPoint\",\"urlTemplate\":\"https:\/\/veritasinfo.org\/?s={search_term_string}\"},\"query-input\":{\"@type\":\"PropertyValueSpecification\",\"valueRequired\":true,\"valueName\":\"search_term_string\"}}],\"inLanguage\":\"en-US\"},{\"@type\":\"Person\",\"@id\":\"https:\/\/veritasinfo.org\/#\/schema\/person\/7701f8c088bece422266b100a712374f\",\"name\":\"admin\",\"image\":{\"@type\":\"ImageObject\",\"inLanguage\":\"en-US\",\"@id\":\"https:\/\/veritasinfo.org\/#\/schema\/person\/image\/\",\"url\":\"https:\/\/secure.gravatar.com\/avatar\/ea53aa3bf6c9a12d5fde8ce4deff43fef3885ae33cf60184161a50d6987cfd2f?s=96&d=mm&r=g\",\"contentUrl\":\"https:\/\/secure.gravatar.com\/avatar\/ea53aa3bf6c9a12d5fde8ce4deff43fef3885ae33cf60184161a50d6987cfd2f?s=96&d=mm&r=g\",\"caption\":\"admin\"},\"sameAs\":[\"https:\/\/veritasinfo.org\"],\"url\":\"https:\/\/veritasinfo.org\/?author=1\"}]}<\/script>\n<!-- \/ Yoast SEO plugin. -->","yoast_head_json":{"title":"Tensione n\u00eb Kuvendin e Shqip\u00ebris\u00eb, Balla akuza Berish\u00ebs: Ke bashk\u00ebpunuar me Millosheviqin kund\u00ebr Kosov\u00ebs -","robots":{"index":"index","follow":"follow","max-snippet":"max-snippet:-1","max-image-preview":"max-image-preview:large","max-video-preview":"max-video-preview:-1"},"canonical":"https:\/\/veritasinfo.org\/?p=1656","og_locale":"en_US","og_type":"article","og_title":"Tensione n\u00eb Kuvendin e Shqip\u00ebris\u00eb, Balla akuza Berish\u00ebs: Ke bashk\u00ebpunuar me Millosheviqin kund\u00ebr Kosov\u00ebs -","og_description":"Tiran\u00eb, 26 Qershor 2025 Ministri Taulant Balla u p\u00ebrfshi n\u00eb nj\u00eb debat me kreun e PD, Sali Berisha k\u00ebt\u00eb t\u00eb enjte n\u00eb seanc\u00ebn plenare. \u201cQ\u00eb","og_url":"https:\/\/veritasinfo.org\/?p=1656","article_published_time":"2025-06-26T16:51:17+00:00","og_image":[{"width":750,"height":430,"url":"https:\/\/veritasinfo.org\/wp-content\/uploads\/2025\/06\/IMG_1579.png","type":"image\/png"}],"author":"admin","twitter_card":"summary_large_image","twitter_misc":{"Written by":"admin","Est. reading time":"4 minutes"},"schema":{"@context":"https:\/\/schema.org","@graph":[{"@type":"WebPage","@id":"https:\/\/veritasinfo.org\/?p=1656","url":"https:\/\/veritasinfo.org\/?p=1656","name":"Tensione n\u00eb Kuvendin e Shqip\u00ebris\u00eb, Balla akuza Berish\u00ebs: Ke bashk\u00ebpunuar me Millosheviqin kund\u00ebr Kosov\u00ebs -","isPartOf":{"@id":"https:\/\/veritasinfo.org\/#website"},"primaryImageOfPage":{"@id":"https:\/\/veritasinfo.org\/?p=1656#primaryimage"},"image":{"@id":"https:\/\/veritasinfo.org\/?p=1656#primaryimage"},"thumbnailUrl":"https:\/\/veritasinfo.org\/wp-content\/uploads\/2025\/06\/IMG_1579.png","datePublished":"2025-06-26T16:51:17+00:00","author":{"@id":"https:\/\/veritasinfo.org\/#\/schema\/person\/7701f8c088bece422266b100a712374f"},"breadcrumb":{"@id":"https:\/\/veritasinfo.org\/?p=1656#breadcrumb"},"inLanguage":"en-US","potentialAction":[{"@type":"ReadAction","target":["https:\/\/veritasinfo.org\/?p=1656"]}]},{"@type":"ImageObject","inLanguage":"en-US","@id":"https:\/\/veritasinfo.org\/?p=1656#primaryimage","url":"https:\/\/veritasinfo.org\/wp-content\/uploads\/2025\/06\/IMG_1579.png","contentUrl":"https:\/\/veritasinfo.org\/wp-content\/uploads\/2025\/06\/IMG_1579.png","width":750,"height":430},{"@type":"BreadcrumbList","@id":"https:\/\/veritasinfo.org\/?p=1656#breadcrumb","itemListElement":[{"@type":"ListItem","position":1,"name":"Home","item":"https:\/\/veritasinfo.org\/"},{"@type":"ListItem","position":2,"name":"Tensione n\u00eb Kuvendin e Shqip\u00ebris\u00eb, Balla akuza Berish\u00ebs: Ke bashk\u00ebpunuar me Millosheviqin kund\u00ebr Kosov\u00ebs"}]},{"@type":"WebSite","@id":"https:\/\/veritasinfo.org\/#website","url":"https:\/\/veritasinfo.org\/","name":"","description":"","potentialAction":[{"@type":"SearchAction","target":{"@type":"EntryPoint","urlTemplate":"https:\/\/veritasinfo.org\/?s={search_term_string}"},"query-input":{"@type":"PropertyValueSpecification","valueRequired":true,"valueName":"search_term_string"}}],"inLanguage":"en-US"},{"@type":"Person","@id":"https:\/\/veritasinfo.org\/#\/schema\/person\/7701f8c088bece422266b100a712374f","name":"admin","image":{"@type":"ImageObject","inLanguage":"en-US","@id":"https:\/\/veritasinfo.org\/#\/schema\/person\/image\/","url":"https:\/\/secure.gravatar.com\/avatar\/ea53aa3bf6c9a12d5fde8ce4deff43fef3885ae33cf60184161a50d6987cfd2f?s=96&d=mm&r=g","contentUrl":"https:\/\/secure.gravatar.com\/avatar\/ea53aa3bf6c9a12d5fde8ce4deff43fef3885ae33cf60184161a50d6987cfd2f?s=96&d=mm&r=g","caption":"admin"},"sameAs":["https:\/\/veritasinfo.org"],"url":"https:\/\/veritasinfo.org\/?author=1"}]}},"featured_image_urls":{"full":["https:\/\/veritasinfo.org\/wp-content\/uploads\/2025\/06\/IMG_1579.png",750,430,false],"thumbnail":["https:\/\/veritasinfo.org\/wp-content\/uploads\/2025\/06\/IMG_1579-150x150.png",150,150,true],"medium":["https:\/\/veritasinfo.org\/wp-content\/uploads\/2025\/06\/IMG_1579-300x172.png",300,172,true],"medium_large":["https:\/\/veritasinfo.org\/wp-content\/uploads\/2025\/06\/IMG_1579.png",640,367,false],"large":["https:\/\/veritasinfo.org\/wp-content\/uploads\/2025\/06\/IMG_1579.png",640,367,false],"1536x1536":["https:\/\/veritasinfo.org\/wp-content\/uploads\/2025\/06\/IMG_1579.png",750,430,false],"2048x2048":["https:\/\/veritasinfo.org\/wp-content\/uploads\/2025\/06\/IMG_1579.png",750,430,false],"kreeti-slider-full":["https:\/\/veritasinfo.org\/wp-content\/uploads\/2025\/06\/IMG_1579.png",750,430,false],"kreeti-featured":["https:\/\/veritasinfo.org\/wp-content\/uploads\/2025\/06\/IMG_1579.png",750,430,false],"kreeti-medium":["https:\/\/veritasinfo.org\/wp-content\/uploads\/2025\/06\/IMG_1579.png",720,413,false],"kreeti-medium-square":["https:\/\/veritasinfo.org\/wp-content\/uploads\/2025\/06\/IMG_1579.png",350,201,false]},"author_info":{"info":["admin"]},"category_info":"<a href=\"https:\/\/veritasinfo.org\/?cat=58\" rel=\"category\">Politik\u00eb<\/a>","tag_info":"Politik\u00eb","comment_count":"0","_links":{"self":[{"href":"https:\/\/veritasinfo.org\/index.php?rest_route=\/wp\/v2\/posts\/1656","targetHints":{"allow":["GET"]}}],"collection":[{"href":"https:\/\/veritasinfo.org\/index.php?rest_route=\/wp\/v2\/posts"}],"about":[{"href":"https:\/\/veritasinfo.org\/index.php?rest_route=\/wp\/v2\/types\/post"}],"author":[{"embeddable":true,"href":"https:\/\/veritasinfo.org\/index.php?rest_route=\/wp\/v2\/users\/1"}],"replies":[{"embeddable":true,"href":"https:\/\/veritasinfo.org\/index.php?rest_route=%2Fwp%2Fv2%2Fcomments&post=1656"}],"version-history":[{"count":1,"href":"https:\/\/veritasinfo.org\/index.php?rest_route=\/wp\/v2\/posts\/1656\/revisions"}],"predecessor-version":[{"id":1658,"href":"https:\/\/veritasinfo.org\/index.php?rest_route=\/wp\/v2\/posts\/1656\/revisions\/1658"}],"wp:featuredmedia":[{"embeddable":true,"href":"https:\/\/veritasinfo.org\/index.php?rest_route=\/wp\/v2\/media\/1657"}],"wp:attachment":[{"href":"https:\/\/veritasinfo.org\/index.php?rest_route=%2Fwp%2Fv2%2Fmedia&parent=1656"}],"wp:term":[{"taxonomy":"category","embeddable":true,"href":"https:\/\/veritasinfo.org\/index.php?rest_route=%2Fwp%2Fv2%2Fcategories&post=1656"},{"taxonomy":"post_tag","embeddable":true,"href":"https:\/\/veritasinfo.org\/index.php?rest_route=%2Fwp%2Fv2%2Ftags&post=1656"}],"curies":[{"name":"wp","href":"https:\/\/api.w.org\/{rel}","templated":true}]}}