{"id":16556,"date":"2025-10-16T14:36:05","date_gmt":"2025-10-16T12:36:05","guid":{"rendered":"https:\/\/veritasinfo.org\/?p=16556"},"modified":"2025-10-16T14:36:05","modified_gmt":"2025-10-16T12:36:05","slug":"policia-e-kosoves-dhe-policia-federale-gjermane-thellojne-bashkepunimin","status":"publish","type":"post","link":"https:\/\/veritasinfo.org\/?p=16556","title":{"rendered":"Policia e Kosov\u00ebs dhe Policia Federale Gjermane thellojn\u00eb bashk\u00ebpunimin"},"content":{"rendered":"<p>Prishtin\u00eb, 16 tetor 2025<\/p>\n<p>Policia e Kosov\u00ebs, me mb\u00ebshtetjen e Ambasad\u00ebs Gjermane n\u00eb Tiran\u00eb, ka marr\u00eb pjes\u00eb n\u00eb nj\u00eb pun\u00ebtori profesionale t\u00eb organizuar nga Policia Federale Gjermane n\u00eb qendr\u00ebn kryesore t\u00eb edukimit n\u00eb Eschwege, me synim modernizimin e edukimit dhe trajnimit policor.<\/p>\n<p>Aktiviteti u zhvillua n\u00eb kuad\u00ebr t\u00eb projektit evropian \u201cEU-ISF SCOPE III \u2013 Virtual Classroom\u201d, i cili fokusohet n\u00eb p\u00ebrdorimin e platformave digjitale dhe klasave virtuale p\u00ebr ngritjen e kapaciteteve policore.<\/p>\n<p>Gjat\u00eb pun\u00ebtoris\u00eb u prezantuan metodat m\u00eb t\u00eb avancuara t\u00eb m\u00ebsimit elektronik (E-Learning) dhe trajnimit hibrid, t\u00eb cilat do t\u00eb integrohen n\u00eb programet e edukimit t\u00eb Policis\u00eb s\u00eb Kosov\u00ebs, me q\u00ebllim rritjen e efikasitetit dhe p\u00ebrshtatjen me trendet bashk\u00ebkohore t\u00eb arsimit policor.<\/p>\n<p>Ky bashk\u00ebpunim pritet t\u00eb forcoj\u00eb kapacitetet profesionale, t\u00eb nxis\u00eb zhvillimin teknologjik dhe t\u00eb avancoj\u00eb standardet e trajnimit n\u00eb sistemin policor t\u00eb Kosov\u00ebs.<\/p>\n<p>Policia e Kosov\u00ebs ka shprehur mir\u00ebnjohje t\u00eb thell\u00eb ndaj Republik\u00ebs Federale t\u00eb Gjermanis\u00eb dhe Policis\u00eb Federale Gjermane p\u00ebr mb\u00ebshtetjen e vazhdueshme dhe partneritetin strategjik q\u00eb ndihmon n\u00eb zhvillimin e sektorit t\u00eb siguris\u00eb n\u00eb vend.<\/p>\n<p>\u201cModernizimi i platformave t\u00eb trajnimit dhe edukimit profesional policor mbetet nj\u00eb prioritet ky\u00e7 p\u00ebr zhvillimin e kapaciteteve n\u00eb t\u00eb gjitha fushat e siguris\u00eb,\u201d thuhet n\u00eb njoftimin e Policis\u00eb s\u00eb Kosov\u00ebs.<\/p>\n<p>&nbsp;<\/p>\n<p>&nbsp;<\/p>\n","protected":false},"excerpt":{"rendered":"<p>Prishtin\u00eb, 16 tetor 2025 Policia e Kosov\u00ebs, me mb\u00ebshtetjen e Ambasad\u00ebs Gjermane n\u00eb Tiran\u00eb, ka marr\u00eb pjes\u00eb n\u00eb nj\u00eb pun\u00ebtori profesionale t\u00eb organizuar nga Policia<\/p>\n","protected":false},"author":7,"featured_media":16557,"comment_status":"open","ping_status":"open","sticky":false,"template":"","format":"standard","meta":{"footnotes":""},"categories":[60],"tags":[],"class_list":["post-16556","post","type-post","status-publish","format-standard","has-post-thumbnail","hentry","category-shoqerore-sq"],"yoast_head":"<!-- This site is optimized with the Yoast SEO plugin v25.3.1 - https:\/\/yoast.com\/wordpress\/plugins\/seo\/ -->\n<title>Policia e Kosov\u00ebs dhe Policia Federale Gjermane thellojn\u00eb bashk\u00ebpunimin -<\/title>\n<meta name=\"robots\" content=\"index, follow, max-snippet:-1, max-image-preview:large, max-video-preview:-1\" \/>\n<link rel=\"canonical\" href=\"https:\/\/veritasinfo.org\/?p=16556\" \/>\n<meta property=\"og:locale\" content=\"en_US\" \/>\n<meta property=\"og:type\" content=\"article\" \/>\n<meta property=\"og:title\" content=\"Policia e Kosov\u00ebs dhe Policia Federale Gjermane thellojn\u00eb bashk\u00ebpunimin -\" \/>\n<meta property=\"og:description\" content=\"Prishtin\u00eb, 16 tetor 2025 Policia e Kosov\u00ebs, me mb\u00ebshtetjen e Ambasad\u00ebs Gjermane n\u00eb Tiran\u00eb, ka marr\u00eb pjes\u00eb n\u00eb nj\u00eb pun\u00ebtori profesionale t\u00eb organizuar nga Policia\" \/>\n<meta property=\"og:url\" content=\"https:\/\/veritasinfo.org\/?p=16556\" \/>\n<meta property=\"article:published_time\" content=\"2025-10-16T12:36:05+00:00\" \/>\n<meta property=\"og:image\" content=\"https:\/\/veritasinfo.org\/wp-content\/uploads\/2025\/10\/707008-uX0sBTtYqA.jpg\" \/>\n\t<meta property=\"og:image:width\" content=\"780\" \/>\n\t<meta property=\"og:image:height\" content=\"500\" \/>\n\t<meta property=\"og:image:type\" content=\"image\/jpeg\" \/>\n<meta name=\"author\" content=\"US6\" \/>\n<meta name=\"twitter:card\" content=\"summary_large_image\" \/>\n<meta name=\"twitter:label1\" content=\"Written by\" \/>\n\t<meta name=\"twitter:data1\" content=\"US6\" \/>\n\t<meta name=\"twitter:label2\" content=\"Est. reading time\" \/>\n\t<meta name=\"twitter:data2\" content=\"2 minutes\" \/>\n<script type=\"application\/ld+json\" class=\"yoast-schema-graph\">{\"@context\":\"https:\/\/schema.org\",\"@graph\":[{\"@type\":\"WebPage\",\"@id\":\"https:\/\/veritasinfo.org\/?p=16556\",\"url\":\"https:\/\/veritasinfo.org\/?p=16556\",\"name\":\"Policia e Kosov\u00ebs dhe Policia Federale Gjermane thellojn\u00eb bashk\u00ebpunimin -\",\"isPartOf\":{\"@id\":\"https:\/\/veritasinfo.org\/#website\"},\"primaryImageOfPage\":{\"@id\":\"https:\/\/veritasinfo.org\/?p=16556#primaryimage\"},\"image\":{\"@id\":\"https:\/\/veritasinfo.org\/?p=16556#primaryimage\"},\"thumbnailUrl\":\"https:\/\/veritasinfo.org\/wp-content\/uploads\/2025\/10\/707008-uX0sBTtYqA.jpg\",\"datePublished\":\"2025-10-16T12:36:05+00:00\",\"author\":{\"@id\":\"https:\/\/veritasinfo.org\/#\/schema\/person\/fe199eede04c3937362892b7444747cc\"},\"breadcrumb\":{\"@id\":\"https:\/\/veritasinfo.org\/?p=16556#breadcrumb\"},\"inLanguage\":\"en-US\",\"potentialAction\":[{\"@type\":\"ReadAction\",\"target\":[\"https:\/\/veritasinfo.org\/?p=16556\"]}]},{\"@type\":\"ImageObject\",\"inLanguage\":\"en-US\",\"@id\":\"https:\/\/veritasinfo.org\/?p=16556#primaryimage\",\"url\":\"https:\/\/veritasinfo.org\/wp-content\/uploads\/2025\/10\/707008-uX0sBTtYqA.jpg\",\"contentUrl\":\"https:\/\/veritasinfo.org\/wp-content\/uploads\/2025\/10\/707008-uX0sBTtYqA.jpg\",\"width\":780,\"height\":500},{\"@type\":\"BreadcrumbList\",\"@id\":\"https:\/\/veritasinfo.org\/?p=16556#breadcrumb\",\"itemListElement\":[{\"@type\":\"ListItem\",\"position\":1,\"name\":\"Home\",\"item\":\"https:\/\/veritasinfo.org\/\"},{\"@type\":\"ListItem\",\"position\":2,\"name\":\"Policia e Kosov\u00ebs dhe Policia Federale Gjermane thellojn\u00eb bashk\u00ebpunimin\"}]},{\"@type\":\"WebSite\",\"@id\":\"https:\/\/veritasinfo.org\/#website\",\"url\":\"https:\/\/veritasinfo.org\/\",\"name\":\"\",\"description\":\"\",\"potentialAction\":[{\"@type\":\"SearchAction\",\"target\":{\"@type\":\"EntryPoint\",\"urlTemplate\":\"https:\/\/veritasinfo.org\/?s={search_term_string}\"},\"query-input\":{\"@type\":\"PropertyValueSpecification\",\"valueRequired\":true,\"valueName\":\"search_term_string\"}}],\"inLanguage\":\"en-US\"},{\"@type\":\"Person\",\"@id\":\"https:\/\/veritasinfo.org\/#\/schema\/person\/fe199eede04c3937362892b7444747cc\",\"name\":\"US6\",\"image\":{\"@type\":\"ImageObject\",\"inLanguage\":\"en-US\",\"@id\":\"https:\/\/veritasinfo.org\/#\/schema\/person\/image\/\",\"url\":\"https:\/\/secure.gravatar.com\/avatar\/cb16c3c31c9d23b9b8c705964598220b3014e42ff51eb540ff23cefa3ae8c15f?s=96&d=mm&r=g\",\"contentUrl\":\"https:\/\/secure.gravatar.com\/avatar\/cb16c3c31c9d23b9b8c705964598220b3014e42ff51eb540ff23cefa3ae8c15f?s=96&d=mm&r=g\",\"caption\":\"US6\"},\"url\":\"https:\/\/veritasinfo.org\/?author=7\"}]}<\/script>\n<!-- \/ Yoast SEO plugin. -->","yoast_head_json":{"title":"Policia e Kosov\u00ebs dhe Policia Federale Gjermane thellojn\u00eb bashk\u00ebpunimin -","robots":{"index":"index","follow":"follow","max-snippet":"max-snippet:-1","max-image-preview":"max-image-preview:large","max-video-preview":"max-video-preview:-1"},"canonical":"https:\/\/veritasinfo.org\/?p=16556","og_locale":"en_US","og_type":"article","og_title":"Policia e Kosov\u00ebs dhe Policia Federale Gjermane thellojn\u00eb bashk\u00ebpunimin -","og_description":"Prishtin\u00eb, 16 tetor 2025 Policia e Kosov\u00ebs, me mb\u00ebshtetjen e Ambasad\u00ebs Gjermane n\u00eb Tiran\u00eb, ka marr\u00eb pjes\u00eb n\u00eb nj\u00eb pun\u00ebtori profesionale t\u00eb organizuar nga Policia","og_url":"https:\/\/veritasinfo.org\/?p=16556","article_published_time":"2025-10-16T12:36:05+00:00","og_image":[{"width":780,"height":500,"url":"https:\/\/veritasinfo.org\/wp-content\/uploads\/2025\/10\/707008-uX0sBTtYqA.jpg","type":"image\/jpeg"}],"author":"US6","twitter_card":"summary_large_image","twitter_misc":{"Written by":"US6","Est. reading time":"2 minutes"},"schema":{"@context":"https:\/\/schema.org","@graph":[{"@type":"WebPage","@id":"https:\/\/veritasinfo.org\/?p=16556","url":"https:\/\/veritasinfo.org\/?p=16556","name":"Policia e Kosov\u00ebs dhe Policia Federale Gjermane thellojn\u00eb bashk\u00ebpunimin -","isPartOf":{"@id":"https:\/\/veritasinfo.org\/#website"},"primaryImageOfPage":{"@id":"https:\/\/veritasinfo.org\/?p=16556#primaryimage"},"image":{"@id":"https:\/\/veritasinfo.org\/?p=16556#primaryimage"},"thumbnailUrl":"https:\/\/veritasinfo.org\/wp-content\/uploads\/2025\/10\/707008-uX0sBTtYqA.jpg","datePublished":"2025-10-16T12:36:05+00:00","author":{"@id":"https:\/\/veritasinfo.org\/#\/schema\/person\/fe199eede04c3937362892b7444747cc"},"breadcrumb":{"@id":"https:\/\/veritasinfo.org\/?p=16556#breadcrumb"},"inLanguage":"en-US","potentialAction":[{"@type":"ReadAction","target":["https:\/\/veritasinfo.org\/?p=16556"]}]},{"@type":"ImageObject","inLanguage":"en-US","@id":"https:\/\/veritasinfo.org\/?p=16556#primaryimage","url":"https:\/\/veritasinfo.org\/wp-content\/uploads\/2025\/10\/707008-uX0sBTtYqA.jpg","contentUrl":"https:\/\/veritasinfo.org\/wp-content\/uploads\/2025\/10\/707008-uX0sBTtYqA.jpg","width":780,"height":500},{"@type":"BreadcrumbList","@id":"https:\/\/veritasinfo.org\/?p=16556#breadcrumb","itemListElement":[{"@type":"ListItem","position":1,"name":"Home","item":"https:\/\/veritasinfo.org\/"},{"@type":"ListItem","position":2,"name":"Policia e Kosov\u00ebs dhe Policia Federale Gjermane thellojn\u00eb bashk\u00ebpunimin"}]},{"@type":"WebSite","@id":"https:\/\/veritasinfo.org\/#website","url":"https:\/\/veritasinfo.org\/","name":"","description":"","potentialAction":[{"@type":"SearchAction","target":{"@type":"EntryPoint","urlTemplate":"https:\/\/veritasinfo.org\/?s={search_term_string}"},"query-input":{"@type":"PropertyValueSpecification","valueRequired":true,"valueName":"search_term_string"}}],"inLanguage":"en-US"},{"@type":"Person","@id":"https:\/\/veritasinfo.org\/#\/schema\/person\/fe199eede04c3937362892b7444747cc","name":"US6","image":{"@type":"ImageObject","inLanguage":"en-US","@id":"https:\/\/veritasinfo.org\/#\/schema\/person\/image\/","url":"https:\/\/secure.gravatar.com\/avatar\/cb16c3c31c9d23b9b8c705964598220b3014e42ff51eb540ff23cefa3ae8c15f?s=96&d=mm&r=g","contentUrl":"https:\/\/secure.gravatar.com\/avatar\/cb16c3c31c9d23b9b8c705964598220b3014e42ff51eb540ff23cefa3ae8c15f?s=96&d=mm&r=g","caption":"US6"},"url":"https:\/\/veritasinfo.org\/?author=7"}]}},"featured_image_urls":{"full":["https:\/\/veritasinfo.org\/wp-content\/uploads\/2025\/10\/707008-uX0sBTtYqA.jpg",780,500,false],"thumbnail":["https:\/\/veritasinfo.org\/wp-content\/uploads\/2025\/10\/707008-uX0sBTtYqA-150x150.jpg",150,150,true],"medium":["https:\/\/veritasinfo.org\/wp-content\/uploads\/2025\/10\/707008-uX0sBTtYqA-300x192.jpg",300,192,true],"medium_large":["https:\/\/veritasinfo.org\/wp-content\/uploads\/2025\/10\/707008-uX0sBTtYqA-768x492.jpg",640,410,true],"large":["https:\/\/veritasinfo.org\/wp-content\/uploads\/2025\/10\/707008-uX0sBTtYqA.jpg",640,410,false],"1536x1536":["https:\/\/veritasinfo.org\/wp-content\/uploads\/2025\/10\/707008-uX0sBTtYqA.jpg",780,500,false],"2048x2048":["https:\/\/veritasinfo.org\/wp-content\/uploads\/2025\/10\/707008-uX0sBTtYqA.jpg",780,500,false],"kreeti-slider-full":["https:\/\/veritasinfo.org\/wp-content\/uploads\/2025\/10\/707008-uX0sBTtYqA.jpg",780,500,false],"kreeti-featured":["https:\/\/veritasinfo.org\/wp-content\/uploads\/2025\/10\/707008-uX0sBTtYqA.jpg",780,500,false],"kreeti-medium":["https:\/\/veritasinfo.org\/wp-content\/uploads\/2025\/10\/707008-uX0sBTtYqA.jpg",720,462,false],"kreeti-medium-square":["https:\/\/veritasinfo.org\/wp-content\/uploads\/2025\/10\/707008-uX0sBTtYqA.jpg",350,224,false]},"author_info":{"info":["US6"]},"category_info":"<a href=\"https:\/\/veritasinfo.org\/?cat=60\" rel=\"category\">Shoq\u00ebrore<\/a>","tag_info":"Shoq\u00ebrore","comment_count":"0","_links":{"self":[{"href":"https:\/\/veritasinfo.org\/index.php?rest_route=\/wp\/v2\/posts\/16556","targetHints":{"allow":["GET"]}}],"collection":[{"href":"https:\/\/veritasinfo.org\/index.php?rest_route=\/wp\/v2\/posts"}],"about":[{"href":"https:\/\/veritasinfo.org\/index.php?rest_route=\/wp\/v2\/types\/post"}],"author":[{"embeddable":true,"href":"https:\/\/veritasinfo.org\/index.php?rest_route=\/wp\/v2\/users\/7"}],"replies":[{"embeddable":true,"href":"https:\/\/veritasinfo.org\/index.php?rest_route=%2Fwp%2Fv2%2Fcomments&post=16556"}],"version-history":[{"count":1,"href":"https:\/\/veritasinfo.org\/index.php?rest_route=\/wp\/v2\/posts\/16556\/revisions"}],"predecessor-version":[{"id":16558,"href":"https:\/\/veritasinfo.org\/index.php?rest_route=\/wp\/v2\/posts\/16556\/revisions\/16558"}],"wp:featuredmedia":[{"embeddable":true,"href":"https:\/\/veritasinfo.org\/index.php?rest_route=\/wp\/v2\/media\/16557"}],"wp:attachment":[{"href":"https:\/\/veritasinfo.org\/index.php?rest_route=%2Fwp%2Fv2%2Fmedia&parent=16556"}],"wp:term":[{"taxonomy":"category","embeddable":true,"href":"https:\/\/veritasinfo.org\/index.php?rest_route=%2Fwp%2Fv2%2Fcategories&post=16556"},{"taxonomy":"post_tag","embeddable":true,"href":"https:\/\/veritasinfo.org\/index.php?rest_route=%2Fwp%2Fv2%2Ftags&post=16556"}],"curies":[{"name":"wp","href":"https:\/\/api.w.org\/{rel}","templated":true}]}}