{"id":16484,"date":"2025-10-15T20:10:08","date_gmt":"2025-10-15T18:10:08","guid":{"rendered":"https:\/\/veritasinfo.org\/?p=16484"},"modified":"2025-10-15T20:10:08","modified_gmt":"2025-10-15T18:10:08","slug":"kryeministri-kurti-merr-pjese-ne-promovimin-e-librit-te-dr-majlinda-bregasit","status":"publish","type":"post","link":"https:\/\/veritasinfo.org\/?p=16484","title":{"rendered":"Kryeministri Kurti merr pjes\u00eb n\u00eb promovimin e librit t\u00eb dr.Majlinda Bregasit"},"content":{"rendered":"<p>Prishtin\u00eb, 15 tetor 2025<\/p>\n<p>Sot n\u00eb Bibliotek\u00ebn Komb\u00ebtare t\u00eb Kosov\u00ebs \u00ebsht\u00eb b\u00ebr\u00eb promovimi i librit \u201cArti i Pushtetit: aktet gjuh\u00ebsore n\u00eb diskursin politik shqiptar\u201d, i autores dr.Majlinda Bregasi, n\u00eb t\u00eb cil\u00ebn ngjarje kulturore ka marr\u00eb pjes\u00eb edhe kryeministri n\u00eb detyr\u00eb i Republik\u00ebs s\u00eb Kosov\u00ebs, Albin Kurti, n\u00ebnkryetarja e Kuvendit Albulena Haxhiu, njer\u00ebz t\u00eb artit e kultur\u00ebs dhe personalitete tjera.<\/p>\n<p>\u201cLibri hap nj\u00eb dritare t\u00eb re mbi m\u00ebnyr\u00ebn se si gjuha e t\u00eb folur\u00ebs publike p\u00ebrve\u00e7 q\u00eb pasqyron edhe send\u00ebrton realitetin ton\u00eb politik e shoq\u00ebror. Ai fton lexuesin t\u00eb v\u00ebshtroj\u00eb komunikimin si nj\u00eb hap\u00ebsir\u00eb t\u00eb p\u00ebrbashk\u00ebt ku formohet mendimi p\u00ebrtej informimit t\u00eb publikut, ku ngrit\u00ebt e bie pushteti gjersa zhvillohen marr\u00ebdh\u00ebniet mes nesh.<\/p>\n<p>Faleminderit autores p\u00ebr ftes\u00ebn dhe p\u00ebr nj\u00eb vep\u00ebr q\u00eb nxit reflektim mbi gjuh\u00ebn, rolin e saj publik e politik n\u00eb kontekstin shoq\u00ebror e modern\u201d, ka shkruar Kurti n\u00eb facebook.<\/p>\n","protected":false},"excerpt":{"rendered":"<p>Prishtin\u00eb, 15 tetor 2025 Sot n\u00eb Bibliotek\u00ebn Komb\u00ebtare t\u00eb Kosov\u00ebs \u00ebsht\u00eb b\u00ebr\u00eb promovimi i librit \u201cArti i Pushtetit: aktet gjuh\u00ebsore n\u00eb diskursin politik shqiptar\u201d, i<\/p>\n","protected":false},"author":7,"featured_media":16485,"comment_status":"open","ping_status":"open","sticky":false,"template":"","format":"standard","meta":{"footnotes":""},"categories":[54],"tags":[],"class_list":["post-16484","post","type-post","status-publish","format-standard","has-post-thumbnail","hentry","category-kulture-sq"],"yoast_head":"<!-- This site is optimized with the Yoast SEO plugin v25.3.1 - https:\/\/yoast.com\/wordpress\/plugins\/seo\/ -->\n<title>Kryeministri Kurti merr pjes\u00eb n\u00eb promovimin e librit t\u00eb dr.Majlinda Bregasit -<\/title>\n<meta name=\"robots\" content=\"index, follow, max-snippet:-1, max-image-preview:large, max-video-preview:-1\" \/>\n<link rel=\"canonical\" href=\"https:\/\/veritasinfo.org\/?p=16484\" \/>\n<meta property=\"og:locale\" content=\"en_US\" \/>\n<meta property=\"og:type\" content=\"article\" \/>\n<meta property=\"og:title\" content=\"Kryeministri Kurti merr pjes\u00eb n\u00eb promovimin e librit t\u00eb dr.Majlinda Bregasit -\" \/>\n<meta property=\"og:description\" content=\"Prishtin\u00eb, 15 tetor 2025 Sot n\u00eb Bibliotek\u00ebn Komb\u00ebtare t\u00eb Kosov\u00ebs \u00ebsht\u00eb b\u00ebr\u00eb promovimi i librit \u201cArti i Pushtetit: aktet gjuh\u00ebsore n\u00eb diskursin politik shqiptar\u201d, i\" \/>\n<meta property=\"og:url\" content=\"https:\/\/veritasinfo.org\/?p=16484\" \/>\n<meta property=\"article:published_time\" content=\"2025-10-15T18:10:08+00:00\" \/>\n<meta property=\"og:image\" content=\"https:\/\/veritasinfo.org\/wp-content\/uploads\/2025\/10\/560491799_1363942638432793_4307938046630554836_n.jpg\" \/>\n\t<meta property=\"og:image:width\" content=\"2048\" \/>\n\t<meta property=\"og:image:height\" content=\"1365\" \/>\n\t<meta property=\"og:image:type\" content=\"image\/jpeg\" \/>\n<meta name=\"author\" content=\"US6\" \/>\n<meta name=\"twitter:card\" content=\"summary_large_image\" \/>\n<meta name=\"twitter:label1\" content=\"Written by\" \/>\n\t<meta name=\"twitter:data1\" content=\"US6\" \/>\n\t<meta name=\"twitter:label2\" content=\"Est. reading time\" \/>\n\t<meta name=\"twitter:data2\" content=\"1 minute\" \/>\n<script type=\"application\/ld+json\" class=\"yoast-schema-graph\">{\"@context\":\"https:\/\/schema.org\",\"@graph\":[{\"@type\":\"WebPage\",\"@id\":\"https:\/\/veritasinfo.org\/?p=16484\",\"url\":\"https:\/\/veritasinfo.org\/?p=16484\",\"name\":\"Kryeministri Kurti merr pjes\u00eb n\u00eb promovimin e librit t\u00eb dr.Majlinda Bregasit -\",\"isPartOf\":{\"@id\":\"https:\/\/veritasinfo.org\/#website\"},\"primaryImageOfPage\":{\"@id\":\"https:\/\/veritasinfo.org\/?p=16484#primaryimage\"},\"image\":{\"@id\":\"https:\/\/veritasinfo.org\/?p=16484#primaryimage\"},\"thumbnailUrl\":\"https:\/\/veritasinfo.org\/wp-content\/uploads\/2025\/10\/560491799_1363942638432793_4307938046630554836_n.jpg\",\"datePublished\":\"2025-10-15T18:10:08+00:00\",\"author\":{\"@id\":\"https:\/\/veritasinfo.org\/#\/schema\/person\/fe199eede04c3937362892b7444747cc\"},\"breadcrumb\":{\"@id\":\"https:\/\/veritasinfo.org\/?p=16484#breadcrumb\"},\"inLanguage\":\"en-US\",\"potentialAction\":[{\"@type\":\"ReadAction\",\"target\":[\"https:\/\/veritasinfo.org\/?p=16484\"]}]},{\"@type\":\"ImageObject\",\"inLanguage\":\"en-US\",\"@id\":\"https:\/\/veritasinfo.org\/?p=16484#primaryimage\",\"url\":\"https:\/\/veritasinfo.org\/wp-content\/uploads\/2025\/10\/560491799_1363942638432793_4307938046630554836_n.jpg\",\"contentUrl\":\"https:\/\/veritasinfo.org\/wp-content\/uploads\/2025\/10\/560491799_1363942638432793_4307938046630554836_n.jpg\",\"width\":2048,\"height\":1365},{\"@type\":\"BreadcrumbList\",\"@id\":\"https:\/\/veritasinfo.org\/?p=16484#breadcrumb\",\"itemListElement\":[{\"@type\":\"ListItem\",\"position\":1,\"name\":\"Home\",\"item\":\"https:\/\/veritasinfo.org\/\"},{\"@type\":\"ListItem\",\"position\":2,\"name\":\"Kryeministri Kurti merr pjes\u00eb n\u00eb promovimin e librit t\u00eb dr.Majlinda Bregasit\"}]},{\"@type\":\"WebSite\",\"@id\":\"https:\/\/veritasinfo.org\/#website\",\"url\":\"https:\/\/veritasinfo.org\/\",\"name\":\"\",\"description\":\"\",\"potentialAction\":[{\"@type\":\"SearchAction\",\"target\":{\"@type\":\"EntryPoint\",\"urlTemplate\":\"https:\/\/veritasinfo.org\/?s={search_term_string}\"},\"query-input\":{\"@type\":\"PropertyValueSpecification\",\"valueRequired\":true,\"valueName\":\"search_term_string\"}}],\"inLanguage\":\"en-US\"},{\"@type\":\"Person\",\"@id\":\"https:\/\/veritasinfo.org\/#\/schema\/person\/fe199eede04c3937362892b7444747cc\",\"name\":\"US6\",\"image\":{\"@type\":\"ImageObject\",\"inLanguage\":\"en-US\",\"@id\":\"https:\/\/veritasinfo.org\/#\/schema\/person\/image\/\",\"url\":\"https:\/\/secure.gravatar.com\/avatar\/cb16c3c31c9d23b9b8c705964598220b3014e42ff51eb540ff23cefa3ae8c15f?s=96&d=mm&r=g\",\"contentUrl\":\"https:\/\/secure.gravatar.com\/avatar\/cb16c3c31c9d23b9b8c705964598220b3014e42ff51eb540ff23cefa3ae8c15f?s=96&d=mm&r=g\",\"caption\":\"US6\"},\"url\":\"https:\/\/veritasinfo.org\/?author=7\"}]}<\/script>\n<!-- \/ Yoast SEO plugin. -->","yoast_head_json":{"title":"Kryeministri Kurti merr pjes\u00eb n\u00eb promovimin e librit t\u00eb dr.Majlinda Bregasit -","robots":{"index":"index","follow":"follow","max-snippet":"max-snippet:-1","max-image-preview":"max-image-preview:large","max-video-preview":"max-video-preview:-1"},"canonical":"https:\/\/veritasinfo.org\/?p=16484","og_locale":"en_US","og_type":"article","og_title":"Kryeministri Kurti merr pjes\u00eb n\u00eb promovimin e librit t\u00eb dr.Majlinda Bregasit -","og_description":"Prishtin\u00eb, 15 tetor 2025 Sot n\u00eb Bibliotek\u00ebn Komb\u00ebtare t\u00eb Kosov\u00ebs \u00ebsht\u00eb b\u00ebr\u00eb promovimi i librit \u201cArti i Pushtetit: aktet gjuh\u00ebsore n\u00eb diskursin politik shqiptar\u201d, i","og_url":"https:\/\/veritasinfo.org\/?p=16484","article_published_time":"2025-10-15T18:10:08+00:00","og_image":[{"width":2048,"height":1365,"url":"https:\/\/veritasinfo.org\/wp-content\/uploads\/2025\/10\/560491799_1363942638432793_4307938046630554836_n.jpg","type":"image\/jpeg"}],"author":"US6","twitter_card":"summary_large_image","twitter_misc":{"Written by":"US6","Est. reading time":"1 minute"},"schema":{"@context":"https:\/\/schema.org","@graph":[{"@type":"WebPage","@id":"https:\/\/veritasinfo.org\/?p=16484","url":"https:\/\/veritasinfo.org\/?p=16484","name":"Kryeministri Kurti merr pjes\u00eb n\u00eb promovimin e librit t\u00eb dr.Majlinda Bregasit -","isPartOf":{"@id":"https:\/\/veritasinfo.org\/#website"},"primaryImageOfPage":{"@id":"https:\/\/veritasinfo.org\/?p=16484#primaryimage"},"image":{"@id":"https:\/\/veritasinfo.org\/?p=16484#primaryimage"},"thumbnailUrl":"https:\/\/veritasinfo.org\/wp-content\/uploads\/2025\/10\/560491799_1363942638432793_4307938046630554836_n.jpg","datePublished":"2025-10-15T18:10:08+00:00","author":{"@id":"https:\/\/veritasinfo.org\/#\/schema\/person\/fe199eede04c3937362892b7444747cc"},"breadcrumb":{"@id":"https:\/\/veritasinfo.org\/?p=16484#breadcrumb"},"inLanguage":"en-US","potentialAction":[{"@type":"ReadAction","target":["https:\/\/veritasinfo.org\/?p=16484"]}]},{"@type":"ImageObject","inLanguage":"en-US","@id":"https:\/\/veritasinfo.org\/?p=16484#primaryimage","url":"https:\/\/veritasinfo.org\/wp-content\/uploads\/2025\/10\/560491799_1363942638432793_4307938046630554836_n.jpg","contentUrl":"https:\/\/veritasinfo.org\/wp-content\/uploads\/2025\/10\/560491799_1363942638432793_4307938046630554836_n.jpg","width":2048,"height":1365},{"@type":"BreadcrumbList","@id":"https:\/\/veritasinfo.org\/?p=16484#breadcrumb","itemListElement":[{"@type":"ListItem","position":1,"name":"Home","item":"https:\/\/veritasinfo.org\/"},{"@type":"ListItem","position":2,"name":"Kryeministri Kurti merr pjes\u00eb n\u00eb promovimin e librit t\u00eb dr.Majlinda Bregasit"}]},{"@type":"WebSite","@id":"https:\/\/veritasinfo.org\/#website","url":"https:\/\/veritasinfo.org\/","name":"","description":"","potentialAction":[{"@type":"SearchAction","target":{"@type":"EntryPoint","urlTemplate":"https:\/\/veritasinfo.org\/?s={search_term_string}"},"query-input":{"@type":"PropertyValueSpecification","valueRequired":true,"valueName":"search_term_string"}}],"inLanguage":"en-US"},{"@type":"Person","@id":"https:\/\/veritasinfo.org\/#\/schema\/person\/fe199eede04c3937362892b7444747cc","name":"US6","image":{"@type":"ImageObject","inLanguage":"en-US","@id":"https:\/\/veritasinfo.org\/#\/schema\/person\/image\/","url":"https:\/\/secure.gravatar.com\/avatar\/cb16c3c31c9d23b9b8c705964598220b3014e42ff51eb540ff23cefa3ae8c15f?s=96&d=mm&r=g","contentUrl":"https:\/\/secure.gravatar.com\/avatar\/cb16c3c31c9d23b9b8c705964598220b3014e42ff51eb540ff23cefa3ae8c15f?s=96&d=mm&r=g","caption":"US6"},"url":"https:\/\/veritasinfo.org\/?author=7"}]}},"featured_image_urls":{"full":["https:\/\/veritasinfo.org\/wp-content\/uploads\/2025\/10\/560491799_1363942638432793_4307938046630554836_n.jpg",2048,1365,false],"thumbnail":["https:\/\/veritasinfo.org\/wp-content\/uploads\/2025\/10\/560491799_1363942638432793_4307938046630554836_n-150x150.jpg",150,150,true],"medium":["https:\/\/veritasinfo.org\/wp-content\/uploads\/2025\/10\/560491799_1363942638432793_4307938046630554836_n-300x200.jpg",300,200,true],"medium_large":["https:\/\/veritasinfo.org\/wp-content\/uploads\/2025\/10\/560491799_1363942638432793_4307938046630554836_n-768x512.jpg",640,427,true],"large":["https:\/\/veritasinfo.org\/wp-content\/uploads\/2025\/10\/560491799_1363942638432793_4307938046630554836_n-1024x683.jpg",640,427,true],"1536x1536":["https:\/\/veritasinfo.org\/wp-content\/uploads\/2025\/10\/560491799_1363942638432793_4307938046630554836_n-1536x1024.jpg",1536,1024,true],"2048x2048":["https:\/\/veritasinfo.org\/wp-content\/uploads\/2025\/10\/560491799_1363942638432793_4307938046630554836_n.jpg",2048,1365,false],"kreeti-slider-full":["https:\/\/veritasinfo.org\/wp-content\/uploads\/2025\/10\/560491799_1363942638432793_4307938046630554836_n.jpg",1080,720,false],"kreeti-featured":["https:\/\/veritasinfo.org\/wp-content\/uploads\/2025\/10\/560491799_1363942638432793_4307938046630554836_n.jpg",1024,683,false],"kreeti-medium":["https:\/\/veritasinfo.org\/wp-content\/uploads\/2025\/10\/560491799_1363942638432793_4307938046630554836_n.jpg",720,480,false],"kreeti-medium-square":["https:\/\/veritasinfo.org\/wp-content\/uploads\/2025\/10\/560491799_1363942638432793_4307938046630554836_n.jpg",350,233,false]},"author_info":{"info":["US6"]},"category_info":"<a href=\"https:\/\/veritasinfo.org\/?cat=54\" rel=\"category\">Kultur\u00eb<\/a>","tag_info":"Kultur\u00eb","comment_count":"0","_links":{"self":[{"href":"https:\/\/veritasinfo.org\/index.php?rest_route=\/wp\/v2\/posts\/16484","targetHints":{"allow":["GET"]}}],"collection":[{"href":"https:\/\/veritasinfo.org\/index.php?rest_route=\/wp\/v2\/posts"}],"about":[{"href":"https:\/\/veritasinfo.org\/index.php?rest_route=\/wp\/v2\/types\/post"}],"author":[{"embeddable":true,"href":"https:\/\/veritasinfo.org\/index.php?rest_route=\/wp\/v2\/users\/7"}],"replies":[{"embeddable":true,"href":"https:\/\/veritasinfo.org\/index.php?rest_route=%2Fwp%2Fv2%2Fcomments&post=16484"}],"version-history":[{"count":1,"href":"https:\/\/veritasinfo.org\/index.php?rest_route=\/wp\/v2\/posts\/16484\/revisions"}],"predecessor-version":[{"id":16486,"href":"https:\/\/veritasinfo.org\/index.php?rest_route=\/wp\/v2\/posts\/16484\/revisions\/16486"}],"wp:featuredmedia":[{"embeddable":true,"href":"https:\/\/veritasinfo.org\/index.php?rest_route=\/wp\/v2\/media\/16485"}],"wp:attachment":[{"href":"https:\/\/veritasinfo.org\/index.php?rest_route=%2Fwp%2Fv2%2Fmedia&parent=16484"}],"wp:term":[{"taxonomy":"category","embeddable":true,"href":"https:\/\/veritasinfo.org\/index.php?rest_route=%2Fwp%2Fv2%2Fcategories&post=16484"},{"taxonomy":"post_tag","embeddable":true,"href":"https:\/\/veritasinfo.org\/index.php?rest_route=%2Fwp%2Fv2%2Ftags&post=16484"}],"curies":[{"name":"wp","href":"https:\/\/api.w.org\/{rel}","templated":true}]}}