{"id":16477,"date":"2025-10-16T10:49:15","date_gmt":"2025-10-16T08:49:15","guid":{"rendered":"https:\/\/veritasinfo.org\/?p=16477"},"modified":"2025-10-16T10:49:15","modified_gmt":"2025-10-16T08:49:15","slug":"osmani-e-ardhmja-e-kosoves-po-shkruhet-nga-te-rinjte-dhe-inovatoret-tane","status":"publish","type":"post","link":"https:\/\/veritasinfo.org\/?p=16477","title":{"rendered":"Osmani: E ardhmja e Kosov\u00ebs po shkruhet nga t\u00eb rinjt\u00eb dhe inovator\u00ebt tan\u00eb"},"content":{"rendered":"<p>Prishtin\u00eb 16 Tetor 2025<\/p>\n<p>N\u00eb Prishtin\u00eb \u00ebsht\u00eb mbajtur konferenca nd\u00ebrkomb\u00ebtare \u201cExpand to US + AI Conference 2025\u201d, ku jan\u00eb bashkuar lider\u00eb institucional\u00eb, p\u00ebrfaq\u00ebsues t\u00eb komunave, ekspert\u00eb t\u00eb teknologjis\u00eb dhe p\u00ebrfaq\u00ebsues t\u00eb \u201cCreative Hub\u201d p\u00ebr t\u00eb diskutuar mbi zhvillimin e inteligjenc\u00ebs artificiale dhe mund\u00ebsit\u00eb e bashk\u00ebpunimit mes Kosov\u00ebs dhe Shteteve t\u00eb Bashkuara t\u00eb Amerik\u00ebs, raporton Ekonomia Online.<\/p>\n<p>Presidentja e Republik\u00ebs s\u00eb Kosov\u00ebs, Vjosa Osmani, tha se suksesi i Kosov\u00ebs n\u00eb sektorin e teknologjis\u00eb dhe inovacionit \u00ebsht\u00eb merit\u00eb e nj\u00eb brezi q\u00eb ka refuzuar kufizimet dhe ka besuar n\u00eb guximin p\u00ebr t\u00eb nd\u00ebrtuar t\u00eb ardhmen.<\/p>\n<p>\u201cSukseset e Kosov\u00ebs n\u00eb sektorin e teknologjis\u00eb dhe inovacionit jan\u00eb rezultat i nj\u00eb gjenerate q\u00eb ka refuzuar t\u00eb p\u00ebrcaktohet nga kufizimet. Nj\u00eb gjenerate q\u00eb e ka par\u00eb teknologjin\u00eb si nj\u00eb m\u00ebnyr\u00eb p\u00ebr t\u00eb hapur dyer q\u00eb dikur ishin t\u00eb mbyllura p\u00ebr ne. Nj\u00eb gjenerate q\u00eb e ka kuptuar se e ardhmja do t\u2019u p\u00ebrkas\u00eb jo vet\u00ebm atyre q\u00eb jan\u00eb m\u00eb t\u00eb m\u00ebdhenjt\u00eb dhe m\u00eb t\u00eb fuqishmit, por edhe atyre q\u00eb jan\u00eb m\u00eb t\u00eb guximshmit\u201d, tha Osmani.<\/p>\n<p>Ajo theksoi se t\u00eb rinjt\u00eb e Kosov\u00ebs po d\u00ebshmojn\u00eb \u00e7do dit\u00eb se vendi mund t\u00eb konkurroj\u00eb n\u00eb sken\u00ebn nd\u00ebrkomb\u00ebtare.<\/p>\n<p>\u201cN\u00eb \u00e7do startup, n\u00eb \u00e7do nism\u00eb e ide t\u00eb themeluar, t\u00eb rinjt\u00eb tan\u00eb po d\u00ebshmojn\u00eb se Kosova mund t\u00eb konkurroj\u00eb dhe t\u00eb udh\u00ebheq\u00eb n\u00eb sken\u00ebn bot\u00ebrore. Fokusi i konferenc\u00ebs s\u00eb sotme, q\u00eb \u00ebsht\u00eb Inteligjenca Artificiale, nuk mund t\u00eb ishte m\u00eb i q\u00eblluar. Ajo po transformon \u00e7do fush\u00eb t\u00eb jet\u00ebs dhe \u00e7do aspekt t\u00eb shoq\u00ebrive tona \u2013 nga sh\u00ebndet\u00ebsia te arsimi, nga sh\u00ebrbimet publike e deri te siguria. Megjithat\u00eb, ajo q\u00eb ka m\u00eb shum\u00eb r\u00ebnd\u00ebsi \u00ebsht\u00eb m\u00ebnyra se si zgjedhim ta p\u00ebrdorim at\u00eb \u2013 n\u00ebse e lejojm\u00eb t\u00eb na fuqizoj\u00eb dhe n\u00ebse e p\u00ebrdorim p\u00ebr t\u2019i ngritur njer\u00ebzit, e jo p\u00ebr t\u2019i z\u00ebvend\u00ebsuar ata.\u00a0 Vizioni yn\u00eb ka qen\u00eb gjithmon\u00eb i qart\u00eb: duam teknologji q\u00eb pasqyron vlerat tona. Duam inovacion q\u00eb krijon mund\u00ebsi, jo pabarazi\u201d, tha ajo.<\/p>\n<p>Presidentja shtoi se Kosova ka potencialin njer\u00ebzor p\u00ebr t\u00eb qen\u00eb pjes\u00eb e sken\u00ebs globale t\u00eb inovacionit.<\/p>\n<p>\u201cKjo \u00ebsht\u00eb nj\u00eb tjet\u00ebr d\u00ebshmi se idet\u00eb, inovacioni dhe njer\u00ebzit e Kosov\u00ebs jan\u00eb gati t\u00eb konkurrojn\u00eb dhe t\u00eb kontribuojn\u00eb n\u00eb sken\u00ebn globale. Un\u00eb gjithmon\u00eb kam besuar se burimi yn\u00eb m\u00eb i madh natyror nuk gjendet n\u00ebn tok\u00eb, por n\u00eb potencialin e njer\u00ebzve tan\u00eb. Forca e Kosov\u00ebs q\u00ebndron n\u00eb kreativitetin, q\u00ebndres\u00ebn dhe mbi t\u00eb gjitha n\u00eb rinin\u00eb e saj. Ne jemi nj\u00eb komb \u00ebnd\u00ebrrimtar\u00ebsh q\u00eb i kthejm\u00eb sfidat n\u00eb mund\u00ebsi; nj\u00eb komb inxhinier\u00ebsh, shkenc\u00ebtar\u00ebsh dhe sip\u00ebrmarr\u00ebsish q\u00eb kan\u00eb filluar me pak m\u00eb shum\u00eb se nj\u00eb laptop, me nj\u00eb vizion dhe me nj\u00eb vendosm\u00ebri p\u00ebr t\u00eb b\u00ebr\u00eb ndryshim. K\u00ebta t\u00eb rinj sip\u00ebrmarr\u00ebs po e rishkruajn\u00eb dometh\u00ebnien e t\u00eb qenit nga Kosova. Ata po i tregojn\u00eb bot\u00ebs se e ardhmja jon\u00eb nuk do t\u00eb shkruhet vet\u00ebm nga t\u00eb tjer\u00ebt \u2014 ajo do t\u00eb shkruhet nga ne\u201d, tha Osmani.<\/p>\n<p>Nd\u00ebrsa drejtoresha e \u201cCreative Hub Kosova\u201d, Arijana Koskarova, tha se q\u00ebllimi i tyre \u00ebsht\u00eb q\u00eb t\u00eb rinjt\u00eb e Kosov\u00ebs t\u00eb ken\u00eb qasje n\u00eb arsim amerikan dhe n\u00eb mund\u00ebsi nd\u00ebrkomb\u00ebtare.<\/p>\n<p>\u201cCreative Hub u themelua mbi nj\u00eb besim t\u00eb vet\u00ebm: talenti q\u00eb kemi n\u00eb Kosov\u00eb \u00ebsht\u00eb i barabart\u00eb me talentin kudo n\u00eb bot\u00eb. Megjithat\u00eb, \u00e7far\u00eb i duhet talentit ton\u00eb? T\u00eb rinjt\u00eb tan\u00eb kan\u00eb nevoj\u00eb p\u00ebr aft\u00ebsi, p\u00ebr lidhje dhe p\u00ebr mund\u00ebsi. Dhe pik\u00ebrisht k\u00ebt\u00eb p\u00ebrfaq\u00ebson kjo konferenc\u00eb\u201d, tha Koskarova.<\/p>\n<p>Ajo b\u00ebri t\u00eb ditur se n\u00eb vitin 2024, \u201cCreative Hub\u201d \u00ebsht\u00eb b\u00ebr\u00eb akademia e par\u00eb ballkanike e akredituar nga Departamenti Amerikan i Arsimit p\u00ebr l\u00ebshimin e diplomave amerikane edhe p\u00ebr student\u00ebt n\u00eb Kosov\u00eb.<\/p>\n<p>\u201cN\u00eb vitin 2024 arrit\u00ebm nj\u00eb pik\u00eb shum\u00eb t\u00eb r\u00ebnd\u00ebsishme: u b\u00ebm\u00eb akademia e par\u00eb ballkanike e akredituar nga Departamenti Amerikan i Arsimit p\u00ebr t\u00eb l\u00ebshuar diploma amerikane, jo vet\u00ebm p\u00ebr student\u00ebt tan\u00eb n\u00eb SHBA, por edhe p\u00ebr student\u00ebt tan\u00eb n\u00eb Kosov\u00eb. Dhe k\u00ebto diploma amerikane mund t\u00eb l\u00ebshohen edhe n\u00ebse programi ndiqet n\u00eb gjuh\u00ebn shqipe apo n\u00eb gjuh\u00ebn angleze. K\u00ebshtu arrit\u00ebm ta vendosim gjuh\u00ebn shqipe n\u00eb nivel t\u00eb barabart\u00eb me gjuh\u00ebn angleze\u201d, tha ajo.<\/p>\n<p>Koskarova njoftoi gjithashtu p\u00ebr nj\u00eb nism\u00eb t\u00eb re q\u00eb synon t\u00eb mb\u00ebshtes\u00eb t\u00eb rinjt\u00eb kosovar\u00eb p\u00ebrmes bursave n\u00eb fush\u00ebn e inteligjenc\u00ebs artificiale.<\/p>\n<p>\u201cSot duam t\u00eb shpallim nj\u00eb nism\u00eb t\u00eb re q\u00eb kemi vendosur ta fillojm\u00eb \u2013 Creative Hub AI Scholarship Fund. Nj\u00eb iniciativ\u00eb p\u00ebr t\u00eb mbledhur 100,000 euro p\u00ebr t\u00eb mb\u00ebshtetur t\u00eb rinjt\u00eb n\u00eb mbar\u00eb Kosov\u00ebn q\u00eb t\u00eb fitojn\u00eb arsim t\u00eb akredituar amerikan dhe aft\u00ebsi n\u00eb fush\u00ebn e inteligjenc\u00ebs artificiale. Ne po fillojm\u00eb me kontributin ton\u00eb prej 10,000 eurosh. Megjithat\u00eb, e dim\u00eb q\u00eb nuk mund ta b\u00ebjm\u00eb k\u00ebt\u00eb vet\u00ebm. Na duhet mb\u00ebshtetja e qeveris\u00eb, e partner\u00ebve tan\u00eb, dhe e pun\u00ebdh\u00ebn\u00ebsve \u2013 qoft\u00eb p\u00ebr t\u00eb kontribuar n\u00eb fond, apo p\u00ebr t\u00eb ofruar mentoring, praktik\u00eb pune apo pun\u00ebsim\u201d, tha ajo.<\/p>\n<p>Kryetari i Prishtin\u00ebs, P\u00ebrparim Rama, foli p\u00ebr transformimin digjital t\u00eb kryeqytetit dhe investimet n\u00eb inteligjenc\u00ebn artificiale.<\/p>\n<p>\u201cSa i p\u00ebrket inteligjenc\u00ebs artificiale, ne kemi qen\u00eb q\u00eb n\u00eb fillim nd\u00ebr ata q\u00eb kan\u00eb shtyr\u00eb p\u00ebrpara zhvillimin n\u00eb k\u00ebt\u00eb fush\u00eb. Para tre vjet\u00ebsh thoja se brenda shtat\u00eb vjet\u00ebve, AI do t\u00eb marr\u00eb n\u00ebn kontroll jet\u00ebn ton\u00eb dhe m\u00ebnyr\u00ebn si b\u00ebjm\u00eb \u00e7do gj\u00eb. Pastaj, para dy vjet\u00ebsh, thash\u00eb: n\u00eb fakt, kjo do t\u00eb ndodh\u00eb p\u00ebr tre vjet. Pra fillimisht thash\u00eb shtat\u00eb vjet, pastaj tre \u2014 dhe sot, si\u00e7 e shihni, tashm\u00eb jemi n\u00eb mes t\u00eb k\u00ebsaj\u201d, tha ai.<\/p>\n<p>\u201cJam i lumtur t\u00eb them se n\u00eb Prishtin\u00eb kemi shtyr\u00eb p\u00ebrpara me proceset p\u00ebr ta kapur dhe shfryt\u00ebzuar k\u00ebt\u00eb val\u00eb t\u00eb revolucionit t\u00eb inteligjenc\u00ebs artificiale, jo vet\u00ebm k\u00ebtu, por edhe globalisht. Ajo q\u00eb ka b\u00ebr\u00eb Prishtina \u00ebsht\u00eb se kemi investuar shum\u00eb p\u00ebr ta shnd\u00ebrruar qytetin ton\u00eb n\u00eb qytet t\u00eb men\u00e7ur (smart city). Ndoshta jemi qyteti i par\u00eb n\u00eb rajon, ndoshta edhe nj\u00ebri nga t\u00eb par\u00ebt n\u00eb Evrop\u00eb, q\u00eb tashm\u00eb kemi infrastruktur\u00ebn p\u00ebr nj\u00eb qytet t\u00eb men\u00e7ur\u201d, shtoi Rama.<\/p>\n<p>Ai theksoi se p\u00ebrmes sistemit t\u00eb ri t\u00eb sensor\u00ebve dhe infrastruktur\u00ebs digjitale, Prishtina tashm\u00eb po mbledh t\u00eb dh\u00ebna p\u00ebr menaxhimin m\u00eb t\u00eb mir\u00eb t\u00eb trafikut, mbeturinave dhe arsimit.<\/p>\n<p>\u201cSi rezultat, tani mund t\u00eb monitorojm\u00eb qarkullimin e trafikut, semafor\u00ebt dhe menaxhimin e mbeturinave. Madje kemi instaluar edhe sensor\u00eb n\u00eb kapak\u00ebt e pusetave, p\u00ebr t\u00eb parandaluar vjedhjen e tyre \u2014 dhe k\u00ebta sensor\u00eb sinjalizojn\u00eb n\u00ebse ato l\u00ebvizin. K\u00ebshtu q\u00eb ky sistem po ndihmon qytetin ton\u00eb t\u00eb mbledh\u00eb nj\u00eb sasi t\u00eb madhe t\u00eb dh\u00ebnash, p\u00ebr t\u00eb planifikuar m\u00eb pas n\u00eb baz\u00eb t\u00eb t\u00eb dh\u00ebnave reale. Nj\u00eb tjet\u00ebr aspekt ku kemi investuar \u00ebsht\u00eb transformimi i sistemit arsimor. Tani kemi nj\u00eb kurrikul\u00eb digjitale p\u00ebr \u00e7do nx\u00ebn\u00ebs, n\u00eb \u00e7do klas\u00eb, me tableta inteligjente (smart boards) n\u00eb \u00e7do shkoll\u00eb. Po ashtu, po punojm\u00eb p\u00ebr t\u00eb integruar AI n\u00eb \u00e7do llogari nx\u00ebn\u00ebsi, n\u00eb m\u00ebnyr\u00eb q\u00eb t\u00eb ndihmoj\u00eb procesin e t\u00eb nx\u00ebnit\u201d, tha Rama.<\/p>\n<p>Nd\u00ebrsa kryetari i Prizrenit, Shaqir Totaj, tha se inteligjenca artificiale tashm\u00eb \u00ebsht\u00eb pjes\u00eb e funksionimit t\u00eb p\u00ebrditsh\u00ebm t\u00eb qeverisjes lokale n\u00eb qytetin e tij.<\/p>\n<p>\u201cN\u00eb Prizren, ne nuk e shohim inteligjenc\u00ebn artificiale si di\u00e7ka futuriste apo t\u00eb larg\u00ebt, por si nj\u00eb mjet q\u00eb tashm\u00eb po e ndryshon m\u00ebnyr\u00ebn se si funksionon qeverisja lokale dhe m\u00ebnyr\u00ebn se si u sh\u00ebrbejm\u00eb qytetar\u00ebve tan\u00eb. Kur flasim p\u00ebr AI, njer\u00ebzit shpesh imagjinojn\u00eb robot\u00eb, automatizim apo algoritme komplekse. Por p\u00ebr ne, AI \u00ebsht\u00eb para s\u00eb gjithash p\u00ebr njer\u00ebzit. \u00cbsht\u00eb p\u00ebr ta b\u00ebr\u00eb qeverisjen m\u00eb njer\u00ebzore, m\u00eb efikase dhe m\u00eb transparente\u201d, tha Totaj.<\/p>\n<p>Ai theksoi se digjitalizimi \u00ebsht\u00eb b\u00ebr\u00eb prioritet politik dhe administrativ n\u00eb Prizren, dhe rezultatet tashm\u00eb jan\u00eb t\u00eb dukshme.<\/p>\n<p>\u201cGjat\u00eb viteve t\u00eb fundit, ne kemi punuar p\u00ebr ta integruar inteligjenc\u00ebn artificiale dhe transformimin digjital n\u00eb strategjit\u00eb tona komunale. Digjitalizimin e kemi b\u00ebr\u00eb prioritet politik dhe administrativ, jo vet\u00ebm nj\u00eb projekt an\u00ebsor. Dhe tashm\u00eb po fillojm\u00eb t\u00eb shohim rezultate t\u00eb prekshme dhe reale. Duke folur p\u00ebr nj\u00eb nism\u00eb t\u00eb re brenda ekipit tim \u2014 nj\u00eb pjes\u00eb e ekipit \u00ebsht\u00eb k\u00ebtu sot \u2014 sepse besojm\u00eb se qasja praktike \u00ebsht\u00eb gjithmon\u00eb m\u00ebnyra m\u00eb e mir\u00eb p\u00ebr t\u2019i b\u00ebr\u00eb gj\u00ebrat. Dhe, le ta themi hapur: AI nuk \u00ebsht\u00eb e ardhmja \u2014 ajo tashm\u00eb ka filluar. \u00cbsht\u00eb pjes\u00eb e zhvillimeve aktuale\u201d, tha Totaj.<\/p>\n","protected":false},"excerpt":{"rendered":"<p>Prishtin\u00eb 16 Tetor 2025 N\u00eb Prishtin\u00eb \u00ebsht\u00eb mbajtur konferenca nd\u00ebrkomb\u00ebtare \u201cExpand to US + AI Conference 2025\u201d, ku jan\u00eb bashkuar lider\u00eb institucional\u00eb, p\u00ebrfaq\u00ebsues t\u00eb komunave,<\/p>\n","protected":false},"author":6,"featured_media":16535,"comment_status":"open","ping_status":"open","sticky":false,"template":"","format":"standard","meta":{"footnotes":""},"categories":[60],"tags":[],"class_list":["post-16477","post","type-post","status-publish","format-standard","has-post-thumbnail","hentry","category-shoqerore-sq"],"yoast_head":"<!-- This site is optimized with the Yoast SEO plugin v25.3.1 - https:\/\/yoast.com\/wordpress\/plugins\/seo\/ -->\n<title>Osmani: E ardhmja e Kosov\u00ebs po shkruhet nga t\u00eb rinjt\u00eb dhe inovator\u00ebt tan\u00eb -<\/title>\n<meta name=\"robots\" content=\"index, follow, max-snippet:-1, max-image-preview:large, max-video-preview:-1\" \/>\n<link rel=\"canonical\" href=\"https:\/\/veritasinfo.org\/?p=16477\" \/>\n<meta property=\"og:locale\" content=\"en_US\" \/>\n<meta property=\"og:type\" content=\"article\" \/>\n<meta property=\"og:title\" content=\"Osmani: E ardhmja e Kosov\u00ebs po shkruhet nga t\u00eb rinjt\u00eb dhe inovator\u00ebt tan\u00eb -\" \/>\n<meta property=\"og:description\" content=\"Prishtin\u00eb 16 Tetor 2025 N\u00eb Prishtin\u00eb \u00ebsht\u00eb mbajtur konferenca nd\u00ebrkomb\u00ebtare \u201cExpand to US + AI Conference 2025\u201d, ku jan\u00eb bashkuar lider\u00eb institucional\u00eb, p\u00ebrfaq\u00ebsues t\u00eb komunave,\" \/>\n<meta property=\"og:url\" content=\"https:\/\/veritasinfo.org\/?p=16477\" \/>\n<meta property=\"article:published_time\" content=\"2025-10-16T08:49:15+00:00\" \/>\n<meta property=\"og:image\" content=\"https:\/\/veritasinfo.org\/wp-content\/uploads\/2025\/10\/vjosa-osmani-1-1333x1000-1.jpg\" \/>\n\t<meta property=\"og:image:width\" content=\"1333\" \/>\n\t<meta property=\"og:image:height\" content=\"1000\" \/>\n\t<meta property=\"og:image:type\" content=\"image\/jpeg\" \/>\n<meta name=\"author\" content=\"US5\" \/>\n<meta name=\"twitter:card\" content=\"summary_large_image\" \/>\n<meta name=\"twitter:label1\" content=\"Written by\" \/>\n\t<meta name=\"twitter:data1\" content=\"US5\" \/>\n\t<meta name=\"twitter:label2\" content=\"Est. reading time\" \/>\n\t<meta name=\"twitter:data2\" content=\"6 minutes\" \/>\n<script type=\"application\/ld+json\" class=\"yoast-schema-graph\">{\"@context\":\"https:\/\/schema.org\",\"@graph\":[{\"@type\":\"WebPage\",\"@id\":\"https:\/\/veritasinfo.org\/?p=16477\",\"url\":\"https:\/\/veritasinfo.org\/?p=16477\",\"name\":\"Osmani: E ardhmja e Kosov\u00ebs po shkruhet nga t\u00eb rinjt\u00eb dhe inovator\u00ebt tan\u00eb -\",\"isPartOf\":{\"@id\":\"https:\/\/veritasinfo.org\/#website\"},\"primaryImageOfPage\":{\"@id\":\"https:\/\/veritasinfo.org\/?p=16477#primaryimage\"},\"image\":{\"@id\":\"https:\/\/veritasinfo.org\/?p=16477#primaryimage\"},\"thumbnailUrl\":\"https:\/\/veritasinfo.org\/wp-content\/uploads\/2025\/10\/vjosa-osmani-1-1333x1000-1.jpg\",\"datePublished\":\"2025-10-16T08:49:15+00:00\",\"author\":{\"@id\":\"https:\/\/veritasinfo.org\/#\/schema\/person\/bc442336e35414d04494ab8fb45db4c6\"},\"breadcrumb\":{\"@id\":\"https:\/\/veritasinfo.org\/?p=16477#breadcrumb\"},\"inLanguage\":\"en-US\",\"potentialAction\":[{\"@type\":\"ReadAction\",\"target\":[\"https:\/\/veritasinfo.org\/?p=16477\"]}]},{\"@type\":\"ImageObject\",\"inLanguage\":\"en-US\",\"@id\":\"https:\/\/veritasinfo.org\/?p=16477#primaryimage\",\"url\":\"https:\/\/veritasinfo.org\/wp-content\/uploads\/2025\/10\/vjosa-osmani-1-1333x1000-1.jpg\",\"contentUrl\":\"https:\/\/veritasinfo.org\/wp-content\/uploads\/2025\/10\/vjosa-osmani-1-1333x1000-1.jpg\",\"width\":1333,\"height\":1000},{\"@type\":\"BreadcrumbList\",\"@id\":\"https:\/\/veritasinfo.org\/?p=16477#breadcrumb\",\"itemListElement\":[{\"@type\":\"ListItem\",\"position\":1,\"name\":\"Home\",\"item\":\"https:\/\/veritasinfo.org\/\"},{\"@type\":\"ListItem\",\"position\":2,\"name\":\"Osmani: E ardhmja e Kosov\u00ebs po shkruhet nga t\u00eb rinjt\u00eb dhe inovator\u00ebt tan\u00eb\"}]},{\"@type\":\"WebSite\",\"@id\":\"https:\/\/veritasinfo.org\/#website\",\"url\":\"https:\/\/veritasinfo.org\/\",\"name\":\"\",\"description\":\"\",\"potentialAction\":[{\"@type\":\"SearchAction\",\"target\":{\"@type\":\"EntryPoint\",\"urlTemplate\":\"https:\/\/veritasinfo.org\/?s={search_term_string}\"},\"query-input\":{\"@type\":\"PropertyValueSpecification\",\"valueRequired\":true,\"valueName\":\"search_term_string\"}}],\"inLanguage\":\"en-US\"},{\"@type\":\"Person\",\"@id\":\"https:\/\/veritasinfo.org\/#\/schema\/person\/bc442336e35414d04494ab8fb45db4c6\",\"name\":\"US5\",\"image\":{\"@type\":\"ImageObject\",\"inLanguage\":\"en-US\",\"@id\":\"https:\/\/veritasinfo.org\/#\/schema\/person\/image\/\",\"url\":\"https:\/\/secure.gravatar.com\/avatar\/16a61e7272a0c5d001121ebb9e60e925d5816e4ac1e443ed3e640d9a6ae55d0c?s=96&d=mm&r=g\",\"contentUrl\":\"https:\/\/secure.gravatar.com\/avatar\/16a61e7272a0c5d001121ebb9e60e925d5816e4ac1e443ed3e640d9a6ae55d0c?s=96&d=mm&r=g\",\"caption\":\"US5\"},\"url\":\"https:\/\/veritasinfo.org\/?author=6\"}]}<\/script>\n<!-- \/ Yoast SEO plugin. -->","yoast_head_json":{"title":"Osmani: E ardhmja e Kosov\u00ebs po shkruhet nga t\u00eb rinjt\u00eb dhe inovator\u00ebt tan\u00eb -","robots":{"index":"index","follow":"follow","max-snippet":"max-snippet:-1","max-image-preview":"max-image-preview:large","max-video-preview":"max-video-preview:-1"},"canonical":"https:\/\/veritasinfo.org\/?p=16477","og_locale":"en_US","og_type":"article","og_title":"Osmani: E ardhmja e Kosov\u00ebs po shkruhet nga t\u00eb rinjt\u00eb dhe inovator\u00ebt tan\u00eb -","og_description":"Prishtin\u00eb 16 Tetor 2025 N\u00eb Prishtin\u00eb \u00ebsht\u00eb mbajtur konferenca nd\u00ebrkomb\u00ebtare \u201cExpand to US + AI Conference 2025\u201d, ku jan\u00eb bashkuar lider\u00eb institucional\u00eb, p\u00ebrfaq\u00ebsues t\u00eb komunave,","og_url":"https:\/\/veritasinfo.org\/?p=16477","article_published_time":"2025-10-16T08:49:15+00:00","og_image":[{"width":1333,"height":1000,"url":"https:\/\/veritasinfo.org\/wp-content\/uploads\/2025\/10\/vjosa-osmani-1-1333x1000-1.jpg","type":"image\/jpeg"}],"author":"US5","twitter_card":"summary_large_image","twitter_misc":{"Written by":"US5","Est. reading time":"6 minutes"},"schema":{"@context":"https:\/\/schema.org","@graph":[{"@type":"WebPage","@id":"https:\/\/veritasinfo.org\/?p=16477","url":"https:\/\/veritasinfo.org\/?p=16477","name":"Osmani: E ardhmja e Kosov\u00ebs po shkruhet nga t\u00eb rinjt\u00eb dhe inovator\u00ebt tan\u00eb -","isPartOf":{"@id":"https:\/\/veritasinfo.org\/#website"},"primaryImageOfPage":{"@id":"https:\/\/veritasinfo.org\/?p=16477#primaryimage"},"image":{"@id":"https:\/\/veritasinfo.org\/?p=16477#primaryimage"},"thumbnailUrl":"https:\/\/veritasinfo.org\/wp-content\/uploads\/2025\/10\/vjosa-osmani-1-1333x1000-1.jpg","datePublished":"2025-10-16T08:49:15+00:00","author":{"@id":"https:\/\/veritasinfo.org\/#\/schema\/person\/bc442336e35414d04494ab8fb45db4c6"},"breadcrumb":{"@id":"https:\/\/veritasinfo.org\/?p=16477#breadcrumb"},"inLanguage":"en-US","potentialAction":[{"@type":"ReadAction","target":["https:\/\/veritasinfo.org\/?p=16477"]}]},{"@type":"ImageObject","inLanguage":"en-US","@id":"https:\/\/veritasinfo.org\/?p=16477#primaryimage","url":"https:\/\/veritasinfo.org\/wp-content\/uploads\/2025\/10\/vjosa-osmani-1-1333x1000-1.jpg","contentUrl":"https:\/\/veritasinfo.org\/wp-content\/uploads\/2025\/10\/vjosa-osmani-1-1333x1000-1.jpg","width":1333,"height":1000},{"@type":"BreadcrumbList","@id":"https:\/\/veritasinfo.org\/?p=16477#breadcrumb","itemListElement":[{"@type":"ListItem","position":1,"name":"Home","item":"https:\/\/veritasinfo.org\/"},{"@type":"ListItem","position":2,"name":"Osmani: E ardhmja e Kosov\u00ebs po shkruhet nga t\u00eb rinjt\u00eb dhe inovator\u00ebt tan\u00eb"}]},{"@type":"WebSite","@id":"https:\/\/veritasinfo.org\/#website","url":"https:\/\/veritasinfo.org\/","name":"","description":"","potentialAction":[{"@type":"SearchAction","target":{"@type":"EntryPoint","urlTemplate":"https:\/\/veritasinfo.org\/?s={search_term_string}"},"query-input":{"@type":"PropertyValueSpecification","valueRequired":true,"valueName":"search_term_string"}}],"inLanguage":"en-US"},{"@type":"Person","@id":"https:\/\/veritasinfo.org\/#\/schema\/person\/bc442336e35414d04494ab8fb45db4c6","name":"US5","image":{"@type":"ImageObject","inLanguage":"en-US","@id":"https:\/\/veritasinfo.org\/#\/schema\/person\/image\/","url":"https:\/\/secure.gravatar.com\/avatar\/16a61e7272a0c5d001121ebb9e60e925d5816e4ac1e443ed3e640d9a6ae55d0c?s=96&d=mm&r=g","contentUrl":"https:\/\/secure.gravatar.com\/avatar\/16a61e7272a0c5d001121ebb9e60e925d5816e4ac1e443ed3e640d9a6ae55d0c?s=96&d=mm&r=g","caption":"US5"},"url":"https:\/\/veritasinfo.org\/?author=6"}]}},"featured_image_urls":{"full":["https:\/\/veritasinfo.org\/wp-content\/uploads\/2025\/10\/vjosa-osmani-1-1333x1000-1.jpg",1333,1000,false],"thumbnail":["https:\/\/veritasinfo.org\/wp-content\/uploads\/2025\/10\/vjosa-osmani-1-1333x1000-1-150x150.jpg",150,150,true],"medium":["https:\/\/veritasinfo.org\/wp-content\/uploads\/2025\/10\/vjosa-osmani-1-1333x1000-1-300x225.jpg",300,225,true],"medium_large":["https:\/\/veritasinfo.org\/wp-content\/uploads\/2025\/10\/vjosa-osmani-1-1333x1000-1-768x576.jpg",640,480,true],"large":["https:\/\/veritasinfo.org\/wp-content\/uploads\/2025\/10\/vjosa-osmani-1-1333x1000-1-1024x768.jpg",640,480,true],"1536x1536":["https:\/\/veritasinfo.org\/wp-content\/uploads\/2025\/10\/vjosa-osmani-1-1333x1000-1.jpg",1333,1000,false],"2048x2048":["https:\/\/veritasinfo.org\/wp-content\/uploads\/2025\/10\/vjosa-osmani-1-1333x1000-1.jpg",1333,1000,false],"kreeti-slider-full":["https:\/\/veritasinfo.org\/wp-content\/uploads\/2025\/10\/vjosa-osmani-1-1333x1000-1.jpg",960,720,false],"kreeti-featured":["https:\/\/veritasinfo.org\/wp-content\/uploads\/2025\/10\/vjosa-osmani-1-1333x1000-1.jpg",1024,768,false],"kreeti-medium":["https:\/\/veritasinfo.org\/wp-content\/uploads\/2025\/10\/vjosa-osmani-1-1333x1000-1.jpg",706,530,false],"kreeti-medium-square":["https:\/\/veritasinfo.org\/wp-content\/uploads\/2025\/10\/vjosa-osmani-1-1333x1000-1.jpg",350,263,false]},"author_info":{"info":["US5"]},"category_info":"<a href=\"https:\/\/veritasinfo.org\/?cat=60\" rel=\"category\">Shoq\u00ebrore<\/a>","tag_info":"Shoq\u00ebrore","comment_count":"0","_links":{"self":[{"href":"https:\/\/veritasinfo.org\/index.php?rest_route=\/wp\/v2\/posts\/16477","targetHints":{"allow":["GET"]}}],"collection":[{"href":"https:\/\/veritasinfo.org\/index.php?rest_route=\/wp\/v2\/posts"}],"about":[{"href":"https:\/\/veritasinfo.org\/index.php?rest_route=\/wp\/v2\/types\/post"}],"author":[{"embeddable":true,"href":"https:\/\/veritasinfo.org\/index.php?rest_route=\/wp\/v2\/users\/6"}],"replies":[{"embeddable":true,"href":"https:\/\/veritasinfo.org\/index.php?rest_route=%2Fwp%2Fv2%2Fcomments&post=16477"}],"version-history":[{"count":1,"href":"https:\/\/veritasinfo.org\/index.php?rest_route=\/wp\/v2\/posts\/16477\/revisions"}],"predecessor-version":[{"id":16536,"href":"https:\/\/veritasinfo.org\/index.php?rest_route=\/wp\/v2\/posts\/16477\/revisions\/16536"}],"wp:featuredmedia":[{"embeddable":true,"href":"https:\/\/veritasinfo.org\/index.php?rest_route=\/wp\/v2\/media\/16535"}],"wp:attachment":[{"href":"https:\/\/veritasinfo.org\/index.php?rest_route=%2Fwp%2Fv2%2Fmedia&parent=16477"}],"wp:term":[{"taxonomy":"category","embeddable":true,"href":"https:\/\/veritasinfo.org\/index.php?rest_route=%2Fwp%2Fv2%2Fcategories&post=16477"},{"taxonomy":"post_tag","embeddable":true,"href":"https:\/\/veritasinfo.org\/index.php?rest_route=%2Fwp%2Fv2%2Ftags&post=16477"}],"curies":[{"name":"wp","href":"https:\/\/api.w.org\/{rel}","templated":true}]}}