{"id":16451,"date":"2025-10-15T17:38:46","date_gmt":"2025-10-15T15:38:46","guid":{"rendered":"https:\/\/veritasinfo.org\/?p=16451"},"modified":"2025-10-15T17:38:46","modified_gmt":"2025-10-15T15:38:46","slug":"osmani-pranon-letrat-kredenciale-nga-ambasadori-i-ri-i-gjermanise-rainer-rudolph","status":"publish","type":"post","link":"https:\/\/veritasinfo.org\/?p=16451","title":{"rendered":"Osmani pranon letrat kredenciale nga ambasadori i ri i Gjermanis\u00eb, Rainer Rudolph"},"content":{"rendered":"<p>Prishtin\u00eb 15 Tetor 2025<\/p>\n<p>Presidentja e Kosov\u00ebs, Vjosa Osmani ka pranuar sot letrat kredenciale nga ambasadori i ri i Republik\u00ebs Federale t\u00eb Gjermanis\u00eb, Rainer Rudolph.<\/p>\n<p>Osmani i ka uruar ambasadorit mir\u00ebseardhje dhe suksese n\u00eb angazhimin e tij diplomatik n\u00eb Kosov\u00eb, duke shprehur mir\u00ebnjohjen e thell\u00eb t\u00eb popullit t\u00eb Kosov\u00ebs p\u00ebr mb\u00ebshtetjen e pand\u00ebrprer\u00eb t\u00eb Gjermanis\u00eb n\u00eb t\u00eb gjitha fazat e shtetnd\u00ebrtimit dhe forcimit t\u00eb pozit\u00ebs nd\u00ebrkomb\u00ebtare t\u00eb vendit ton\u00eb.<\/p>\n<p>N\u00eb k\u00ebt\u00eb kontekst, presidentja theksoi se Gjermania ka qen\u00eb dhe mbetet nj\u00eb aleate e fuqishme e Kosov\u00ebs dhe nj\u00eb mb\u00ebshtet\u00ebse e pal\u00ebkundur n\u00eb procesin e an\u00ebtar\u00ebsimit t\u00eb Kosov\u00ebs n\u00eb Bashkimin Evropian dhe n\u00eb NATO.<\/p>\n<p>\u201cGjat\u00eb takimit, u theksua r\u00ebnd\u00ebsia e forcimit t\u00eb m\u00ebtejsh\u00ebm t\u00eb bashk\u00ebpunimit ekonomik, si dhe kontributi i \u00e7muar i m\u00ebrgat\u00ebs son\u00eb n\u00eb Gjermani, e cila p\u00ebrmes angazhimit dhe investimeve t\u00eb saj po forcon lidhjet mes dy vendeve dhe popujve tan\u00eb.Presidentja Osmani shprehu bindjen se partneriteti i ngusht\u00eb nd\u00ebrmjet dy vendeve do t\u00eb vazhdoj\u00eb t\u00eb thellohet n\u00eb fusha t\u00eb ndryshme me interes t\u00eb nd\u00ebrsjell\u00eb gjat\u00eb mandatit t\u00eb ambasadorit\u201d, thuhet n\u00eb njoftimin e Presidenc\u00ebs.<\/p>\n","protected":false},"excerpt":{"rendered":"<p>Prishtin\u00eb 15 Tetor 2025 Presidentja e Kosov\u00ebs, Vjosa Osmani ka pranuar sot letrat kredenciale nga ambasadori i ri i Republik\u00ebs Federale t\u00eb Gjermanis\u00eb, Rainer Rudolph.<\/p>\n","protected":false},"author":6,"featured_media":16452,"comment_status":"open","ping_status":"open","sticky":false,"template":"","format":"standard","meta":{"footnotes":""},"categories":[60],"tags":[],"class_list":["post-16451","post","type-post","status-publish","format-standard","has-post-thumbnail","hentry","category-shoqerore-sq"],"yoast_head":"<!-- This site is optimized with the Yoast SEO plugin v25.3.1 - https:\/\/yoast.com\/wordpress\/plugins\/seo\/ -->\n<title>Osmani pranon letrat kredenciale nga ambasadori i ri i Gjermanis\u00eb, Rainer Rudolph -<\/title>\n<meta name=\"robots\" content=\"index, follow, max-snippet:-1, max-image-preview:large, max-video-preview:-1\" \/>\n<link rel=\"canonical\" href=\"https:\/\/veritasinfo.org\/?p=16451\" \/>\n<meta property=\"og:locale\" content=\"en_US\" \/>\n<meta property=\"og:type\" content=\"article\" \/>\n<meta property=\"og:title\" content=\"Osmani pranon letrat kredenciale nga ambasadori i ri i Gjermanis\u00eb, Rainer Rudolph -\" \/>\n<meta property=\"og:description\" content=\"Prishtin\u00eb 15 Tetor 2025 Presidentja e Kosov\u00ebs, Vjosa Osmani ka pranuar sot letrat kredenciale nga ambasadori i ri i Republik\u00ebs Federale t\u00eb Gjermanis\u00eb, Rainer Rudolph.\" \/>\n<meta property=\"og:url\" content=\"https:\/\/veritasinfo.org\/?p=16451\" \/>\n<meta property=\"article:published_time\" content=\"2025-10-15T15:38:46+00:00\" \/>\n<meta property=\"og:image\" content=\"https:\/\/veritasinfo.org\/wp-content\/uploads\/2025\/10\/IMG-20251015-WA0003.jpg\" \/>\n\t<meta property=\"og:image:width\" content=\"750\" \/>\n\t<meta property=\"og:image:height\" content=\"375\" \/>\n\t<meta property=\"og:image:type\" content=\"image\/jpeg\" \/>\n<meta name=\"author\" content=\"US5\" \/>\n<meta name=\"twitter:card\" content=\"summary_large_image\" \/>\n<meta name=\"twitter:label1\" content=\"Written by\" \/>\n\t<meta name=\"twitter:data1\" content=\"US5\" \/>\n\t<meta name=\"twitter:label2\" content=\"Est. reading time\" \/>\n\t<meta name=\"twitter:data2\" content=\"1 minute\" \/>\n<script type=\"application\/ld+json\" class=\"yoast-schema-graph\">{\"@context\":\"https:\/\/schema.org\",\"@graph\":[{\"@type\":\"WebPage\",\"@id\":\"https:\/\/veritasinfo.org\/?p=16451\",\"url\":\"https:\/\/veritasinfo.org\/?p=16451\",\"name\":\"Osmani pranon letrat kredenciale nga ambasadori i ri i Gjermanis\u00eb, Rainer Rudolph -\",\"isPartOf\":{\"@id\":\"https:\/\/veritasinfo.org\/#website\"},\"primaryImageOfPage\":{\"@id\":\"https:\/\/veritasinfo.org\/?p=16451#primaryimage\"},\"image\":{\"@id\":\"https:\/\/veritasinfo.org\/?p=16451#primaryimage\"},\"thumbnailUrl\":\"https:\/\/veritasinfo.org\/wp-content\/uploads\/2025\/10\/IMG-20251015-WA0003.jpg\",\"datePublished\":\"2025-10-15T15:38:46+00:00\",\"author\":{\"@id\":\"https:\/\/veritasinfo.org\/#\/schema\/person\/bc442336e35414d04494ab8fb45db4c6\"},\"breadcrumb\":{\"@id\":\"https:\/\/veritasinfo.org\/?p=16451#breadcrumb\"},\"inLanguage\":\"en-US\",\"potentialAction\":[{\"@type\":\"ReadAction\",\"target\":[\"https:\/\/veritasinfo.org\/?p=16451\"]}]},{\"@type\":\"ImageObject\",\"inLanguage\":\"en-US\",\"@id\":\"https:\/\/veritasinfo.org\/?p=16451#primaryimage\",\"url\":\"https:\/\/veritasinfo.org\/wp-content\/uploads\/2025\/10\/IMG-20251015-WA0003.jpg\",\"contentUrl\":\"https:\/\/veritasinfo.org\/wp-content\/uploads\/2025\/10\/IMG-20251015-WA0003.jpg\",\"width\":750,\"height\":375},{\"@type\":\"BreadcrumbList\",\"@id\":\"https:\/\/veritasinfo.org\/?p=16451#breadcrumb\",\"itemListElement\":[{\"@type\":\"ListItem\",\"position\":1,\"name\":\"Home\",\"item\":\"https:\/\/veritasinfo.org\/\"},{\"@type\":\"ListItem\",\"position\":2,\"name\":\"Osmani pranon letrat kredenciale nga ambasadori i ri i Gjermanis\u00eb, Rainer Rudolph\"}]},{\"@type\":\"WebSite\",\"@id\":\"https:\/\/veritasinfo.org\/#website\",\"url\":\"https:\/\/veritasinfo.org\/\",\"name\":\"\",\"description\":\"\",\"potentialAction\":[{\"@type\":\"SearchAction\",\"target\":{\"@type\":\"EntryPoint\",\"urlTemplate\":\"https:\/\/veritasinfo.org\/?s={search_term_string}\"},\"query-input\":{\"@type\":\"PropertyValueSpecification\",\"valueRequired\":true,\"valueName\":\"search_term_string\"}}],\"inLanguage\":\"en-US\"},{\"@type\":\"Person\",\"@id\":\"https:\/\/veritasinfo.org\/#\/schema\/person\/bc442336e35414d04494ab8fb45db4c6\",\"name\":\"US5\",\"image\":{\"@type\":\"ImageObject\",\"inLanguage\":\"en-US\",\"@id\":\"https:\/\/veritasinfo.org\/#\/schema\/person\/image\/\",\"url\":\"https:\/\/secure.gravatar.com\/avatar\/16a61e7272a0c5d001121ebb9e60e925d5816e4ac1e443ed3e640d9a6ae55d0c?s=96&d=mm&r=g\",\"contentUrl\":\"https:\/\/secure.gravatar.com\/avatar\/16a61e7272a0c5d001121ebb9e60e925d5816e4ac1e443ed3e640d9a6ae55d0c?s=96&d=mm&r=g\",\"caption\":\"US5\"},\"url\":\"https:\/\/veritasinfo.org\/?author=6\"}]}<\/script>\n<!-- \/ Yoast SEO plugin. -->","yoast_head_json":{"title":"Osmani pranon letrat kredenciale nga ambasadori i ri i Gjermanis\u00eb, Rainer Rudolph -","robots":{"index":"index","follow":"follow","max-snippet":"max-snippet:-1","max-image-preview":"max-image-preview:large","max-video-preview":"max-video-preview:-1"},"canonical":"https:\/\/veritasinfo.org\/?p=16451","og_locale":"en_US","og_type":"article","og_title":"Osmani pranon letrat kredenciale nga ambasadori i ri i Gjermanis\u00eb, Rainer Rudolph -","og_description":"Prishtin\u00eb 15 Tetor 2025 Presidentja e Kosov\u00ebs, Vjosa Osmani ka pranuar sot letrat kredenciale nga ambasadori i ri i Republik\u00ebs Federale t\u00eb Gjermanis\u00eb, Rainer Rudolph.","og_url":"https:\/\/veritasinfo.org\/?p=16451","article_published_time":"2025-10-15T15:38:46+00:00","og_image":[{"width":750,"height":375,"url":"https:\/\/veritasinfo.org\/wp-content\/uploads\/2025\/10\/IMG-20251015-WA0003.jpg","type":"image\/jpeg"}],"author":"US5","twitter_card":"summary_large_image","twitter_misc":{"Written by":"US5","Est. reading time":"1 minute"},"schema":{"@context":"https:\/\/schema.org","@graph":[{"@type":"WebPage","@id":"https:\/\/veritasinfo.org\/?p=16451","url":"https:\/\/veritasinfo.org\/?p=16451","name":"Osmani pranon letrat kredenciale nga ambasadori i ri i Gjermanis\u00eb, Rainer Rudolph -","isPartOf":{"@id":"https:\/\/veritasinfo.org\/#website"},"primaryImageOfPage":{"@id":"https:\/\/veritasinfo.org\/?p=16451#primaryimage"},"image":{"@id":"https:\/\/veritasinfo.org\/?p=16451#primaryimage"},"thumbnailUrl":"https:\/\/veritasinfo.org\/wp-content\/uploads\/2025\/10\/IMG-20251015-WA0003.jpg","datePublished":"2025-10-15T15:38:46+00:00","author":{"@id":"https:\/\/veritasinfo.org\/#\/schema\/person\/bc442336e35414d04494ab8fb45db4c6"},"breadcrumb":{"@id":"https:\/\/veritasinfo.org\/?p=16451#breadcrumb"},"inLanguage":"en-US","potentialAction":[{"@type":"ReadAction","target":["https:\/\/veritasinfo.org\/?p=16451"]}]},{"@type":"ImageObject","inLanguage":"en-US","@id":"https:\/\/veritasinfo.org\/?p=16451#primaryimage","url":"https:\/\/veritasinfo.org\/wp-content\/uploads\/2025\/10\/IMG-20251015-WA0003.jpg","contentUrl":"https:\/\/veritasinfo.org\/wp-content\/uploads\/2025\/10\/IMG-20251015-WA0003.jpg","width":750,"height":375},{"@type":"BreadcrumbList","@id":"https:\/\/veritasinfo.org\/?p=16451#breadcrumb","itemListElement":[{"@type":"ListItem","position":1,"name":"Home","item":"https:\/\/veritasinfo.org\/"},{"@type":"ListItem","position":2,"name":"Osmani pranon letrat kredenciale nga ambasadori i ri i Gjermanis\u00eb, Rainer Rudolph"}]},{"@type":"WebSite","@id":"https:\/\/veritasinfo.org\/#website","url":"https:\/\/veritasinfo.org\/","name":"","description":"","potentialAction":[{"@type":"SearchAction","target":{"@type":"EntryPoint","urlTemplate":"https:\/\/veritasinfo.org\/?s={search_term_string}"},"query-input":{"@type":"PropertyValueSpecification","valueRequired":true,"valueName":"search_term_string"}}],"inLanguage":"en-US"},{"@type":"Person","@id":"https:\/\/veritasinfo.org\/#\/schema\/person\/bc442336e35414d04494ab8fb45db4c6","name":"US5","image":{"@type":"ImageObject","inLanguage":"en-US","@id":"https:\/\/veritasinfo.org\/#\/schema\/person\/image\/","url":"https:\/\/secure.gravatar.com\/avatar\/16a61e7272a0c5d001121ebb9e60e925d5816e4ac1e443ed3e640d9a6ae55d0c?s=96&d=mm&r=g","contentUrl":"https:\/\/secure.gravatar.com\/avatar\/16a61e7272a0c5d001121ebb9e60e925d5816e4ac1e443ed3e640d9a6ae55d0c?s=96&d=mm&r=g","caption":"US5"},"url":"https:\/\/veritasinfo.org\/?author=6"}]}},"featured_image_urls":{"full":["https:\/\/veritasinfo.org\/wp-content\/uploads\/2025\/10\/IMG-20251015-WA0003.jpg",750,375,false],"thumbnail":["https:\/\/veritasinfo.org\/wp-content\/uploads\/2025\/10\/IMG-20251015-WA0003-150x150.jpg",150,150,true],"medium":["https:\/\/veritasinfo.org\/wp-content\/uploads\/2025\/10\/IMG-20251015-WA0003-300x150.jpg",300,150,true],"medium_large":["https:\/\/veritasinfo.org\/wp-content\/uploads\/2025\/10\/IMG-20251015-WA0003.jpg",640,320,false],"large":["https:\/\/veritasinfo.org\/wp-content\/uploads\/2025\/10\/IMG-20251015-WA0003.jpg",640,320,false],"1536x1536":["https:\/\/veritasinfo.org\/wp-content\/uploads\/2025\/10\/IMG-20251015-WA0003.jpg",750,375,false],"2048x2048":["https:\/\/veritasinfo.org\/wp-content\/uploads\/2025\/10\/IMG-20251015-WA0003.jpg",750,375,false],"kreeti-slider-full":["https:\/\/veritasinfo.org\/wp-content\/uploads\/2025\/10\/IMG-20251015-WA0003.jpg",750,375,false],"kreeti-featured":["https:\/\/veritasinfo.org\/wp-content\/uploads\/2025\/10\/IMG-20251015-WA0003.jpg",750,375,false],"kreeti-medium":["https:\/\/veritasinfo.org\/wp-content\/uploads\/2025\/10\/IMG-20251015-WA0003.jpg",720,360,false],"kreeti-medium-square":["https:\/\/veritasinfo.org\/wp-content\/uploads\/2025\/10\/IMG-20251015-WA0003.jpg",350,175,false]},"author_info":{"info":["US5"]},"category_info":"<a href=\"https:\/\/veritasinfo.org\/?cat=60\" rel=\"category\">Shoq\u00ebrore<\/a>","tag_info":"Shoq\u00ebrore","comment_count":"0","_links":{"self":[{"href":"https:\/\/veritasinfo.org\/index.php?rest_route=\/wp\/v2\/posts\/16451","targetHints":{"allow":["GET"]}}],"collection":[{"href":"https:\/\/veritasinfo.org\/index.php?rest_route=\/wp\/v2\/posts"}],"about":[{"href":"https:\/\/veritasinfo.org\/index.php?rest_route=\/wp\/v2\/types\/post"}],"author":[{"embeddable":true,"href":"https:\/\/veritasinfo.org\/index.php?rest_route=\/wp\/v2\/users\/6"}],"replies":[{"embeddable":true,"href":"https:\/\/veritasinfo.org\/index.php?rest_route=%2Fwp%2Fv2%2Fcomments&post=16451"}],"version-history":[{"count":1,"href":"https:\/\/veritasinfo.org\/index.php?rest_route=\/wp\/v2\/posts\/16451\/revisions"}],"predecessor-version":[{"id":16453,"href":"https:\/\/veritasinfo.org\/index.php?rest_route=\/wp\/v2\/posts\/16451\/revisions\/16453"}],"wp:featuredmedia":[{"embeddable":true,"href":"https:\/\/veritasinfo.org\/index.php?rest_route=\/wp\/v2\/media\/16452"}],"wp:attachment":[{"href":"https:\/\/veritasinfo.org\/index.php?rest_route=%2Fwp%2Fv2%2Fmedia&parent=16451"}],"wp:term":[{"taxonomy":"category","embeddable":true,"href":"https:\/\/veritasinfo.org\/index.php?rest_route=%2Fwp%2Fv2%2Fcategories&post=16451"},{"taxonomy":"post_tag","embeddable":true,"href":"https:\/\/veritasinfo.org\/index.php?rest_route=%2Fwp%2Fv2%2Ftags&post=16451"}],"curies":[{"name":"wp","href":"https:\/\/api.w.org\/{rel}","templated":true}]}}