{"id":16443,"date":"2025-10-15T17:19:10","date_gmt":"2025-10-15T15:19:10","guid":{"rendered":"https:\/\/veritasinfo.org\/?p=16443"},"modified":"2025-10-15T17:19:10","modified_gmt":"2025-10-15T15:19:10","slug":"kurti-kerkon-nga-von-der-leyen-dorezimin-e-pyetesorit-per-anetaresim-dhe-nisje-te-dialogut-strategjik-ne-tri-fusha-kyce","status":"publish","type":"post","link":"https:\/\/veritasinfo.org\/?p=16443","title":{"rendered":"Kurti k\u00ebrkon nga von der Leyen dor\u00ebzimin e pyet\u00ebsorit p\u00ebr an\u00ebtar\u00ebsim dhe nisje t\u00eb dialogut strategjik n\u00eb tri fusha ky\u00e7e"},"content":{"rendered":"<p>Prishtin\u00eb 15 Tetor 2025<\/p>\n<p>Kryeministri n\u00eb detyr\u00eb, Albin Kurti, mir\u00ebpriti sot Presidenten e Komisionit Evropian, Ursula von der Leyen, n\u00eb vizit\u00ebn e saj t\u00eb pest\u00eb q\u00eb prej vitit 2021, e cila q\u00ebndron si d\u00ebshmi e marr\u00ebdh\u00ebnieve t\u00eb mira.<\/p>\n<p>Kryeministri shprehu mir\u00ebnjohjen p\u00ebr angazhimin dhe mb\u00ebshtetjen e vazhdueshme t\u00eb Presidentes von der Leyen p\u00ebr rrug\u00ebtimin evropian t\u00eb Kosov\u00ebs.<\/p>\n<p>\u201cGjat\u00eb takimit u diskutua p\u00ebr thellimin e marr\u00ebdh\u00ebnieve nd\u00ebrmjet Kosov\u00ebs dhe BE-s\u00eb, reformat dhe progresin ton\u00eb n\u00eb sundim t\u00eb ligjit dhe fush\u00ebn e siguris\u00eb, p\u00ebrparimin demokratik dhe rritjen ekonomike. Kryeministri ritheksoi nevoj\u00ebn q\u00eb Komisioni Evropian t\u00eb dor\u00ebzoj\u00eb sa m\u00eb par\u00eb pyet\u00ebsorin p\u00ebr an\u00ebtar\u00ebsim dhe dh\u00ebnien e statusit t\u00eb vendit kandidat p\u00ebr Kosov\u00ebn\u201d, thuhet n\u00eb njoftimin nga ZKM.<\/p>\n<p>Kryeministri foli edhe p\u00ebr zhvillimin e zgjedhjeve lokale t\u00eb mbajtura t\u00eb diel\u00ebn e kaluar, t\u00eb cilat ishin t\u00eb lira, demokratike dhe n\u00eb p\u00ebrputhje me standardet m\u00eb t\u00eb mira evropiane.<\/p>\n<p>Theksoi rend\u00ebsin\u00eb p\u00ebr nj\u00eb tranzicion t\u00eb rregullt t\u00eb pushtetit n\u00eb komunat ku do t\u00eb ket\u00eb nd\u00ebrrim t\u00eb qeverisjes, n\u00eb respektim t\u00eb plot\u00eb t\u00eb kushtetut\u00ebs dhe ligjeve t\u00eb Republik\u00ebs s\u00eb Kosov\u00ebs si dhe p\u00ebrkushtimin e qeveris\u00eb p\u00ebr t\u00eb mbrojtur proceset demokratike nga \u00e7do nd\u00ebrhyrje e jashtme.<\/p>\n<p>\u201cP\u00ebr t\u00eb forcuar bashk\u00ebpunimin ekonomik me BE-n\u00eb n\u00eb kuad\u00ebr t\u00eb iniciativ\u00ebs \u201cSingle Market Highway\u201d Kryeministri i dor\u00ebzoi Presidentes von der Leyen tri letra zyrtare me interesin e Kosov\u00ebs p\u00ebr t\u00eb nisur dialogun strategjik n\u00eb tre sektor\u00eb ky\u00e7, Bujq\u00ebsi, Teknologji t\u00eb Informacionit dhe Komunikimit (TIK), si dhe Industri t\u00eb Mbrojtjes, fusha ku Kosova sheh avantazh krahasues dhe potencial t\u00eb lart\u00eb zhvillimi. N\u00eb p\u00ebrmbyllje, Kryeministri fal\u00ebnderoi Presidenten von der Leyen p\u00ebr udh\u00ebheqjen e saj t\u00eb q\u00ebndrueshme dhe partneritetin e ngusht\u00eb me popullin e Kosov\u00ebs dhe v\u00ebmendjen e shtuar t\u00eb saj ndaj rajonit\u201d, thuhet n\u00eb njoftim.<\/p>\n","protected":false},"excerpt":{"rendered":"<p>Prishtin\u00eb 15 Tetor 2025 Kryeministri n\u00eb detyr\u00eb, Albin Kurti, mir\u00ebpriti sot Presidenten e Komisionit Evropian, Ursula von der Leyen, n\u00eb vizit\u00ebn e saj t\u00eb pest\u00eb<\/p>\n","protected":false},"author":6,"featured_media":16444,"comment_status":"open","ping_status":"open","sticky":false,"template":"","format":"standard","meta":{"footnotes":""},"categories":[60],"tags":[],"class_list":["post-16443","post","type-post","status-publish","format-standard","has-post-thumbnail","hentry","category-shoqerore-sq"],"yoast_head":"<!-- This site is optimized with the Yoast SEO plugin v25.3.1 - https:\/\/yoast.com\/wordpress\/plugins\/seo\/ -->\n<title>Kurti k\u00ebrkon nga von der Leyen dor\u00ebzimin e pyet\u00ebsorit p\u00ebr an\u00ebtar\u00ebsim dhe nisje t\u00eb dialogut strategjik n\u00eb tri fusha ky\u00e7e -<\/title>\n<meta name=\"robots\" content=\"index, follow, max-snippet:-1, max-image-preview:large, max-video-preview:-1\" \/>\n<link rel=\"canonical\" href=\"https:\/\/veritasinfo.org\/?p=16443\" \/>\n<meta property=\"og:locale\" content=\"en_US\" \/>\n<meta property=\"og:type\" content=\"article\" \/>\n<meta property=\"og:title\" content=\"Kurti k\u00ebrkon nga von der Leyen dor\u00ebzimin e pyet\u00ebsorit p\u00ebr an\u00ebtar\u00ebsim dhe nisje t\u00eb dialogut strategjik n\u00eb tri fusha ky\u00e7e -\" \/>\n<meta property=\"og:description\" content=\"Prishtin\u00eb 15 Tetor 2025 Kryeministri n\u00eb detyr\u00eb, Albin Kurti, mir\u00ebpriti sot Presidenten e Komisionit Evropian, Ursula von der Leyen, n\u00eb vizit\u00ebn e saj t\u00eb pest\u00eb\" \/>\n<meta property=\"og:url\" content=\"https:\/\/veritasinfo.org\/?p=16443\" \/>\n<meta property=\"article:published_time\" content=\"2025-10-15T15:19:10+00:00\" \/>\n<meta property=\"og:image\" content=\"https:\/\/veritasinfo.org\/wp-content\/uploads\/2025\/10\/DSC_0371-1536x1024-1.jpg\" \/>\n\t<meta property=\"og:image:width\" content=\"1536\" \/>\n\t<meta property=\"og:image:height\" content=\"1024\" \/>\n\t<meta property=\"og:image:type\" content=\"image\/jpeg\" \/>\n<meta name=\"author\" content=\"US5\" \/>\n<meta name=\"twitter:card\" content=\"summary_large_image\" \/>\n<meta name=\"twitter:label1\" content=\"Written by\" \/>\n\t<meta name=\"twitter:data1\" content=\"US5\" \/>\n\t<meta name=\"twitter:label2\" content=\"Est. reading time\" \/>\n\t<meta name=\"twitter:data2\" content=\"1 minute\" \/>\n<script type=\"application\/ld+json\" class=\"yoast-schema-graph\">{\"@context\":\"https:\/\/schema.org\",\"@graph\":[{\"@type\":\"WebPage\",\"@id\":\"https:\/\/veritasinfo.org\/?p=16443\",\"url\":\"https:\/\/veritasinfo.org\/?p=16443\",\"name\":\"Kurti k\u00ebrkon nga von der Leyen dor\u00ebzimin e pyet\u00ebsorit p\u00ebr an\u00ebtar\u00ebsim dhe nisje t\u00eb dialogut strategjik n\u00eb tri fusha ky\u00e7e -\",\"isPartOf\":{\"@id\":\"https:\/\/veritasinfo.org\/#website\"},\"primaryImageOfPage\":{\"@id\":\"https:\/\/veritasinfo.org\/?p=16443#primaryimage\"},\"image\":{\"@id\":\"https:\/\/veritasinfo.org\/?p=16443#primaryimage\"},\"thumbnailUrl\":\"https:\/\/veritasinfo.org\/wp-content\/uploads\/2025\/10\/DSC_0371-1536x1024-1.jpg\",\"datePublished\":\"2025-10-15T15:19:10+00:00\",\"author\":{\"@id\":\"https:\/\/veritasinfo.org\/#\/schema\/person\/bc442336e35414d04494ab8fb45db4c6\"},\"breadcrumb\":{\"@id\":\"https:\/\/veritasinfo.org\/?p=16443#breadcrumb\"},\"inLanguage\":\"en-US\",\"potentialAction\":[{\"@type\":\"ReadAction\",\"target\":[\"https:\/\/veritasinfo.org\/?p=16443\"]}]},{\"@type\":\"ImageObject\",\"inLanguage\":\"en-US\",\"@id\":\"https:\/\/veritasinfo.org\/?p=16443#primaryimage\",\"url\":\"https:\/\/veritasinfo.org\/wp-content\/uploads\/2025\/10\/DSC_0371-1536x1024-1.jpg\",\"contentUrl\":\"https:\/\/veritasinfo.org\/wp-content\/uploads\/2025\/10\/DSC_0371-1536x1024-1.jpg\",\"width\":1536,\"height\":1024},{\"@type\":\"BreadcrumbList\",\"@id\":\"https:\/\/veritasinfo.org\/?p=16443#breadcrumb\",\"itemListElement\":[{\"@type\":\"ListItem\",\"position\":1,\"name\":\"Home\",\"item\":\"https:\/\/veritasinfo.org\/\"},{\"@type\":\"ListItem\",\"position\":2,\"name\":\"Kurti k\u00ebrkon nga von der Leyen dor\u00ebzimin e pyet\u00ebsorit p\u00ebr an\u00ebtar\u00ebsim dhe nisje t\u00eb dialogut strategjik n\u00eb tri fusha ky\u00e7e\"}]},{\"@type\":\"WebSite\",\"@id\":\"https:\/\/veritasinfo.org\/#website\",\"url\":\"https:\/\/veritasinfo.org\/\",\"name\":\"\",\"description\":\"\",\"potentialAction\":[{\"@type\":\"SearchAction\",\"target\":{\"@type\":\"EntryPoint\",\"urlTemplate\":\"https:\/\/veritasinfo.org\/?s={search_term_string}\"},\"query-input\":{\"@type\":\"PropertyValueSpecification\",\"valueRequired\":true,\"valueName\":\"search_term_string\"}}],\"inLanguage\":\"en-US\"},{\"@type\":\"Person\",\"@id\":\"https:\/\/veritasinfo.org\/#\/schema\/person\/bc442336e35414d04494ab8fb45db4c6\",\"name\":\"US5\",\"image\":{\"@type\":\"ImageObject\",\"inLanguage\":\"en-US\",\"@id\":\"https:\/\/veritasinfo.org\/#\/schema\/person\/image\/\",\"url\":\"https:\/\/secure.gravatar.com\/avatar\/16a61e7272a0c5d001121ebb9e60e925d5816e4ac1e443ed3e640d9a6ae55d0c?s=96&d=mm&r=g\",\"contentUrl\":\"https:\/\/secure.gravatar.com\/avatar\/16a61e7272a0c5d001121ebb9e60e925d5816e4ac1e443ed3e640d9a6ae55d0c?s=96&d=mm&r=g\",\"caption\":\"US5\"},\"url\":\"https:\/\/veritasinfo.org\/?author=6\"}]}<\/script>\n<!-- \/ Yoast SEO plugin. -->","yoast_head_json":{"title":"Kurti k\u00ebrkon nga von der Leyen dor\u00ebzimin e pyet\u00ebsorit p\u00ebr an\u00ebtar\u00ebsim dhe nisje t\u00eb dialogut strategjik n\u00eb tri fusha ky\u00e7e -","robots":{"index":"index","follow":"follow","max-snippet":"max-snippet:-1","max-image-preview":"max-image-preview:large","max-video-preview":"max-video-preview:-1"},"canonical":"https:\/\/veritasinfo.org\/?p=16443","og_locale":"en_US","og_type":"article","og_title":"Kurti k\u00ebrkon nga von der Leyen dor\u00ebzimin e pyet\u00ebsorit p\u00ebr an\u00ebtar\u00ebsim dhe nisje t\u00eb dialogut strategjik n\u00eb tri fusha ky\u00e7e -","og_description":"Prishtin\u00eb 15 Tetor 2025 Kryeministri n\u00eb detyr\u00eb, Albin Kurti, mir\u00ebpriti sot Presidenten e Komisionit Evropian, Ursula von der Leyen, n\u00eb vizit\u00ebn e saj t\u00eb pest\u00eb","og_url":"https:\/\/veritasinfo.org\/?p=16443","article_published_time":"2025-10-15T15:19:10+00:00","og_image":[{"width":1536,"height":1024,"url":"https:\/\/veritasinfo.org\/wp-content\/uploads\/2025\/10\/DSC_0371-1536x1024-1.jpg","type":"image\/jpeg"}],"author":"US5","twitter_card":"summary_large_image","twitter_misc":{"Written by":"US5","Est. reading time":"1 minute"},"schema":{"@context":"https:\/\/schema.org","@graph":[{"@type":"WebPage","@id":"https:\/\/veritasinfo.org\/?p=16443","url":"https:\/\/veritasinfo.org\/?p=16443","name":"Kurti k\u00ebrkon nga von der Leyen dor\u00ebzimin e pyet\u00ebsorit p\u00ebr an\u00ebtar\u00ebsim dhe nisje t\u00eb dialogut strategjik n\u00eb tri fusha ky\u00e7e -","isPartOf":{"@id":"https:\/\/veritasinfo.org\/#website"},"primaryImageOfPage":{"@id":"https:\/\/veritasinfo.org\/?p=16443#primaryimage"},"image":{"@id":"https:\/\/veritasinfo.org\/?p=16443#primaryimage"},"thumbnailUrl":"https:\/\/veritasinfo.org\/wp-content\/uploads\/2025\/10\/DSC_0371-1536x1024-1.jpg","datePublished":"2025-10-15T15:19:10+00:00","author":{"@id":"https:\/\/veritasinfo.org\/#\/schema\/person\/bc442336e35414d04494ab8fb45db4c6"},"breadcrumb":{"@id":"https:\/\/veritasinfo.org\/?p=16443#breadcrumb"},"inLanguage":"en-US","potentialAction":[{"@type":"ReadAction","target":["https:\/\/veritasinfo.org\/?p=16443"]}]},{"@type":"ImageObject","inLanguage":"en-US","@id":"https:\/\/veritasinfo.org\/?p=16443#primaryimage","url":"https:\/\/veritasinfo.org\/wp-content\/uploads\/2025\/10\/DSC_0371-1536x1024-1.jpg","contentUrl":"https:\/\/veritasinfo.org\/wp-content\/uploads\/2025\/10\/DSC_0371-1536x1024-1.jpg","width":1536,"height":1024},{"@type":"BreadcrumbList","@id":"https:\/\/veritasinfo.org\/?p=16443#breadcrumb","itemListElement":[{"@type":"ListItem","position":1,"name":"Home","item":"https:\/\/veritasinfo.org\/"},{"@type":"ListItem","position":2,"name":"Kurti k\u00ebrkon nga von der Leyen dor\u00ebzimin e pyet\u00ebsorit p\u00ebr an\u00ebtar\u00ebsim dhe nisje t\u00eb dialogut strategjik n\u00eb tri fusha ky\u00e7e"}]},{"@type":"WebSite","@id":"https:\/\/veritasinfo.org\/#website","url":"https:\/\/veritasinfo.org\/","name":"","description":"","potentialAction":[{"@type":"SearchAction","target":{"@type":"EntryPoint","urlTemplate":"https:\/\/veritasinfo.org\/?s={search_term_string}"},"query-input":{"@type":"PropertyValueSpecification","valueRequired":true,"valueName":"search_term_string"}}],"inLanguage":"en-US"},{"@type":"Person","@id":"https:\/\/veritasinfo.org\/#\/schema\/person\/bc442336e35414d04494ab8fb45db4c6","name":"US5","image":{"@type":"ImageObject","inLanguage":"en-US","@id":"https:\/\/veritasinfo.org\/#\/schema\/person\/image\/","url":"https:\/\/secure.gravatar.com\/avatar\/16a61e7272a0c5d001121ebb9e60e925d5816e4ac1e443ed3e640d9a6ae55d0c?s=96&d=mm&r=g","contentUrl":"https:\/\/secure.gravatar.com\/avatar\/16a61e7272a0c5d001121ebb9e60e925d5816e4ac1e443ed3e640d9a6ae55d0c?s=96&d=mm&r=g","caption":"US5"},"url":"https:\/\/veritasinfo.org\/?author=6"}]}},"featured_image_urls":{"full":["https:\/\/veritasinfo.org\/wp-content\/uploads\/2025\/10\/DSC_0371-1536x1024-1.jpg",1536,1024,false],"thumbnail":["https:\/\/veritasinfo.org\/wp-content\/uploads\/2025\/10\/DSC_0371-1536x1024-1-150x150.jpg",150,150,true],"medium":["https:\/\/veritasinfo.org\/wp-content\/uploads\/2025\/10\/DSC_0371-1536x1024-1-300x200.jpg",300,200,true],"medium_large":["https:\/\/veritasinfo.org\/wp-content\/uploads\/2025\/10\/DSC_0371-1536x1024-1-768x512.jpg",640,427,true],"large":["https:\/\/veritasinfo.org\/wp-content\/uploads\/2025\/10\/DSC_0371-1536x1024-1-1024x683.jpg",640,427,true],"1536x1536":["https:\/\/veritasinfo.org\/wp-content\/uploads\/2025\/10\/DSC_0371-1536x1024-1.jpg",1536,1024,false],"2048x2048":["https:\/\/veritasinfo.org\/wp-content\/uploads\/2025\/10\/DSC_0371-1536x1024-1.jpg",1536,1024,false],"kreeti-slider-full":["https:\/\/veritasinfo.org\/wp-content\/uploads\/2025\/10\/DSC_0371-1536x1024-1.jpg",1080,720,false],"kreeti-featured":["https:\/\/veritasinfo.org\/wp-content\/uploads\/2025\/10\/DSC_0371-1536x1024-1.jpg",1024,683,false],"kreeti-medium":["https:\/\/veritasinfo.org\/wp-content\/uploads\/2025\/10\/DSC_0371-1536x1024-1.jpg",720,480,false],"kreeti-medium-square":["https:\/\/veritasinfo.org\/wp-content\/uploads\/2025\/10\/DSC_0371-1536x1024-1.jpg",350,233,false]},"author_info":{"info":["US5"]},"category_info":"<a href=\"https:\/\/veritasinfo.org\/?cat=60\" rel=\"category\">Shoq\u00ebrore<\/a>","tag_info":"Shoq\u00ebrore","comment_count":"0","_links":{"self":[{"href":"https:\/\/veritasinfo.org\/index.php?rest_route=\/wp\/v2\/posts\/16443","targetHints":{"allow":["GET"]}}],"collection":[{"href":"https:\/\/veritasinfo.org\/index.php?rest_route=\/wp\/v2\/posts"}],"about":[{"href":"https:\/\/veritasinfo.org\/index.php?rest_route=\/wp\/v2\/types\/post"}],"author":[{"embeddable":true,"href":"https:\/\/veritasinfo.org\/index.php?rest_route=\/wp\/v2\/users\/6"}],"replies":[{"embeddable":true,"href":"https:\/\/veritasinfo.org\/index.php?rest_route=%2Fwp%2Fv2%2Fcomments&post=16443"}],"version-history":[{"count":1,"href":"https:\/\/veritasinfo.org\/index.php?rest_route=\/wp\/v2\/posts\/16443\/revisions"}],"predecessor-version":[{"id":16445,"href":"https:\/\/veritasinfo.org\/index.php?rest_route=\/wp\/v2\/posts\/16443\/revisions\/16445"}],"wp:featuredmedia":[{"embeddable":true,"href":"https:\/\/veritasinfo.org\/index.php?rest_route=\/wp\/v2\/media\/16444"}],"wp:attachment":[{"href":"https:\/\/veritasinfo.org\/index.php?rest_route=%2Fwp%2Fv2%2Fmedia&parent=16443"}],"wp:term":[{"taxonomy":"category","embeddable":true,"href":"https:\/\/veritasinfo.org\/index.php?rest_route=%2Fwp%2Fv2%2Fcategories&post=16443"},{"taxonomy":"post_tag","embeddable":true,"href":"https:\/\/veritasinfo.org\/index.php?rest_route=%2Fwp%2Fv2%2Ftags&post=16443"}],"curies":[{"name":"wp","href":"https:\/\/api.w.org\/{rel}","templated":true}]}}